{"id":18634,"date":"2014-12-16T00:27:18","date_gmt":"2014-12-15T23:27:18","guid":{"rendered":"http:\/\/www.moda.es\/blog\/?p=18634"},"modified":"2020-04-27T17:12:07","modified_gmt":"2020-04-27T16:12:07","slug":"naomi-campbell-y-jourdan-dunn-juntas-para-burberry","status":"publish","type":"post","link":"http:\/\/www.moda.es\/blog\/naomi-campbell-y-jourdan-dunn-juntas-para-burberry\/","title":{"rendered":"Naomi Campbell y Jourdan Dunn, juntas para Burberry"},"content":{"rendered":"<p><strong>Burberry<\/strong>, la marca brit\u00e1nica por excelencia, le est\u00e1 cogiendo el gusto \u00faltimamente a fotografiar sus campa\u00f1as por parejas.<\/p>\n<p>Este oto\u00f1o se unieron<strong> Cara Delevingne y Malaika Firth<\/strong> y recientemente su nueva fragancia <strong>My Burberry<\/strong> eleg\u00eda a la ni\u00f1a bonita y a <strong>Kate Moss<\/strong> como imagen. En su nueva campa\u00f1a para la colecci\u00f3n <strong>primavera &#8211; verano 2015<\/strong> las escogidas han sido <strong>Naomi Campbell y Jourdan Dunn<\/strong>: pasado y presente (la primera ya trabaj\u00f3 con la casa en 2001 y la segunda ha sido un fichaje de hace 3 a\u00f1os) para encarnar una nueva colecci\u00f3n llena de <strong>color.<\/strong><\/p>\n<p><a href=\"https:\/\/i0.wp.com\/www.moda.es\/blog\/wp-content\/uploads\/2014\/12\/bbjn3.jpg\"><img data-attachment-id=\"18635\" data-permalink=\"http:\/\/www.moda.es\/blog\/naomi-campbell-y-jourdan-dunn-juntas-para-burberry\/bbjn3\/\" data-orig-file=\"https:\/\/i0.wp.com\/www.moda.es\/blog\/wp-content\/uploads\/2014\/12\/bbjn3.jpg?fit=650%2C975\" data-orig-size=\"650,975\" data-comments-opened=\"1\" data-image-meta=\"{&quot;aperture&quot;:&quot;0&quot;,&quot;credit&quot;:&quot;&quot;,&quot;camera&quot;:&quot;&quot;,&quot;caption&quot;:&quot;&quot;,&quot;created_timestamp&quot;:&quot;0&quot;,&quot;copyright&quot;:&quot;&quot;,&quot;focal_length&quot;:&quot;0&quot;,&quot;iso&quot;:&quot;0&quot;,&quot;shutter_speed&quot;:&quot;0&quot;,&quot;title&quot;:&quot;&quot;}\" data-image-title=\"bbjn3\" data-image-description=\"\" data-image-caption=\"\" data-medium-file=\"https:\/\/i0.wp.com\/www.moda.es\/blog\/wp-content\/uploads\/2014\/12\/bbjn3.jpg?fit=200%2C300\" data-large-file=\"https:\/\/i0.wp.com\/www.moda.es\/blog\/wp-content\/uploads\/2014\/12\/bbjn3.jpg?fit=640%2C960\" loading=\"lazy\" class=\"aligncenter size-medium wp-image-18635\" alt=\"bbjn3\" src=\"https:\/\/i0.wp.com\/www.moda.es\/blog\/wp-content\/uploads\/2014\/12\/bbjn3.jpg?resize=200%2C300\" width=\"200\" height=\"300\" srcset=\"https:\/\/i0.wp.com\/www.moda.es\/blog\/wp-content\/uploads\/2014\/12\/bbjn3.jpg?resize=200%2C300 200w, https:\/\/i0.wp.com\/www.moda.es\/blog\/wp-content\/uploads\/2014\/12\/bbjn3.jpg?resize=420%2C630 420w, https:\/\/i0.wp.com\/www.moda.es\/blog\/wp-content\/uploads\/2014\/12\/bbjn3.jpg?w=650 650w\" sizes=\"(max-width: 200px) 100vw, 200px\" data-recalc-dims=\"1\" \/><\/a><\/p>\n<p>Fotografiada, como siempre, por <strong>Mario Testino<\/strong> y dirigida por <strong>Christopher Bailey<\/strong>, las im\u00e1genes tambi\u00e9n cuentan con otros talentos brit\u00e1nicos:<strong> George Barnett<\/strong>, el baterista de<strong> These New Puritans<\/strong> y actual rostro de la campa\u00f1a de la fragancia Burberry Brit Rythm; y <strong>George Le Page<\/strong>, baterista de <strong>Of Empires<\/strong>, que tambi\u00e9n abri\u00f3 y cerr\u00f3 el desfile de primavera de hombre.<\/p>\n<p style=\"text-align: center\"><a href=\"https:\/\/i0.wp.com\/www.moda.es\/blog\/wp-content\/uploads\/2014\/12\/bbjn4.jpg\"><img data-attachment-id=\"18636\" data-permalink=\"http:\/\/www.moda.es\/blog\/naomi-campbell-y-jourdan-dunn-juntas-para-burberry\/bbjn4\/\" data-orig-file=\"https:\/\/i0.wp.com\/www.moda.es\/blog\/wp-content\/uploads\/2014\/12\/bbjn4.jpg?fit=650%2C975\" data-orig-size=\"650,975\" data-comments-opened=\"1\" data-image-meta=\"{&quot;aperture&quot;:&quot;0&quot;,&quot;credit&quot;:&quot;&quot;,&quot;camera&quot;:&quot;&quot;,&quot;caption&quot;:&quot;&quot;,&quot;created_timestamp&quot;:&quot;0&quot;,&quot;copyright&quot;:&quot;&quot;,&quot;focal_length&quot;:&quot;0&quot;,&quot;iso&quot;:&quot;0&quot;,&quot;shutter_speed&quot;:&quot;0&quot;,&quot;title&quot;:&quot;&quot;}\" data-image-title=\"bbjn4\" data-image-description=\"\" data-image-caption=\"\" data-medium-file=\"https:\/\/i0.wp.com\/www.moda.es\/blog\/wp-content\/uploads\/2014\/12\/bbjn4.jpg?fit=200%2C300\" data-large-file=\"https:\/\/i0.wp.com\/www.moda.es\/blog\/wp-content\/uploads\/2014\/12\/bbjn4.jpg?fit=640%2C960\" loading=\"lazy\" class=\"size-medium wp-image-18636 alignnone\" alt=\"bbjn4\" src=\"https:\/\/i0.wp.com\/www.moda.es\/blog\/wp-content\/uploads\/2014\/12\/bbjn4.jpg?resize=200%2C300\" width=\"200\" height=\"300\" srcset=\"https:\/\/i0.wp.com\/www.moda.es\/blog\/wp-content\/uploads\/2014\/12\/bbjn4.jpg?resize=200%2C300 200w, https:\/\/i0.wp.com\/www.moda.es\/blog\/wp-content\/uploads\/2014\/12\/bbjn4.jpg?resize=420%2C630 420w, https:\/\/i0.wp.com\/www.moda.es\/blog\/wp-content\/uploads\/2014\/12\/bbjn4.jpg?w=650 650w\" sizes=\"(max-width: 200px) 100vw, 200px\" data-recalc-dims=\"1\" \/>\u00a0<\/a> <a href=\"https:\/\/i0.wp.com\/www.moda.es\/blog\/wp-content\/uploads\/2014\/12\/bbnj.jpg\"><img data-attachment-id=\"18637\" data-permalink=\"http:\/\/www.moda.es\/blog\/naomi-campbell-y-jourdan-dunn-juntas-para-burberry\/bbnj\/\" data-orig-file=\"https:\/\/i0.wp.com\/www.moda.es\/blog\/wp-content\/uploads\/2014\/12\/bbnj.jpg?fit=650%2C975\" data-orig-size=\"650,975\" data-comments-opened=\"1\" data-image-meta=\"{&quot;aperture&quot;:&quot;0&quot;,&quot;credit&quot;:&quot;&quot;,&quot;camera&quot;:&quot;&quot;,&quot;caption&quot;:&quot;&quot;,&quot;created_timestamp&quot;:&quot;0&quot;,&quot;copyright&quot;:&quot;&quot;,&quot;focal_length&quot;:&quot;0&quot;,&quot;iso&quot;:&quot;0&quot;,&quot;shutter_speed&quot;:&quot;0&quot;,&quot;title&quot;:&quot;&quot;}\" data-image-title=\"bbnj\" data-image-description=\"\" data-image-caption=\"\" data-medium-file=\"https:\/\/i0.wp.com\/www.moda.es\/blog\/wp-content\/uploads\/2014\/12\/bbnj.jpg?fit=200%2C300\" data-large-file=\"https:\/\/i0.wp.com\/www.moda.es\/blog\/wp-content\/uploads\/2014\/12\/bbnj.jpg?fit=640%2C960\" loading=\"lazy\" class=\"wp-image-18637 alignnone\" alt=\"bbnj\" src=\"https:\/\/i0.wp.com\/www.moda.es\/blog\/wp-content\/uploads\/2014\/12\/bbnj.jpg?resize=200%2C300\" width=\"200\" height=\"300\" srcset=\"https:\/\/i0.wp.com\/www.moda.es\/blog\/wp-content\/uploads\/2014\/12\/bbnj.jpg?resize=200%2C300 200w, https:\/\/i0.wp.com\/www.moda.es\/blog\/wp-content\/uploads\/2014\/12\/bbnj.jpg?resize=420%2C630 420w, https:\/\/i0.wp.com\/www.moda.es\/blog\/wp-content\/uploads\/2014\/12\/bbnj.jpg?w=650 650w\" sizes=\"(max-width: 200px) 100vw, 200px\" data-recalc-dims=\"1\" \/><\/a><\/p>\n<p>\u00abNaomi y Jourdan, dos grandes iconos brit\u00e1nicos, dos mujeres fuertes, preciosas y las dos caras perfectas para nuestra nueva campa\u00f1a\u00bb, ha afirmado Bailey. \u00abEs, como siempre, un verdadero <strong>privilegio<\/strong> trabajar con ellas.\u00bb<br \/>\n<a href=\"https:\/\/i0.wp.com\/www.moda.es\/blog\/wp-content\/uploads\/2014\/12\/bbnj2.jpg\"><img data-attachment-id=\"18638\" data-permalink=\"http:\/\/www.moda.es\/blog\/naomi-campbell-y-jourdan-dunn-juntas-para-burberry\/bbnj2\/\" data-orig-file=\"https:\/\/i0.wp.com\/www.moda.es\/blog\/wp-content\/uploads\/2014\/12\/bbnj2.jpg?fit=650%2C975\" data-orig-size=\"650,975\" data-comments-opened=\"1\" data-image-meta=\"{&quot;aperture&quot;:&quot;0&quot;,&quot;credit&quot;:&quot;&quot;,&quot;camera&quot;:&quot;&quot;,&quot;caption&quot;:&quot;&quot;,&quot;created_timestamp&quot;:&quot;0&quot;,&quot;copyright&quot;:&quot;&quot;,&quot;focal_length&quot;:&quot;0&quot;,&quot;iso&quot;:&quot;0&quot;,&quot;shutter_speed&quot;:&quot;0&quot;,&quot;title&quot;:&quot;&quot;}\" data-image-title=\"bbnj2\" data-image-description=\"\" data-image-caption=\"\" data-medium-file=\"https:\/\/i0.wp.com\/www.moda.es\/blog\/wp-content\/uploads\/2014\/12\/bbnj2.jpg?fit=200%2C300\" data-large-file=\"https:\/\/i0.wp.com\/www.moda.es\/blog\/wp-content\/uploads\/2014\/12\/bbnj2.jpg?fit=640%2C960\" loading=\"lazy\" class=\"aligncenter size-medium wp-image-18638\" alt=\"bbnj2\" src=\"https:\/\/i0.wp.com\/www.moda.es\/blog\/wp-content\/uploads\/2014\/12\/bbnj2.jpg?resize=200%2C300\" width=\"200\" height=\"300\" srcset=\"https:\/\/i0.wp.com\/www.moda.es\/blog\/wp-content\/uploads\/2014\/12\/bbnj2.jpg?resize=200%2C300 200w, https:\/\/i0.wp.com\/www.moda.es\/blog\/wp-content\/uploads\/2014\/12\/bbnj2.jpg?resize=420%2C630 420w, https:\/\/i0.wp.com\/www.moda.es\/blog\/wp-content\/uploads\/2014\/12\/bbnj2.jpg?w=650 650w\" sizes=\"(max-width: 200px) 100vw, 200px\" data-recalc-dims=\"1\" \/><\/a><\/p>\n<p>\u00abAdmiro lo que Christopher y toda la familia Burberry est\u00e1n haciendo as\u00ed que<strong> es genial estar de vuelta<\/strong> y trabajar con la marca de nuevo\u00bb, ha declarado Campbell. \u00abTodos hemos sido testigos de la evoluci\u00f3n de esta gran marca brit\u00e1nica y es un privilegio ser parte de su continuo progreso en el mundo de la moda. Adem\u00e1s siempre es un placer trabajar con Mario Testino, ambos comenzamos en este negocio juntos hace<strong> 28 a\u00f1os<\/strong>, por lo que tenemos una comprensi\u00f3n y facilidad para trabajar juntos. Su fotograf\u00eda es especial y los resultados son siempre impresionantes y yo estaba encantada de trabajar con Jourdan Dunn por primera vez, ha sido muy <strong>divertido,<\/strong> pero sobre todo, siempre es gratificante para un artista trabajar en una campa\u00f1a con un producto de clase mundial \u00ab.<\/p>\n<p>&nbsp;<\/p>\n<p>No te pierdas el v\u00eddeo<\/p>\n<div class=\"jetpack-video-wrapper\"><span class=\"embed-youtube\" style=\"text-align:center; display: block;\"><iframe loading=\"lazy\" class=\"youtube-player\" width=\"640\" height=\"360\" src=\"https:\/\/www.youtube.com\/embed\/vvEX27GRXUE?version=3&#038;rel=1&#038;showsearch=0&#038;showinfo=1&#038;iv_load_policy=1&#038;fs=1&#038;hl=es-ES&#038;autohide=2&#038;wmode=transparent\" allowfullscreen=\"true\" style=\"border:0;\" sandbox=\"allow-scripts allow-same-origin allow-popups allow-presentation\"><\/iframe><\/span><\/div>\n<p>\u00a9Burberry                             <\/p>\n","protected":false},"excerpt":{"rendered":"<p>Burberry, la marca brit\u00e1nica por excelencia, le est\u00e1 cogiendo el gusto \u00faltimamente a fotografiar sus campa\u00f1as por parejas. Este oto\u00f1o se unieron Cara Delevingne y Malaika Firth y recientemente su nueva fragancia My Burberry eleg\u00eda a la ni\u00f1a bonita y a Kate Moss como imagen. En su nueva campa\u00f1a para [&hellip;]<\/p>\n","protected":false},"author":3,"featured_media":18635,"comment_status":"open","ping_status":"open","sticky":false,"template":"","format":"standard","meta":{"jetpack_publicize_message":"","jetpack_is_tweetstorm":false,"jetpack_publicize_feature_enabled":true},"categories":[3,8,11,14,15],"tags":[148,452,582,647],"jetpack_publicize_connections":[],"jetpack_featured_media_url":"https:\/\/i0.wp.com\/www.moda.es\/blog\/wp-content\/uploads\/2014\/12\/bbjn3.jpg?fit=650%2C975","jetpack_sharing_enabled":true,"jetpack_shortlink":"https:\/\/wp.me\/p4tJCC-4Qy","jetpack-related-posts":[{"id":19272,"url":"http:\/\/www.moda.es\/blog\/un-trocito-de-londres-en-los-angeles\/","url_meta":{"origin":18634,"position":0},"title":"Un trocito de Londres en Los \u00c1ngeles","date":"abril 17, 2015","format":false,"excerpt":"Moda, actuaciones en directo, una buena colecci\u00f3n de artistas y hasta la Guardia de Su Majestad la Reina de Inglaterra sobre una pasarela (s\u00ed, confirmado, dio un permiso especial) se trasladaron a Los \u00c1ngeles desde Londres para rendir todo un homenaje a Burberry y su esp\u00edritu ingl\u00e9s y de paso\u2026","rel":"","context":"En \u00abActualidad\u00bb","img":{"alt_text":"","src":"https:\/\/i0.wp.com\/www.moda.es\/blog\/wp-content\/uploads\/2015\/04\/bb8.jpg?fit=650%2C650&resize=350%2C200","width":350,"height":200},"classes":[]},{"id":20546,"url":"http:\/\/www.moda.es\/blog\/en-la-cocina-con-jourdan-dunn\/","url_meta":{"origin":18634,"position":1},"title":"En la cocina con Jourdan Dunn","date":"abril 23, 2016","format":false,"excerpt":"Aunque todav\u00eda no hay fecha de lanzamiento ni confirmaci\u00f3n del contenido, Jourdan Dunn ha anunciado la presentaci\u00f3n de su primer libro de recetas de cocina. \u00bfSorprendidos? Quiz\u00e1s no sab\u00edais que la modelo\u00a0ya cuenta con su propio canal de cocina en Youtube, Well Dunn With Dunn, por lo que es justo\u2026","rel":"","context":"En \u00abActualidad\u00bb","img":{"alt_text":"","src":"https:\/\/i0.wp.com\/www.moda.es\/blog\/wp-content\/uploads\/2016\/04\/Captura-de-pantalla-2016-04-23-a-las-19.02.46.png?fit=463%2C696&resize=350%2C200","width":350,"height":200},"classes":[]},{"id":18049,"url":"http:\/\/www.moda.es\/blog\/la-campana-interactiva-de-burberry\/","url_meta":{"origin":18634,"position":2},"title":"La campa\u00f1a interactiva de Burberry","date":"agosto 9, 2014","format":false,"excerpt":"Porque quedarse en las vallas o en las p\u00e1ginas de las revistas ya est\u00e1 muy visto, Burberry, que lleva tiempo aficionada a presentar sus campa\u00f1as en cap\u00edtulos, ha lanzado una aplicaci\u00f3n para smartphone y tablet a trav\u00e9s de la que los fans de la casa podr\u00e1n interactuar con las im\u00e1genes.\u2026","rel":"","context":"En \u00abCampa\u00f1as\u00bb","img":{"alt_text":"","src":"https:\/\/i0.wp.com\/www.moda.es\/blog\/wp-content\/uploads\/2014\/08\/burberry.jpg?fit=650%2C421&resize=350%2C200","width":350,"height":200},"classes":[]},{"id":15433,"url":"http:\/\/www.moda.es\/blog\/conoce-a-malaika-firth\/","url_meta":{"origin":18634,"position":3},"title":"Conoce a Malaika Firth","date":"diciembre 28, 2013","format":false,"excerpt":"Lleva ya un tiempo col\u00e1ndose en los desfiles de los principales dise\u00f1adores (Marc Jacobs, Burberry, Giles...) y tiene todos los ingredientes para convertirse en una de las grandes de 2014. Malaika Firth inici\u00f3 su carrera en 2011 a la edad de 17 a\u00f1os y en dos ha conseguido mucho m\u00e1s\u2026","rel":"","context":"En \u00abDestacados\u00bb","img":{"alt_text":"","src":"https:\/\/i0.wp.com\/www.moda.es\/blog\/wp-content\/uploads\/2013\/12\/Malaika-Firth-71.jpg?fit=500%2C750&resize=350%2C200","width":350,"height":200},"classes":[]},{"id":19945,"url":"http:\/\/www.moda.es\/blog\/burberry-billy-elliot-romeo-beckham\/","url_meta":{"origin":18634,"position":4},"title":"Burberry, Billy Elliot, Romeo Beckham&#8230;","date":"noviembre 4, 2015","format":false,"excerpt":"...y Naomi Campbell, Rosie Huntington-Whiteley, James Bay... todos se han unido para celebrar la Navidad de Burberry. La marca\u00a0ha recreado la escena inicial de la pel\u00edcula Billy Elliot para la campa\u00f1a m\u00e1s festiva del a\u00f1o. Protagonizada por un alucinante\u00a0elenco de celebridades \u00a0que incluye a Sir Elton John,\u00a0(quien escribi\u00f3 la m\u00fasica\u2026","rel":"","context":"En \u00abActualidad\u00bb","img":{"alt_text":"","src":"https:\/\/i0.wp.com\/www.moda.es\/blog\/wp-content\/uploads\/2015\/11\/Captura-de-pantalla-2015-11-04-a-las-23.14.50.png?fit=505%2C656&resize=350%2C200","width":350,"height":200},"classes":[]},{"id":9586,"url":"http:\/\/www.moda.es\/blog\/hoy-en-casa-de-los-beckham\/","url_meta":{"origin":18634,"position":5},"title":"Hoy, en casa de los Beckham&#8230;","date":"diciembre 18, 2012","format":false,"excerpt":"...Nos levant\u00e1bamos con muchas noticias. Por un lado Victoria Beckham, dise\u00f1adora y fashionista por excelencia ha anunciado que estrenar\u00e1 la pr\u00f3xima temporada Primavera - Verano 2013 con su nueva web de venta on line. Con la direcci\u00f3n art\u00edstica de Jonny Lu y Lock Isaac, el sitio web ofrecer\u00e1n contar\u00e1 con\u2026","rel":"","context":"En \u00abActualidad\u00bb","img":{"alt_text":"","src":"https:\/\/i0.wp.com\/www.moda.es\/blog\/wp-content\/uploads\/2012\/12\/vb1.jpg?fit=500%2C250&resize=350%2C200","width":350,"height":200},"classes":[]}],"_links":{"self":[{"href":"http:\/\/www.moda.es\/blog\/wp-json\/wp\/v2\/posts\/18634"}],"collection":[{"href":"http:\/\/www.moda.es\/blog\/wp-json\/wp\/v2\/posts"}],"about":[{"href":"http:\/\/www.moda.es\/blog\/wp-json\/wp\/v2\/types\/post"}],"author":[{"embeddable":true,"href":"http:\/\/www.moda.es\/blog\/wp-json\/wp\/v2\/users\/3"}],"replies":[{"embeddable":true,"href":"http:\/\/www.moda.es\/blog\/wp-json\/wp\/v2\/comments?post=18634"}],"version-history":[{"count":7,"href":"http:\/\/www.moda.es\/blog\/wp-json\/wp\/v2\/posts\/18634\/revisions"}],"predecessor-version":[{"id":36232,"href":"http:\/\/www.moda.es\/blog\/wp-json\/wp\/v2\/posts\/18634\/revisions\/36232"}],"wp:featuredmedia":[{"embeddable":true,"href":"http:\/\/www.moda.es\/blog\/wp-json\/wp\/v2\/media\/18635"}],"wp:attachment":[{"href":"http:\/\/www.moda.es\/blog\/wp-json\/wp\/v2\/media?parent=18634"}],"wp:term":[{"taxonomy":"category","embeddable":true,"href":"http:\/\/www.moda.es\/blog\/wp-json\/wp\/v2\/categories?post=18634"},{"taxonomy":"post_tag","embeddable":true,"href":"http:\/\/www.moda.es\/blog\/wp-json\/wp\/v2\/tags?post=18634"}],"curies":[{"name":"wp","href":"https:\/\/api.w.org\/{rel}","templated":true}]}}