{"id":18620,"date":"2014-12-08T22:59:40","date_gmt":"2014-12-08T21:59:40","guid":{"rendered":"http:\/\/www.moda.es\/blog\/?p=18620"},"modified":"2020-04-27T17:12:35","modified_gmt":"2020-04-27T16:12:35","slug":"madonna-nueva-imagen-de-versace","status":"publish","type":"post","link":"http:\/\/www.moda.es\/blog\/madonna-nueva-imagen-de-versace\/","title":{"rendered":"Madonna, nueva imagen de Versace"},"content":{"rendered":"<p>El \u00e9xito no tiene edad y por ello sus <strong>56 a\u00f1os<\/strong> y <strong>30 de carrera<\/strong> en la m\u00fasica no han sido impedimento para que <strong>Madonna<\/strong> siga estando en la cumbre y reemplace a <strong>Lady Gaga<\/strong> (de 28) en la pr\u00f3xima campa\u00f1a de Versace para la temporada <strong>Primvara &#8211; Verano 2015<\/strong>.<\/p>\n<p><a href=\"https:\/\/i0.wp.com\/www.moda.es\/blog\/wp-content\/uploads\/2014\/12\/versace.jpg\"><img data-attachment-id=\"18623\" data-permalink=\"http:\/\/www.moda.es\/blog\/madonna-nueva-imagen-de-versace\/versace-12\/\" data-orig-file=\"https:\/\/i0.wp.com\/www.moda.es\/blog\/wp-content\/uploads\/2014\/12\/versace.jpg?fit=650%2C975\" data-orig-size=\"650,975\" data-comments-opened=\"1\" data-image-meta=\"{&quot;aperture&quot;:&quot;0&quot;,&quot;credit&quot;:&quot;&quot;,&quot;camera&quot;:&quot;&quot;,&quot;caption&quot;:&quot;&quot;,&quot;created_timestamp&quot;:&quot;0&quot;,&quot;copyright&quot;:&quot;&quot;,&quot;focal_length&quot;:&quot;0&quot;,&quot;iso&quot;:&quot;0&quot;,&quot;shutter_speed&quot;:&quot;0&quot;,&quot;title&quot;:&quot;&quot;}\" data-image-title=\"versace\" data-image-description=\"\" data-image-caption=\"\" data-medium-file=\"https:\/\/i0.wp.com\/www.moda.es\/blog\/wp-content\/uploads\/2014\/12\/versace.jpg?fit=200%2C300\" data-large-file=\"https:\/\/i0.wp.com\/www.moda.es\/blog\/wp-content\/uploads\/2014\/12\/versace.jpg?fit=640%2C960\" loading=\"lazy\" class=\"aligncenter size-medium wp-image-18623\" alt=\"versace\" src=\"https:\/\/i0.wp.com\/www.moda.es\/blog\/wp-content\/uploads\/2014\/12\/versace.jpg?resize=200%2C300\" width=\"200\" height=\"300\" srcset=\"https:\/\/i0.wp.com\/www.moda.es\/blog\/wp-content\/uploads\/2014\/12\/versace.jpg?resize=200%2C300 200w, https:\/\/i0.wp.com\/www.moda.es\/blog\/wp-content\/uploads\/2014\/12\/versace.jpg?resize=420%2C630 420w, https:\/\/i0.wp.com\/www.moda.es\/blog\/wp-content\/uploads\/2014\/12\/versace.jpg?w=650 650w\" sizes=\"(max-width: 200px) 100vw, 200px\" data-recalc-dims=\"1\" \/><\/a>La elecci\u00f3n de la reina del pop ha sido la elegida para la nueva campa\u00f1a porque Donatella Versace cree que es un \u00abverdadero icono\u00bb que\u00a0capturar el<strong> poder atemporal y sin complejos<\/strong> de Madonna hoy, igual que la casa de moda de lujo. Los responsables de las im\u00e1genes han sido los fot\u00f3grafos de moda <strong>Mert Alas y Marcus Piggott<\/strong> en una sesi\u00f3n que tuvo lugar en <strong>Nueva York<\/strong>.<\/p>\n<p><a href=\"https:\/\/i0.wp.com\/www.moda.es\/blog\/wp-content\/uploads\/2014\/12\/versace-3.jpg\"><img data-attachment-id=\"18622\" data-permalink=\"http:\/\/www.moda.es\/blog\/madonna-nueva-imagen-de-versace\/versace-3-2\/\" data-orig-file=\"https:\/\/i0.wp.com\/www.moda.es\/blog\/wp-content\/uploads\/2014\/12\/versace-3.jpg?fit=650%2C975\" data-orig-size=\"650,975\" data-comments-opened=\"1\" data-image-meta=\"{&quot;aperture&quot;:&quot;0&quot;,&quot;credit&quot;:&quot;&quot;,&quot;camera&quot;:&quot;&quot;,&quot;caption&quot;:&quot;&quot;,&quot;created_timestamp&quot;:&quot;0&quot;,&quot;copyright&quot;:&quot;&quot;,&quot;focal_length&quot;:&quot;0&quot;,&quot;iso&quot;:&quot;0&quot;,&quot;shutter_speed&quot;:&quot;0&quot;,&quot;title&quot;:&quot;&quot;}\" data-image-title=\"versace 3\" data-image-description=\"\" data-image-caption=\"\" data-medium-file=\"https:\/\/i0.wp.com\/www.moda.es\/blog\/wp-content\/uploads\/2014\/12\/versace-3.jpg?fit=200%2C300\" data-large-file=\"https:\/\/i0.wp.com\/www.moda.es\/blog\/wp-content\/uploads\/2014\/12\/versace-3.jpg?fit=640%2C960\" loading=\"lazy\" class=\"aligncenter size-medium wp-image-18622\" alt=\"versace 3\" src=\"https:\/\/i0.wp.com\/www.moda.es\/blog\/wp-content\/uploads\/2014\/12\/versace-3.jpg?resize=200%2C300\" width=\"200\" height=\"300\" srcset=\"https:\/\/i0.wp.com\/www.moda.es\/blog\/wp-content\/uploads\/2014\/12\/versace-3.jpg?resize=200%2C300 200w, https:\/\/i0.wp.com\/www.moda.es\/blog\/wp-content\/uploads\/2014\/12\/versace-3.jpg?resize=420%2C630 420w, https:\/\/i0.wp.com\/www.moda.es\/blog\/wp-content\/uploads\/2014\/12\/versace-3.jpg?w=650 650w\" sizes=\"(max-width: 200px) 100vw, 200px\" data-recalc-dims=\"1\" \/><\/a><\/p>\n<p>Hablando sobre su nuevo papel, Madonna ha afirmado: \u00abSiempre es emocionante estar vestido de cabeza a los pies de Versace y experimentar de primera mano la <strong>imaginaci\u00f3n<\/strong> y la <strong>pasi\u00f3n<\/strong> con la que Donatella ha creado esta colecci\u00f3n\u00bb.<\/p>\n<p>La dise\u00f1ador ha a\u00f1adido: \u00abMadonna es uno de los verdaderos iconos de Versace. Estoy muy contenta de tener a mi amiga y a la artista m\u00e1s <strong>poderosa<\/strong> como la cara de Versace para la primavera de 2015. \u00bb<\/p>\n<p>Esta es la cuarta vez que Madonna aparece en campa\u00f1as publicitarias de Versace; la primera fue en el a\u00f1o <strong>1995.<\/strong><\/p>\n<p><a href=\"https:\/\/i0.wp.com\/www.moda.es\/blog\/wp-content\/uploads\/2014\/12\/versace-2.jpg\"><img data-attachment-id=\"18621\" data-permalink=\"http:\/\/www.moda.es\/blog\/madonna-nueva-imagen-de-versace\/versace-2-3\/\" data-orig-file=\"https:\/\/i0.wp.com\/www.moda.es\/blog\/wp-content\/uploads\/2014\/12\/versace-2.jpg?fit=650%2C975\" data-orig-size=\"650,975\" data-comments-opened=\"1\" data-image-meta=\"{&quot;aperture&quot;:&quot;0&quot;,&quot;credit&quot;:&quot;&quot;,&quot;camera&quot;:&quot;&quot;,&quot;caption&quot;:&quot;&quot;,&quot;created_timestamp&quot;:&quot;0&quot;,&quot;copyright&quot;:&quot;&quot;,&quot;focal_length&quot;:&quot;0&quot;,&quot;iso&quot;:&quot;0&quot;,&quot;shutter_speed&quot;:&quot;0&quot;,&quot;title&quot;:&quot;&quot;}\" data-image-title=\"versace 2\" data-image-description=\"\" data-image-caption=\"\" data-medium-file=\"https:\/\/i0.wp.com\/www.moda.es\/blog\/wp-content\/uploads\/2014\/12\/versace-2.jpg?fit=200%2C300\" data-large-file=\"https:\/\/i0.wp.com\/www.moda.es\/blog\/wp-content\/uploads\/2014\/12\/versace-2.jpg?fit=640%2C960\" loading=\"lazy\" class=\"aligncenter size-medium wp-image-18621\" alt=\"versace 2\" src=\"https:\/\/i0.wp.com\/www.moda.es\/blog\/wp-content\/uploads\/2014\/12\/versace-2.jpg?resize=200%2C300\" width=\"200\" height=\"300\" srcset=\"https:\/\/i0.wp.com\/www.moda.es\/blog\/wp-content\/uploads\/2014\/12\/versace-2.jpg?resize=200%2C300 200w, https:\/\/i0.wp.com\/www.moda.es\/blog\/wp-content\/uploads\/2014\/12\/versace-2.jpg?resize=420%2C630 420w, https:\/\/i0.wp.com\/www.moda.es\/blog\/wp-content\/uploads\/2014\/12\/versace-2.jpg?w=650 650w\" sizes=\"(max-width: 200px) 100vw, 200px\" data-recalc-dims=\"1\" \/><\/a><\/p>\n<p>&nbsp;<\/p>\n<p>\u00a9Harper&#8217;s Bazaar UK                             <\/p>\n","protected":false},"excerpt":{"rendered":"<p>El \u00e9xito no tiene edad y por ello sus 56 a\u00f1os y 30 de carrera en la m\u00fasica no han sido impedimento para que Madonna siga estando en la cumbre y reemplace a Lady Gaga (de 28) en la pr\u00f3xima campa\u00f1a de Versace para la temporada Primvara &#8211; Verano 2015. [&hellip;]<\/p>\n","protected":false},"author":3,"featured_media":18621,"comment_status":"open","ping_status":"open","sticky":false,"template":"","format":"standard","meta":{"jetpack_publicize_message":"","jetpack_is_tweetstorm":false,"jetpack_publicize_feature_enabled":true},"categories":[3,8,11,14,15,17],"tags":[503,558,1126,605,1125,926],"jetpack_publicize_connections":[],"jetpack_featured_media_url":"https:\/\/i0.wp.com\/www.moda.es\/blog\/wp-content\/uploads\/2014\/12\/versace-2.jpg?fit=650%2C975","jetpack_sharing_enabled":true,"jetpack_shortlink":"https:\/\/wp.me\/p4tJCC-4Qk","jetpack-related-posts":[{"id":14969,"url":"http:\/\/www.moda.es\/blog\/como-ser-donatella-versace\/","url_meta":{"origin":18620,"position":0},"title":"C\u00f3mo ser Donatella Versace","date":"noviembre 25, 2013","format":false,"excerpt":"La c\u00e1mara de Mert Alas y Marcus Piggott puede convertirte en la dise\u00f1adora italiana. Su c\u00e1mara y tambi\u00e9n el estilismo indicado. Recostada en un sof\u00e1, con el cabello rubio platino, liso y largo hasta la cintura y con looks al m\u00e1s puro estilo Versace, as\u00ed es como preside Lady Gaga\u2026","rel":"","context":"En \u00abCampa\u00f1as\u00bb","img":{"alt_text":"","src":"https:\/\/i0.wp.com\/www.moda.es\/blog\/wp-content\/uploads\/2013\/11\/Lady-Gaga-21.jpg?fit=500%2C333&resize=350%2C200","width":350,"height":200},"classes":[]},{"id":9899,"url":"http:\/\/www.moda.es\/blog\/las-chicas-de-versace\/","url_meta":{"origin":18620,"position":1},"title":"Las chicas de Versace","date":"diciembre 28, 2012","format":false,"excerpt":"\u00a0 Est\u00e1 claro que las marcas han decidido cerrar el a\u00f1o con su mejor repertorio de campa\u00f1as publicitarias. Hoy nos encontramos con la de Versace, quien, honrando a su insignia encomendada a Medusa, nos introduce en un sue\u00f1o mitol\u00f3gico de la mano de un tr\u00edo de ases: Kate Moss (parece\u2026","rel":"","context":"En \u00abCampa\u00f1as\u00bb","img":{"alt_text":"","src":"https:\/\/i0.wp.com\/www.moda.es\/blog\/wp-content\/uploads\/2012\/12\/Kate-Moss-.-Versace-Primavera-Verano-2013.jpg?fit=500%2C346&resize=350%2C200","width":350,"height":200},"classes":[]},{"id":14864,"url":"http:\/\/www.moda.es\/blog\/resumen-de-la-semana-16-de-noviembre\/","url_meta":{"origin":18620,"position":2},"title":"Resumen de la semana. 16 de noviembre","date":"noviembre 16, 2013","format":false,"excerpt":"Al fin lleg\u00f3 el d\u00eda. El jueves H&M ofrec\u00eda la flamante colecci\u00f3n de Isabel Marant. Estilo boho-chic de pasarela a buen precio en una colecci\u00f3n que ya est\u00e1 pr\u00e1cticamente agotada (si pensabas hacer con las famosas botas de flecos y no lo has hecho, olv\u00eddalo). Esta ha sido sin duda\u2026","rel":"","context":"En \u00abActualidad\u00bb","img":{"alt_text":"","src":"https:\/\/i0.wp.com\/www.moda.es\/blog\/wp-content\/uploads\/2013\/11\/McQueen-Hirst-11.jpg?fit=500%2C277&resize=350%2C200","width":350,"height":200},"classes":[]},{"id":18625,"url":"http:\/\/www.moda.es\/blog\/givenchy-y-julia-roberts-si-quiero\/","url_meta":{"origin":18620,"position":3},"title":"\u00bfGivenchy y Julia Roberts? S\u00ed, quiero","date":"diciembre 9, 2014","format":false,"excerpt":"Parece una pareja poco probable y desde luego es sorprendente pero no podr\u00eda haber sido m\u00e1s acertada. La sonrisa m\u00e1s bonita de Hollywood (aunque en este proyecto no la utilice) y una de las marcas m\u00e1s interesantes y vanguardistas del panorama fashion parisino se unen para la campa\u00f1a Primavera -\u2026","rel":"","context":"En \u00abCampa\u00f1as\u00bb","img":{"alt_text":"","src":"https:\/\/i0.wp.com\/www.moda.es\/blog\/wp-content\/uploads\/2014\/12\/jrg2.jpg?fit=650%2C963&resize=350%2C200","width":350,"height":200},"classes":[]},{"id":14622,"url":"http:\/\/www.moda.es\/blog\/cara-delevingne-al-desnudo\/","url_meta":{"origin":18620,"position":4},"title":"Cara Delevingne al desnudo","date":"octubre 28, 2013","format":false,"excerpt":"De acuerdo, al desnuedo no, pero s\u00ed desde su faceta m\u00e1s \u00edntima. La modelo brit\u00e1nica es la nueva imagen (y el cuerpo) de La Perla. Las marcas siguen rif\u00e1ndose a la rubia de la carita de \u00e1ngel yvers\u00e1til actitud y en esta ocasi\u00f3n ha sido llamada a explorar su lado\u2026","rel":"","context":"En \u00abCampa\u00f1as\u00bb","img":{"alt_text":"","src":"https:\/\/i0.wp.com\/www.moda.es\/blog\/wp-content\/uploads\/2013\/10\/Cara-Delenvingne-1-300x3001.jpg?fit=300%2C300&resize=350%2C200","width":350,"height":200},"classes":[]},{"id":17866,"url":"http:\/\/www.moda.es\/blog\/las-mejores-campanas-del-proximo-otono-ii\/","url_meta":{"origin":18620,"position":5},"title":"Las mejores campa\u00f1as del pr\u00f3ximo oto\u00f1o (II)","date":"junio 23, 2014","format":false,"excerpt":"Seguimos dando un repaso a las campa\u00f1as que nos har\u00e1n so\u00f1ar la pr\u00f3xima temporada y vemos que los sue\u00f1os son mejores cuando se presentan de dos en dos. Prada es una mezcla de colores sobre grises donde destacan Karl Kolbitz y Mica Arga\u00f1araz. Suave cuero, seda y lana enfrentados al\u2026","rel":"","context":"En \u00abCampa\u00f1as\u00bb","img":{"alt_text":"","src":"https:\/\/i0.wp.com\/www.moda.es\/blog\/wp-content\/uploads\/2014\/06\/Burberry-2.jpg?fit=650%2C433&resize=350%2C200","width":350,"height":200},"classes":[]}],"_links":{"self":[{"href":"http:\/\/www.moda.es\/blog\/wp-json\/wp\/v2\/posts\/18620"}],"collection":[{"href":"http:\/\/www.moda.es\/blog\/wp-json\/wp\/v2\/posts"}],"about":[{"href":"http:\/\/www.moda.es\/blog\/wp-json\/wp\/v2\/types\/post"}],"author":[{"embeddable":true,"href":"http:\/\/www.moda.es\/blog\/wp-json\/wp\/v2\/users\/3"}],"replies":[{"embeddable":true,"href":"http:\/\/www.moda.es\/blog\/wp-json\/wp\/v2\/comments?post=18620"}],"version-history":[{"count":6,"href":"http:\/\/www.moda.es\/blog\/wp-json\/wp\/v2\/posts\/18620\/revisions"}],"predecessor-version":[{"id":36235,"href":"http:\/\/www.moda.es\/blog\/wp-json\/wp\/v2\/posts\/18620\/revisions\/36235"}],"wp:featuredmedia":[{"embeddable":true,"href":"http:\/\/www.moda.es\/blog\/wp-json\/wp\/v2\/media\/18621"}],"wp:attachment":[{"href":"http:\/\/www.moda.es\/blog\/wp-json\/wp\/v2\/media?parent=18620"}],"wp:term":[{"taxonomy":"category","embeddable":true,"href":"http:\/\/www.moda.es\/blog\/wp-json\/wp\/v2\/categories?post=18620"},{"taxonomy":"post_tag","embeddable":true,"href":"http:\/\/www.moda.es\/blog\/wp-json\/wp\/v2\/tags?post=18620"}],"curies":[{"name":"wp","href":"https:\/\/api.w.org\/{rel}","templated":true}]}}