{"id":18533,"date":"2014-11-19T23:20:30","date_gmt":"2014-11-19T22:20:30","guid":{"rendered":"http:\/\/www.moda.es\/blog\/?p=18533"},"modified":"2020-04-27T17:14:15","modified_gmt":"2020-04-27T16:14:15","slug":"se-acerca-el-desfile-de-victorias-secret","status":"publish","type":"post","link":"http:\/\/www.moda.es\/blog\/se-acerca-el-desfile-de-victorias-secret\/","title":{"rendered":"Se acerca el desfile de Victoria&#8217;s Secret&#8230;"},"content":{"rendered":"<p>&#8230;y la marca nos da algunas pistas de lo que veremos en su desfile de <strong>Londres <\/strong>mostrando bocetos en los que se adivinan<strong> dise\u00f1os dram\u00e1ticos <\/strong>y llenos de<strong> espect\u00e1culo.<\/strong><\/p>\n<p style=\"text-align: center\"><a href=\"https:\/\/i0.wp.com\/www.moda.es\/blog\/wp-content\/uploads\/2014\/11\/vs2014.jpg\"><img data-attachment-id=\"18534\" data-permalink=\"http:\/\/www.moda.es\/blog\/se-acerca-el-desfile-de-victorias-secret\/vs2014\/\" data-orig-file=\"https:\/\/i0.wp.com\/www.moda.es\/blog\/wp-content\/uploads\/2014\/11\/vs2014.jpg?fit=650%2C975\" data-orig-size=\"650,975\" data-comments-opened=\"1\" data-image-meta=\"{&quot;aperture&quot;:&quot;0&quot;,&quot;credit&quot;:&quot;&quot;,&quot;camera&quot;:&quot;&quot;,&quot;caption&quot;:&quot;&quot;,&quot;created_timestamp&quot;:&quot;0&quot;,&quot;copyright&quot;:&quot;&quot;,&quot;focal_length&quot;:&quot;0&quot;,&quot;iso&quot;:&quot;0&quot;,&quot;shutter_speed&quot;:&quot;0&quot;,&quot;title&quot;:&quot;&quot;}\" data-image-title=\"vs2014\" data-image-description=\"\" data-image-caption=\"\" data-medium-file=\"https:\/\/i0.wp.com\/www.moda.es\/blog\/wp-content\/uploads\/2014\/11\/vs2014.jpg?fit=200%2C300\" data-large-file=\"https:\/\/i0.wp.com\/www.moda.es\/blog\/wp-content\/uploads\/2014\/11\/vs2014.jpg?fit=640%2C960\" loading=\"lazy\" class=\"size-medium wp-image-18534 alignnone\" alt=\"vs2014\" src=\"https:\/\/i0.wp.com\/www.moda.es\/blog\/wp-content\/uploads\/2014\/11\/vs2014.jpg?resize=200%2C300\" width=\"200\" height=\"300\" srcset=\"https:\/\/i0.wp.com\/www.moda.es\/blog\/wp-content\/uploads\/2014\/11\/vs2014.jpg?resize=200%2C300 200w, https:\/\/i0.wp.com\/www.moda.es\/blog\/wp-content\/uploads\/2014\/11\/vs2014.jpg?resize=420%2C630 420w, https:\/\/i0.wp.com\/www.moda.es\/blog\/wp-content\/uploads\/2014\/11\/vs2014.jpg?w=650 650w\" sizes=\"(max-width: 200px) 100vw, 200px\" data-recalc-dims=\"1\" \/>\u00a0<\/a> <a href=\"https:\/\/i0.wp.com\/www.moda.es\/blog\/wp-content\/uploads\/2014\/11\/vs20144.jpg\"><img data-attachment-id=\"18535\" data-permalink=\"http:\/\/www.moda.es\/blog\/se-acerca-el-desfile-de-victorias-secret\/vs20144\/\" data-orig-file=\"https:\/\/i0.wp.com\/www.moda.es\/blog\/wp-content\/uploads\/2014\/11\/vs20144.jpg?fit=650%2C975\" data-orig-size=\"650,975\" data-comments-opened=\"1\" data-image-meta=\"{&quot;aperture&quot;:&quot;0&quot;,&quot;credit&quot;:&quot;&quot;,&quot;camera&quot;:&quot;&quot;,&quot;caption&quot;:&quot;&quot;,&quot;created_timestamp&quot;:&quot;0&quot;,&quot;copyright&quot;:&quot;&quot;,&quot;focal_length&quot;:&quot;0&quot;,&quot;iso&quot;:&quot;0&quot;,&quot;shutter_speed&quot;:&quot;0&quot;,&quot;title&quot;:&quot;&quot;}\" data-image-title=\"vs20144\" data-image-description=\"\" data-image-caption=\"\" data-medium-file=\"https:\/\/i0.wp.com\/www.moda.es\/blog\/wp-content\/uploads\/2014\/11\/vs20144.jpg?fit=200%2C300\" data-large-file=\"https:\/\/i0.wp.com\/www.moda.es\/blog\/wp-content\/uploads\/2014\/11\/vs20144.jpg?fit=640%2C960\" loading=\"lazy\" class=\"size-medium wp-image-18535 alignnone\" alt=\"vs20144\" src=\"https:\/\/i0.wp.com\/www.moda.es\/blog\/wp-content\/uploads\/2014\/11\/vs20144.jpg?resize=200%2C300\" width=\"200\" height=\"300\" srcset=\"https:\/\/i0.wp.com\/www.moda.es\/blog\/wp-content\/uploads\/2014\/11\/vs20144.jpg?resize=200%2C300 200w, https:\/\/i0.wp.com\/www.moda.es\/blog\/wp-content\/uploads\/2014\/11\/vs20144.jpg?resize=420%2C630 420w, https:\/\/i0.wp.com\/www.moda.es\/blog\/wp-content\/uploads\/2014\/11\/vs20144.jpg?w=650 650w\" sizes=\"(max-width: 200px) 100vw, 200px\" data-recalc-dims=\"1\" \/><\/a><\/p>\n<p><strong>Gilded Angels<\/strong>, promete \u00abdiosas ba\u00f1adas en pan de oro\u00bb para abrir el desfile; <strong>Exotic Traveller<\/strong> nos traslada a otros mundos\u00a0 con modelos adornados deespejos y joyas que exploran las \u00abinfluencias de Mongolia, asi\u00e1ticas e indias\u00bb; <strong>Fairy Tale<\/strong> combina a Shakespeare con los hermanos Grimm vistiendo a las chicas como \u00abduendes- luci\u00e9rnaga\u00bb\u00a0 con exageradas alas.<\/p>\n<p style=\"text-align: center\"><a href=\"https:\/\/i0.wp.com\/www.moda.es\/blog\/wp-content\/uploads\/2014\/11\/vs20142.jpg\"><img data-attachment-id=\"18536\" data-permalink=\"http:\/\/www.moda.es\/blog\/se-acerca-el-desfile-de-victorias-secret\/vs20142\/\" data-orig-file=\"https:\/\/i0.wp.com\/www.moda.es\/blog\/wp-content\/uploads\/2014\/11\/vs20142.jpg?fit=650%2C975\" data-orig-size=\"650,975\" data-comments-opened=\"1\" data-image-meta=\"{&quot;aperture&quot;:&quot;0&quot;,&quot;credit&quot;:&quot;&quot;,&quot;camera&quot;:&quot;&quot;,&quot;caption&quot;:&quot;&quot;,&quot;created_timestamp&quot;:&quot;0&quot;,&quot;copyright&quot;:&quot;&quot;,&quot;focal_length&quot;:&quot;0&quot;,&quot;iso&quot;:&quot;0&quot;,&quot;shutter_speed&quot;:&quot;0&quot;,&quot;title&quot;:&quot;&quot;}\" data-image-title=\"vs20142\" data-image-description=\"\" data-image-caption=\"\" data-medium-file=\"https:\/\/i0.wp.com\/www.moda.es\/blog\/wp-content\/uploads\/2014\/11\/vs20142.jpg?fit=200%2C300\" data-large-file=\"https:\/\/i0.wp.com\/www.moda.es\/blog\/wp-content\/uploads\/2014\/11\/vs20142.jpg?fit=640%2C960\" loading=\"lazy\" class=\"size-medium wp-image-18536 alignnone\" alt=\"vs20142\" src=\"https:\/\/i0.wp.com\/www.moda.es\/blog\/wp-content\/uploads\/2014\/11\/vs20142.jpg?resize=200%2C300\" width=\"200\" height=\"300\" srcset=\"https:\/\/i0.wp.com\/www.moda.es\/blog\/wp-content\/uploads\/2014\/11\/vs20142.jpg?resize=200%2C300 200w, https:\/\/i0.wp.com\/www.moda.es\/blog\/wp-content\/uploads\/2014\/11\/vs20142.jpg?resize=420%2C630 420w, https:\/\/i0.wp.com\/www.moda.es\/blog\/wp-content\/uploads\/2014\/11\/vs20142.jpg?w=650 650w\" sizes=\"(max-width: 200px) 100vw, 200px\" data-recalc-dims=\"1\" \/>\u00a0<\/a> <a href=\"https:\/\/i0.wp.com\/www.moda.es\/blog\/wp-content\/uploads\/2014\/11\/vs20143.jpg\"><img data-attachment-id=\"18537\" data-permalink=\"http:\/\/www.moda.es\/blog\/se-acerca-el-desfile-de-victorias-secret\/vs20143\/\" data-orig-file=\"https:\/\/i0.wp.com\/www.moda.es\/blog\/wp-content\/uploads\/2014\/11\/vs20143.jpg?fit=650%2C975\" data-orig-size=\"650,975\" data-comments-opened=\"1\" data-image-meta=\"{&quot;aperture&quot;:&quot;0&quot;,&quot;credit&quot;:&quot;&quot;,&quot;camera&quot;:&quot;&quot;,&quot;caption&quot;:&quot;&quot;,&quot;created_timestamp&quot;:&quot;0&quot;,&quot;copyright&quot;:&quot;&quot;,&quot;focal_length&quot;:&quot;0&quot;,&quot;iso&quot;:&quot;0&quot;,&quot;shutter_speed&quot;:&quot;0&quot;,&quot;title&quot;:&quot;&quot;}\" data-image-title=\"vs20143\" data-image-description=\"\" data-image-caption=\"\" data-medium-file=\"https:\/\/i0.wp.com\/www.moda.es\/blog\/wp-content\/uploads\/2014\/11\/vs20143.jpg?fit=200%2C300\" data-large-file=\"https:\/\/i0.wp.com\/www.moda.es\/blog\/wp-content\/uploads\/2014\/11\/vs20143.jpg?fit=640%2C960\" loading=\"lazy\" class=\"size-medium wp-image-18537 alignnone\" alt=\"vs20143\" src=\"https:\/\/i0.wp.com\/www.moda.es\/blog\/wp-content\/uploads\/2014\/11\/vs20143.jpg?resize=200%2C300\" width=\"200\" height=\"300\" srcset=\"https:\/\/i0.wp.com\/www.moda.es\/blog\/wp-content\/uploads\/2014\/11\/vs20143.jpg?resize=200%2C300 200w, https:\/\/i0.wp.com\/www.moda.es\/blog\/wp-content\/uploads\/2014\/11\/vs20143.jpg?resize=420%2C630 420w, https:\/\/i0.wp.com\/www.moda.es\/blog\/wp-content\/uploads\/2014\/11\/vs20143.jpg?w=650 650w\" sizes=\"(max-width: 200px) 100vw, 200px\" data-recalc-dims=\"1\" \/><\/a><\/p>\n<p>Otras propuestas incluir\u00e1n <strong>Dream Girl<\/strong> que nos transportar\u00e1 de vuelta a los a\u00f1os <strong>cincuenta,<\/strong> mezclando seda y tul con zapatos cargados de suaves pompones; <strong>University of Pink<\/strong> con sus aires juveniles llenos de print de graffiti e inspirado en <strong>Jeremy Scott, Kenzo<\/strong> y creaciones vintage de <strong>Versace;<\/strong> mientras que el remate de este a\u00f1o ser\u00e1 <strong>Angel Ball\u00a0<\/strong> una celebraci\u00f3n monocrom\u00e1tica de cl\u00e1sicos trajes de noche y elegantes esmoquines.<\/p>\n<p style=\"text-align: center\"><a href=\"https:\/\/i0.wp.com\/www.moda.es\/blog\/wp-content\/uploads\/2014\/11\/vs20145.jpg\"><img data-attachment-id=\"18538\" data-permalink=\"http:\/\/www.moda.es\/blog\/se-acerca-el-desfile-de-victorias-secret\/vs20145\/\" data-orig-file=\"https:\/\/i0.wp.com\/www.moda.es\/blog\/wp-content\/uploads\/2014\/11\/vs20145.jpg?fit=650%2C975\" data-orig-size=\"650,975\" data-comments-opened=\"1\" data-image-meta=\"{&quot;aperture&quot;:&quot;0&quot;,&quot;credit&quot;:&quot;&quot;,&quot;camera&quot;:&quot;&quot;,&quot;caption&quot;:&quot;&quot;,&quot;created_timestamp&quot;:&quot;0&quot;,&quot;copyright&quot;:&quot;&quot;,&quot;focal_length&quot;:&quot;0&quot;,&quot;iso&quot;:&quot;0&quot;,&quot;shutter_speed&quot;:&quot;0&quot;,&quot;title&quot;:&quot;&quot;}\" data-image-title=\"vs20145\" data-image-description=\"\" data-image-caption=\"\" data-medium-file=\"https:\/\/i0.wp.com\/www.moda.es\/blog\/wp-content\/uploads\/2014\/11\/vs20145.jpg?fit=200%2C300\" data-large-file=\"https:\/\/i0.wp.com\/www.moda.es\/blog\/wp-content\/uploads\/2014\/11\/vs20145.jpg?fit=640%2C960\" loading=\"lazy\" class=\"size-medium wp-image-18538 alignnone\" alt=\"vs20145\" src=\"https:\/\/i0.wp.com\/www.moda.es\/blog\/wp-content\/uploads\/2014\/11\/vs20145.jpg?resize=200%2C300\" width=\"200\" height=\"300\" srcset=\"https:\/\/i0.wp.com\/www.moda.es\/blog\/wp-content\/uploads\/2014\/11\/vs20145.jpg?resize=200%2C300 200w, https:\/\/i0.wp.com\/www.moda.es\/blog\/wp-content\/uploads\/2014\/11\/vs20145.jpg?resize=420%2C630 420w, https:\/\/i0.wp.com\/www.moda.es\/blog\/wp-content\/uploads\/2014\/11\/vs20145.jpg?w=650 650w\" sizes=\"(max-width: 200px) 100vw, 200px\" data-recalc-dims=\"1\" \/>\u00a0<\/a> <a href=\"https:\/\/i0.wp.com\/www.moda.es\/blog\/wp-content\/uploads\/2014\/11\/vs20146.jpg\"><img data-attachment-id=\"18539\" data-permalink=\"http:\/\/www.moda.es\/blog\/se-acerca-el-desfile-de-victorias-secret\/vs20146\/\" data-orig-file=\"https:\/\/i0.wp.com\/www.moda.es\/blog\/wp-content\/uploads\/2014\/11\/vs20146.jpg?fit=650%2C975\" data-orig-size=\"650,975\" data-comments-opened=\"1\" data-image-meta=\"{&quot;aperture&quot;:&quot;0&quot;,&quot;credit&quot;:&quot;&quot;,&quot;camera&quot;:&quot;&quot;,&quot;caption&quot;:&quot;&quot;,&quot;created_timestamp&quot;:&quot;0&quot;,&quot;copyright&quot;:&quot;&quot;,&quot;focal_length&quot;:&quot;0&quot;,&quot;iso&quot;:&quot;0&quot;,&quot;shutter_speed&quot;:&quot;0&quot;,&quot;title&quot;:&quot;&quot;}\" data-image-title=\"vs20146\" data-image-description=\"\" data-image-caption=\"\" data-medium-file=\"https:\/\/i0.wp.com\/www.moda.es\/blog\/wp-content\/uploads\/2014\/11\/vs20146.jpg?fit=200%2C300\" data-large-file=\"https:\/\/i0.wp.com\/www.moda.es\/blog\/wp-content\/uploads\/2014\/11\/vs20146.jpg?fit=640%2C960\" loading=\"lazy\" class=\"size-medium wp-image-18539 alignnone\" alt=\"vs20146\" src=\"https:\/\/i0.wp.com\/www.moda.es\/blog\/wp-content\/uploads\/2014\/11\/vs20146.jpg?resize=200%2C300\" width=\"200\" height=\"300\" srcset=\"https:\/\/i0.wp.com\/www.moda.es\/blog\/wp-content\/uploads\/2014\/11\/vs20146.jpg?resize=200%2C300 200w, https:\/\/i0.wp.com\/www.moda.es\/blog\/wp-content\/uploads\/2014\/11\/vs20146.jpg?resize=420%2C630 420w, https:\/\/i0.wp.com\/www.moda.es\/blog\/wp-content\/uploads\/2014\/11\/vs20146.jpg?w=650 650w\" sizes=\"(max-width: 200px) 100vw, 200px\" data-recalc-dims=\"1\" \/><\/a><\/p>\n<p>&nbsp;<\/p>\n<p>Los temas del a\u00f1o pasado incluyeron, entre otros, la invasi\u00f3n brit\u00e1nica, que dio a entender que el desfile de este a\u00f1o har\u00eda su debut en Londres durante 2014. \u00bfHabr\u00e1 alg\u00fan mensaje oculto tambi\u00e9n en esta edici\u00f3n? Contamos los d\u00edas para ver uno de los desfiles m\u00e1s esperados del a\u00f1o.<\/p>\n<p>\u00a9Vogue UK                             <\/p>\n","protected":false},"excerpt":{"rendered":"<p>&#8230;y la marca nos da algunas pistas de lo que veremos en su desfile de Londres mostrando bocetos en los que se adivinan dise\u00f1os dram\u00e1ticos y llenos de espect\u00e1culo. \u00a0 Gilded Angels, promete \u00abdiosas ba\u00f1adas en pan de oro\u00bb para abrir el desfile; Exotic Traveller nos traslada a otros mundos\u00a0 [&hellip;]<\/p>\n","protected":false},"author":3,"featured_media":18534,"comment_status":"open","ping_status":"open","sticky":false,"template":"","format":"standard","meta":{"jetpack_publicize_message":"","jetpack_is_tweetstorm":false,"jetpack_publicize_feature_enabled":true},"categories":[10,11,14,23],"tags":[432,480,926,932],"jetpack_publicize_connections":[],"jetpack_featured_media_url":"https:\/\/i0.wp.com\/www.moda.es\/blog\/wp-content\/uploads\/2014\/11\/vs2014.jpg?fit=650%2C975","jetpack_sharing_enabled":true,"jetpack_shortlink":"https:\/\/wp.me\/p4tJCC-4OV","jetpack-related-posts":[{"id":21301,"url":"http:\/\/www.moda.es\/blog\/victorias-secret-revela-el-look-estrella-de-su-proximo-desfile\/","url_meta":{"origin":18533,"position":0},"title":"Victoria&#8217;s Secret revela el look estrella de su pr\u00f3ximo desfile","date":"noviembre 4, 2016","format":false,"excerpt":"\u00bfQu\u00e9 es m\u00e1s sexy\u00a0que un grupo\u00a0\u00a0de hermosas modelos caminando por una pasarela en lencer\u00eda? Que una de ellas lo haga completamente cubierta de cristales de Swarovski. Josephine Skriver, quien fue ungida \u00c1ngel por Victoria's Secret este a\u00f1o, ha sido\u00a0seleccionada para llevar el Swarovski Look en el desfile anual que se\u2026","rel":"","context":"En \u00abActualidad\u00bb","img":{"alt_text":"","src":"https:\/\/i0.wp.com\/www.moda.es\/blog\/wp-content\/uploads\/2016\/11\/Captura-de-pantalla-2016-11-04-a-las-19.42.53.png?fit=635%2C456&resize=350%2C200","width":350,"height":200},"classes":[]},{"id":19941,"url":"http:\/\/www.moda.es\/blog\/todos-los-secretos-del-desfile-de-victorias-secret\/","url_meta":{"origin":18533,"position":1},"title":"Todos los secretos del desfile de Victoria&#8217;s Secret","date":"noviembre 3, 2015","format":false,"excerpt":"Faltan muy pocos d\u00edas para que podamos asistir a una nueva edici\u00f3n de uno de los desfiles m\u00e1s esperados y todos los detalles ya est\u00e1n preparados. Por un lado sabemos que Rihanna ha cancelado su actuaci\u00f3n en vivo pero que nadie se asuste porque el reemplazo estar\u00e1 a la altura.\u2026","rel":"","context":"En \u00abActualidad\u00bb","img":{"alt_text":"","src":"https:\/\/i0.wp.com\/www.moda.es\/blog\/wp-content\/uploads\/2015\/11\/Captura-de-pantalla-2015-11-03-a-las-22.03.15.png?fit=322%2C486&resize=350%2C200","width":350,"height":200},"classes":[]},{"id":22673,"url":"http:\/\/www.moda.es\/blog\/se-acerca-el-desfile-de-victorias-secret-2\/","url_meta":{"origin":18533,"position":2},"title":"Se acerca el desfile de Victoria&#8217;s Secret&#8230;","date":"octubre 25, 2017","format":false,"excerpt":"...y tenemos todos los secretos! El a\u00f1o pasado, los \u00e1ngeles viajaron a Par\u00eds, y en otras ocasiones se han llevado a cabo desfiles en Nueva York, Londres, Los \u00c1ngeles, Miami y Cannes. Este a\u00f1o, los \u00e1ngeles desfilar\u00e1n en Sanghai y a\u00a0diferencia de los a\u00f1os anteriores, en los que las modelos\u2026","rel":"","context":"En \u00abColecciones\u00bb","img":{"alt_text":"","src":"https:\/\/i0.wp.com\/www.moda.es\/blog\/wp-content\/uploads\/2017\/10\/vss.jpg?fit=810%2C540&resize=350%2C200","width":350,"height":200},"classes":[]},{"id":22505,"url":"http:\/\/www.moda.es\/blog\/karlie-kloss-vuelve-a-la-pasarela-de-victorias-secret-tras-dos-anos\/","url_meta":{"origin":18533,"position":3},"title":"Karlie Kloss vuelve a la pasarela de Victoria&#8217;s Secret tras dos a\u00f1os","date":"septiembre 4, 2017","format":false,"excerpt":"Karlie Kloss est\u00e1 rompiendo su descanso de modelado para regresar al famoso desfile de Victoria's Secret de este a\u00f1o. La modelo anunci\u00f3 la noticia en Instagram ayer con una bonita imagen del backstage del desfile de moda de 2014. \"Nos vemos en Shanghai @VictoriasSecret \ud83d\ude07\ud83d\udc97\", escribi\u00f3 en el pie de\u2026","rel":"","context":"En \u00abDestacados\u00bb","img":{"alt_text":"","src":"https:\/\/i0.wp.com\/www.moda.es\/blog\/wp-content\/uploads\/2017\/09\/Captura-de-pantalla-2017-09-04-a-las-23.02.50.png?fit=675%2C343&resize=350%2C200","width":350,"height":200},"classes":[]},{"id":7124,"url":"http:\/\/www.moda.es\/blog\/un-desfile-desde-el-cielo-de-madrid\/","url_meta":{"origin":18533,"position":4},"title":"Un desfile desde el cielo de Madrid","date":"mayo 21, 2012","format":false,"excerpt":"El viernes pasado 18 fuimos invitados en el Hotel Puerta de Am\u00e9rica al segundo desfile de New Look. De la mano de su directora de formaci\u00f3n, \u00c1ngeles Castro, las propuestas que all\u00ed se vieron nac\u00edan de la creatividad del grupo de estilistas que se forman en la escuela Wings Group.\u2026","rel":"","context":"En \u00abPasarelas\u00bb","img":{"alt_text":"","src":"https:\/\/i0.wp.com\/www.moda.es\/blog\/wp-content\/uploads\/2012\/05\/MG_9630-como-objeto-inteligente-1-e13376420593161.jpg?fit=450%2C674&resize=350%2C200","width":350,"height":200},"classes":[]},{"id":19763,"url":"http:\/\/www.moda.es\/blog\/19763\/","url_meta":{"origin":18533,"position":5},"title":"El desfile m\u00e1s concurrido de Givenchy","date":"septiembre 1, 2015","format":false,"excerpt":"Givenchy va a trasladar\u00a0su desfile de la colecci\u00f3n primavera - verano 2016 de Par\u00eds a Nueva York esta temporada y aqu\u00ed no quedan las novedades: la firma francesa planea hacer su desfile mucho m\u00e1s accesible. Seg\u00fan informa WWD,\u00a0junto con la multitud habitual de periodistas, compradores, bloggers y celebridades, se pondr\u00e1\u2026","rel":"","context":"En \u00abActualidad\u00bb","img":{"alt_text":"","src":"https:\/\/i0.wp.com\/www.moda.es\/blog\/wp-content\/uploads\/2015\/09\/Captura-de-pantalla-2015-09-01-a-las-23.16.30.png?fit=366%2C576&resize=350%2C200","width":350,"height":200},"classes":[]}],"_links":{"self":[{"href":"http:\/\/www.moda.es\/blog\/wp-json\/wp\/v2\/posts\/18533"}],"collection":[{"href":"http:\/\/www.moda.es\/blog\/wp-json\/wp\/v2\/posts"}],"about":[{"href":"http:\/\/www.moda.es\/blog\/wp-json\/wp\/v2\/types\/post"}],"author":[{"embeddable":true,"href":"http:\/\/www.moda.es\/blog\/wp-json\/wp\/v2\/users\/3"}],"replies":[{"embeddable":true,"href":"http:\/\/www.moda.es\/blog\/wp-json\/wp\/v2\/comments?post=18533"}],"version-history":[{"count":7,"href":"http:\/\/www.moda.es\/blog\/wp-json\/wp\/v2\/posts\/18533\/revisions"}],"predecessor-version":[{"id":36246,"href":"http:\/\/www.moda.es\/blog\/wp-json\/wp\/v2\/posts\/18533\/revisions\/36246"}],"wp:featuredmedia":[{"embeddable":true,"href":"http:\/\/www.moda.es\/blog\/wp-json\/wp\/v2\/media\/18534"}],"wp:attachment":[{"href":"http:\/\/www.moda.es\/blog\/wp-json\/wp\/v2\/media?parent=18533"}],"wp:term":[{"taxonomy":"category","embeddable":true,"href":"http:\/\/www.moda.es\/blog\/wp-json\/wp\/v2\/categories?post=18533"},{"taxonomy":"post_tag","embeddable":true,"href":"http:\/\/www.moda.es\/blog\/wp-json\/wp\/v2\/tags?post=18533"}],"curies":[{"name":"wp","href":"https:\/\/api.w.org\/{rel}","templated":true}]}}