{"id":18519,"date":"2014-11-17T22:41:18","date_gmt":"2014-11-17T21:41:18","guid":{"rendered":"http:\/\/www.moda.es\/blog\/?p=18519"},"modified":"2020-04-27T17:14:33","modified_gmt":"2020-04-27T16:14:33","slug":"la-oscura-seduccion-de-elsa-pataky","status":"publish","type":"post","link":"http:\/\/www.moda.es\/blog\/la-oscura-seduccion-de-elsa-pataky\/","title":{"rendered":"La oscura seducci\u00f3n de Elsa Pataky"},"content":{"rendered":"<p>El <strong>fashion film<\/strong> es la nueva herramienta de acercamiento de las marcas al gran p\u00fablico. Un corto donde la moda es protagonista, veh\u00edculo y soporte de la historia que se pretende contar. Si bien hasta hace un tiempo esta forma de comunicaci\u00f3n era feudo de las marcas de lujo, las firmas de la calle se suman a esta iniciativa diferente y evocadora con el que compartir, adem\u00e1s de sus colecciones, sus valores de marca.<\/p>\n<p>Los \u00faltimos en optar por este corto de moda han sido los de <strong>Women&#8217;s Secret<\/strong>. La insignia de lencer\u00eda del Grupo Cortefiel presume as\u00ed de nueva embajadora, <strong>Elsa Pataky<\/strong>, quien da el relevo a <strong>Sara Carbonero<\/strong>.<\/p>\n<p><a href=\"https:\/\/i0.wp.com\/www.moda.es\/blog\/wp-content\/uploads\/2014\/11\/epws2.jpg\"><img data-attachment-id=\"18521\" data-permalink=\"http:\/\/www.moda.es\/blog\/la-oscura-seduccion-de-elsa-pataky\/epws2-2\/\" data-orig-file=\"https:\/\/i0.wp.com\/www.moda.es\/blog\/wp-content\/uploads\/2014\/11\/epws2.jpg?fit=650%2C556\" data-orig-size=\"650,556\" data-comments-opened=\"1\" data-image-meta=\"{&quot;aperture&quot;:&quot;0&quot;,&quot;credit&quot;:&quot;&quot;,&quot;camera&quot;:&quot;&quot;,&quot;caption&quot;:&quot;&quot;,&quot;created_timestamp&quot;:&quot;0&quot;,&quot;copyright&quot;:&quot;&quot;,&quot;focal_length&quot;:&quot;0&quot;,&quot;iso&quot;:&quot;0&quot;,&quot;shutter_speed&quot;:&quot;0&quot;,&quot;title&quot;:&quot;&quot;}\" data-image-title=\"epws2\" data-image-description=\"\" data-image-caption=\"\" data-medium-file=\"https:\/\/i0.wp.com\/www.moda.es\/blog\/wp-content\/uploads\/2014\/11\/epws2.jpg?fit=300%2C256\" data-large-file=\"https:\/\/i0.wp.com\/www.moda.es\/blog\/wp-content\/uploads\/2014\/11\/epws2.jpg?fit=640%2C547\" loading=\"lazy\" class=\"aligncenter size-medium wp-image-18521\" alt=\"epws2\" src=\"https:\/\/i0.wp.com\/www.moda.es\/blog\/wp-content\/uploads\/2014\/11\/epws2.jpg?resize=300%2C256\" width=\"300\" height=\"256\" srcset=\"https:\/\/i0.wp.com\/www.moda.es\/blog\/wp-content\/uploads\/2014\/11\/epws2.jpg?resize=300%2C256 300w, https:\/\/i0.wp.com\/www.moda.es\/blog\/wp-content\/uploads\/2014\/11\/epws2.jpg?resize=420%2C359 420w, https:\/\/i0.wp.com\/www.moda.es\/blog\/wp-content\/uploads\/2014\/11\/epws2.jpg?w=650 650w\" sizes=\"(max-width: 300px) 100vw, 300px\" data-recalc-dims=\"1\" \/><\/a><\/p>\n<p>La pel\u00edcula ha sido dirigida por<strong> Paula Ortiz<\/strong> (directora, guionista y productora, ganadora del premio Pilar Mir\u00f3 a la mejor directora novel en la Seminci de Valladolid) y aunque el resultado no podr\u00eda tener una est\u00e9tica m\u00e1s cuidada y elegante, la historia no nos acaba de convencer.<\/p>\n<p><a href=\"https:\/\/i0.wp.com\/www.moda.es\/blog\/wp-content\/uploads\/2014\/11\/wsep.jpg\"><img data-attachment-id=\"18524\" data-permalink=\"http:\/\/www.moda.es\/blog\/la-oscura-seduccion-de-elsa-pataky\/wsep\/\" data-orig-file=\"https:\/\/i0.wp.com\/www.moda.es\/blog\/wp-content\/uploads\/2014\/11\/wsep.jpg?fit=650%2C364\" data-orig-size=\"650,364\" data-comments-opened=\"1\" data-image-meta=\"{&quot;aperture&quot;:&quot;0&quot;,&quot;credit&quot;:&quot;&quot;,&quot;camera&quot;:&quot;&quot;,&quot;caption&quot;:&quot;&quot;,&quot;created_timestamp&quot;:&quot;0&quot;,&quot;copyright&quot;:&quot;&quot;,&quot;focal_length&quot;:&quot;0&quot;,&quot;iso&quot;:&quot;0&quot;,&quot;shutter_speed&quot;:&quot;0&quot;,&quot;title&quot;:&quot;&quot;}\" data-image-title=\"wsep\" data-image-description=\"\" data-image-caption=\"\" data-medium-file=\"https:\/\/i0.wp.com\/www.moda.es\/blog\/wp-content\/uploads\/2014\/11\/wsep.jpg?fit=300%2C168\" data-large-file=\"https:\/\/i0.wp.com\/www.moda.es\/blog\/wp-content\/uploads\/2014\/11\/wsep.jpg?fit=640%2C358\" loading=\"lazy\" class=\"aligncenter size-medium wp-image-18524\" alt=\"wsep\" src=\"https:\/\/i0.wp.com\/www.moda.es\/blog\/wp-content\/uploads\/2014\/11\/wsep.jpg?resize=300%2C168\" width=\"300\" height=\"168\" srcset=\"https:\/\/i0.wp.com\/www.moda.es\/blog\/wp-content\/uploads\/2014\/11\/wsep.jpg?resize=300%2C168 300w, https:\/\/i0.wp.com\/www.moda.es\/blog\/wp-content\/uploads\/2014\/11\/wsep.jpg?resize=420%2C235 420w, https:\/\/i0.wp.com\/www.moda.es\/blog\/wp-content\/uploads\/2014\/11\/wsep.jpg?w=650 650w\" sizes=\"(max-width: 300px) 100vw, 300px\" data-recalc-dims=\"1\" \/><\/a><\/p>\n<p>Se trata de una suerte de madrastra de Blancanieves buena, combinada con un discurso vitalista y lleno de energ\u00eda en el que, aunque el mensaje final que se adivina es bueno: la belleza es <strong>natural<\/strong> y est\u00e1 en ti misma, no termina de convencer.<\/p>\n<p><a href=\"https:\/\/i0.wp.com\/www.moda.es\/blog\/wp-content\/uploads\/2014\/11\/wsep2.jpg\"><img data-attachment-id=\"18522\" data-permalink=\"http:\/\/www.moda.es\/blog\/la-oscura-seduccion-de-elsa-pataky\/wsep2\/\" data-orig-file=\"https:\/\/i0.wp.com\/www.moda.es\/blog\/wp-content\/uploads\/2014\/11\/wsep2.jpg?fit=650%2C400\" data-orig-size=\"650,400\" data-comments-opened=\"1\" data-image-meta=\"{&quot;aperture&quot;:&quot;0&quot;,&quot;credit&quot;:&quot;&quot;,&quot;camera&quot;:&quot;&quot;,&quot;caption&quot;:&quot;&quot;,&quot;created_timestamp&quot;:&quot;0&quot;,&quot;copyright&quot;:&quot;&quot;,&quot;focal_length&quot;:&quot;0&quot;,&quot;iso&quot;:&quot;0&quot;,&quot;shutter_speed&quot;:&quot;0&quot;,&quot;title&quot;:&quot;&quot;}\" data-image-title=\"wsep2\" data-image-description=\"\" data-image-caption=\"\" data-medium-file=\"https:\/\/i0.wp.com\/www.moda.es\/blog\/wp-content\/uploads\/2014\/11\/wsep2.jpg?fit=300%2C184\" data-large-file=\"https:\/\/i0.wp.com\/www.moda.es\/blog\/wp-content\/uploads\/2014\/11\/wsep2.jpg?fit=640%2C394\" loading=\"lazy\" class=\"aligncenter size-medium wp-image-18522\" alt=\"wsep2\" src=\"https:\/\/i0.wp.com\/www.moda.es\/blog\/wp-content\/uploads\/2014\/11\/wsep2.jpg?resize=300%2C184\" width=\"300\" height=\"184\" srcset=\"https:\/\/i0.wp.com\/www.moda.es\/blog\/wp-content\/uploads\/2014\/11\/wsep2.jpg?resize=300%2C184 300w, https:\/\/i0.wp.com\/www.moda.es\/blog\/wp-content\/uploads\/2014\/11\/wsep2.jpg?resize=420%2C258 420w, https:\/\/i0.wp.com\/www.moda.es\/blog\/wp-content\/uploads\/2014\/11\/wsep2.jpg?w=650 650w\" sizes=\"(max-width: 300px) 100vw, 300px\" data-recalc-dims=\"1\" \/><\/a><\/p>\n<p>Lo mejor la colecci\u00f3n, rom\u00e1ntica, femenina y muy sexy. <strong>Encaje, blondas, ligueros, tul y nuevos cortes<\/strong> de sujetador en negro y dorado para momentos especiales y, por qu\u00e9 no, para sentirte seductora cualquier d\u00eda.<\/p>\n<p>Juzga t\u00fa mismo el resultado.<\/p>\n<div class=\"jetpack-video-wrapper\"><span class=\"embed-youtube\" style=\"text-align:center; display: block;\"><iframe loading=\"lazy\" class=\"youtube-player\" width=\"640\" height=\"360\" src=\"https:\/\/www.youtube.com\/embed\/fNpMzQz_fZc?version=3&#038;rel=1&#038;showsearch=0&#038;showinfo=1&#038;iv_load_policy=1&#038;fs=1&#038;hl=es-ES&#038;autohide=2&#038;wmode=transparent\" allowfullscreen=\"true\" style=\"border:0;\" sandbox=\"allow-scripts allow-same-origin allow-popups allow-presentation\"><\/iframe><\/span><\/div>\n<p>\u00a9Women Secret                             <\/p>\n","protected":false},"excerpt":{"rendered":"<p>El fashion film es la nueva herramienta de acercamiento de las marcas al gran p\u00fablico. Un corto donde la moda es protagonista, veh\u00edculo y soporte de la historia que se pretende contar. Si bien hasta hace un tiempo esta forma de comunicaci\u00f3n era feudo de las marcas de lujo, las [&hellip;]<\/p>\n","protected":false},"author":3,"featured_media":18520,"comment_status":"open","ping_status":"open","sticky":false,"template":"","format":"standard","meta":{"jetpack_publicize_message":"","jetpack_is_tweetstorm":false,"jetpack_publicize_feature_enabled":true},"categories":[8,10,11,17],"tags":[1113,801,948],"jetpack_publicize_connections":[],"jetpack_featured_media_url":"https:\/\/i0.wp.com\/www.moda.es\/blog\/wp-content\/uploads\/2014\/11\/epws2.png?fit=585%2C500","jetpack_sharing_enabled":true,"jetpack_shortlink":"https:\/\/wp.me\/p4tJCC-4OH","jetpack-related-posts":[{"id":19324,"url":"http:\/\/www.moda.es\/blog\/los-neuvos-angeles-de-victorias-secret\/","url_meta":{"origin":18519,"position":0},"title":"Los neuvos \u00e1ngeles de Victoria&#8217;s Secret","date":"mayo 1, 2015","format":false,"excerpt":"Victoria's Secret ha anunciado la promoci\u00f3n de 10 de sus modelos\u00a0 a condici\u00f3n de \u00e1ngel. Stella Maxwell, Kate Grigorieva, Taylor Hill, Elsa Hosk, Martha Hunt, Jac Jagaciak, Lais Ribeiro, Sara Sampaio, Romee Strijd y Jasmine Tookesal fin han recibido sus alas. Los nuevos fichajes son un buen reemplazo para las\u2026","rel":"","context":"En \u00abActualidad\u00bb","img":{"alt_text":"","src":"https:\/\/i0.wp.com\/www.moda.es\/blog\/wp-content\/uploads\/2015\/05\/elsa-hosk.jpg?fit=650%2C975&resize=350%2C200","width":350,"height":200},"classes":[]},{"id":14579,"url":"http:\/\/www.moda.es\/blog\/resumen-de-la-semana-26-de-octubre\/","url_meta":{"origin":18519,"position":1},"title":"Resumen de la semana. 26 de octubre","date":"octubre 26, 2013","format":false,"excerpt":"\u00bfQu\u00e9 tal ha ido la semana? \u00a1Espero que muy bien! Yo tambi\u00e9n me he enamorado del precioso vestido de Alexander McQueen que luci\u00f3 Kate Middleton en el bautizo de su hijo y estoy en shock con la separaci\u00f3n de Orlando Bloom y Miranda Kerr pero no te voy a hablar\u2026","rel":"","context":"En \u00abBelleza\u00bb","img":{"alt_text":"","src":"https:\/\/i0.wp.com\/www.moda.es\/blog\/wp-content\/uploads\/2013\/10\/TopShop-by-Kate-Bosworth-9.jpg?resize=350%2C200","width":350,"height":200},"classes":[]},{"id":15537,"url":"http:\/\/www.moda.es\/blog\/la-alfombra-roja-de-los-globos-de-oro\/","url_meta":{"origin":18519,"position":2},"title":"La alfombra roja de los Globos de Oro","date":"enero 13, 2014","format":false,"excerpt":"Se abre la veda. Comienza con fuerza la temporada de alfombra roja y lo hace con uno\u00a0 de los eventos que m\u00e1s alegr\u00edas y penas estil\u00edsticas nos da: los Golden Globes. La noche de los premios previos al cine ha llegado llena de estilo (bueno y malo) y con marcadas\u2026","rel":"","context":"En \u00abAlfombra Roja\u00bb","img":{"alt_text":"","src":"https:\/\/i0.wp.com\/www.moda.es\/blog\/wp-content\/uploads\/2014\/01\/Globos-de-Oro-2014-1.jpg?resize=350%2C200","width":350,"height":200},"classes":[]},{"id":22673,"url":"http:\/\/www.moda.es\/blog\/se-acerca-el-desfile-de-victorias-secret-2\/","url_meta":{"origin":18519,"position":3},"title":"Se acerca el desfile de Victoria&#8217;s Secret&#8230;","date":"octubre 25, 2017","format":false,"excerpt":"...y tenemos todos los secretos! El a\u00f1o pasado, los \u00e1ngeles viajaron a Par\u00eds, y en otras ocasiones se han llevado a cabo desfiles en Nueva York, Londres, Los \u00c1ngeles, Miami y Cannes. Este a\u00f1o, los \u00e1ngeles desfilar\u00e1n en Sanghai y a\u00a0diferencia de los a\u00f1os anteriores, en los que las modelos\u2026","rel":"","context":"En \u00abColecciones\u00bb","img":{"alt_text":"","src":"https:\/\/i0.wp.com\/www.moda.es\/blog\/wp-content\/uploads\/2017\/10\/vss.jpg?fit=810%2C540&resize=350%2C200","width":350,"height":200},"classes":[]},{"id":18473,"url":"http:\/\/www.moda.es\/blog\/adios-marco\/","url_meta":{"origin":18519,"position":4},"title":"Adios, Marco","date":"noviembre 8, 2014","format":false,"excerpt":"Los rumores respecto a su salida comenzaron a circular a principios de esta semana cuando WWD inform\u00f3 que el dise\u00f1ador hab\u00eda afirmado que \"no era exactamente su estilo\". Marco Zanini abandona la resucitada casa Schiaparelli despu\u00e9s de dos colecciones que han devuelto a la moda el sue\u00f1o surrealista de su\u2026","rel":"","context":"En \u00abActualidad\u00bb","img":{"alt_text":"","src":"https:\/\/i0.wp.com\/www.moda.es\/blog\/wp-content\/uploads\/2014\/11\/mzes.jpg?fit=650%2C514&resize=350%2C200","width":350,"height":200},"classes":[]},{"id":3581,"url":"http:\/\/www.moda.es\/blog\/una-nueva-mirada-a-la-joyeria\/","url_meta":{"origin":18519,"position":5},"title":"Una nueva mirada a la joyer\u00eda","date":"septiembre 29, 2011","format":false,"excerpt":"A\u00fan se pueden hacer cosas nuevas en dise\u00f1o. O, mejor dicho, se puede aportar una mirada diferente, como la mirada de Sara Malibr\u00e1n en sus joyas y bisuter\u00eda. Cuando ves una de sus colecciones, notas la diferencia. Porque sus joyas son piezas \u00fanicas, dentro de colecciones limitadas, donde prima el\u2026","rel":"","context":"En \u00abAccesorios\u00bb","img":{"alt_text":"","src":"https:\/\/i0.wp.com\/www.moda.es\/blog\/wp-content\/uploads\/2011\/09\/Collares-too-many-colors.jpg?resize=350%2C200","width":350,"height":200},"classes":[]}],"_links":{"self":[{"href":"http:\/\/www.moda.es\/blog\/wp-json\/wp\/v2\/posts\/18519"}],"collection":[{"href":"http:\/\/www.moda.es\/blog\/wp-json\/wp\/v2\/posts"}],"about":[{"href":"http:\/\/www.moda.es\/blog\/wp-json\/wp\/v2\/types\/post"}],"author":[{"embeddable":true,"href":"http:\/\/www.moda.es\/blog\/wp-json\/wp\/v2\/users\/3"}],"replies":[{"embeddable":true,"href":"http:\/\/www.moda.es\/blog\/wp-json\/wp\/v2\/comments?post=18519"}],"version-history":[{"count":7,"href":"http:\/\/www.moda.es\/blog\/wp-json\/wp\/v2\/posts\/18519\/revisions"}],"predecessor-version":[{"id":36248,"href":"http:\/\/www.moda.es\/blog\/wp-json\/wp\/v2\/posts\/18519\/revisions\/36248"}],"wp:featuredmedia":[{"embeddable":true,"href":"http:\/\/www.moda.es\/blog\/wp-json\/wp\/v2\/media\/18520"}],"wp:attachment":[{"href":"http:\/\/www.moda.es\/blog\/wp-json\/wp\/v2\/media?parent=18519"}],"wp:term":[{"taxonomy":"category","embeddable":true,"href":"http:\/\/www.moda.es\/blog\/wp-json\/wp\/v2\/categories?post=18519"},{"taxonomy":"post_tag","embeddable":true,"href":"http:\/\/www.moda.es\/blog\/wp-json\/wp\/v2\/tags?post=18519"}],"curies":[{"name":"wp","href":"https:\/\/api.w.org\/{rel}","templated":true}]}}