{"id":18490,"date":"2014-11-10T23:09:40","date_gmt":"2014-11-10T22:09:40","guid":{"rendered":"http:\/\/www.moda.es\/blog\/?p=18490"},"modified":"2020-04-27T17:15:21","modified_gmt":"2020-04-27T16:15:21","slug":"descubre-la-nueva-coleccion-de-cara-delevingne-para-mulberry","status":"publish","type":"post","link":"http:\/\/www.moda.es\/blog\/descubre-la-nueva-coleccion-de-cara-delevingne-para-mulberry\/","title":{"rendered":"Descubre la nueva colecci\u00f3n de Cara Delevingne para Mulberry"},"content":{"rendered":"<p><strong>Cara Delevingne<\/strong> quiere ayudarnos a escribir nuestra carta a los Reyes Magos porque ella sabe exactamente lo que queires: encontrar junto a tus zapatos cualquiera de los accesorios de su colecci\u00f3n para <strong>Mulberry<\/strong>.<\/p>\n<p><a href=\"https:\/\/i0.wp.com\/www.moda.es\/blog\/wp-content\/uploads\/2014\/11\/mcd2.jpg\"><img data-attachment-id=\"18491\" data-permalink=\"http:\/\/www.moda.es\/blog\/descubre-la-nueva-coleccion-de-cara-delevingne-para-mulberry\/mcd2\/\" data-orig-file=\"https:\/\/i0.wp.com\/www.moda.es\/blog\/wp-content\/uploads\/2014\/11\/mcd2.jpg?fit=650%2C975\" data-orig-size=\"650,975\" data-comments-opened=\"1\" data-image-meta=\"{&quot;aperture&quot;:&quot;0&quot;,&quot;credit&quot;:&quot;&quot;,&quot;camera&quot;:&quot;&quot;,&quot;caption&quot;:&quot;&quot;,&quot;created_timestamp&quot;:&quot;0&quot;,&quot;copyright&quot;:&quot;&quot;,&quot;focal_length&quot;:&quot;0&quot;,&quot;iso&quot;:&quot;0&quot;,&quot;shutter_speed&quot;:&quot;0&quot;,&quot;title&quot;:&quot;&quot;}\" data-image-title=\"mcd2\" data-image-description=\"\" data-image-caption=\"\" data-medium-file=\"https:\/\/i0.wp.com\/www.moda.es\/blog\/wp-content\/uploads\/2014\/11\/mcd2.jpg?fit=200%2C300\" data-large-file=\"https:\/\/i0.wp.com\/www.moda.es\/blog\/wp-content\/uploads\/2014\/11\/mcd2.jpg?fit=640%2C960\" loading=\"lazy\" class=\"aligncenter size-medium wp-image-18491\" alt=\"mcd2\" src=\"https:\/\/i0.wp.com\/www.moda.es\/blog\/wp-content\/uploads\/2014\/11\/mcd2.jpg?resize=200%2C300\" width=\"200\" height=\"300\" srcset=\"https:\/\/i0.wp.com\/www.moda.es\/blog\/wp-content\/uploads\/2014\/11\/mcd2.jpg?resize=200%2C300 200w, https:\/\/i0.wp.com\/www.moda.es\/blog\/wp-content\/uploads\/2014\/11\/mcd2.jpg?resize=420%2C630 420w, https:\/\/i0.wp.com\/www.moda.es\/blog\/wp-content\/uploads\/2014\/11\/mcd2.jpg?w=650 650w\" sizes=\"(max-width: 200px) 100vw, 200px\" data-recalc-dims=\"1\" \/><\/a><\/p>\n<p>\u00abDise\u00f1\u00e9 mi bolso Cara para los looks m\u00e1s elegantes pero tambi\u00e9n quer\u00eda una colecci\u00f3n funcional y pr\u00e1ctica para cuando se viaja,\u00bb asegura. \u00bb Todos son muy \u00fatiles cuando se est\u00e1 de un lado a otro y mantienen el bolso ordenado Esta es una bonita gama que complementa la colecci\u00f3n principal y los he personalizado con remaches en forma de cabeza de le\u00f3n y estampado de <strong>camuflaje;<\/strong> mi print favorito \u00ab.<\/p>\n<p><a href=\"https:\/\/i0.wp.com\/www.moda.es\/blog\/wp-content\/uploads\/2014\/11\/mcd7.jpg\"><img data-attachment-id=\"18492\" data-permalink=\"http:\/\/www.moda.es\/blog\/descubre-la-nueva-coleccion-de-cara-delevingne-para-mulberry\/mcd7\/\" data-orig-file=\"https:\/\/i0.wp.com\/www.moda.es\/blog\/wp-content\/uploads\/2014\/11\/mcd7.jpg?fit=650%2C975\" data-orig-size=\"650,975\" data-comments-opened=\"1\" data-image-meta=\"{&quot;aperture&quot;:&quot;0&quot;,&quot;credit&quot;:&quot;&quot;,&quot;camera&quot;:&quot;&quot;,&quot;caption&quot;:&quot;&quot;,&quot;created_timestamp&quot;:&quot;0&quot;,&quot;copyright&quot;:&quot;&quot;,&quot;focal_length&quot;:&quot;0&quot;,&quot;iso&quot;:&quot;0&quot;,&quot;shutter_speed&quot;:&quot;0&quot;,&quot;title&quot;:&quot;&quot;}\" data-image-title=\"mcd7\" data-image-description=\"\" data-image-caption=\"\" data-medium-file=\"https:\/\/i0.wp.com\/www.moda.es\/blog\/wp-content\/uploads\/2014\/11\/mcd7.jpg?fit=200%2C300\" data-large-file=\"https:\/\/i0.wp.com\/www.moda.es\/blog\/wp-content\/uploads\/2014\/11\/mcd7.jpg?fit=640%2C960\" loading=\"lazy\" class=\"size-medium wp-image-18492 alignnone\" alt=\"mcd7\" src=\"https:\/\/i0.wp.com\/www.moda.es\/blog\/wp-content\/uploads\/2014\/11\/mcd7.jpg?resize=200%2C300\" width=\"200\" height=\"300\" srcset=\"https:\/\/i0.wp.com\/www.moda.es\/blog\/wp-content\/uploads\/2014\/11\/mcd7.jpg?resize=200%2C300 200w, https:\/\/i0.wp.com\/www.moda.es\/blog\/wp-content\/uploads\/2014\/11\/mcd7.jpg?resize=420%2C630 420w, https:\/\/i0.wp.com\/www.moda.es\/blog\/wp-content\/uploads\/2014\/11\/mcd7.jpg?w=650 650w\" sizes=\"(max-width: 200px) 100vw, 200px\" data-recalc-dims=\"1\" \/><\/a> <a href=\"https:\/\/i0.wp.com\/www.moda.es\/blog\/wp-content\/uploads\/2014\/11\/mcd10.jpg\"><img data-attachment-id=\"18493\" data-permalink=\"http:\/\/www.moda.es\/blog\/descubre-la-nueva-coleccion-de-cara-delevingne-para-mulberry\/mcd10\/\" data-orig-file=\"https:\/\/i0.wp.com\/www.moda.es\/blog\/wp-content\/uploads\/2014\/11\/mcd10.jpg?fit=650%2C975\" data-orig-size=\"650,975\" data-comments-opened=\"1\" data-image-meta=\"{&quot;aperture&quot;:&quot;0&quot;,&quot;credit&quot;:&quot;&quot;,&quot;camera&quot;:&quot;&quot;,&quot;caption&quot;:&quot;&quot;,&quot;created_timestamp&quot;:&quot;0&quot;,&quot;copyright&quot;:&quot;&quot;,&quot;focal_length&quot;:&quot;0&quot;,&quot;iso&quot;:&quot;0&quot;,&quot;shutter_speed&quot;:&quot;0&quot;,&quot;title&quot;:&quot;&quot;}\" data-image-title=\"mcd10\" data-image-description=\"\" data-image-caption=\"\" data-medium-file=\"https:\/\/i0.wp.com\/www.moda.es\/blog\/wp-content\/uploads\/2014\/11\/mcd10.jpg?fit=200%2C300\" data-large-file=\"https:\/\/i0.wp.com\/www.moda.es\/blog\/wp-content\/uploads\/2014\/11\/mcd10.jpg?fit=640%2C960\" loading=\"lazy\" class=\"size-medium wp-image-18493 alignnone\" alt=\"mcd10\" src=\"https:\/\/i0.wp.com\/www.moda.es\/blog\/wp-content\/uploads\/2014\/11\/mcd10.jpg?resize=200%2C300\" width=\"200\" height=\"300\" srcset=\"https:\/\/i0.wp.com\/www.moda.es\/blog\/wp-content\/uploads\/2014\/11\/mcd10.jpg?resize=200%2C300 200w, https:\/\/i0.wp.com\/www.moda.es\/blog\/wp-content\/uploads\/2014\/11\/mcd10.jpg?resize=420%2C630 420w, https:\/\/i0.wp.com\/www.moda.es\/blog\/wp-content\/uploads\/2014\/11\/mcd10.jpg?w=650 650w\" sizes=\"(max-width: 200px) 100vw, 200px\" data-recalc-dims=\"1\" \/><\/a><\/p>\n<p><a href=\"https:\/\/i0.wp.com\/www.moda.es\/blog\/wp-content\/uploads\/2014\/11\/mcd3.jpg\"><img data-attachment-id=\"18494\" data-permalink=\"http:\/\/www.moda.es\/blog\/descubre-la-nueva-coleccion-de-cara-delevingne-para-mulberry\/mcd3\/\" data-orig-file=\"https:\/\/i0.wp.com\/www.moda.es\/blog\/wp-content\/uploads\/2014\/11\/mcd3.jpg?fit=650%2C975\" data-orig-size=\"650,975\" data-comments-opened=\"1\" data-image-meta=\"{&quot;aperture&quot;:&quot;0&quot;,&quot;credit&quot;:&quot;&quot;,&quot;camera&quot;:&quot;&quot;,&quot;caption&quot;:&quot;&quot;,&quot;created_timestamp&quot;:&quot;0&quot;,&quot;copyright&quot;:&quot;&quot;,&quot;focal_length&quot;:&quot;0&quot;,&quot;iso&quot;:&quot;0&quot;,&quot;shutter_speed&quot;:&quot;0&quot;,&quot;title&quot;:&quot;&quot;}\" data-image-title=\"mcd3\" data-image-description=\"\" data-image-caption=\"\" data-medium-file=\"https:\/\/i0.wp.com\/www.moda.es\/blog\/wp-content\/uploads\/2014\/11\/mcd3.jpg?fit=200%2C300\" data-large-file=\"https:\/\/i0.wp.com\/www.moda.es\/blog\/wp-content\/uploads\/2014\/11\/mcd3.jpg?fit=640%2C960\" loading=\"lazy\" class=\"size-medium wp-image-18494 alignnone\" alt=\"mcd3\" src=\"https:\/\/i0.wp.com\/www.moda.es\/blog\/wp-content\/uploads\/2014\/11\/mcd3.jpg?resize=200%2C300\" width=\"200\" height=\"300\" srcset=\"https:\/\/i0.wp.com\/www.moda.es\/blog\/wp-content\/uploads\/2014\/11\/mcd3.jpg?resize=200%2C300 200w, https:\/\/i0.wp.com\/www.moda.es\/blog\/wp-content\/uploads\/2014\/11\/mcd3.jpg?resize=420%2C630 420w, https:\/\/i0.wp.com\/www.moda.es\/blog\/wp-content\/uploads\/2014\/11\/mcd3.jpg?w=650 650w\" sizes=\"(max-width: 200px) 100vw, 200px\" data-recalc-dims=\"1\" \/><\/a> <a href=\"https:\/\/i0.wp.com\/www.moda.es\/blog\/wp-content\/uploads\/2014\/11\/mcd8.jpg\"><img data-attachment-id=\"18495\" data-permalink=\"http:\/\/www.moda.es\/blog\/descubre-la-nueva-coleccion-de-cara-delevingne-para-mulberry\/mcd8\/\" data-orig-file=\"https:\/\/i0.wp.com\/www.moda.es\/blog\/wp-content\/uploads\/2014\/11\/mcd8.jpg?fit=650%2C975\" data-orig-size=\"650,975\" data-comments-opened=\"1\" data-image-meta=\"{&quot;aperture&quot;:&quot;0&quot;,&quot;credit&quot;:&quot;&quot;,&quot;camera&quot;:&quot;&quot;,&quot;caption&quot;:&quot;&quot;,&quot;created_timestamp&quot;:&quot;0&quot;,&quot;copyright&quot;:&quot;&quot;,&quot;focal_length&quot;:&quot;0&quot;,&quot;iso&quot;:&quot;0&quot;,&quot;shutter_speed&quot;:&quot;0&quot;,&quot;title&quot;:&quot;&quot;}\" data-image-title=\"mcd8\" data-image-description=\"\" data-image-caption=\"\" data-medium-file=\"https:\/\/i0.wp.com\/www.moda.es\/blog\/wp-content\/uploads\/2014\/11\/mcd8.jpg?fit=200%2C300\" data-large-file=\"https:\/\/i0.wp.com\/www.moda.es\/blog\/wp-content\/uploads\/2014\/11\/mcd8.jpg?fit=640%2C960\" loading=\"lazy\" class=\"size-medium wp-image-18495 alignnone\" alt=\"mcd8\" src=\"https:\/\/i0.wp.com\/www.moda.es\/blog\/wp-content\/uploads\/2014\/11\/mcd8.jpg?resize=200%2C300\" width=\"200\" height=\"300\" srcset=\"https:\/\/i0.wp.com\/www.moda.es\/blog\/wp-content\/uploads\/2014\/11\/mcd8.jpg?resize=200%2C300 200w, https:\/\/i0.wp.com\/www.moda.es\/blog\/wp-content\/uploads\/2014\/11\/mcd8.jpg?resize=420%2C630 420w, https:\/\/i0.wp.com\/www.moda.es\/blog\/wp-content\/uploads\/2014\/11\/mcd8.jpg?w=650 650w\" sizes=\"(max-width: 200px) 100vw, 200px\" data-recalc-dims=\"1\" \/><\/a><\/p>\n<p>Con billeteras, monederos, mangas del iPad, las cubiertas del tel\u00e9fono, bolsas con cremallera, y los titulares de pasaportes (que el modelo dice que ella parece perder cada vez que viaja), se crea la gama en cuero camuflaje-impresa (inspirado por el amor de Delevingne de esconderse de ella los maestros en la escuela), y cl\u00e1sico roble Mulberry &#8211; y ha demostrado de este modo casi tan lejos muy querido como la chica a s\u00ed misma.<\/p>\n<p><a href=\"https:\/\/i0.wp.com\/www.moda.es\/blog\/wp-content\/uploads\/2014\/11\/mcd5.jpg\"><img data-attachment-id=\"18496\" data-permalink=\"http:\/\/www.moda.es\/blog\/descubre-la-nueva-coleccion-de-cara-delevingne-para-mulberry\/mcd5\/\" data-orig-file=\"https:\/\/i0.wp.com\/www.moda.es\/blog\/wp-content\/uploads\/2014\/11\/mcd5.jpg?fit=650%2C975\" data-orig-size=\"650,975\" data-comments-opened=\"1\" data-image-meta=\"{&quot;aperture&quot;:&quot;0&quot;,&quot;credit&quot;:&quot;&quot;,&quot;camera&quot;:&quot;&quot;,&quot;caption&quot;:&quot;&quot;,&quot;created_timestamp&quot;:&quot;0&quot;,&quot;copyright&quot;:&quot;&quot;,&quot;focal_length&quot;:&quot;0&quot;,&quot;iso&quot;:&quot;0&quot;,&quot;shutter_speed&quot;:&quot;0&quot;,&quot;title&quot;:&quot;&quot;}\" data-image-title=\"mcd5\" data-image-description=\"\" data-image-caption=\"\" data-medium-file=\"https:\/\/i0.wp.com\/www.moda.es\/blog\/wp-content\/uploads\/2014\/11\/mcd5.jpg?fit=200%2C300\" data-large-file=\"https:\/\/i0.wp.com\/www.moda.es\/blog\/wp-content\/uploads\/2014\/11\/mcd5.jpg?fit=640%2C960\" loading=\"lazy\" class=\"alignnone size-medium wp-image-18496\" alt=\"mcd5\" src=\"https:\/\/i0.wp.com\/www.moda.es\/blog\/wp-content\/uploads\/2014\/11\/mcd5.jpg?resize=200%2C300\" width=\"200\" height=\"300\" srcset=\"https:\/\/i0.wp.com\/www.moda.es\/blog\/wp-content\/uploads\/2014\/11\/mcd5.jpg?resize=200%2C300 200w, https:\/\/i0.wp.com\/www.moda.es\/blog\/wp-content\/uploads\/2014\/11\/mcd5.jpg?resize=420%2C630 420w, https:\/\/i0.wp.com\/www.moda.es\/blog\/wp-content\/uploads\/2014\/11\/mcd5.jpg?w=650 650w\" sizes=\"(max-width: 200px) 100vw, 200px\" data-recalc-dims=\"1\" \/><\/a> <a href=\"https:\/\/i0.wp.com\/www.moda.es\/blog\/wp-content\/uploads\/2014\/11\/mcd9.jpg\"><img data-attachment-id=\"18497\" data-permalink=\"http:\/\/www.moda.es\/blog\/descubre-la-nueva-coleccion-de-cara-delevingne-para-mulberry\/mcd9\/\" data-orig-file=\"https:\/\/i0.wp.com\/www.moda.es\/blog\/wp-content\/uploads\/2014\/11\/mcd9.jpg?fit=650%2C975\" data-orig-size=\"650,975\" data-comments-opened=\"1\" data-image-meta=\"{&quot;aperture&quot;:&quot;0&quot;,&quot;credit&quot;:&quot;&quot;,&quot;camera&quot;:&quot;&quot;,&quot;caption&quot;:&quot;&quot;,&quot;created_timestamp&quot;:&quot;0&quot;,&quot;copyright&quot;:&quot;&quot;,&quot;focal_length&quot;:&quot;0&quot;,&quot;iso&quot;:&quot;0&quot;,&quot;shutter_speed&quot;:&quot;0&quot;,&quot;title&quot;:&quot;&quot;}\" data-image-title=\"mcd9\" data-image-description=\"\" data-image-caption=\"\" data-medium-file=\"https:\/\/i0.wp.com\/www.moda.es\/blog\/wp-content\/uploads\/2014\/11\/mcd9.jpg?fit=200%2C300\" data-large-file=\"https:\/\/i0.wp.com\/www.moda.es\/blog\/wp-content\/uploads\/2014\/11\/mcd9.jpg?fit=640%2C960\" loading=\"lazy\" class=\"size-medium wp-image-18497 alignnone\" alt=\"mcd9\" src=\"https:\/\/i0.wp.com\/www.moda.es\/blog\/wp-content\/uploads\/2014\/11\/mcd9.jpg?resize=200%2C300\" width=\"200\" height=\"300\" srcset=\"https:\/\/i0.wp.com\/www.moda.es\/blog\/wp-content\/uploads\/2014\/11\/mcd9.jpg?resize=200%2C300 200w, https:\/\/i0.wp.com\/www.moda.es\/blog\/wp-content\/uploads\/2014\/11\/mcd9.jpg?resize=420%2C630 420w, https:\/\/i0.wp.com\/www.moda.es\/blog\/wp-content\/uploads\/2014\/11\/mcd9.jpg?w=650 650w\" sizes=\"(max-width: 200px) 100vw, 200px\" data-recalc-dims=\"1\" \/><\/a><\/p>\n<p>Billeteras, monederos, fundas para iPhone y iPad, bolsitas con cremallera parq el maquillaje, y fundas para el pasaporte (que la modelo dice que siempre termina perdiendo cada vez que viaja), dan forma a la gama en cuero con print de camuflaje-impresa (inspirado por la afici\u00f3n de Delevingne de esconderse de los profesores en la escuela), y el cl\u00e1sico <strong>roble de Mulberry<\/strong>, demostrando de este modo que aparte de posar y desfilar, est\u00e1 muy\u00a0 c\u00f3moda al otro lado del faschion business.\u00bfQu\u00e9 te parece la colecci\u00f3n?<\/p>\n<p>\u00a9Vogue UK                             <\/p>\n","protected":false},"excerpt":{"rendered":"<p>Cara Delevingne quiere ayudarnos a escribir nuestra carta a los Reyes Magos porque ella sabe exactamente lo que queires: encontrar junto a tus zapatos cualquiera de los accesorios de su colecci\u00f3n para Mulberry. \u00abDise\u00f1\u00e9 mi bolso Cara para los looks m\u00e1s elegantes pero tambi\u00e9n quer\u00eda una colecci\u00f3n funcional y pr\u00e1ctica [&hellip;]<\/p>\n","protected":false},"author":3,"featured_media":18491,"comment_status":"open","ping_status":"open","sticky":false,"template":"","format":"standard","meta":{"jetpack_publicize_message":"","jetpack_is_tweetstorm":false,"jetpack_publicize_feature_enabled":true},"categories":[10,11,14,17],"tags":[163,643],"jetpack_publicize_connections":[],"jetpack_featured_media_url":"https:\/\/i0.wp.com\/www.moda.es\/blog\/wp-content\/uploads\/2014\/11\/mcd2.jpg?fit=650%2C975","jetpack_sharing_enabled":true,"jetpack_shortlink":"https:\/\/wp.me\/p4tJCC-4Oe","jetpack-related-posts":[{"id":15467,"url":"http:\/\/www.moda.es\/blog\/cara-delevingne-chica-mulberry-tambien-en-2014\/","url_meta":{"origin":18490,"position":0},"title":"Cara Delevingne, chica Mulberry tambi\u00e9n en 2014","date":"enero 2, 2014","format":false,"excerpt":"Parece que en el nuevo a\u00f1o la modelo brit\u00f1anica no va a abandonar su posici\u00f3n. Cara Delevingne estrena 2014 como imagen de la campa\u00f1a Primavera - Verano 2014 de Mulberry. Fotografiada por Tim Walker, Delevingne se ha rodeado de algunos amigos peludos para mostrar la nueva colecci\u00f3n de la casa.\u2026","rel":"","context":"En \u00abCampa\u00f1as\u00bb","img":{"alt_text":"","src":"https:\/\/i0.wp.com\/www.moda.es\/blog\/wp-content\/uploads\/2014\/01\/Mulberry-Cara-Delevingne-21.jpg?fit=500%2C334&resize=350%2C200","width":350,"height":200},"classes":[]},{"id":17834,"url":"http:\/\/www.moda.es\/blog\/cara-delevingne-te-esta-buscando\/","url_meta":{"origin":18490,"position":1},"title":"Cara Delevingne te est\u00e1 buscando","date":"junio 10, 2014","format":false,"excerpt":"Cuando ya cre\u00edamos que la cruzada de Cara Delevingne para dominar el mundo hab\u00eda terminado, la modelo crea una colecci\u00f3n para DKNY. La modelo convertida en actriz ha creado una l\u00ednea unisex de 15 piezas para la marca estadounidense con camisetas sin mangas, los bombers de cuero y una parka,\u2026","rel":"","context":"En \u00abActualidad\u00bb","img":{"alt_text":"","src":"https:\/\/i0.wp.com\/www.moda.es\/blog\/wp-content\/uploads\/2014\/06\/cara-dkny.jpg?fit=650%2C607&resize=350%2C200","width":350,"height":200},"classes":[]},{"id":18072,"url":"http:\/\/www.moda.es\/blog\/cara-delevingne-presenta-su-coleccion-para-dkny\/","url_meta":{"origin":18490,"position":2},"title":"Cara Delevingne presenta su colecci\u00f3n para DKNY","date":"agosto 14, 2014","format":false,"excerpt":"Parece que Cara Delevingne tiene un claro objetivo esta temporada: colarse en tu armario a toda costa. Y no s\u00f3lo lo va a hacer con su colecci\u00f3n de bolsos para Mulberry sino con la l\u00ednea de ropa deportiva que ha creado para DKNY. Cara Delevingne ha aparecido en cuatro campa\u00f1as\u2026","rel":"","context":"En \u00abActualidad\u00bb","img":{"alt_text":"","src":"https:\/\/i0.wp.com\/www.moda.es\/blog\/wp-content\/uploads\/2014\/08\/dkny.jpg?fit=650%2C831&resize=350%2C200","width":350,"height":200},"classes":[]},{"id":19233,"url":"http:\/\/www.moda.es\/blog\/cressida-bonas-posa-para-mulberry\/","url_meta":{"origin":18490,"position":3},"title":"Cressida Bonas posa para Mulberry","date":"abril 8, 2015","format":false,"excerpt":"El mes pasado, Cressida Bonas sali\u00f3 de las sombras y se hizo famosa por salir con el pr\u00edncipe Harry y mostrar su aut\u00e9ntico amor verdadero: la danza. Ahora, tambi\u00e9n nos est\u00e1 mostrando sus habilidades como modelo para Mulberry, la marca brit\u00e1nica que la ha fichado como su \u00faltima embajadora. Bonas,\u2026","rel":"","context":"En \u00abAccesorios\u00bb","img":{"alt_text":"","src":"https:\/\/i0.wp.com\/www.moda.es\/blog\/wp-content\/uploads\/2015\/04\/mcb.jpg?fit=650%2C434&resize=350%2C200","width":350,"height":200},"classes":[]},{"id":13142,"url":"http:\/\/www.moda.es\/blog\/cara-mulberry\/","url_meta":{"origin":18490,"position":4},"title":"Cara Delevingne y Mulberry","date":"junio 26, 2013","format":false,"excerpt":"Fr\u00e1gil, et\u00e9rea, t\u00edmida, en ocasiones casi inanimada, como una mu\u00f1eca de trapo, en otras espectral y muy misteriosa... as\u00ed es como aparece Cara Delevingne en la campa\u00f1a de Mulberry para la pr\u00f3xima temporada Oto\u00f1o - Invierno 2013. La chica de la carrera imparable y mete\u00f3rica vuelve a hacerse con otra\u2026","rel":"","context":"En \u00abActualidad\u00bb","img":{"alt_text":"","src":"https:\/\/i0.wp.com\/www.moda.es\/blog\/wp-content\/uploads\/2013\/06\/modelos_ampliacion1.jpg?fit=400%2C520&resize=350%2C200","width":350,"height":200},"classes":[]},{"id":18570,"url":"http:\/\/www.moda.es\/blog\/tenemos-nuevo-chico-en-mulberry\/","url_meta":{"origin":18490,"position":5},"title":"Tenemos nuevo chico en Mulberry","date":"noviembre 28, 2014","format":false,"excerpt":"Diecisiete meses despu\u00e9s de que Emma Hill, directora creativa de Mulberry, saliera de la casa, finalmente terminan las especulaciones acerca de su sucesor, y confirma a Johnny Coca, anteriormente en C\u00e9line, como su nuevo director creativo. Coca, que se unir\u00e1 a Mulberry el 8 de julio viene desde C\u00e9line donde\u2026","rel":"","context":"En \u00abActualidad\u00bb","img":{"alt_text":"","src":"https:\/\/i0.wp.com\/www.moda.es\/blog\/wp-content\/uploads\/2014\/11\/jcm.jpg?fit=650%2C946&resize=350%2C200","width":350,"height":200},"classes":[]}],"_links":{"self":[{"href":"http:\/\/www.moda.es\/blog\/wp-json\/wp\/v2\/posts\/18490"}],"collection":[{"href":"http:\/\/www.moda.es\/blog\/wp-json\/wp\/v2\/posts"}],"about":[{"href":"http:\/\/www.moda.es\/blog\/wp-json\/wp\/v2\/types\/post"}],"author":[{"embeddable":true,"href":"http:\/\/www.moda.es\/blog\/wp-json\/wp\/v2\/users\/3"}],"replies":[{"embeddable":true,"href":"http:\/\/www.moda.es\/blog\/wp-json\/wp\/v2\/comments?post=18490"}],"version-history":[{"count":6,"href":"http:\/\/www.moda.es\/blog\/wp-json\/wp\/v2\/posts\/18490\/revisions"}],"predecessor-version":[{"id":36253,"href":"http:\/\/www.moda.es\/blog\/wp-json\/wp\/v2\/posts\/18490\/revisions\/36253"}],"wp:featuredmedia":[{"embeddable":true,"href":"http:\/\/www.moda.es\/blog\/wp-json\/wp\/v2\/media\/18491"}],"wp:attachment":[{"href":"http:\/\/www.moda.es\/blog\/wp-json\/wp\/v2\/media?parent=18490"}],"wp:term":[{"taxonomy":"category","embeddable":true,"href":"http:\/\/www.moda.es\/blog\/wp-json\/wp\/v2\/categories?post=18490"},{"taxonomy":"post_tag","embeddable":true,"href":"http:\/\/www.moda.es\/blog\/wp-json\/wp\/v2\/tags?post=18490"}],"curies":[{"name":"wp","href":"https:\/\/api.w.org\/{rel}","templated":true}]}}