{"id":18466,"date":"2014-10-31T22:57:38","date_gmt":"2014-10-31T21:57:38","guid":{"rendered":"http:\/\/www.moda.es\/blog\/?p=18466"},"modified":"2020-04-27T17:16:07","modified_gmt":"2020-04-27T16:16:07","slug":"al-gimnasio-con-beyonce","status":"publish","type":"post","link":"http:\/\/www.moda.es\/blog\/al-gimnasio-con-beyonce\/","title":{"rendered":"Al gimnasio con Beyonc\u00e9"},"content":{"rendered":"<p><strong>Beyonc\u00e9<\/strong> se ha asociado con el due\u00f1o de <strong>Topshop, Sir Philip Green<\/strong> para desarrollar una colecci\u00f3n de moda deportiva.<\/p>\n<p>Con el nombre de<strong> Parkwood Topshop Athletic<\/strong>, la colecci\u00f3n se compondr\u00e1 de prendas de vestir, calzado y accesorios para practicar fitness, deporte y danza en tiendas de la marca y a trav\u00e9s de su web.<\/p>\n<p>La participaci\u00f3n al<strong> 50%<\/strong> entre la marca y la compa\u00f1\u00eda\u00a0 de Beyonc\u00e9, Parkwood Entretenimiento, es el siguiente paso al renacimiento iniciado por Topshop tras su colaboraci\u00f3n con <strong>Kate Moss<\/strong> a principios de este a\u00f1o. Adem\u00e1s esta nueva colaboraci\u00f3n refleja el creciente negocio de Topshop en <strong>Estados Unidos<\/strong> donde tiene cuatro tiendas de la marca aparte de concesiones en grandes almacenes.<\/p>\n<p>La cantante ya est\u00e1 involucrado en la industria de la moda a trav\u00e9s de la marca <strong>House of Dereon<\/strong> que comenz\u00f3 con su madre. El verano pasado colabor\u00f3 \u200b\u200bcon\u00a0<strong> H&amp;M<\/strong> y ha trabajado con <strong>Tommy Hilfiger<\/strong> en una gama de fragancias.<\/p>\n<p>Con estos proyectos de la curvil\u00ednea artista, las colecciones de <strong>Rihanna<\/strong> para <strong>River Island<\/strong>, <strong>Madonna<\/strong> y su hija Lourdes con su marca <strong>Material Girl<\/strong> y la misma <strong>Victoria Beckham<\/strong> con su firma llegando a las pasarelas, parece\u00a0 que entre concierto y concierto y nuevo disco, la moda es el refugio de las estrellas del pop.<\/p>\n<p><a href=\"https:\/\/i0.wp.com\/www.moda.es\/blog\/wp-content\/uploads\/2014\/10\/bbb.jpg\"><img data-attachment-id=\"18467\" data-permalink=\"http:\/\/www.moda.es\/blog\/al-gimnasio-con-beyonce\/bbb\/\" data-orig-file=\"https:\/\/i0.wp.com\/www.moda.es\/blog\/wp-content\/uploads\/2014\/10\/bbb.jpg?fit=650%2C390\" data-orig-size=\"650,390\" data-comments-opened=\"1\" data-image-meta=\"{&quot;aperture&quot;:&quot;0&quot;,&quot;credit&quot;:&quot;&quot;,&quot;camera&quot;:&quot;&quot;,&quot;caption&quot;:&quot;&quot;,&quot;created_timestamp&quot;:&quot;0&quot;,&quot;copyright&quot;:&quot;&quot;,&quot;focal_length&quot;:&quot;0&quot;,&quot;iso&quot;:&quot;0&quot;,&quot;shutter_speed&quot;:&quot;0&quot;,&quot;title&quot;:&quot;&quot;}\" data-image-title=\"bbb\" data-image-description=\"\" data-image-caption=\"\" data-medium-file=\"https:\/\/i0.wp.com\/www.moda.es\/blog\/wp-content\/uploads\/2014\/10\/bbb.jpg?fit=300%2C180\" data-large-file=\"https:\/\/i0.wp.com\/www.moda.es\/blog\/wp-content\/uploads\/2014\/10\/bbb.jpg?fit=640%2C384\" loading=\"lazy\" class=\"aligncenter size-medium wp-image-18467\" alt=\"bbb\" src=\"https:\/\/i0.wp.com\/www.moda.es\/blog\/wp-content\/uploads\/2014\/10\/bbb.jpg?resize=300%2C180\" width=\"300\" height=\"180\" srcset=\"https:\/\/i0.wp.com\/www.moda.es\/blog\/wp-content\/uploads\/2014\/10\/bbb.jpg?resize=300%2C180 300w, https:\/\/i0.wp.com\/www.moda.es\/blog\/wp-content\/uploads\/2014\/10\/bbb.jpg?resize=420%2C252 420w, https:\/\/i0.wp.com\/www.moda.es\/blog\/wp-content\/uploads\/2014\/10\/bbb.jpg?w=650 650w\" sizes=\"(max-width: 300px) 100vw, 300px\" data-recalc-dims=\"1\" \/><\/a><\/p>\n<p>\u00a9Fashion \/ The Guardian                             <\/p>\n","protected":false},"excerpt":{"rendered":"<p>Beyonc\u00e9 se ha asociado con el due\u00f1o de Topshop, Sir Philip Green para desarrollar una colecci\u00f3n de moda deportiva. Con el nombre de Parkwood Topshop Athletic, la colecci\u00f3n se compondr\u00e1 de prendas de vestir, calzado y accesorios para practicar fitness, deporte y danza en tiendas de la marca y a [&hellip;]<\/p>\n","protected":false},"author":3,"featured_media":18467,"comment_status":"open","ping_status":"open","sticky":false,"template":"","format":"standard","meta":{"jetpack_publicize_message":"","jetpack_is_tweetstorm":false,"jetpack_publicize_feature_enabled":true},"categories":[3,10,11,14,17],"tags":[125,471,558,767,770,1106,895,897,929],"jetpack_publicize_connections":[],"jetpack_featured_media_url":"https:\/\/i0.wp.com\/www.moda.es\/blog\/wp-content\/uploads\/2014\/10\/bbb.jpg?fit=650%2C390","jetpack_sharing_enabled":true,"jetpack_shortlink":"https:\/\/wp.me\/p4tJCC-4NQ","jetpack-related-posts":[{"id":18856,"url":"http:\/\/www.moda.es\/blog\/kendall-y-kylie-jenner-para-topshop\/","url_meta":{"origin":18466,"position":0},"title":"\u00bfKendall y Kylie Jenner para Topshop?","date":"enero 31, 2015","format":false,"excerpt":"No del todo, pero la conocida marca brit\u00e1nica pronto ser\u00e1 la primera distribuidora brit\u00e1nica de la colaboraci\u00f3n de las hermanas con PacSun que se distribuye en Am\u00e9rica desde 2013. El cotilleo fashion r\u00e1pidamente pens\u00f3 que las dos hermanas del clan Kardashian iban a crear su propia colecci\u00f3n para Topshop. Por\u2026","rel":"","context":"En \u00abActualidad\u00bb","img":{"alt_text":"","src":"https:\/\/i0.wp.com\/www.moda.es\/blog\/wp-content\/uploads\/2015\/01\/kkjts.jpg?fit=650%2C650&resize=350%2C200","width":350,"height":200},"classes":[]},{"id":20017,"url":"http:\/\/www.moda.es\/blog\/lo-ultimo-de-beyonce-no-sonara-en-la-radio\/","url_meta":{"origin":18466,"position":1},"title":"Lo \u00faltimo de Beyonc\u00e9 no sonar\u00e1 en la radio","date":"noviembre 26, 2015","format":false,"excerpt":"A los\u00a0fans de Beyonc\u00e9 se les ha dado una gran raz\u00f3n para esperar con impaciencia 2016: se ha confirmado que la marca que la estrella ha \u00a0creado en colaboraci\u00f3n con Topshop, Parkwood Topshop Athletic\u00a0Ltd., aterrizar\u00e1 en las tiendas en abril. La empresa conjunta se anunci\u00f3 en octubre de 2014 pero\u2026","rel":"","context":"En \u00abActualidad\u00bb","img":{"alt_text":"","src":"https:\/\/i0.wp.com\/www.moda.es\/blog\/wp-content\/uploads\/2015\/11\/Captura-de-pantalla-2015-11-26-a-las-23.23.08.png?fit=614%2C614&resize=350%2C200","width":350,"height":200},"classes":[]},{"id":20485,"url":"http:\/\/www.moda.es\/blog\/descubre-la-coleccion-de-beyonce-para-topshop\/","url_meta":{"origin":18466,"position":2},"title":"Descubre la colecci\u00f3n de Beyonc\u00e9 para Topshop","date":"marzo 31, 2016","format":false,"excerpt":"Se anunci\u00f3 en octubre de 2014:\u00a0Beyonc\u00e9 planeaba crear\u00a0su propia marca 'athleisure' en colaboraci\u00f3n con Topshop,\u00a0y aterrizar\u00eda en las tiendas en Apri 2016. La marca se llama Ivy Park y se debe, por\u00a0supuesto, un gui\u00f1o a su hija\u00a0de 4 a\u00f1os de edad, \u00a0Blue Ivy y a su n\u00famero favorito de cuatro\u2026","rel":"","context":"En \u00abActualidad\u00bb","img":{"alt_text":"","src":"https:\/\/i0.wp.com\/www.moda.es\/blog\/wp-content\/uploads\/2016\/03\/Captura-de-pantalla-2016-03-31-a-las-23.07.09.png?fit=562%2C550&resize=350%2C200","width":350,"height":200},"classes":[]},{"id":17362,"url":"http:\/\/www.moda.es\/blog\/kate-moss-vuelve-a-disenar-para-topshop\/","url_meta":{"origin":18466,"position":3},"title":"Kate Moss vuelve a dise\u00f1ar para TopShop","date":"abril 2, 2014","format":false,"excerpt":"La noticia saltaba el pasado mes de octubre: la top entre las tops, Kate Moss, hab\u00eda firmado una colaboraci\u00f3n con TopShop para crear una colecci\u00f3n de entre 40 y 50 piezas para esta primavera. La fecha del lanzamiento se acerca y qu\u00e9 mejor manera de presentarla que con una portada\u2026","rel":"","context":"En \u00abColecciones\u00bb","img":{"alt_text":"","src":"https:\/\/i0.wp.com\/www.moda.es\/blog\/wp-content\/uploads\/2014\/04\/TopShop-2.jpg?fit=650%2C859&resize=350%2C200","width":350,"height":200},"classes":[]},{"id":17444,"url":"http:\/\/www.moda.es\/blog\/17444\/","url_meta":{"origin":18466,"position":4},"title":"Kate Moss para TopShop&#8230; Lo que nos faltaba por saber","date":"abril 12, 2014","format":false,"excerpt":"Lo de Kate Moss para TopShop no es s\u00f3lo una colaboraci\u00f3n m\u00e1s. Hace uns d\u00edas te mostr\u00e1bamos algunas fotos de la modelo para Vogue UK estrenando su nueva colecci\u00f3n y hoy tenemos m\u00e1s vistas de este gran editorial. Parec\u00eda mentira que siete a\u00f1os despu\u00e9s de la \u00faltima colecci\u00f3n las novedades\u2026","rel":"","context":"En \u00abActualidad\u00bb","img":{"alt_text":"","src":"https:\/\/i0.wp.com\/www.moda.es\/blog\/wp-content\/uploads\/2014\/04\/TopShop-11.jpg?fit=434%2C1200&resize=350%2C200","width":350,"height":200},"classes":[]},{"id":20521,"url":"http:\/\/www.moda.es\/blog\/en-el-parque-con-beyonce\/","url_meta":{"origin":18466,"position":5},"title":"En el parque con Beyonc\u00e9","date":"abril 15, 2016","format":false,"excerpt":"Mientras esperamos en vano a que Beyonc\u00e9\u00a0lance un\u00a0nuevo disco, nos podemos distraer con las\u00a0im\u00e1genes de la nueva l\u00ednea de ropa deportiva que acaba de lanzar y que lleva\u00a0el nombre de su hija, Ivy Park. En asociaci\u00f3n con el due\u00f1o de Topshop, Sir Philip Green, Ivy Park\u00a0fue lanzado ayer y\u00a0los miembros\u2026","rel":"","context":"En \u00abColecciones\u00bb","img":{"alt_text":"","src":"https:\/\/i0.wp.com\/www.moda.es\/blog\/wp-content\/uploads\/2016\/04\/Captura-de-pantalla-2016-04-15-a-las-19.34.43.png?fit=447%2C515&resize=350%2C200","width":350,"height":200},"classes":[]}],"_links":{"self":[{"href":"http:\/\/www.moda.es\/blog\/wp-json\/wp\/v2\/posts\/18466"}],"collection":[{"href":"http:\/\/www.moda.es\/blog\/wp-json\/wp\/v2\/posts"}],"about":[{"href":"http:\/\/www.moda.es\/blog\/wp-json\/wp\/v2\/types\/post"}],"author":[{"embeddable":true,"href":"http:\/\/www.moda.es\/blog\/wp-json\/wp\/v2\/users\/3"}],"replies":[{"embeddable":true,"href":"http:\/\/www.moda.es\/blog\/wp-json\/wp\/v2\/comments?post=18466"}],"version-history":[{"count":6,"href":"http:\/\/www.moda.es\/blog\/wp-json\/wp\/v2\/posts\/18466\/revisions"}],"predecessor-version":[{"id":36258,"href":"http:\/\/www.moda.es\/blog\/wp-json\/wp\/v2\/posts\/18466\/revisions\/36258"}],"wp:featuredmedia":[{"embeddable":true,"href":"http:\/\/www.moda.es\/blog\/wp-json\/wp\/v2\/media\/18467"}],"wp:attachment":[{"href":"http:\/\/www.moda.es\/blog\/wp-json\/wp\/v2\/media?parent=18466"}],"wp:term":[{"taxonomy":"category","embeddable":true,"href":"http:\/\/www.moda.es\/blog\/wp-json\/wp\/v2\/categories?post=18466"},{"taxonomy":"post_tag","embeddable":true,"href":"http:\/\/www.moda.es\/blog\/wp-json\/wp\/v2\/tags?post=18466"}],"curies":[{"name":"wp","href":"https:\/\/api.w.org\/{rel}","templated":true}]}}