{"id":18410,"date":"2014-10-18T12:44:57","date_gmt":"2014-10-18T11:44:57","guid":{"rendered":"http:\/\/www.moda.es\/blog\/?p=18410"},"modified":"2020-04-27T17:17:20","modified_gmt":"2020-04-27T16:17:20","slug":"michael-kors-quiere-combatir-el-hambre","status":"publish","type":"post","link":"http:\/\/www.moda.es\/blog\/michael-kors-quiere-combatir-el-hambre\/","title":{"rendered":"Michael Kors quiere combatir el hambre"},"content":{"rendered":"<p>Nada me gusta m\u00e1s que los que usan su poder y su influencia para una buena obra y <strong>Michael Kors<\/strong> ha sido el \u00faltimo en unirse a una de estas acciones.<\/p>\n<p>El creador ha hecho una promesa personal de donar <strong>100 comidas a los ni\u00f1os necesitados<\/strong> cada vez que alguien publica una imagen en <strong>Facebook, Instagram o Twitter<\/strong> de s\u00ed mismos llevando su camiseta<strong> Watch Hunger Stop<\/strong> y utilizando el hashtag<strong> #WatchHungerStop.<\/strong> Las camisetas pueden adquirise gratuitamente en todas las boutiques Michael Kors del mundo y estar\u00e1n disponibles hasta el <strong>31 de octubre<\/strong>.<\/p>\n<p>Esta\u00a0es la \u00faltima acci\u00f3n ben\u00e9fica por Kors, quien cre\u00f3 <strong>Watch Hunger Stop<\/strong>\u00a0en <strong>2013,<\/strong> una organizaci\u00f3n ben\u00e9fica que trabaja en conjunto con el<strong> Programa Mundial de Alimentos de las Naciones Unidas<\/strong> con el objetivo de aumentar la conciencia sobre la necesidad de<strong> erradicar el hambre en el mundo<\/strong>.<\/p>\n<p>El dise\u00f1ador es tambi\u00e9n un participante activo de otras instituciones filantr\u00f3picas, incluyendo <strong>God&#8217;s Love We Deliver<\/strong>, una organizaci\u00f3n solidaria de <strong>Nueva York<\/strong> que provee de alimentos nutritivos a las personas que est\u00e1n demasiado enfermos para ir de compras o cocinar para s\u00ed mismos.<\/p>\n<p>\u00danete\u00a0 a la inciativa y descubre m\u00e1s sobre la organizaci\u00f3n entrando en <a href=\"http:\/\/watchhungerstop.com\">Watchhungerstop.com<\/a><\/p>\n<p><a href=\"https:\/\/i0.wp.com\/www.moda.es\/blog\/wp-content\/uploads\/2014\/10\/mkc.jpg\"><img data-attachment-id=\"18411\" data-permalink=\"http:\/\/www.moda.es\/blog\/michael-kors-quiere-combatir-el-hambre\/mkc\/\" data-orig-file=\"https:\/\/i0.wp.com\/www.moda.es\/blog\/wp-content\/uploads\/2014\/10\/mkc.jpg?fit=650%2C975\" data-orig-size=\"650,975\" data-comments-opened=\"1\" data-image-meta=\"{&quot;aperture&quot;:&quot;0&quot;,&quot;credit&quot;:&quot;&quot;,&quot;camera&quot;:&quot;&quot;,&quot;caption&quot;:&quot;&quot;,&quot;created_timestamp&quot;:&quot;0&quot;,&quot;copyright&quot;:&quot;&quot;,&quot;focal_length&quot;:&quot;0&quot;,&quot;iso&quot;:&quot;0&quot;,&quot;shutter_speed&quot;:&quot;0&quot;,&quot;title&quot;:&quot;&quot;}\" data-image-title=\"mkc\" data-image-description=\"\" data-image-caption=\"\" data-medium-file=\"https:\/\/i0.wp.com\/www.moda.es\/blog\/wp-content\/uploads\/2014\/10\/mkc.jpg?fit=200%2C300\" data-large-file=\"https:\/\/i0.wp.com\/www.moda.es\/blog\/wp-content\/uploads\/2014\/10\/mkc.jpg?fit=640%2C960\" loading=\"lazy\" class=\"aligncenter size-medium wp-image-18411\" alt=\"mkc\" src=\"https:\/\/i0.wp.com\/www.moda.es\/blog\/wp-content\/uploads\/2014\/10\/mkc.jpg?resize=200%2C300\" width=\"200\" height=\"300\" srcset=\"https:\/\/i0.wp.com\/www.moda.es\/blog\/wp-content\/uploads\/2014\/10\/mkc.jpg?resize=200%2C300 200w, https:\/\/i0.wp.com\/www.moda.es\/blog\/wp-content\/uploads\/2014\/10\/mkc.jpg?resize=420%2C630 420w, https:\/\/i0.wp.com\/www.moda.es\/blog\/wp-content\/uploads\/2014\/10\/mkc.jpg?w=650 650w\" sizes=\"(max-width: 200px) 100vw, 200px\" data-recalc-dims=\"1\" \/><\/a><\/p>\n<p>&nbsp;<\/p>\n<p>\u00a9Vogue UK                             <\/p>\n","protected":false},"excerpt":{"rendered":"<p>Nada me gusta m\u00e1s que los que usan su poder y su influencia para una buena obra y Michael Kors ha sido el \u00faltimo en unirse a una de estas acciones. El creador ha hecho una promesa personal de donar 100 comidas a los ni\u00f1os necesitados cada vez que alguien [&hellip;]<\/p>\n","protected":false},"author":3,"featured_media":18411,"comment_status":"open","ping_status":"open","sticky":false,"template":"","format":"standard","meta":{"jetpack_publicize_message":"","jetpack_is_tweetstorm":false,"jetpack_publicize_feature_enabled":true},"categories":[3,11,12],"tags":[],"jetpack_publicize_connections":[],"jetpack_featured_media_url":"https:\/\/i0.wp.com\/www.moda.es\/blog\/wp-content\/uploads\/2014\/10\/mkc.jpg?fit=650%2C975","jetpack_sharing_enabled":true,"jetpack_shortlink":"https:\/\/wp.me\/p4tJCC-4MW","jetpack-related-posts":[{"id":21239,"url":"http:\/\/www.moda.es\/blog\/michael-kors-continua-su-lucha-contra-el-hambre\/","url_meta":{"origin":18410,"position":0},"title":"Michael Kors contin\u00faa su lucha contra el hambre","date":"octubre 16, 2016","format":false,"excerpt":"Hoy se celebra el\u00a0World Food Day y es\u00a0el cuarto a\u00f1o consecutivo en que Michael Kors ha hecho campa\u00f1a para combatir el hambre en el mundo. Nombrado como Embajador Global contra el Hambre del Programa Mundial de Alimentos de las Naciones Unidas de nuevo en 2015, Michael Kors ha continuado dedicando\u00a0sus\u2026","rel":"","context":"En \u00abActualidad\u00bb","img":{"alt_text":"","src":"https:\/\/i0.wp.com\/www.moda.es\/blog\/wp-content\/uploads\/2016\/10\/Captura-de-pantalla-2016-10-16-a-las-13.19.49.png?fit=621%2C446&resize=350%2C200","width":350,"height":200},"classes":[]},{"id":20917,"url":"http:\/\/www.moda.es\/blog\/michael-kors-y-kate-hudson-se-unen-contra-el-hambre\/","url_meta":{"origin":18410,"position":1},"title":"Michael Kors y Kate Hudson se unen contra el hambre","date":"agosto 5, 2016","format":false,"excerpt":"Kate Hudson se ha unido\u00a0a Michael Kors\u00a0para apoyar a la iniciativa\u00a0Watch Hunger Stop. El pr\u00f3ximo\u00a0mes de octubre,\u00a0con motivo\u00a0del D\u00eda Mundial de la Alimentaci\u00f3n (16 de octubre de 2016), el dise\u00f1ador Michael Kors ha recurrido una vez m\u00e1s a la ayuda de la actriz, empresaria y fil\u00e1ntropa, Kate Hudson, para apoyar\u2026","rel":"","context":"En \u00abActualidad\u00bb","img":{"alt_text":"","src":"https:\/\/i0.wp.com\/www.moda.es\/blog\/wp-content\/uploads\/2016\/08\/Captura-de-pantalla-2016-08-05-a-las-21.58.51.png?fit=642%2C325&resize=350%2C200","width":350,"height":200},"classes":[]},{"id":14396,"url":"http:\/\/www.moda.es\/blog\/gwyneth-paltrow-y-michael-kors\/","url_meta":{"origin":18410,"position":2},"title":"Gwyneth Paltrow y Michael Kors","date":"octubre 11, 2013","format":false,"excerpt":"\u00bfRecuerdas que hace un tiempo estuvimos conjeturando sobre el tipo de colaboraci\u00f3n que hab\u00eda unido a la actriz Gwyneth Paltrow y a Stella McCartney? Pues ah\u00ed no queda todo. Gwyneth se ha asociado con Michael Kors para crear una colecci\u00f3n de Navidad \u00fanica para su sitio web, Goop.com que estar\u00e1\u2026","rel":"","context":"En \u00abActualidad\u00bb","img":{"alt_text":"","src":"https:\/\/i0.wp.com\/www.moda.es\/blog\/wp-content\/uploads\/2013\/10\/Gwyneth-Paltrow-Michael-Kors1.jpg?fit=500%2C750&resize=350%2C200","width":350,"height":200},"classes":[]},{"id":22370,"url":"http:\/\/www.moda.es\/blog\/michael-kors-comprara-jimmy-choo\/","url_meta":{"origin":18410,"position":3},"title":"Michael Kors comprar\u00e1 Jimmy Choo","date":"julio 25, 2017","format":false,"excerpt":"Michael Kors va a comprar la marca de calzado y accesorios de lujo brit\u00e1nica Jimmy Choo por 900 millones de libras tras una subasta, informa The Guardian. La marca con sede en Estados Unidos ha acordado una suma de 230 libras por acci\u00f3n, y los directores de la junta, que\u2026","rel":"","context":"En \u00abActualidad\u00bb","img":{"alt_text":"","src":"https:\/\/i0.wp.com\/www.moda.es\/blog\/wp-content\/uploads\/2017\/07\/Captura-de-pantalla-2017-07-25-a-las-23.01.18.png?fit=353%2C537&resize=350%2C200","width":350,"height":200},"classes":[]},{"id":15077,"url":"http:\/\/www.moda.es\/blog\/gwynethpaltrow\/","url_meta":{"origin":18410,"position":4},"title":"Gwyneth Paltrow y Michael Kors, juntos por Navidad","date":"diciembre 6, 2013","format":false,"excerpt":"La p\u00e1gina web de Gwyneth Paltrow,\u00a0Goop, y dise\u00f1ador americano Michael Kors han colaborado en una colecci\u00f3n c\u00e1psula para la Navidad m\u00e1s elegante. La actriz en su nuevo rol de gur\u00fa del estilo de vida y el dise\u00f1ador americano cuyo negocio es tan exitoso que est\u00e1 acercando r\u00e1pidamente el estado de\u2026","rel":"","context":"En \u00abDestacados\u00bb","img":{"alt_text":"","src":"https:\/\/i0.wp.com\/www.moda.es\/blog\/wp-content\/uploads\/2013\/12\/Gwyneth-Paltrow-Michael-Kors-21.jpg?fit=500%2C358&resize=350%2C200","width":350,"height":200},"classes":[]},{"id":8488,"url":"http:\/\/www.moda.es\/blog\/todo-al-negro\/","url_meta":{"origin":18410,"position":5},"title":"Todo al negro","date":"agosto 27, 2012","format":false,"excerpt":"No hay invierno sin este color. Por mucho que otros tonos hayan querido desbancarle, aunque ceda un poco de su hegemon\u00eda, sigue siendo el rey. El negro vuelve pegando fuerte. Y lo hace con todas las de la ley porque es una tendencia g\u00f3tica, donde este color no se combina\u2026","rel":"","context":"En \u00abTendencias\u00bb","img":{"alt_text":"","src":"https:\/\/i0.wp.com\/www.moda.es\/blog\/wp-content\/uploads\/2012\/08\/image11-e1346093864809.jpg?resize=350%2C200","width":350,"height":200},"classes":[]}],"_links":{"self":[{"href":"http:\/\/www.moda.es\/blog\/wp-json\/wp\/v2\/posts\/18410"}],"collection":[{"href":"http:\/\/www.moda.es\/blog\/wp-json\/wp\/v2\/posts"}],"about":[{"href":"http:\/\/www.moda.es\/blog\/wp-json\/wp\/v2\/types\/post"}],"author":[{"embeddable":true,"href":"http:\/\/www.moda.es\/blog\/wp-json\/wp\/v2\/users\/3"}],"replies":[{"embeddable":true,"href":"http:\/\/www.moda.es\/blog\/wp-json\/wp\/v2\/comments?post=18410"}],"version-history":[{"count":9,"href":"http:\/\/www.moda.es\/blog\/wp-json\/wp\/v2\/posts\/18410\/revisions"}],"predecessor-version":[{"id":36266,"href":"http:\/\/www.moda.es\/blog\/wp-json\/wp\/v2\/posts\/18410\/revisions\/36266"}],"wp:featuredmedia":[{"embeddable":true,"href":"http:\/\/www.moda.es\/blog\/wp-json\/wp\/v2\/media\/18411"}],"wp:attachment":[{"href":"http:\/\/www.moda.es\/blog\/wp-json\/wp\/v2\/media?parent=18410"}],"wp:term":[{"taxonomy":"category","embeddable":true,"href":"http:\/\/www.moda.es\/blog\/wp-json\/wp\/v2\/categories?post=18410"},{"taxonomy":"post_tag","embeddable":true,"href":"http:\/\/www.moda.es\/blog\/wp-json\/wp\/v2\/tags?post=18410"}],"curies":[{"name":"wp","href":"https:\/\/api.w.org\/{rel}","templated":true}]}}