{"id":18354,"date":"2014-10-04T14:17:38","date_gmt":"2014-10-04T13:17:38","guid":{"rendered":"http:\/\/www.moda.es\/blog\/?p=18354"},"modified":"2020-04-27T17:18:35","modified_gmt":"2020-04-27T16:18:35","slug":"descubre-gucci-cosmetics","status":"publish","type":"post","link":"http:\/\/www.moda.es\/blog\/descubre-gucci-cosmetics\/","title":{"rendered":"Descubre Gucci Cosmetics"},"content":{"rendered":"<p>Amantes de la doble G, est\u00e1is de enhorabuena, porque si ya vener\u00e1bais\u00a0 sus colecciones de accesorios y ropa, ahora llega un nuevo fetiche, esta vez para el neceser.<\/p>\n<p>Llega Gucci Cosmetics, la nueva marca de maquillaje con la que<strong> Frida Gianini<\/strong> termina de volvernos locas.\u00a0 En colaboraci\u00f3n con<strong> Pat McGrath<\/strong>, quien lleva creando el look de belleza de los desfiles de la casa desde hace diez a\u00f1os, Gucci presenta sus nuevos productos con nombres tan sugerentes como\u00a0<em>Magnetic Color Mono en \u0093Iconic Gold\u0094<\/em>, <em>Audacious Color-Intense en \u0093Iconic Red\u0094<\/em> y<em> Opulent Volume en \u0093Iconic Black\u0094<\/em> en un packaging elegante en dorado y negro que no pasa desapercibido.<\/p>\n<p><a href=\"https:\/\/i0.wp.com\/www.moda.es\/blog\/wp-content\/uploads\/2014\/10\/gc1.jpg\"><img data-attachment-id=\"18355\" data-permalink=\"http:\/\/www.moda.es\/blog\/descubre-gucci-cosmetics\/gc1\/\" data-orig-file=\"https:\/\/i0.wp.com\/www.moda.es\/blog\/wp-content\/uploads\/2014\/10\/gc1.jpg?fit=650%2C867\" data-orig-size=\"650,867\" data-comments-opened=\"1\" data-image-meta=\"{&quot;aperture&quot;:&quot;0&quot;,&quot;credit&quot;:&quot;&quot;,&quot;camera&quot;:&quot;&quot;,&quot;caption&quot;:&quot;&quot;,&quot;created_timestamp&quot;:&quot;0&quot;,&quot;copyright&quot;:&quot;&quot;,&quot;focal_length&quot;:&quot;0&quot;,&quot;iso&quot;:&quot;0&quot;,&quot;shutter_speed&quot;:&quot;0&quot;,&quot;title&quot;:&quot;&quot;}\" data-image-title=\"gc1\" data-image-description=\"\" data-image-caption=\"\" data-medium-file=\"https:\/\/i0.wp.com\/www.moda.es\/blog\/wp-content\/uploads\/2014\/10\/gc1.jpg?fit=224%2C300\" data-large-file=\"https:\/\/i0.wp.com\/www.moda.es\/blog\/wp-content\/uploads\/2014\/10\/gc1.jpg?fit=640%2C854\" loading=\"lazy\" class=\"size-medium wp-image-18355 alignnone\" alt=\"gc1\" src=\"https:\/\/i0.wp.com\/www.moda.es\/blog\/wp-content\/uploads\/2014\/10\/gc1.jpg?resize=224%2C300\" width=\"224\" height=\"300\" srcset=\"https:\/\/i0.wp.com\/www.moda.es\/blog\/wp-content\/uploads\/2014\/10\/gc1.jpg?resize=224%2C300 224w, https:\/\/i0.wp.com\/www.moda.es\/blog\/wp-content\/uploads\/2014\/10\/gc1.jpg?resize=420%2C560 420w, https:\/\/i0.wp.com\/www.moda.es\/blog\/wp-content\/uploads\/2014\/10\/gc1.jpg?w=650 650w\" sizes=\"(max-width: 224px) 100vw, 224px\" data-recalc-dims=\"1\" \/><\/a> <a href=\"https:\/\/i0.wp.com\/www.moda.es\/blog\/wp-content\/uploads\/2014\/10\/gc4.jpg\"><img data-attachment-id=\"18356\" data-permalink=\"http:\/\/www.moda.es\/blog\/descubre-gucci-cosmetics\/gc4\/\" data-orig-file=\"https:\/\/i0.wp.com\/www.moda.es\/blog\/wp-content\/uploads\/2014\/10\/gc4.jpg?fit=650%2C867\" data-orig-size=\"650,867\" data-comments-opened=\"1\" data-image-meta=\"{&quot;aperture&quot;:&quot;0&quot;,&quot;credit&quot;:&quot;&quot;,&quot;camera&quot;:&quot;&quot;,&quot;caption&quot;:&quot;&quot;,&quot;created_timestamp&quot;:&quot;0&quot;,&quot;copyright&quot;:&quot;&quot;,&quot;focal_length&quot;:&quot;0&quot;,&quot;iso&quot;:&quot;0&quot;,&quot;shutter_speed&quot;:&quot;0&quot;,&quot;title&quot;:&quot;&quot;}\" data-image-title=\"gc4\" data-image-description=\"\" data-image-caption=\"\" data-medium-file=\"https:\/\/i0.wp.com\/www.moda.es\/blog\/wp-content\/uploads\/2014\/10\/gc4.jpg?fit=224%2C300\" data-large-file=\"https:\/\/i0.wp.com\/www.moda.es\/blog\/wp-content\/uploads\/2014\/10\/gc4.jpg?fit=640%2C854\" loading=\"lazy\" class=\"size-medium wp-image-18356 alignnone\" alt=\"gc4\" src=\"https:\/\/i0.wp.com\/www.moda.es\/blog\/wp-content\/uploads\/2014\/10\/gc4.jpg?resize=224%2C300\" width=\"224\" height=\"300\" srcset=\"https:\/\/i0.wp.com\/www.moda.es\/blog\/wp-content\/uploads\/2014\/10\/gc4.jpg?resize=224%2C300 224w, https:\/\/i0.wp.com\/www.moda.es\/blog\/wp-content\/uploads\/2014\/10\/gc4.jpg?resize=420%2C560 420w, https:\/\/i0.wp.com\/www.moda.es\/blog\/wp-content\/uploads\/2014\/10\/gc4.jpg?w=650 650w\" sizes=\"(max-width: 224px) 100vw, 224px\" data-recalc-dims=\"1\" \/><\/a><\/p>\n<p><a href=\"https:\/\/i0.wp.com\/www.moda.es\/blog\/wp-content\/uploads\/2014\/10\/gc2.jpg\"><img data-attachment-id=\"18357\" data-permalink=\"http:\/\/www.moda.es\/blog\/descubre-gucci-cosmetics\/gc2\/\" data-orig-file=\"https:\/\/i0.wp.com\/www.moda.es\/blog\/wp-content\/uploads\/2014\/10\/gc2.jpg?fit=650%2C867\" data-orig-size=\"650,867\" data-comments-opened=\"1\" data-image-meta=\"{&quot;aperture&quot;:&quot;0&quot;,&quot;credit&quot;:&quot;&quot;,&quot;camera&quot;:&quot;&quot;,&quot;caption&quot;:&quot;&quot;,&quot;created_timestamp&quot;:&quot;0&quot;,&quot;copyright&quot;:&quot;&quot;,&quot;focal_length&quot;:&quot;0&quot;,&quot;iso&quot;:&quot;0&quot;,&quot;shutter_speed&quot;:&quot;0&quot;,&quot;title&quot;:&quot;&quot;}\" data-image-title=\"gc2\" data-image-description=\"\" data-image-caption=\"\" data-medium-file=\"https:\/\/i0.wp.com\/www.moda.es\/blog\/wp-content\/uploads\/2014\/10\/gc2.jpg?fit=224%2C300\" data-large-file=\"https:\/\/i0.wp.com\/www.moda.es\/blog\/wp-content\/uploads\/2014\/10\/gc2.jpg?fit=640%2C854\" loading=\"lazy\" class=\"size-medium wp-image-18357 alignnone\" alt=\"gc2\" src=\"https:\/\/i0.wp.com\/www.moda.es\/blog\/wp-content\/uploads\/2014\/10\/gc2.jpg?resize=224%2C300\" width=\"224\" height=\"300\" srcset=\"https:\/\/i0.wp.com\/www.moda.es\/blog\/wp-content\/uploads\/2014\/10\/gc2.jpg?resize=224%2C300 224w, https:\/\/i0.wp.com\/www.moda.es\/blog\/wp-content\/uploads\/2014\/10\/gc2.jpg?resize=420%2C560 420w, https:\/\/i0.wp.com\/www.moda.es\/blog\/wp-content\/uploads\/2014\/10\/gc2.jpg?w=650 650w\" sizes=\"(max-width: 224px) 100vw, 224px\" data-recalc-dims=\"1\" \/><\/a> <a href=\"https:\/\/i0.wp.com\/www.moda.es\/blog\/wp-content\/uploads\/2014\/10\/gc3.jpg\"><img data-attachment-id=\"18358\" data-permalink=\"http:\/\/www.moda.es\/blog\/descubre-gucci-cosmetics\/gc3\/\" data-orig-file=\"https:\/\/i0.wp.com\/www.moda.es\/blog\/wp-content\/uploads\/2014\/10\/gc3.jpg?fit=650%2C867\" data-orig-size=\"650,867\" data-comments-opened=\"1\" data-image-meta=\"{&quot;aperture&quot;:&quot;0&quot;,&quot;credit&quot;:&quot;&quot;,&quot;camera&quot;:&quot;&quot;,&quot;caption&quot;:&quot;&quot;,&quot;created_timestamp&quot;:&quot;0&quot;,&quot;copyright&quot;:&quot;&quot;,&quot;focal_length&quot;:&quot;0&quot;,&quot;iso&quot;:&quot;0&quot;,&quot;shutter_speed&quot;:&quot;0&quot;,&quot;title&quot;:&quot;&quot;}\" data-image-title=\"gc3\" data-image-description=\"\" data-image-caption=\"\" data-medium-file=\"https:\/\/i0.wp.com\/www.moda.es\/blog\/wp-content\/uploads\/2014\/10\/gc3.jpg?fit=224%2C300\" data-large-file=\"https:\/\/i0.wp.com\/www.moda.es\/blog\/wp-content\/uploads\/2014\/10\/gc3.jpg?fit=640%2C854\" loading=\"lazy\" class=\"size-medium wp-image-18358 alignnone\" alt=\"gc3\" src=\"https:\/\/i0.wp.com\/www.moda.es\/blog\/wp-content\/uploads\/2014\/10\/gc3.jpg?resize=224%2C300\" width=\"224\" height=\"300\" srcset=\"https:\/\/i0.wp.com\/www.moda.es\/blog\/wp-content\/uploads\/2014\/10\/gc3.jpg?resize=224%2C300 224w, https:\/\/i0.wp.com\/www.moda.es\/blog\/wp-content\/uploads\/2014\/10\/gc3.jpg?resize=420%2C560 420w, https:\/\/i0.wp.com\/www.moda.es\/blog\/wp-content\/uploads\/2014\/10\/gc3.jpg?w=650 650w\" sizes=\"(max-width: 224px) 100vw, 224px\" data-recalc-dims=\"1\" \/><\/a><\/p>\n<p>Hasta ocho tonos de blush, l\u00e1pices de labios y de ojos, m\u00e1scara de pesta\u00f1as y una amplia gama de sombras de ojos para definir nuestro look a cualquier hora del d\u00eda. Seg\u00fan McGrath cada uno de los colores elegidos \u00abcorresponden a los tonos favoritos de Frida\u00bb.<\/p>\n<p><a href=\"https:\/\/i0.wp.com\/www.moda.es\/blog\/wp-content\/uploads\/2014\/10\/gc6.jpg\"><img data-attachment-id=\"18360\" data-permalink=\"http:\/\/www.moda.es\/blog\/descubre-gucci-cosmetics\/gc6\/\" data-orig-file=\"https:\/\/i0.wp.com\/www.moda.es\/blog\/wp-content\/uploads\/2014\/10\/gc6.jpg?fit=650%2C867\" data-orig-size=\"650,867\" data-comments-opened=\"1\" data-image-meta=\"{&quot;aperture&quot;:&quot;0&quot;,&quot;credit&quot;:&quot;&quot;,&quot;camera&quot;:&quot;&quot;,&quot;caption&quot;:&quot;&quot;,&quot;created_timestamp&quot;:&quot;0&quot;,&quot;copyright&quot;:&quot;&quot;,&quot;focal_length&quot;:&quot;0&quot;,&quot;iso&quot;:&quot;0&quot;,&quot;shutter_speed&quot;:&quot;0&quot;,&quot;title&quot;:&quot;&quot;}\" data-image-title=\"gc6\" data-image-description=\"\" data-image-caption=\"\" data-medium-file=\"https:\/\/i0.wp.com\/www.moda.es\/blog\/wp-content\/uploads\/2014\/10\/gc6.jpg?fit=224%2C300\" data-large-file=\"https:\/\/i0.wp.com\/www.moda.es\/blog\/wp-content\/uploads\/2014\/10\/gc6.jpg?fit=640%2C854\" loading=\"lazy\" class=\"size-medium wp-image-18360 alignnone\" alt=\"gc6\" src=\"https:\/\/i0.wp.com\/www.moda.es\/blog\/wp-content\/uploads\/2014\/10\/gc6.jpg?resize=224%2C300\" width=\"224\" height=\"300\" srcset=\"https:\/\/i0.wp.com\/www.moda.es\/blog\/wp-content\/uploads\/2014\/10\/gc6.jpg?resize=224%2C300 224w, https:\/\/i0.wp.com\/www.moda.es\/blog\/wp-content\/uploads\/2014\/10\/gc6.jpg?resize=420%2C560 420w, https:\/\/i0.wp.com\/www.moda.es\/blog\/wp-content\/uploads\/2014\/10\/gc6.jpg?w=650 650w\" sizes=\"(max-width: 224px) 100vw, 224px\" data-recalc-dims=\"1\" \/><\/a> <a href=\"https:\/\/i0.wp.com\/www.moda.es\/blog\/wp-content\/uploads\/2014\/10\/gc7.jpg\"><img data-attachment-id=\"18361\" data-permalink=\"http:\/\/www.moda.es\/blog\/descubre-gucci-cosmetics\/gc7\/\" data-orig-file=\"https:\/\/i0.wp.com\/www.moda.es\/blog\/wp-content\/uploads\/2014\/10\/gc7.jpg?fit=650%2C867\" data-orig-size=\"650,867\" data-comments-opened=\"1\" data-image-meta=\"{&quot;aperture&quot;:&quot;0&quot;,&quot;credit&quot;:&quot;&quot;,&quot;camera&quot;:&quot;&quot;,&quot;caption&quot;:&quot;&quot;,&quot;created_timestamp&quot;:&quot;0&quot;,&quot;copyright&quot;:&quot;&quot;,&quot;focal_length&quot;:&quot;0&quot;,&quot;iso&quot;:&quot;0&quot;,&quot;shutter_speed&quot;:&quot;0&quot;,&quot;title&quot;:&quot;&quot;}\" data-image-title=\"gc7\" data-image-description=\"\" data-image-caption=\"\" data-medium-file=\"https:\/\/i0.wp.com\/www.moda.es\/blog\/wp-content\/uploads\/2014\/10\/gc7.jpg?fit=224%2C300\" data-large-file=\"https:\/\/i0.wp.com\/www.moda.es\/blog\/wp-content\/uploads\/2014\/10\/gc7.jpg?fit=640%2C854\" loading=\"lazy\" class=\" wp-image-18361 alignnone\" alt=\"gc7\" src=\"https:\/\/i0.wp.com\/www.moda.es\/blog\/wp-content\/uploads\/2014\/10\/gc7.jpg?resize=224%2C300\" width=\"224\" height=\"300\" srcset=\"https:\/\/i0.wp.com\/www.moda.es\/blog\/wp-content\/uploads\/2014\/10\/gc7.jpg?resize=224%2C300 224w, https:\/\/i0.wp.com\/www.moda.es\/blog\/wp-content\/uploads\/2014\/10\/gc7.jpg?resize=420%2C560 420w, https:\/\/i0.wp.com\/www.moda.es\/blog\/wp-content\/uploads\/2014\/10\/gc7.jpg?w=650 650w\" sizes=\"(max-width: 224px) 100vw, 224px\" data-recalc-dims=\"1\" \/><\/a><\/p>\n<p><a href=\"https:\/\/i0.wp.com\/www.moda.es\/blog\/wp-content\/uploads\/2014\/10\/gc9.jpg\"><img data-attachment-id=\"18362\" data-permalink=\"http:\/\/www.moda.es\/blog\/descubre-gucci-cosmetics\/gc9\/\" data-orig-file=\"https:\/\/i0.wp.com\/www.moda.es\/blog\/wp-content\/uploads\/2014\/10\/gc9.jpg?fit=650%2C867\" data-orig-size=\"650,867\" data-comments-opened=\"1\" data-image-meta=\"{&quot;aperture&quot;:&quot;0&quot;,&quot;credit&quot;:&quot;&quot;,&quot;camera&quot;:&quot;&quot;,&quot;caption&quot;:&quot;&quot;,&quot;created_timestamp&quot;:&quot;0&quot;,&quot;copyright&quot;:&quot;&quot;,&quot;focal_length&quot;:&quot;0&quot;,&quot;iso&quot;:&quot;0&quot;,&quot;shutter_speed&quot;:&quot;0&quot;,&quot;title&quot;:&quot;&quot;}\" data-image-title=\"gc9\" data-image-description=\"\" data-image-caption=\"\" data-medium-file=\"https:\/\/i0.wp.com\/www.moda.es\/blog\/wp-content\/uploads\/2014\/10\/gc9.jpg?fit=224%2C300\" data-large-file=\"https:\/\/i0.wp.com\/www.moda.es\/blog\/wp-content\/uploads\/2014\/10\/gc9.jpg?fit=640%2C854\" loading=\"lazy\" class=\"size-medium wp-image-18362 alignnone\" alt=\"gc9\" src=\"https:\/\/i0.wp.com\/www.moda.es\/blog\/wp-content\/uploads\/2014\/10\/gc9.jpg?resize=224%2C300\" width=\"224\" height=\"300\" srcset=\"https:\/\/i0.wp.com\/www.moda.es\/blog\/wp-content\/uploads\/2014\/10\/gc9.jpg?resize=224%2C300 224w, https:\/\/i0.wp.com\/www.moda.es\/blog\/wp-content\/uploads\/2014\/10\/gc9.jpg?resize=420%2C560 420w, https:\/\/i0.wp.com\/www.moda.es\/blog\/wp-content\/uploads\/2014\/10\/gc9.jpg?w=650 650w\" sizes=\"(max-width: 224px) 100vw, 224px\" data-recalc-dims=\"1\" \/><\/a><a href=\"https:\/\/i0.wp.com\/www.moda.es\/blog\/wp-content\/uploads\/2014\/10\/gc5.jpg\"><img loading=\"lazy\" class=\"alignnone\" alt=\"gc5\" src=\"https:\/\/i0.wp.com\/www.moda.es\/blog\/wp-content\/uploads\/2014\/10\/gc5.jpg?resize=224%2C300\" width=\"224\" height=\"300\" data-recalc-dims=\"1\" \/><\/a><\/p>\n<p>Para presentar esta nueva l\u00ednea, la casa italiana ha optado por la ya habitual en sus campa\u00f1as, <strong>Carlota Casiraghi<\/strong>, que se mete en el papel de una <em>femme fatale<\/em> en una pel\u00edcula titulada <em>Stolen Moments<\/em> a cargo de <strong>Fabien Baron y Darius Khondji,<\/strong> y una sesi\u00f3n fotogr\u00e1fica a las \u00f3rdenes de<strong> Mert Alas &amp; Marcus Piggot<\/strong>.<\/p>\n<p><a href=\"https:\/\/i0.wp.com\/www.moda.es\/blog\/wp-content\/uploads\/2014\/10\/gc-10.jpg\"><img data-attachment-id=\"18363\" data-permalink=\"http:\/\/www.moda.es\/blog\/descubre-gucci-cosmetics\/gc-10\/\" data-orig-file=\"https:\/\/i0.wp.com\/www.moda.es\/blog\/wp-content\/uploads\/2014\/10\/gc-10.jpg?fit=650%2C650\" data-orig-size=\"650,650\" data-comments-opened=\"1\" data-image-meta=\"{&quot;aperture&quot;:&quot;0&quot;,&quot;credit&quot;:&quot;&quot;,&quot;camera&quot;:&quot;&quot;,&quot;caption&quot;:&quot;&quot;,&quot;created_timestamp&quot;:&quot;0&quot;,&quot;copyright&quot;:&quot;&quot;,&quot;focal_length&quot;:&quot;0&quot;,&quot;iso&quot;:&quot;0&quot;,&quot;shutter_speed&quot;:&quot;0&quot;,&quot;title&quot;:&quot;&quot;}\" data-image-title=\"gc 10\" data-image-description=\"\" data-image-caption=\"\" data-medium-file=\"https:\/\/i0.wp.com\/www.moda.es\/blog\/wp-content\/uploads\/2014\/10\/gc-10.jpg?fit=300%2C300\" data-large-file=\"https:\/\/i0.wp.com\/www.moda.es\/blog\/wp-content\/uploads\/2014\/10\/gc-10.jpg?fit=640%2C640\" loading=\"lazy\" class=\"aligncenter size-medium wp-image-18363\" alt=\"gc 10\" src=\"https:\/\/i0.wp.com\/www.moda.es\/blog\/wp-content\/uploads\/2014\/10\/gc-10.jpg?resize=300%2C300\" width=\"300\" height=\"300\" srcset=\"https:\/\/i0.wp.com\/www.moda.es\/blog\/wp-content\/uploads\/2014\/10\/gc-10.jpg?resize=300%2C300 300w, https:\/\/i0.wp.com\/www.moda.es\/blog\/wp-content\/uploads\/2014\/10\/gc-10.jpg?resize=150%2C150 150w, https:\/\/i0.wp.com\/www.moda.es\/blog\/wp-content\/uploads\/2014\/10\/gc-10.jpg?resize=420%2C420 420w, https:\/\/i0.wp.com\/www.moda.es\/blog\/wp-content\/uploads\/2014\/10\/gc-10.jpg?resize=120%2C120 120w, https:\/\/i0.wp.com\/www.moda.es\/blog\/wp-content\/uploads\/2014\/10\/gc-10.jpg?w=650 650w\" sizes=\"(max-width: 300px) 100vw, 300px\" data-recalc-dims=\"1\" \/><\/a><\/p>\n<p>No te pierdas el v\u00eddeo de la campa\u00f1a.<\/p>\n<div class=\"jetpack-video-wrapper\"><span class=\"embed-youtube\" style=\"text-align:center; display: block;\"><iframe loading=\"lazy\" class=\"youtube-player\" width=\"640\" height=\"360\" src=\"https:\/\/www.youtube.com\/embed\/y-HCU1wogpY?version=3&#038;rel=1&#038;showsearch=0&#038;showinfo=1&#038;iv_load_policy=1&#038;fs=1&#038;hl=es-ES&#038;autohide=2&#038;wmode=transparent\" allowfullscreen=\"true\" style=\"border:0;\" sandbox=\"allow-scripts allow-same-origin allow-popups allow-presentation\"><\/iframe><\/span><\/div>\n<p>&nbsp;<\/p>\n<p>\u00a9Gucci                             <\/p>\n","protected":false},"excerpt":{"rendered":"<p>Amantes de la doble G, est\u00e1is de enhorabuena, porque si ya vener\u00e1bais\u00a0 sus colecciones de accesorios y ropa, ahora llega un nuevo fetiche, esta vez para el neceser. Llega Gucci Cosmetics, la nueva marca de maquillaje con la que Frida Gianini termina de volvernos locas.\u00a0 En colaboraci\u00f3n con Pat McGrath, [&hellip;]<\/p>\n","protected":false},"author":3,"featured_media":18355,"comment_status":"open","ping_status":"open","sticky":false,"template":"","format":"standard","meta":{"jetpack_publicize_message":"","jetpack_is_tweetstorm":false,"jetpack_publicize_feature_enabled":true},"categories":[3,6,8,11,14,15],"tags":[1099,371,1098],"jetpack_publicize_connections":[],"jetpack_featured_media_url":"https:\/\/i0.wp.com\/www.moda.es\/blog\/wp-content\/uploads\/2014\/10\/gc1.jpg?fit=650%2C867","jetpack_sharing_enabled":true,"jetpack_shortlink":"https:\/\/wp.me\/p4tJCC-4M2","jetpack-related-posts":[{"id":22393,"url":"http:\/\/www.moda.es\/blog\/dakota-johnson-es-una-de-las-nuevas-chicas-gucci\/","url_meta":{"origin":18354,"position":0},"title":"Dakota Johnson es una de las nuevas chicas Gucci","date":"agosto 2, 2017","format":false,"excerpt":"Tras mucha expectaci\u00f3n y una presentaci\u00f3n oficial en mayo, la campa\u00f1a de Gucci Bloom, el primer perfume femenino de Alessandro Michele para la etiqueta, est\u00e1 finalmente aqu\u00ed. Las im\u00e1genes son un juego on\u00edrico en un jard\u00edn de fantas\u00eda y cuenta con Dakota Johnson, Hari Nef y Petra Collins como estrellas,\u00a0por\u2026","rel":"","context":"En \u00abBelleza\u00bb","img":{"alt_text":"","src":"https:\/\/i0.wp.com\/www.moda.es\/blog\/wp-content\/uploads\/2017\/08\/Captura-de-pantalla-2017-08-02-a-las-20.53.59.png?fit=708%2C450&resize=350%2C200","width":350,"height":200},"classes":[]},{"id":21739,"url":"http:\/\/www.moda.es\/blog\/cuelate-en-el-casting-de-gucci\/","url_meta":{"origin":18354,"position":1},"title":"Cu\u00e9late en el casting de Gucci","date":"enero 28, 2017","format":false,"excerpt":"Desde que Alessandro Michele tom\u00f3 el mando creativo en Gucci en enero de 2015, la casa italiana se ha vuelto muy maestra en burlarse de sus campa\u00f1as antes de su lanzamiento, siempre dej\u00e1ndonos querer saber m\u00e1s.Watch Full Movie Online Streaming Online and Download El viernes\u00a0la casa empez\u00f3 a darnos un\u2026","rel":"","context":"En \u00abActualidad\u00bb","img":{"alt_text":"","src":"https:\/\/i0.wp.com\/www.moda.es\/blog\/wp-content\/uploads\/2017\/01\/Captura-de-pantalla-2017-01-28-a-las-21.12.14.png?fit=519%2C675&resize=350%2C200","width":350,"height":200},"classes":[]},{"id":22632,"url":"http:\/\/www.moda.es\/blog\/gucci-se-declara-en-contra-de-las-pieles\/","url_meta":{"origin":18354,"position":2},"title":"Gucci se declara en contra de las pieles","date":"octubre 15, 2017","format":false,"excerpt":"Sujeta tus mocasines de Gucci forrados de piel (si a\u00fan los tienes): la marca de lujo italiana es la \u00faltima compa\u00f1\u00eda que anuncia el compromiso de no usar pieles. El CEO de Gucci, Marco Bizarri, hizo el anuncio durante la Kering Talk 2017 en The London College of Fashion, y\u2026","rel":"","context":"En \u00abActualidad\u00bb","img":{"alt_text":"","src":"https:\/\/i0.wp.com\/www.moda.es\/blog\/wp-content\/uploads\/2017\/10\/gucci.jpg?fit=640%2C961&resize=350%2C200","width":350,"height":200},"classes":[]},{"id":20567,"url":"http:\/\/www.moda.es\/blog\/la-gira-de-beyonce-ya-tiene-vestuario\/","url_meta":{"origin":18354,"position":3},"title":"La gira de Beyonc\u00e9 ya tiene vestuario&#8230;","date":"abril 29, 2016","format":false,"excerpt":"...y correr\u00e1 a cargo de Dsquared2, Gucci y Roberto Cavalli. Esta semana la protagonista ha sido indiscutiblemente Beyonc\u00e9. Cuatro d\u00edas despu\u00e9s del lanzamiento de su \u00e1lbum sorpresa, Lemonade,\u00a0ha iniciado\u00a0su gira mundial en Miami. En su vestuario,\u00a0Balmain, Dsquared2, Gucci y Roberto Cavalli\u00a0en looks llenos de chispa y algunas novedades en su\u2026","rel":"","context":"En \u00abActualidad\u00bb","img":{"alt_text":"","src":"https:\/\/i0.wp.com\/www.moda.es\/blog\/wp-content\/uploads\/2016\/04\/Captura-de-pantalla-2016-04-29-a-las-16.34.47.png?fit=414%2C640&resize=350%2C200","width":350,"height":200},"classes":[]},{"id":20638,"url":"http:\/\/www.moda.es\/blog\/amantes-de-gucci\/","url_meta":{"origin":18354,"position":4},"title":"Amantes de Gucci&#8230;","date":"mayo 7, 2016","format":false,"excerpt":"...Est\u00e1is de enhorabuena. Desde que Alessandro Michele tom\u00f3 el tim\u00f3n de Gucci a principios de 2015, todo el mundo ha querido poseer un pedazo de la marca, y ahora ha creado una nueva colecci\u00f3n c\u00e1psula\u00a0que ser\u00e1 vendida exclusivamente en Net-A-Porter\u00a0y que ya est\u00e1 destinada a rematar lista de deseos de\u2026","rel":"","context":"En \u00abActualidad\u00bb","img":{"alt_text":"","src":"https:\/\/i0.wp.com\/www.moda.es\/blog\/wp-content\/uploads\/2016\/05\/Captura-de-pantalla-2016-05-07-a-las-20.29.58.png?fit=286%2C431&resize=350%2C200","width":350,"height":200},"classes":[]},{"id":21454,"url":"http:\/\/www.moda.es\/blog\/la-loca-campana-de-gucci-para-esta-primavera\/","url_meta":{"origin":18354,"position":5},"title":"La loca campa\u00f1a de Gucci para esta primavera","date":"diciembre 17, 2016","format":false,"excerpt":"Desde que Alessandro Michele tom\u00f3 el liderazgo creativo en Gucci en enero de 2015, se ha hecho famoso por su tendencia hacia todas las cosas exc\u00e9ntricas, y ha demostrado ser un gran\u00a0amante de los animales. Aparte de producir la ropa y los accesorios m\u00e1s vendidos adornados con gatos, perros, serpientes\u2026","rel":"","context":"En \u00abActualidad\u00bb","img":{"alt_text":"","src":"https:\/\/i0.wp.com\/www.moda.es\/blog\/wp-content\/uploads\/2016\/12\/Captura-de-pantalla-2016-12-17-a-las-19.11.00.png?fit=736%2C608&resize=350%2C200","width":350,"height":200},"classes":[]}],"_links":{"self":[{"href":"http:\/\/www.moda.es\/blog\/wp-json\/wp\/v2\/posts\/18354"}],"collection":[{"href":"http:\/\/www.moda.es\/blog\/wp-json\/wp\/v2\/posts"}],"about":[{"href":"http:\/\/www.moda.es\/blog\/wp-json\/wp\/v2\/types\/post"}],"author":[{"embeddable":true,"href":"http:\/\/www.moda.es\/blog\/wp-json\/wp\/v2\/users\/3"}],"replies":[{"embeddable":true,"href":"http:\/\/www.moda.es\/blog\/wp-json\/wp\/v2\/comments?post=18354"}],"version-history":[{"count":8,"href":"http:\/\/www.moda.es\/blog\/wp-json\/wp\/v2\/posts\/18354\/revisions"}],"predecessor-version":[{"id":36274,"href":"http:\/\/www.moda.es\/blog\/wp-json\/wp\/v2\/posts\/18354\/revisions\/36274"}],"wp:featuredmedia":[{"embeddable":true,"href":"http:\/\/www.moda.es\/blog\/wp-json\/wp\/v2\/media\/18355"}],"wp:attachment":[{"href":"http:\/\/www.moda.es\/blog\/wp-json\/wp\/v2\/media?parent=18354"}],"wp:term":[{"taxonomy":"category","embeddable":true,"href":"http:\/\/www.moda.es\/blog\/wp-json\/wp\/v2\/categories?post=18354"},{"taxonomy":"post_tag","embeddable":true,"href":"http:\/\/www.moda.es\/blog\/wp-json\/wp\/v2\/tags?post=18354"}],"curies":[{"name":"wp","href":"https:\/\/api.w.org\/{rel}","templated":true}]}}