{"id":18279,"date":"2014-09-12T21:30:01","date_gmt":"2014-09-12T20:30:01","guid":{"rendered":"http:\/\/www.moda.es\/blog\/?p=18279"},"modified":"2020-04-27T17:20:08","modified_gmt":"2020-04-27T16:20:08","slug":"el-libro-de-la-belleza","status":"publish","type":"post","link":"http:\/\/www.moda.es\/blog\/el-libro-de-la-belleza\/","title":{"rendered":"El libro de la belleza"},"content":{"rendered":"<p>Las famsoas modelos deVictoria&#8217;s Secret han participado en un nuevo libro del fot\u00f3grafo <strong>Russell James.<\/strong><\/p>\n<p><strong>Adriana Lima, Alessandra Ambrosio, Candice Swanepoel, Behati Prinsloo y Lily Aldridge<\/strong> entre otras\u00a0 han sido fotografiadas llevando incluso menos ropa de lo que la lucen en la vibrante pasarela de la marca.<\/p>\n<p style=\"text-align: center\"><a href=\"https:\/\/i0.wp.com\/www.moda.es\/blog\/wp-content\/uploads\/2014\/09\/vsa3.jpg\"><img data-attachment-id=\"18284\" data-permalink=\"http:\/\/www.moda.es\/blog\/el-libro-de-la-belleza\/vsa3\/\" data-orig-file=\"https:\/\/i0.wp.com\/www.moda.es\/blog\/wp-content\/uploads\/2014\/09\/vsa3.jpg?fit=650%2C975\" data-orig-size=\"650,975\" data-comments-opened=\"1\" data-image-meta=\"{&quot;aperture&quot;:&quot;0&quot;,&quot;credit&quot;:&quot;&quot;,&quot;camera&quot;:&quot;&quot;,&quot;caption&quot;:&quot;&quot;,&quot;created_timestamp&quot;:&quot;0&quot;,&quot;copyright&quot;:&quot;&quot;,&quot;focal_length&quot;:&quot;0&quot;,&quot;iso&quot;:&quot;0&quot;,&quot;shutter_speed&quot;:&quot;0&quot;,&quot;title&quot;:&quot;&quot;}\" data-image-title=\"vsa3\" data-image-description=\"\" data-image-caption=\"\" data-medium-file=\"https:\/\/i0.wp.com\/www.moda.es\/blog\/wp-content\/uploads\/2014\/09\/vsa3.jpg?fit=200%2C300\" data-large-file=\"https:\/\/i0.wp.com\/www.moda.es\/blog\/wp-content\/uploads\/2014\/09\/vsa3.jpg?fit=640%2C960\" loading=\"lazy\" class=\"size-medium wp-image-18284 alignnone\" alt=\"vsa3\" src=\"https:\/\/i0.wp.com\/www.moda.es\/blog\/wp-content\/uploads\/2014\/09\/vsa3.jpg?resize=200%2C300\" width=\"200\" height=\"300\" srcset=\"https:\/\/i0.wp.com\/www.moda.es\/blog\/wp-content\/uploads\/2014\/09\/vsa3.jpg?resize=200%2C300 200w, https:\/\/i0.wp.com\/www.moda.es\/blog\/wp-content\/uploads\/2014\/09\/vsa3.jpg?resize=420%2C630 420w, https:\/\/i0.wp.com\/www.moda.es\/blog\/wp-content\/uploads\/2014\/09\/vsa3.jpg?w=650 650w\" sizes=\"(max-width: 200px) 100vw, 200px\" data-recalc-dims=\"1\" \/>\u00a0<\/a> <a href=\"https:\/\/i0.wp.com\/www.moda.es\/blog\/wp-content\/uploads\/2014\/09\/vsa7.jpg\"><img data-attachment-id=\"18285\" data-permalink=\"http:\/\/www.moda.es\/blog\/el-libro-de-la-belleza\/vsa7\/\" data-orig-file=\"https:\/\/i0.wp.com\/www.moda.es\/blog\/wp-content\/uploads\/2014\/09\/vsa7.jpg?fit=650%2C975\" data-orig-size=\"650,975\" data-comments-opened=\"1\" data-image-meta=\"{&quot;aperture&quot;:&quot;0&quot;,&quot;credit&quot;:&quot;&quot;,&quot;camera&quot;:&quot;&quot;,&quot;caption&quot;:&quot;&quot;,&quot;created_timestamp&quot;:&quot;0&quot;,&quot;copyright&quot;:&quot;&quot;,&quot;focal_length&quot;:&quot;0&quot;,&quot;iso&quot;:&quot;0&quot;,&quot;shutter_speed&quot;:&quot;0&quot;,&quot;title&quot;:&quot;&quot;}\" data-image-title=\"vsa7\" data-image-description=\"\" data-image-caption=\"\" data-medium-file=\"https:\/\/i0.wp.com\/www.moda.es\/blog\/wp-content\/uploads\/2014\/09\/vsa7.jpg?fit=200%2C300\" data-large-file=\"https:\/\/i0.wp.com\/www.moda.es\/blog\/wp-content\/uploads\/2014\/09\/vsa7.jpg?fit=640%2C960\" loading=\"lazy\" class=\"size-medium wp-image-18285 alignnone\" alt=\"vsa7\" src=\"https:\/\/i0.wp.com\/www.moda.es\/blog\/wp-content\/uploads\/2014\/09\/vsa7.jpg?resize=200%2C300\" width=\"200\" height=\"300\" srcset=\"https:\/\/i0.wp.com\/www.moda.es\/blog\/wp-content\/uploads\/2014\/09\/vsa7.jpg?resize=200%2C300 200w, https:\/\/i0.wp.com\/www.moda.es\/blog\/wp-content\/uploads\/2014\/09\/vsa7.jpg?resize=420%2C630 420w, https:\/\/i0.wp.com\/www.moda.es\/blog\/wp-content\/uploads\/2014\/09\/vsa7.jpg?w=650 650w\" sizes=\"(max-width: 200px) 100vw, 200px\" data-recalc-dims=\"1\" \/><\/a><\/p>\n<p>\u00abEn las \u00faltimas dos d\u00e9cadas he tenido la suerte de fotografiar <strong>muchas de las mujeres m\u00e1s bellas del mundo<\/strong>, a la mayor\u00eda de ellas las conoc\u00ed mientras trabajaba para Victoria Secret,\u00bb ha afirmado James . \u00abDesde que el hombre comenz\u00f3 a grabar, pintar o esculpir parece que hemos estado fascinados por la <strong>belleza de la forma humana<\/strong>. Simplemente disparar una fotograf\u00eda a un desnudo es f\u00e1cil. Sin embargo, la aceptaci\u00f3n de la confianza de una mujer en su momento m\u00e1s vulnerable, y entregar a cambio una <strong>fotograf\u00eda de buen gusto que ella misma puede admirar<\/strong> es extremadamente dif\u00edcil. Las mujeres son indiscutiblemente los seres m\u00e1s convincentes, complejos y maravillosos del universo y no pueden ser definida por ninguna visi\u00f3n unidimensional. A todas esas mujeres incre\u00edbles que me han encomendado sus fotograf\u00edas en estos \u00faltimos a\u00f1os, yo les digo, &#8216;gracias&#8217;. Ha sido, y contin\u00faa siendo, un privilegio maravilloso \u00ab.<\/p>\n<p><a href=\"https:\/\/i0.wp.com\/www.moda.es\/blog\/wp-content\/uploads\/2014\/09\/vsa8.jpg\"><img data-attachment-id=\"18286\" data-permalink=\"http:\/\/www.moda.es\/blog\/el-libro-de-la-belleza\/vsa8\/\" data-orig-file=\"https:\/\/i0.wp.com\/www.moda.es\/blog\/wp-content\/uploads\/2014\/09\/vsa8.jpg?fit=650%2C433\" data-orig-size=\"650,433\" data-comments-opened=\"1\" data-image-meta=\"{&quot;aperture&quot;:&quot;0&quot;,&quot;credit&quot;:&quot;&quot;,&quot;camera&quot;:&quot;&quot;,&quot;caption&quot;:&quot;&quot;,&quot;created_timestamp&quot;:&quot;0&quot;,&quot;copyright&quot;:&quot;&quot;,&quot;focal_length&quot;:&quot;0&quot;,&quot;iso&quot;:&quot;0&quot;,&quot;shutter_speed&quot;:&quot;0&quot;,&quot;title&quot;:&quot;&quot;}\" data-image-title=\"vsa8\" data-image-description=\"\" data-image-caption=\"\" data-medium-file=\"https:\/\/i0.wp.com\/www.moda.es\/blog\/wp-content\/uploads\/2014\/09\/vsa8.jpg?fit=300%2C199\" data-large-file=\"https:\/\/i0.wp.com\/www.moda.es\/blog\/wp-content\/uploads\/2014\/09\/vsa8.jpg?fit=640%2C426\" loading=\"lazy\" class=\"aligncenter size-medium wp-image-18286\" alt=\"vsa8\" src=\"https:\/\/i0.wp.com\/www.moda.es\/blog\/wp-content\/uploads\/2014\/09\/vsa8.jpg?resize=300%2C199\" width=\"300\" height=\"199\" srcset=\"https:\/\/i0.wp.com\/www.moda.es\/blog\/wp-content\/uploads\/2014\/09\/vsa8.jpg?resize=300%2C199 300w, https:\/\/i0.wp.com\/www.moda.es\/blog\/wp-content\/uploads\/2014\/09\/vsa8.jpg?w=650 650w, https:\/\/i0.wp.com\/www.moda.es\/blog\/wp-content\/uploads\/2014\/09\/vsa8.jpg?resize=420%2C279 420w\" sizes=\"(max-width: 300px) 100vw, 300px\" data-recalc-dims=\"1\" \/><\/a><\/p>\n<p>Las im\u00e1genes se mostrar\u00e1n en una exposici\u00f3n en <strong>Florida<\/strong> este mes de <strong>noviembre,<\/strong> mientras que 30 obras de la serie ser\u00e1n lanzadas como edici\u00f3n limitada para coleccionistas de antes de finales de a\u00f1o. El libro de <strong>304 p\u00e1ginas<\/strong> estar\u00e1 disponible por unos 199 euros.<\/p>\n<p>&nbsp;<\/p>\n<p style=\"text-align: center\"><a href=\"https:\/\/i0.wp.com\/www.moda.es\/blog\/wp-content\/uploads\/2014\/09\/vas6.jpg\"><img data-attachment-id=\"18280\" data-permalink=\"http:\/\/www.moda.es\/blog\/el-libro-de-la-belleza\/vas6\/\" data-orig-file=\"https:\/\/i0.wp.com\/www.moda.es\/blog\/wp-content\/uploads\/2014\/09\/vas6.jpg?fit=650%2C975\" data-orig-size=\"650,975\" data-comments-opened=\"1\" data-image-meta=\"{&quot;aperture&quot;:&quot;0&quot;,&quot;credit&quot;:&quot;&quot;,&quot;camera&quot;:&quot;&quot;,&quot;caption&quot;:&quot;&quot;,&quot;created_timestamp&quot;:&quot;0&quot;,&quot;copyright&quot;:&quot;&quot;,&quot;focal_length&quot;:&quot;0&quot;,&quot;iso&quot;:&quot;0&quot;,&quot;shutter_speed&quot;:&quot;0&quot;,&quot;title&quot;:&quot;&quot;}\" data-image-title=\"vas6\" data-image-description=\"\" data-image-caption=\"\" data-medium-file=\"https:\/\/i0.wp.com\/www.moda.es\/blog\/wp-content\/uploads\/2014\/09\/vas6.jpg?fit=200%2C300\" data-large-file=\"https:\/\/i0.wp.com\/www.moda.es\/blog\/wp-content\/uploads\/2014\/09\/vas6.jpg?fit=640%2C960\" loading=\"lazy\" class=\"size-medium wp-image-18280 alignnone\" alt=\"vas6\" src=\"https:\/\/i0.wp.com\/www.moda.es\/blog\/wp-content\/uploads\/2014\/09\/vas6.jpg?resize=200%2C300\" width=\"200\" height=\"300\" srcset=\"https:\/\/i0.wp.com\/www.moda.es\/blog\/wp-content\/uploads\/2014\/09\/vas6.jpg?resize=200%2C300 200w, https:\/\/i0.wp.com\/www.moda.es\/blog\/wp-content\/uploads\/2014\/09\/vas6.jpg?resize=420%2C630 420w, https:\/\/i0.wp.com\/www.moda.es\/blog\/wp-content\/uploads\/2014\/09\/vas6.jpg?w=650 650w\" sizes=\"(max-width: 200px) 100vw, 200px\" data-recalc-dims=\"1\" \/>\u00a0<\/a> <a href=\"https:\/\/i0.wp.com\/www.moda.es\/blog\/wp-content\/uploads\/2014\/09\/vsa4.jpg\"><img data-attachment-id=\"18281\" data-permalink=\"http:\/\/www.moda.es\/blog\/el-libro-de-la-belleza\/vsa4\/\" data-orig-file=\"https:\/\/i0.wp.com\/www.moda.es\/blog\/wp-content\/uploads\/2014\/09\/vsa4.jpg?fit=650%2C975\" data-orig-size=\"650,975\" data-comments-opened=\"1\" data-image-meta=\"{&quot;aperture&quot;:&quot;0&quot;,&quot;credit&quot;:&quot;&quot;,&quot;camera&quot;:&quot;&quot;,&quot;caption&quot;:&quot;&quot;,&quot;created_timestamp&quot;:&quot;0&quot;,&quot;copyright&quot;:&quot;&quot;,&quot;focal_length&quot;:&quot;0&quot;,&quot;iso&quot;:&quot;0&quot;,&quot;shutter_speed&quot;:&quot;0&quot;,&quot;title&quot;:&quot;&quot;}\" data-image-title=\"vsa4\" data-image-description=\"\" data-image-caption=\"\" data-medium-file=\"https:\/\/i0.wp.com\/www.moda.es\/blog\/wp-content\/uploads\/2014\/09\/vsa4.jpg?fit=200%2C300\" data-large-file=\"https:\/\/i0.wp.com\/www.moda.es\/blog\/wp-content\/uploads\/2014\/09\/vsa4.jpg?fit=640%2C960\" loading=\"lazy\" class=\"size-medium wp-image-18281 alignnone\" alt=\"vsa4\" src=\"https:\/\/i0.wp.com\/www.moda.es\/blog\/wp-content\/uploads\/2014\/09\/vsa4.jpg?resize=200%2C300\" width=\"200\" height=\"300\" srcset=\"https:\/\/i0.wp.com\/www.moda.es\/blog\/wp-content\/uploads\/2014\/09\/vsa4.jpg?resize=200%2C300 200w, https:\/\/i0.wp.com\/www.moda.es\/blog\/wp-content\/uploads\/2014\/09\/vsa4.jpg?resize=420%2C630 420w, https:\/\/i0.wp.com\/www.moda.es\/blog\/wp-content\/uploads\/2014\/09\/vsa4.jpg?w=650 650w\" sizes=\"(max-width: 200px) 100vw, 200px\" data-recalc-dims=\"1\" \/><\/a><\/p>\n<p style=\"text-align: center\"><a href=\"https:\/\/i0.wp.com\/www.moda.es\/blog\/wp-content\/uploads\/2014\/09\/vsa5.jpg\"><img data-attachment-id=\"18282\" data-permalink=\"http:\/\/www.moda.es\/blog\/el-libro-de-la-belleza\/vsa5\/\" data-orig-file=\"https:\/\/i0.wp.com\/www.moda.es\/blog\/wp-content\/uploads\/2014\/09\/vsa5.jpg?fit=650%2C975\" data-orig-size=\"650,975\" data-comments-opened=\"1\" data-image-meta=\"{&quot;aperture&quot;:&quot;0&quot;,&quot;credit&quot;:&quot;&quot;,&quot;camera&quot;:&quot;&quot;,&quot;caption&quot;:&quot;&quot;,&quot;created_timestamp&quot;:&quot;0&quot;,&quot;copyright&quot;:&quot;&quot;,&quot;focal_length&quot;:&quot;0&quot;,&quot;iso&quot;:&quot;0&quot;,&quot;shutter_speed&quot;:&quot;0&quot;,&quot;title&quot;:&quot;&quot;}\" data-image-title=\"vsa5\" data-image-description=\"\" data-image-caption=\"\" data-medium-file=\"https:\/\/i0.wp.com\/www.moda.es\/blog\/wp-content\/uploads\/2014\/09\/vsa5.jpg?fit=200%2C300\" data-large-file=\"https:\/\/i0.wp.com\/www.moda.es\/blog\/wp-content\/uploads\/2014\/09\/vsa5.jpg?fit=640%2C960\" loading=\"lazy\" class=\"size-medium wp-image-18282 alignnone\" alt=\"vsa5\" src=\"https:\/\/i0.wp.com\/www.moda.es\/blog\/wp-content\/uploads\/2014\/09\/vsa5.jpg?resize=200%2C300\" width=\"200\" height=\"300\" srcset=\"https:\/\/i0.wp.com\/www.moda.es\/blog\/wp-content\/uploads\/2014\/09\/vsa5.jpg?resize=200%2C300 200w, https:\/\/i0.wp.com\/www.moda.es\/blog\/wp-content\/uploads\/2014\/09\/vsa5.jpg?resize=420%2C630 420w, https:\/\/i0.wp.com\/www.moda.es\/blog\/wp-content\/uploads\/2014\/09\/vsa5.jpg?w=650 650w\" sizes=\"(max-width: 200px) 100vw, 200px\" data-recalc-dims=\"1\" \/><\/a> <a href=\"https:\/\/i0.wp.com\/www.moda.es\/blog\/wp-content\/uploads\/2014\/09\/vsa2.jpg\"><img data-attachment-id=\"18283\" data-permalink=\"http:\/\/www.moda.es\/blog\/el-libro-de-la-belleza\/vsa2\/\" data-orig-file=\"https:\/\/i0.wp.com\/www.moda.es\/blog\/wp-content\/uploads\/2014\/09\/vsa2.jpg?fit=650%2C975\" data-orig-size=\"650,975\" data-comments-opened=\"1\" data-image-meta=\"{&quot;aperture&quot;:&quot;0&quot;,&quot;credit&quot;:&quot;&quot;,&quot;camera&quot;:&quot;&quot;,&quot;caption&quot;:&quot;&quot;,&quot;created_timestamp&quot;:&quot;0&quot;,&quot;copyright&quot;:&quot;&quot;,&quot;focal_length&quot;:&quot;0&quot;,&quot;iso&quot;:&quot;0&quot;,&quot;shutter_speed&quot;:&quot;0&quot;,&quot;title&quot;:&quot;&quot;}\" data-image-title=\"vsa2\" data-image-description=\"\" data-image-caption=\"\" data-medium-file=\"https:\/\/i0.wp.com\/www.moda.es\/blog\/wp-content\/uploads\/2014\/09\/vsa2.jpg?fit=200%2C300\" data-large-file=\"https:\/\/i0.wp.com\/www.moda.es\/blog\/wp-content\/uploads\/2014\/09\/vsa2.jpg?fit=640%2C960\" loading=\"lazy\" class=\"size-medium wp-image-18283 alignnone\" alt=\"vsa2\" src=\"https:\/\/i0.wp.com\/www.moda.es\/blog\/wp-content\/uploads\/2014\/09\/vsa2.jpg?resize=200%2C300\" width=\"200\" height=\"300\" srcset=\"https:\/\/i0.wp.com\/www.moda.es\/blog\/wp-content\/uploads\/2014\/09\/vsa2.jpg?resize=200%2C300 200w, https:\/\/i0.wp.com\/www.moda.es\/blog\/wp-content\/uploads\/2014\/09\/vsa2.jpg?resize=420%2C630 420w, https:\/\/i0.wp.com\/www.moda.es\/blog\/wp-content\/uploads\/2014\/09\/vsa2.jpg?w=650 650w\" sizes=\"(max-width: 200px) 100vw, 200px\" data-recalc-dims=\"1\" \/><\/a><\/p>\n<p>&nbsp;<\/p>\n<p>\u00a9Vogue UK                             <\/p>\n","protected":false},"excerpt":{"rendered":"<p>Las famsoas modelos deVictoria&#8217;s Secret han participado en un nuevo libro del fot\u00f3grafo Russell James. Adriana Lima, Alessandra Ambrosio, Candice Swanepoel, Behati Prinsloo y Lily Aldridge entre otras\u00a0 han sido fotografiadas llevando incluso menos ropa de lo que la lucen en la vibrante pasarela de la marca. \u00a0 \u00abEn las [&hellip;]<\/p>\n","protected":false},"author":3,"featured_media":18280,"comment_status":"open","ping_status":"open","sticky":false,"template":"","format":"standard","meta":{"jetpack_publicize_message":"","jetpack_is_tweetstorm":false,"jetpack_publicize_feature_enabled":true},"categories":[3,11,15,16,17],"tags":[48,59,119,161,527,1092,932],"jetpack_publicize_connections":[],"jetpack_featured_media_url":"https:\/\/i0.wp.com\/www.moda.es\/blog\/wp-content\/uploads\/2014\/09\/vas6.jpg?fit=650%2C975","jetpack_sharing_enabled":true,"jetpack_shortlink":"https:\/\/wp.me\/p4tJCC-4KP","jetpack-related-posts":[{"id":14488,"url":"http:\/\/www.moda.es\/blog\/el-sujetador-de-los-10-millones-de-dolares\/","url_meta":{"origin":18279,"position":0},"title":"El sujetador de los 10 millones de d\u00f3lares","date":"octubre 18, 2013","format":false,"excerpt":"La temporada de desfiles ya se nos ha olvidado y a\u00fan falta mucho para que vuelva a empezar. No pasa nada. Vemos la luz al final del t\u00fanel, exactamenete el pr\u00f3ximo 10 de diciembre. Victoria Secret celebra su famos\u00edsimo show y por el momento se ha confirmado la participaci\u00f3n de\u2026","rel":"","context":"En \u00abActualidad\u00bb","img":{"alt_text":"","src":"https:\/\/i0.wp.com\/www.moda.es\/blog\/wp-content\/uploads\/2013\/10\/candice_sweanopel1.jpg?fit=500%2C382&resize=350%2C200","width":350,"height":200},"classes":[]},{"id":19324,"url":"http:\/\/www.moda.es\/blog\/los-neuvos-angeles-de-victorias-secret\/","url_meta":{"origin":18279,"position":1},"title":"Los neuvos \u00e1ngeles de Victoria&#8217;s Secret","date":"mayo 1, 2015","format":false,"excerpt":"Victoria's Secret ha anunciado la promoci\u00f3n de 10 de sus modelos\u00a0 a condici\u00f3n de \u00e1ngel. Stella Maxwell, Kate Grigorieva, Taylor Hill, Elsa Hosk, Martha Hunt, Jac Jagaciak, Lais Ribeiro, Sara Sampaio, Romee Strijd y Jasmine Tookesal fin han recibido sus alas. Los nuevos fichajes son un buen reemplazo para las\u2026","rel":"","context":"En \u00abActualidad\u00bb","img":{"alt_text":"","src":"https:\/\/i0.wp.com\/www.moda.es\/blog\/wp-content\/uploads\/2015\/05\/elsa-hosk.jpg?fit=650%2C975&resize=350%2C200","width":350,"height":200},"classes":[]},{"id":22673,"url":"http:\/\/www.moda.es\/blog\/se-acerca-el-desfile-de-victorias-secret-2\/","url_meta":{"origin":18279,"position":2},"title":"Se acerca el desfile de Victoria&#8217;s Secret&#8230;","date":"octubre 25, 2017","format":false,"excerpt":"...y tenemos todos los secretos! El a\u00f1o pasado, los \u00e1ngeles viajaron a Par\u00eds, y en otras ocasiones se han llevado a cabo desfiles en Nueva York, Londres, Los \u00c1ngeles, Miami y Cannes. Este a\u00f1o, los \u00e1ngeles desfilar\u00e1n en Sanghai y a\u00a0diferencia de los a\u00f1os anteriores, en los que las modelos\u2026","rel":"","context":"En \u00abColecciones\u00bb","img":{"alt_text":"","src":"https:\/\/i0.wp.com\/www.moda.es\/blog\/wp-content\/uploads\/2017\/10\/vss.jpg?fit=810%2C540&resize=350%2C200","width":350,"height":200},"classes":[]},{"id":14811,"url":"http:\/\/www.moda.es\/blog\/la-noche-de-los-angeles\/","url_meta":{"origin":18279,"position":3},"title":"La noche de los \u00e1ngeles","date":"noviembre 15, 2013","format":false,"excerpt":"Lleg\u00f3 el gran d\u00eda y desplegaron su magia. Al fin lleg\u00f3 uno de los desfiles m\u00e1s esperados del a\u00f1o: las chicas de Victoria's Secret vinieron para mostrarnos la \u00faltima colecci\u00f3n y llenarnos de \u00bfsana? envidia. Nueva York fue como siempre el escenario y las estrellas invitadas para hacer bailar a\u2026","rel":"","context":"En \u00abDestacados\u00bb","img":{"alt_text":"","src":"https:\/\/i0.wp.com\/www.moda.es\/blog\/wp-content\/uploads\/2013\/11\/Victorias-Secret-1.jpg?resize=350%2C200","width":350,"height":200},"classes":[]},{"id":9479,"url":"http:\/\/www.moda.es\/blog\/navidad-navidad-roja-navidad\/","url_meta":{"origin":18279,"position":4},"title":"Navidad, Navidad, roja Navidad&#8230;","date":"diciembre 15, 2012","format":false,"excerpt":"Tan importante como elegir bien tu look para estas fiestas es llevar la ropa interior adecuada. Ya sea por costumbre, por tradici\u00f3n, por superstici\u00f3n o por el \"donde fueres \u00a0haz lo que vieres\", el color estrella de la lencer\u00eda navide\u00f1a es el rojo. \u00bfTodav\u00eda no tienes tu conjunto para este\u2026","rel":"","context":"En \u00abColecciones\u00bb","img":{"alt_text":"","src":"https:\/\/i0.wp.com\/www.moda.es\/blog\/wp-content\/uploads\/2012\/12\/inti11.jpg?fit=500%2C333&resize=350%2C200","width":350,"height":200},"classes":[]},{"id":13860,"url":"http:\/\/www.moda.es\/blog\/la-liga-de-las-mujeres-extraordinarias\/","url_meta":{"origin":18279,"position":5},"title":"La liga de las mujeres extraordinarias","date":"agosto 21, 2013","format":false,"excerpt":"No s\u00f3lo son bell\u00edsimas y levantan pasiones sino que adem\u00e1s tienen la serie de amasar aut\u00e9nticas fortunas. La revista Forbes ha pubicado la lista con las modelos mejor pagadas de 2013. \u00bfQuieres saber qui\u00e9nes son? \u00a0Gisele B\u00fcndchen ha encabezado la lista de los modelos de mayores ingresos por s\u00e9ptimo a\u00f1o\u2026","rel":"","context":"En \u00abActualidad\u00bb","img":{"alt_text":"","src":"https:\/\/i0.wp.com\/www.moda.es\/blog\/wp-content\/uploads\/2013\/08\/Top-10-Forbes11.jpg?fit=300%2C450&resize=350%2C200","width":350,"height":200},"classes":[]}],"_links":{"self":[{"href":"http:\/\/www.moda.es\/blog\/wp-json\/wp\/v2\/posts\/18279"}],"collection":[{"href":"http:\/\/www.moda.es\/blog\/wp-json\/wp\/v2\/posts"}],"about":[{"href":"http:\/\/www.moda.es\/blog\/wp-json\/wp\/v2\/types\/post"}],"author":[{"embeddable":true,"href":"http:\/\/www.moda.es\/blog\/wp-json\/wp\/v2\/users\/3"}],"replies":[{"embeddable":true,"href":"http:\/\/www.moda.es\/blog\/wp-json\/wp\/v2\/comments?post=18279"}],"version-history":[{"count":7,"href":"http:\/\/www.moda.es\/blog\/wp-json\/wp\/v2\/posts\/18279\/revisions"}],"predecessor-version":[{"id":36284,"href":"http:\/\/www.moda.es\/blog\/wp-json\/wp\/v2\/posts\/18279\/revisions\/36284"}],"wp:featuredmedia":[{"embeddable":true,"href":"http:\/\/www.moda.es\/blog\/wp-json\/wp\/v2\/media\/18280"}],"wp:attachment":[{"href":"http:\/\/www.moda.es\/blog\/wp-json\/wp\/v2\/media?parent=18279"}],"wp:term":[{"taxonomy":"category","embeddable":true,"href":"http:\/\/www.moda.es\/blog\/wp-json\/wp\/v2\/categories?post=18279"},{"taxonomy":"post_tag","embeddable":true,"href":"http:\/\/www.moda.es\/blog\/wp-json\/wp\/v2\/tags?post=18279"}],"curies":[{"name":"wp","href":"https:\/\/api.w.org\/{rel}","templated":true}]}}