{"id":18244,"date":"2014-09-08T22:20:35","date_gmt":"2014-09-08T21:20:35","guid":{"rendered":"http:\/\/www.moda.es\/blog\/?p=18244"},"modified":"2020-04-27T17:20:45","modified_gmt":"2020-04-27T16:20:45","slug":"kate-moss-gucci-y-el-jackie","status":"publish","type":"post","link":"http:\/\/www.moda.es\/blog\/kate-moss-gucci-y-el-jackie\/","title":{"rendered":"Kate Moss, Gucci y el Jackie"},"content":{"rendered":"<p><strong>Kate Moss<\/strong> sin duda est\u00e1 versada en esquivar y atraer paparazzi en su vida privada, por tanto, rodar un corto de moda para <strong>Gucci<\/strong> en el que precisamente huye de todos ellos no ha sido dif\u00edcil.<\/p>\n<p><a href=\"https:\/\/i0.wp.com\/www.moda.es\/blog\/wp-content\/uploads\/2014\/09\/katemossgucci.jpg\"><img data-attachment-id=\"18245\" data-permalink=\"http:\/\/www.moda.es\/blog\/kate-moss-gucci-y-el-jackie\/katemossgucci\/\" data-orig-file=\"https:\/\/i0.wp.com\/www.moda.es\/blog\/wp-content\/uploads\/2014\/09\/katemossgucci.jpg?fit=650%2C650\" data-orig-size=\"650,650\" data-comments-opened=\"1\" data-image-meta=\"{&quot;aperture&quot;:&quot;0&quot;,&quot;credit&quot;:&quot;&quot;,&quot;camera&quot;:&quot;&quot;,&quot;caption&quot;:&quot;&quot;,&quot;created_timestamp&quot;:&quot;0&quot;,&quot;copyright&quot;:&quot;&quot;,&quot;focal_length&quot;:&quot;0&quot;,&quot;iso&quot;:&quot;0&quot;,&quot;shutter_speed&quot;:&quot;0&quot;,&quot;title&quot;:&quot;&quot;}\" data-image-title=\"katemossgucci\" data-image-description=\"\" data-image-caption=\"\" data-medium-file=\"https:\/\/i0.wp.com\/www.moda.es\/blog\/wp-content\/uploads\/2014\/09\/katemossgucci.jpg?fit=300%2C300\" data-large-file=\"https:\/\/i0.wp.com\/www.moda.es\/blog\/wp-content\/uploads\/2014\/09\/katemossgucci.jpg?fit=640%2C640\" loading=\"lazy\" class=\"aligncenter size-medium wp-image-18245\" alt=\"katemossgucci\" src=\"https:\/\/i0.wp.com\/www.moda.es\/blog\/wp-content\/uploads\/2014\/09\/katemossgucci.jpg?resize=300%2C300\" width=\"300\" height=\"300\" srcset=\"https:\/\/i0.wp.com\/www.moda.es\/blog\/wp-content\/uploads\/2014\/09\/katemossgucci.jpg?resize=300%2C300 300w, https:\/\/i0.wp.com\/www.moda.es\/blog\/wp-content\/uploads\/2014\/09\/katemossgucci.jpg?resize=150%2C150 150w, https:\/\/i0.wp.com\/www.moda.es\/blog\/wp-content\/uploads\/2014\/09\/katemossgucci.jpg?resize=420%2C420 420w, https:\/\/i0.wp.com\/www.moda.es\/blog\/wp-content\/uploads\/2014\/09\/katemossgucci.jpg?resize=120%2C120 120w, https:\/\/i0.wp.com\/www.moda.es\/blog\/wp-content\/uploads\/2014\/09\/katemossgucci.jpg?w=650 650w\" sizes=\"(max-width: 300px) 100vw, 300px\" data-recalc-dims=\"1\" \/><\/a><\/p>\n<p>En este nuevo proyecto, vemos a Moss corriendo por la estaci\u00f3n de tren de <strong>Tiburtina<\/strong> de <strong>Roma,<\/strong> flanqueada por el modelo masculino<strong> Clemente Chabernaud<\/strong>,\u00a0 vistiendo piezas de la colecci\u00f3n de Gucci oto\u00f1o &#8211; invierno 2014 y por supuesto acompa\u00f1ada de la \u00faltima versi\u00f3n del bolso <strong>Jackie.<\/strong><\/p>\n<p><a href=\"https:\/\/i0.wp.com\/www.moda.es\/blog\/wp-content\/uploads\/2014\/09\/katemossgucci3.jpg\"><img data-attachment-id=\"18246\" data-permalink=\"http:\/\/www.moda.es\/blog\/kate-moss-gucci-y-el-jackie\/katemossgucci3\/\" data-orig-file=\"https:\/\/i0.wp.com\/www.moda.es\/blog\/wp-content\/uploads\/2014\/09\/katemossgucci3.jpg?fit=650%2C433\" data-orig-size=\"650,433\" data-comments-opened=\"1\" data-image-meta=\"{&quot;aperture&quot;:&quot;0&quot;,&quot;credit&quot;:&quot;&quot;,&quot;camera&quot;:&quot;&quot;,&quot;caption&quot;:&quot;&quot;,&quot;created_timestamp&quot;:&quot;0&quot;,&quot;copyright&quot;:&quot;&quot;,&quot;focal_length&quot;:&quot;0&quot;,&quot;iso&quot;:&quot;0&quot;,&quot;shutter_speed&quot;:&quot;0&quot;,&quot;title&quot;:&quot;&quot;}\" data-image-title=\"katemossgucci3\" data-image-description=\"\" data-image-caption=\"\" data-medium-file=\"https:\/\/i0.wp.com\/www.moda.es\/blog\/wp-content\/uploads\/2014\/09\/katemossgucci3.jpg?fit=300%2C199\" data-large-file=\"https:\/\/i0.wp.com\/www.moda.es\/blog\/wp-content\/uploads\/2014\/09\/katemossgucci3.jpg?fit=640%2C426\" loading=\"lazy\" class=\"aligncenter size-medium wp-image-18246\" alt=\"katemossgucci3\" src=\"https:\/\/i0.wp.com\/www.moda.es\/blog\/wp-content\/uploads\/2014\/09\/katemossgucci3.jpg?resize=300%2C199\" width=\"300\" height=\"199\" srcset=\"https:\/\/i0.wp.com\/www.moda.es\/blog\/wp-content\/uploads\/2014\/09\/katemossgucci3.jpg?resize=300%2C199 300w, https:\/\/i0.wp.com\/www.moda.es\/blog\/wp-content\/uploads\/2014\/09\/katemossgucci3.jpg?w=650 650w, https:\/\/i0.wp.com\/www.moda.es\/blog\/wp-content\/uploads\/2014\/09\/katemossgucci3.jpg?resize=420%2C279 420w\" sizes=\"(max-width: 300px) 100vw, 300px\" data-recalc-dims=\"1\" \/><\/a><\/p>\n<p>La campa\u00f1a se ha dado a conocer a trav\u00e9s de las redes sociales de la marca italiana y es una celebraci\u00f3n del bolso <strong>Jackie Soft<\/strong>, una nueva versi\u00f3n de piel de incre\u00edble tacto que evoluciona el cl\u00e1sico que tanto gustaba a <strong>Jackie Onassis<\/strong>, y de la que tom\u00f3 su nombre.<\/p>\n<p><a href=\"https:\/\/i0.wp.com\/www.moda.es\/blog\/wp-content\/uploads\/2014\/09\/katemossgucci2.jpg\"><img data-attachment-id=\"18247\" data-permalink=\"http:\/\/www.moda.es\/blog\/kate-moss-gucci-y-el-jackie\/katemossgucci2\/\" data-orig-file=\"https:\/\/i0.wp.com\/www.moda.es\/blog\/wp-content\/uploads\/2014\/09\/katemossgucci2.jpg?fit=650%2C294\" data-orig-size=\"650,294\" data-comments-opened=\"1\" data-image-meta=\"{&quot;aperture&quot;:&quot;0&quot;,&quot;credit&quot;:&quot;&quot;,&quot;camera&quot;:&quot;&quot;,&quot;caption&quot;:&quot;&quot;,&quot;created_timestamp&quot;:&quot;0&quot;,&quot;copyright&quot;:&quot;&quot;,&quot;focal_length&quot;:&quot;0&quot;,&quot;iso&quot;:&quot;0&quot;,&quot;shutter_speed&quot;:&quot;0&quot;,&quot;title&quot;:&quot;&quot;}\" data-image-title=\"katemossgucci2\" data-image-description=\"\" data-image-caption=\"\" data-medium-file=\"https:\/\/i0.wp.com\/www.moda.es\/blog\/wp-content\/uploads\/2014\/09\/katemossgucci2.jpg?fit=300%2C135\" data-large-file=\"https:\/\/i0.wp.com\/www.moda.es\/blog\/wp-content\/uploads\/2014\/09\/katemossgucci2.jpg?fit=640%2C289\" loading=\"lazy\" class=\"aligncenter size-medium wp-image-18247\" alt=\"katemossgucci2\" src=\"https:\/\/i0.wp.com\/www.moda.es\/blog\/wp-content\/uploads\/2014\/09\/katemossgucci2.jpg?resize=300%2C135\" width=\"300\" height=\"135\" srcset=\"https:\/\/i0.wp.com\/www.moda.es\/blog\/wp-content\/uploads\/2014\/09\/katemossgucci2.jpg?resize=300%2C135 300w, https:\/\/i0.wp.com\/www.moda.es\/blog\/wp-content\/uploads\/2014\/09\/katemossgucci2.jpg?resize=420%2C189 420w, https:\/\/i0.wp.com\/www.moda.es\/blog\/wp-content\/uploads\/2014\/09\/katemossgucci2.jpg?w=650 650w\" sizes=\"(max-width: 300px) 100vw, 300px\" data-recalc-dims=\"1\" \/><\/a><\/p>\n<p>\u201c<strong>Siempre he admirado a Kate<\/strong>\u00ab, afirma la directora creativa de Gucci, <strong>Frida Giannini<\/strong>. \u00abEs un icono de la actualidad. Una<em> trendsetter<\/em>, mujer independiente y absolutamente contempor\u00e1nea. Ella encarna mi colecci\u00f3n oto\u00f1o\/invierno como una <strong>mujer sofisticada <\/strong>que se viste para <strong>complacerse a s\u00ed misma<\/strong> en lugar de a los dem\u00e1s\u00bb. <strong><br \/>\n<\/strong><\/p>\n<p>No te pierdas el v\u00eddeo.<\/p>\n<p>&nbsp;<\/p>\n<div class=\"jetpack-video-wrapper\"><span class=\"embed-youtube\" style=\"text-align:center; display: block;\"><iframe loading=\"lazy\" class=\"youtube-player\" width=\"640\" height=\"360\" src=\"https:\/\/www.youtube.com\/embed\/GB8i-NRP7m0?version=3&#038;rel=1&#038;showsearch=0&#038;showinfo=1&#038;iv_load_policy=1&#038;fs=1&#038;hl=es-ES&#038;autohide=2&#038;wmode=transparent\" allowfullscreen=\"true\" style=\"border:0;\" sandbox=\"allow-scripts allow-same-origin allow-popups allow-presentation\"><\/iframe><\/span><\/div>\n<p>&nbsp;<\/p>\n<p>\u00a9Fashion Telegraph \/ Vogue Espa\u00f1a                             <\/p>\n","protected":false},"excerpt":{"rendered":"<p>Kate Moss sin duda est\u00e1 versada en esquivar y atraer paparazzi en su vida privada, por tanto, rodar un corto de moda para Gucci en el que precisamente huye de todos ellos no ha sido dif\u00edcil. En este nuevo proyecto, vemos a Moss corriendo por la estaci\u00f3n de tren de [&hellip;]<\/p>\n","protected":false},"author":3,"featured_media":18245,"comment_status":"open","ping_status":"open","sticky":false,"template":"","format":"standard","meta":{"jetpack_publicize_message":"","jetpack_is_tweetstorm":false,"jetpack_publicize_feature_enabled":true},"categories":[2,8,11,14,17],"tags":[1089,471],"jetpack_publicize_connections":[],"jetpack_featured_media_url":"https:\/\/i0.wp.com\/www.moda.es\/blog\/wp-content\/uploads\/2014\/09\/katemossgucci.jpg?fit=650%2C650","jetpack_sharing_enabled":true,"jetpack_shortlink":"https:\/\/wp.me\/p4tJCC-4Kg","jetpack-related-posts":[{"id":20010,"url":"http:\/\/www.moda.es\/blog\/y-los-oscar-de-la-moda-son-para\/","url_meta":{"origin":18244,"position":0},"title":"Y los Oscar de la moda son para&#8230;","date":"noviembre 24, 2015","format":false,"excerpt":"Londres se llenaba de moda tendencias y glamour ayer en la ceremonia de entrega de los British Fashion Awards. Fue una gran noche para JW Anderson que recogi\u00f3 los premios de dise\u00f1o de ropa de mujer\u00a0y hombre, un curioso combinado y tambi\u00e9n para los talentos con sede en Londres compatriota\u2026","rel":"","context":"En \u00abActualidad\u00bb","img":{"alt_text":"","src":"https:\/\/i0.wp.com\/www.moda.es\/blog\/wp-content\/uploads\/2015\/11\/Captura-de-pantalla-2015-11-23-a-las-22.45.481.png?fit=291%2C438&resize=350%2C200","width":350,"height":200},"classes":[]},{"id":12825,"url":"http:\/\/www.moda.es\/blog\/25-anos-de-la-musa-quiero-decir-de-moss\/","url_meta":{"origin":18244,"position":1},"title":"25 a\u00f1os de la musa, quiero decir&#8230; de Moss","date":"mayo 29, 2013","format":false,"excerpt":"Cuando Kate Moss fue vista por primera vez por Sarah Doukas, fundadora de Storm Model Management, con su padre en el aeropuerto JFK a la tierna edad de 14 a\u00f1os, nadie podr\u00eda haber predicho que, 25 a\u00f1os m\u00e1s tarde, ser\u00eda la modelo m\u00e1s buscada, deseada, contratada, pol\u00e9mica, vers\u00e1til, ic\u00f3nica y\u2026","rel":"","context":"En \u00abActualidad\u00bb","img":{"alt_text":"","src":"https:\/\/i0.wp.com\/www.moda.es\/blog\/wp-content\/uploads\/2013\/05\/Kate-Moss-42.jpg?fit=500%2C649&resize=350%2C200","width":350,"height":200},"classes":[]},{"id":15269,"url":"http:\/\/www.moda.es\/blog\/felicidades-kate\/","url_meta":{"origin":18244,"position":2},"title":"Felicidades Kate","date":"diciembre 19, 2013","format":false,"excerpt":"Me encantar\u00eda estar la mitad de guapa que ella cuando cumpla los 40, pero definitivamente no creo que inauguren una exposici\u00f3n en mi honor. Kate Moss acaba de entrar en esa d\u00e9cada que tantos traumas provoca a tanta mujeres. La modelo brit\u00e1nica es la excusa de una exposici\u00f3n en Londres\u2026","rel":"","context":"En \u00abActualidad\u00bb","img":{"alt_text":"","src":"https:\/\/i0.wp.com\/www.moda.es\/blog\/wp-content\/uploads\/2013\/12\/Kate-Moss-21.jpg?fit=500%2C333&resize=350%2C200","width":350,"height":200},"classes":[]},{"id":13217,"url":"http:\/\/www.moda.es\/blog\/kate-moss-vuelve-al-mundo-del-diseno\/","url_meta":{"origin":18244,"position":3},"title":"Kate Moss vuelve al mundo del dise\u00f1o","date":"julio 4, 2013","format":false,"excerpt":"\u00a0 No contenta con ser siempre el centro de todas las miradas y por supuesto de todas las campa\u00f1as Kate Moss decide que hace tiempo que no pone su sello a nada. Kate Moss ha dise\u00f1ado una colecci\u00f3n de accesorios centrada en la tecnolog\u00eda en colaboraci\u00f3n con Carphone Warehouse. La\u2026","rel":"","context":"En \u00abAccesorios\u00bb","img":{"alt_text":"","src":"https:\/\/i0.wp.com\/www.moda.es\/blog\/wp-content\/uploads\/2013\/07\/Kate-Moss.jpg?fit=400%2C600&resize=350%2C200","width":350,"height":200},"classes":[]},{"id":15301,"url":"http:\/\/www.moda.es\/blog\/kate-moss-vuelve-a-ser-una-chica-stuart-weitzman\/","url_meta":{"origin":18244,"position":4},"title":"Kate Moss vuelve a ser una chica Stuart Weitzman","date":"diciembre 23, 2013","format":false,"excerpt":"Nos encanta Kate Moss, como a casi todo el mundo y una vez m\u00e1s ha sido elegida como el rostro de otra campa\u00f1a que a\u00f1adir a su colecci\u00f3n de logros de este a\u00f1o. La modeo repite como imagen de la campa\u00f1a de primavera - verano 2014 de Stuart Weitzman. El\u2026","rel":"","context":"En \u00abActualidad\u00bb","img":{"alt_text":"","src":"https:\/\/i0.wp.com\/www.moda.es\/blog\/wp-content\/uploads\/2013\/12\/Stuart-Weitzman-Kate-Moss-11.jpg?fit=300%2C201&resize=350%2C200","width":350,"height":200},"classes":[]},{"id":14805,"url":"http:\/\/www.moda.es\/blog\/kate-moss-nueva-conejita-playboy\/","url_meta":{"origin":18244,"position":5},"title":"Kate Moss, nueva conejita Playboy","date":"noviembre 13, 2013","format":false,"excerpt":"Por distintos motivos, es la publicaci\u00f3n de mejor y peor reputaci\u00f3n del mundo editorial, pero Playboy celebra ya su 60 aniversario, y la mejor manera de hacerlo es colocnado a Kate Moss en su portada. El pr\u00f3ximo n\u00famero de enero ser\u00e1 testigo de la caracterizaci\u00f3n de Moss como nueva conejita\u2026","rel":"","context":"En \u00abDestacados\u00bb","img":{"alt_text":"Kate Moss","src":"https:\/\/i0.wp.com\/www.moda.es\/blog\/wp-content\/uploads\/2013\/11\/Kate-Moss-300x165.jpg?resize=350%2C200","width":350,"height":200},"classes":[]}],"_links":{"self":[{"href":"http:\/\/www.moda.es\/blog\/wp-json\/wp\/v2\/posts\/18244"}],"collection":[{"href":"http:\/\/www.moda.es\/blog\/wp-json\/wp\/v2\/posts"}],"about":[{"href":"http:\/\/www.moda.es\/blog\/wp-json\/wp\/v2\/types\/post"}],"author":[{"embeddable":true,"href":"http:\/\/www.moda.es\/blog\/wp-json\/wp\/v2\/users\/3"}],"replies":[{"embeddable":true,"href":"http:\/\/www.moda.es\/blog\/wp-json\/wp\/v2\/comments?post=18244"}],"version-history":[{"count":8,"href":"http:\/\/www.moda.es\/blog\/wp-json\/wp\/v2\/posts\/18244\/revisions"}],"predecessor-version":[{"id":36288,"href":"http:\/\/www.moda.es\/blog\/wp-json\/wp\/v2\/posts\/18244\/revisions\/36288"}],"wp:featuredmedia":[{"embeddable":true,"href":"http:\/\/www.moda.es\/blog\/wp-json\/wp\/v2\/media\/18245"}],"wp:attachment":[{"href":"http:\/\/www.moda.es\/blog\/wp-json\/wp\/v2\/media?parent=18244"}],"wp:term":[{"taxonomy":"category","embeddable":true,"href":"http:\/\/www.moda.es\/blog\/wp-json\/wp\/v2\/categories?post=18244"},{"taxonomy":"post_tag","embeddable":true,"href":"http:\/\/www.moda.es\/blog\/wp-json\/wp\/v2\/tags?post=18244"}],"curies":[{"name":"wp","href":"https:\/\/api.w.org\/{rel}","templated":true}]}}