{"id":18189,"date":"2014-09-01T23:15:42","date_gmt":"2014-09-01T22:15:42","guid":{"rendered":"http:\/\/www.moda.es\/blog\/?p=18189"},"modified":"2020-04-27T17:21:29","modified_gmt":"2020-04-27T16:21:29","slug":"ya-son-de-verdad","status":"publish","type":"post","link":"http:\/\/www.moda.es\/blog\/ya-son-de-verdad\/","title":{"rendered":"Ya son de verdad&#8230;"},"content":{"rendered":"<p>&#8230;los zapatos de <strong>Olivia Palermo<\/strong>.<\/p>\n<p><a href=\"https:\/\/i0.wp.com\/www.moda.es\/blog\/wp-content\/uploads\/2014\/09\/olivia.jpg\"><img data-attachment-id=\"18192\" data-permalink=\"http:\/\/www.moda.es\/blog\/ya-son-de-verdad\/olivia\/\" data-orig-file=\"https:\/\/i0.wp.com\/www.moda.es\/blog\/wp-content\/uploads\/2014\/09\/olivia.jpg?fit=650%2C433\" data-orig-size=\"650,433\" data-comments-opened=\"1\" data-image-meta=\"{&quot;aperture&quot;:&quot;0&quot;,&quot;credit&quot;:&quot;&quot;,&quot;camera&quot;:&quot;&quot;,&quot;caption&quot;:&quot;&quot;,&quot;created_timestamp&quot;:&quot;0&quot;,&quot;copyright&quot;:&quot;&quot;,&quot;focal_length&quot;:&quot;0&quot;,&quot;iso&quot;:&quot;0&quot;,&quot;shutter_speed&quot;:&quot;0&quot;,&quot;title&quot;:&quot;&quot;}\" data-image-title=\"olivia\" data-image-description=\"\" data-image-caption=\"\" data-medium-file=\"https:\/\/i0.wp.com\/www.moda.es\/blog\/wp-content\/uploads\/2014\/09\/olivia.jpg?fit=300%2C199\" data-large-file=\"https:\/\/i0.wp.com\/www.moda.es\/blog\/wp-content\/uploads\/2014\/09\/olivia.jpg?fit=640%2C426\" loading=\"lazy\" class=\"aligncenter size-medium wp-image-18192\" alt=\"olivia\" src=\"https:\/\/i0.wp.com\/www.moda.es\/blog\/wp-content\/uploads\/2014\/09\/olivia.jpg?resize=300%2C199\" width=\"300\" height=\"199\" srcset=\"https:\/\/i0.wp.com\/www.moda.es\/blog\/wp-content\/uploads\/2014\/09\/olivia.jpg?resize=300%2C199 300w, https:\/\/i0.wp.com\/www.moda.es\/blog\/wp-content\/uploads\/2014\/09\/olivia.jpg?w=650 650w, https:\/\/i0.wp.com\/www.moda.es\/blog\/wp-content\/uploads\/2014\/09\/olivia.jpg?resize=420%2C279 420w\" sizes=\"(max-width: 300px) 100vw, 300px\" data-recalc-dims=\"1\" \/><\/a><\/p>\n<p>A mediados de verano <a href=\"http:\/\/www.moda.es\/blog\/los-zapatos-de-olivia-palermo\/\" target=\"_blank\">vimos algunos bocetos<\/a> de la <strong>colecci\u00f3n c\u00e1psula<\/strong> de Olvia para la firma de calzado <strong>Aquazzurra<\/strong> y al fin tenemos la colecci\u00f3n para empezar a escribir nuestra lista de deseos.<\/p>\n<p><a href=\"https:\/\/i0.wp.com\/www.moda.es\/blog\/wp-content\/uploads\/2014\/09\/Olivia-Palermo-Aquazzura-Shoes.jpg\"><img data-attachment-id=\"18190\" data-permalink=\"http:\/\/www.moda.es\/blog\/ya-son-de-verdad\/olivia-palermo-aquazzura-shoes\/\" data-orig-file=\"https:\/\/i0.wp.com\/www.moda.es\/blog\/wp-content\/uploads\/2014\/09\/Olivia-Palermo-Aquazzura-Shoes.jpg?fit=650%2C650\" data-orig-size=\"650,650\" data-comments-opened=\"1\" data-image-meta=\"{&quot;aperture&quot;:&quot;0&quot;,&quot;credit&quot;:&quot;&quot;,&quot;camera&quot;:&quot;&quot;,&quot;caption&quot;:&quot;&quot;,&quot;created_timestamp&quot;:&quot;0&quot;,&quot;copyright&quot;:&quot;&quot;,&quot;focal_length&quot;:&quot;0&quot;,&quot;iso&quot;:&quot;0&quot;,&quot;shutter_speed&quot;:&quot;0&quot;,&quot;title&quot;:&quot;&quot;}\" data-image-title=\"Olivia-Palermo-Aquazzura-Shoes\" data-image-description=\"\" data-image-caption=\"\" data-medium-file=\"https:\/\/i0.wp.com\/www.moda.es\/blog\/wp-content\/uploads\/2014\/09\/Olivia-Palermo-Aquazzura-Shoes.jpg?fit=300%2C300\" data-large-file=\"https:\/\/i0.wp.com\/www.moda.es\/blog\/wp-content\/uploads\/2014\/09\/Olivia-Palermo-Aquazzura-Shoes.jpg?fit=640%2C640\" loading=\"lazy\" class=\"aligncenter size-medium wp-image-18190\" alt=\"Olivia-Palermo-Aquazzura-Shoes\" src=\"https:\/\/i0.wp.com\/www.moda.es\/blog\/wp-content\/uploads\/2014\/09\/Olivia-Palermo-Aquazzura-Shoes.jpg?resize=300%2C300\" width=\"300\" height=\"300\" srcset=\"https:\/\/i0.wp.com\/www.moda.es\/blog\/wp-content\/uploads\/2014\/09\/Olivia-Palermo-Aquazzura-Shoes.jpg?resize=300%2C300 300w, https:\/\/i0.wp.com\/www.moda.es\/blog\/wp-content\/uploads\/2014\/09\/Olivia-Palermo-Aquazzura-Shoes.jpg?resize=150%2C150 150w, https:\/\/i0.wp.com\/www.moda.es\/blog\/wp-content\/uploads\/2014\/09\/Olivia-Palermo-Aquazzura-Shoes.jpg?resize=420%2C420 420w, https:\/\/i0.wp.com\/www.moda.es\/blog\/wp-content\/uploads\/2014\/09\/Olivia-Palermo-Aquazzura-Shoes.jpg?resize=120%2C120 120w, https:\/\/i0.wp.com\/www.moda.es\/blog\/wp-content\/uploads\/2014\/09\/Olivia-Palermo-Aquazzura-Shoes.jpg?w=650 650w\" sizes=\"(max-width: 300px) 100vw, 300px\" data-recalc-dims=\"1\" \/><\/a><\/p>\n<p>Los <strong>siete<\/strong> modelos de la colecci\u00f3n est\u00e1n ya disponibles para comprar en <strong>Net-a-Porter.com<\/strong>, y seg\u00fan <strong>Edgardo Osorio,<\/strong> viejo amigo de la <em>it girl<\/em> y director creativo de <strong>Aquazzura,<\/strong> la gama contar\u00e1 con las siluetas de cada mujer necesita en su armario, incluyendo <strong>botas<\/strong> por encima de la rodilla, sandalias llenas de adornos o gladiadoras, zapatos de sal\u00f3n de ante y piel de serpiente, y un bot\u00edn de ante con borlas. Todo interpretado a trav\u00e9s de los ojos\u00a0 y el gusto por la moda de Olivia y ejecutado con la sensualidad que caracteriza a Aquazzura.<\/p>\n<p><a href=\"https:\/\/i0.wp.com\/www.moda.es\/blog\/wp-content\/uploads\/2014\/09\/opas.jpg\"><img data-attachment-id=\"18191\" data-permalink=\"http:\/\/www.moda.es\/blog\/ya-son-de-verdad\/opas\/\" data-orig-file=\"https:\/\/i0.wp.com\/www.moda.es\/blog\/wp-content\/uploads\/2014\/09\/opas.jpg?fit=650%2C975\" data-orig-size=\"650,975\" data-comments-opened=\"1\" data-image-meta=\"{&quot;aperture&quot;:&quot;0&quot;,&quot;credit&quot;:&quot;&quot;,&quot;camera&quot;:&quot;&quot;,&quot;caption&quot;:&quot;&quot;,&quot;created_timestamp&quot;:&quot;0&quot;,&quot;copyright&quot;:&quot;&quot;,&quot;focal_length&quot;:&quot;0&quot;,&quot;iso&quot;:&quot;0&quot;,&quot;shutter_speed&quot;:&quot;0&quot;,&quot;title&quot;:&quot;&quot;}\" data-image-title=\"opas\" data-image-description=\"\" data-image-caption=\"\" data-medium-file=\"https:\/\/i0.wp.com\/www.moda.es\/blog\/wp-content\/uploads\/2014\/09\/opas.jpg?fit=200%2C300\" data-large-file=\"https:\/\/i0.wp.com\/www.moda.es\/blog\/wp-content\/uploads\/2014\/09\/opas.jpg?fit=640%2C960\" loading=\"lazy\" class=\"aligncenter size-medium wp-image-18191\" alt=\"opas\" src=\"https:\/\/i0.wp.com\/www.moda.es\/blog\/wp-content\/uploads\/2014\/09\/opas.jpg?resize=200%2C300\" width=\"200\" height=\"300\" srcset=\"https:\/\/i0.wp.com\/www.moda.es\/blog\/wp-content\/uploads\/2014\/09\/opas.jpg?resize=200%2C300 200w, https:\/\/i0.wp.com\/www.moda.es\/blog\/wp-content\/uploads\/2014\/09\/opas.jpg?resize=420%2C630 420w, https:\/\/i0.wp.com\/www.moda.es\/blog\/wp-content\/uploads\/2014\/09\/opas.jpg?w=650 650w\" sizes=\"(max-width: 200px) 100vw, 200px\" data-recalc-dims=\"1\" \/><\/a><\/p>\n<p>\u00bfQu\u00e9 te parece la colecci\u00f3n? Puedes tener los tuyos por precios entre los 550 y los 1.550 euros aproximadamente.<\/p>\n<p>&nbsp;<\/p>\n<p>\u00a9Popsugar                             <\/p>\n","protected":false},"excerpt":{"rendered":"<p>&#8230;los zapatos de Olivia Palermo. A mediados de verano vimos algunos bocetos de la colecci\u00f3n c\u00e1psula de Olvia para la firma de calzado Aquazzurra y al fin tenemos la colecci\u00f3n para empezar a escribir nuestra lista de deseos. Los siete modelos de la colecci\u00f3n est\u00e1n ya disponibles para comprar en [&hellip;]<\/p>\n","protected":false},"author":3,"featured_media":18190,"comment_status":"open","ping_status":"open","sticky":false,"template":"","format":"standard","meta":{"jetpack_publicize_message":"","jetpack_is_tweetstorm":false,"jetpack_publicize_feature_enabled":true},"categories":[2,3,11,14,17,29],"tags":[1047,674],"jetpack_publicize_connections":[],"jetpack_featured_media_url":"https:\/\/i0.wp.com\/www.moda.es\/blog\/wp-content\/uploads\/2014\/09\/Olivia-Palermo-Aquazzura-Shoes.jpg?fit=650%2C650","jetpack_sharing_enabled":true,"jetpack_shortlink":"https:\/\/wp.me\/p4tJCC-4Jn","jetpack-related-posts":[{"id":17999,"url":"http:\/\/www.moda.es\/blog\/los-zapatos-de-olivia-palermo\/","url_meta":{"origin":18189,"position":0},"title":"Los zapatos de Olivia Palermo&#8230;","date":"julio 23, 2014","format":false,"excerpt":"...pueden ser tuyos, o para que nos entendamos, los que ver\u00e1n la luz tras su colaboraci\u00f3n con Aquazurra. Mientras esperamos ansiosas a ver el vestido de novia escogido para la ceremonia religiosa de su boda, tenemos las primeras pistas de la colecci\u00f3n c\u00e1psula que ha creado para la marca de\u2026","rel":"","context":"En \u00abActualidad\u00bb","img":{"alt_text":"","src":"https:\/\/i0.wp.com\/www.moda.es\/blog\/wp-content\/uploads\/2014\/07\/Olivia-Palermo.jpg?fit=426%2C639&resize=350%2C200","width":350,"height":200},"classes":[]},{"id":19807,"url":"http:\/\/www.moda.es\/blog\/poppy-delevingne-y-aquazzura\/","url_meta":{"origin":18189,"position":1},"title":"Poppy Delevingne y Aquazzura","date":"septiembre 19, 2015","format":false,"excerpt":"Poppy\u00a0Delevingne ha retomado los recuerdos m\u00e1gicos de su boda marroqu\u00ed y los ha convertido en una colecci\u00f3n de zapatos en colaboraci\u00f3n con Aquazurra. La modelo brit\u00e1nica se ha unido el zapatero colombiano detr\u00e1s de la marca de zapatos, Edgardo Osorio, para dise\u00f1ar una serie de nueve piezas que incluyen los\u2026","rel":"","context":"En \u00abAccesorios\u00bb","img":{"alt_text":"","src":"https:\/\/i0.wp.com\/www.moda.es\/blog\/wp-content\/uploads\/2015\/09\/Captura-de-pantalla-2015-09-19-a-las-1.00.24.png?fit=368%2C589&resize=350%2C200","width":350,"height":200},"classes":[]},{"id":20000,"url":"http:\/\/www.moda.es\/blog\/la-pareja-perfecta\/","url_meta":{"origin":18189,"position":2},"title":"La pareja perfecta&#8230;","date":"noviembre 22, 2015","format":false,"excerpt":"... la forman esta semana Salvatore Ferragamo y Edgardo Osorio. Las amantes de los zapatos (aunque esto seguramente englobe a todas las mujeres), ya se habr\u00e1n percatado (y seguramente apuntado) a la creciente tendencia de los zapatos elegantemente anudados al tobillo. Y el responsable de esa tendencia ha sido el\u2026","rel":"","context":"En \u00abAccesorios\u00bb","img":{"alt_text":"","src":"https:\/\/i0.wp.com\/www.moda.es\/blog\/wp-content\/uploads\/2015\/11\/Captura-de-pantalla-2015-11-21-a-las-23.56.12.png?fit=372%2C411&resize=350%2C200","width":350,"height":200},"classes":[]},{"id":20442,"url":"http:\/\/www.moda.es\/blog\/edgardo-osorio-contra-las-copias\/","url_meta":{"origin":18189,"position":3},"title":"Edgardo Osorio contra las copias","date":"marzo 16, 2016","format":false,"excerpt":"Al contrario del viejo refr\u00e1n, la imitaci\u00f3n no es la forma m\u00e1s sincera de adulaci\u00f3n seg\u00fan el fundador de Aquazzura, Edgardo Osorio, quien ha afirmado que uno de sus dise\u00f1os m\u00e1s conocidos ha sido v\u00edctima de una infracci\u00f3n de copyright por\u00a0la marca\u00a0de zapatos y bolsos de Ivanka Trump. El zapatero\u2026","rel":"","context":"En \u00abAccesorios\u00bb","img":{"alt_text":"","src":"https:\/\/i0.wp.com\/www.moda.es\/blog\/wp-content\/uploads\/2016\/03\/Captura-de-pantalla-2016-03-16-a-las-23.03.32.png?fit=602%2C695&resize=350%2C200","width":350,"height":200},"classes":[]},{"id":20324,"url":"http:\/\/www.moda.es\/blog\/descubre-coleccion-de-olivia-palermo-para-nordstrom\/","url_meta":{"origin":18189,"position":4},"title":"Descubre colecci\u00f3n de Olivia Palermo para Nordstrom","date":"febrero 17, 2016","format":false,"excerpt":"Si hablamos de Olivia Palermo resulta inevitable hablar de moda. No s\u00f3lo dirige su propia p\u00e1gina web de moda y la belleza sino que ha colaborado\u00a0con\u00a0colecciones\u00a0para Westward, Aquazzura y BaubleBar, ha sido\u00a0directora creativa de Ciate London y su estilo es siempre impecable. En su \u00faltimo proyecto, Palermo se ha asociado\u00a0con\u2026","rel":"","context":"En \u00abActualidad\u00bb","img":{"alt_text":"","src":"https:\/\/i0.wp.com\/www.moda.es\/blog\/wp-content\/uploads\/2016\/02\/Captura-de-pantalla-2016-02-17-a-las-23.25.47.png?fit=512%2C652&resize=350%2C200","width":350,"height":200},"classes":[]},{"id":22430,"url":"http:\/\/www.moda.es\/blog\/olivia-palermo-banana-republic-y-el-fondo-de-armario-perfecto\/","url_meta":{"origin":18189,"position":5},"title":"Olivia Palermo, Banana Republic y el fondo de armario perfecto","date":"agosto 13, 2017","format":false,"excerpt":"\"La moda es para todos\", dice Olivia Palermo, y si hay alguien que sabe de moda es ella. Desde el oto\u00f1o pasado, ha sido embajadora de estilo para Banana Republic desde el oto\u00f1o pasado. Eso signific\u00f3 curar una secci\u00f3n del sitio web de la marca con una edici\u00f3n mensual de\u2026","rel":"","context":"En \u00abActualidad\u00bb","img":{"alt_text":"","src":"https:\/\/i0.wp.com\/www.moda.es\/blog\/wp-content\/uploads\/2017\/08\/Captura-de-pantalla-2017-08-13-a-las-22.00.17.png?fit=555%2C368&resize=350%2C200","width":350,"height":200},"classes":[]}],"_links":{"self":[{"href":"http:\/\/www.moda.es\/blog\/wp-json\/wp\/v2\/posts\/18189"}],"collection":[{"href":"http:\/\/www.moda.es\/blog\/wp-json\/wp\/v2\/posts"}],"about":[{"href":"http:\/\/www.moda.es\/blog\/wp-json\/wp\/v2\/types\/post"}],"author":[{"embeddable":true,"href":"http:\/\/www.moda.es\/blog\/wp-json\/wp\/v2\/users\/3"}],"replies":[{"embeddable":true,"href":"http:\/\/www.moda.es\/blog\/wp-json\/wp\/v2\/comments?post=18189"}],"version-history":[{"count":6,"href":"http:\/\/www.moda.es\/blog\/wp-json\/wp\/v2\/posts\/18189\/revisions"}],"predecessor-version":[{"id":36293,"href":"http:\/\/www.moda.es\/blog\/wp-json\/wp\/v2\/posts\/18189\/revisions\/36293"}],"wp:featuredmedia":[{"embeddable":true,"href":"http:\/\/www.moda.es\/blog\/wp-json\/wp\/v2\/media\/18190"}],"wp:attachment":[{"href":"http:\/\/www.moda.es\/blog\/wp-json\/wp\/v2\/media?parent=18189"}],"wp:term":[{"taxonomy":"category","embeddable":true,"href":"http:\/\/www.moda.es\/blog\/wp-json\/wp\/v2\/categories?post=18189"},{"taxonomy":"post_tag","embeddable":true,"href":"http:\/\/www.moda.es\/blog\/wp-json\/wp\/v2\/tags?post=18189"}],"curies":[{"name":"wp","href":"https:\/\/api.w.org\/{rel}","templated":true}]}}