{"id":18092,"date":"2014-08-19T20:40:12","date_gmt":"2014-08-19T19:40:12","guid":{"rendered":"http:\/\/www.moda.es\/blog\/?p=18092"},"modified":"2020-04-27T17:22:45","modified_gmt":"2020-04-27T16:22:45","slug":"conchita-wurst-y-karl-lagerfeld","status":"publish","type":"post","link":"http:\/\/www.moda.es\/blog\/conchita-wurst-y-karl-lagerfeld\/","title":{"rendered":"Conchita  Wurst y Karl Lagerfeld"},"content":{"rendered":"<p>La pol\u00e9mica ganadora de <strong>Eurovisi\u00f3n<\/strong>, <strong>Conchita Wurst<\/strong>, es la nueva fascinaci\u00f3n del mundo de la moda. Su peculiar look,\u00a0esa barba art\u00edsticamente arreglada, su melena brillante y su figura la han convertido en el nuevo capricho del fashion business, por eso, un mes despu\u00e9s de cerrar el desfile de <strong>Alta Costura<\/strong> de <strong>Jean Paul Gaultier<\/strong>, la cantante se ha unido a otro grande de las tendencias: <strong>Karl Lagerfeld<\/strong>.<\/p>\n<p><a href=\"https:\/\/i0.wp.com\/www.moda.es\/blog\/wp-content\/uploads\/2014\/08\/cwkl3.jpg\"><img data-attachment-id=\"18093\" data-permalink=\"http:\/\/www.moda.es\/blog\/conchita-wurst-y-karl-lagerfeld\/cwkl3\/\" data-orig-file=\"https:\/\/i0.wp.com\/www.moda.es\/blog\/wp-content\/uploads\/2014\/08\/cwkl3.jpg?fit=650%2C876\" data-orig-size=\"650,876\" data-comments-opened=\"1\" data-image-meta=\"{&quot;aperture&quot;:&quot;0&quot;,&quot;credit&quot;:&quot;&quot;,&quot;camera&quot;:&quot;&quot;,&quot;caption&quot;:&quot;&quot;,&quot;created_timestamp&quot;:&quot;0&quot;,&quot;copyright&quot;:&quot;&quot;,&quot;focal_length&quot;:&quot;0&quot;,&quot;iso&quot;:&quot;0&quot;,&quot;shutter_speed&quot;:&quot;0&quot;,&quot;title&quot;:&quot;&quot;}\" data-image-title=\"cwkl3\" data-image-description=\"\" data-image-caption=\"\" data-medium-file=\"https:\/\/i0.wp.com\/www.moda.es\/blog\/wp-content\/uploads\/2014\/08\/cwkl3.jpg?fit=222%2C300\" data-large-file=\"https:\/\/i0.wp.com\/www.moda.es\/blog\/wp-content\/uploads\/2014\/08\/cwkl3.jpg?fit=640%2C863\" loading=\"lazy\" class=\"size-medium wp-image-18093 aligncenter\" alt=\"cwkl3\" src=\"https:\/\/i0.wp.com\/www.moda.es\/blog\/wp-content\/uploads\/2014\/08\/cwkl3.jpg?resize=222%2C300\" width=\"222\" height=\"300\" srcset=\"https:\/\/i0.wp.com\/www.moda.es\/blog\/wp-content\/uploads\/2014\/08\/cwkl3.jpg?resize=222%2C300 222w, https:\/\/i0.wp.com\/www.moda.es\/blog\/wp-content\/uploads\/2014\/08\/cwkl3.jpg?resize=420%2C566 420w, https:\/\/i0.wp.com\/www.moda.es\/blog\/wp-content\/uploads\/2014\/08\/cwkl3.jpg?w=650 650w\" sizes=\"(max-width: 222px) 100vw, 222px\" data-recalc-dims=\"1\" \/><\/a><\/p>\n<p>Esta pareja ha sido creada por <strong>Carine Roitfeld<\/strong>, quien ha llamado a su amigo el <em>kaiser<\/em>, en su faceta como fot\u00f3grafo, para fotografiar a Wurst con la \u00faltima colecci\u00f3n de <strong>Givenchy<\/strong> para su revista, <strong>CR Fashion Book<\/strong>. Junto a ella, la modelo embarazada <strong>Ashleigh Bueno<\/strong>. y como titular \u00abThe new normal\u00bb. Para pensar, como m\u00ednimo&#8230;<\/p>\n<p><a href=\"https:\/\/i0.wp.com\/www.moda.es\/blog\/wp-content\/uploads\/2014\/08\/cwkl4.jpg\"><img loading=\"lazy\" class=\"aligncenter\" alt=\"cwkl4\" src=\"https:\/\/i0.wp.com\/www.moda.es\/blog\/wp-content\/uploads\/2014\/08\/cwkl4.jpg?resize=300%2C199\" width=\"300\" height=\"199\" data-recalc-dims=\"1\" \/><\/a><\/p>\n<p>Conchita, que en su vida real se llama <strong>Tom Neuwirth<\/strong>, habla as\u00ed de c\u00f3mo se ha convertido en lo que es hoy. \u00abCre\u00e9 a Conchita como la meta de un largo camino&#8230; bueno, en realidad, es la <strong>historia de mi vida<\/strong>\u00ab, revela Neuwirth. \u00abCrec\u00ed en un peque\u00f1o pueblo de <strong>Austria,<\/strong> muy conservador, y yo era el ni\u00f1o raro que siempre vest\u00eda como una chica.\u00bb<\/p>\n<p>Desde los 14 a\u00f1os, Neuwirth se vest\u00eda como una drag para las ocasiones especiales, hasta que un amigo le llam\u00f3 para un espect\u00e1culo de burlesque. \u00abFue abrumador para m\u00ed, porque adem\u00e1s de divertirme y vestirme cada fin de semana, tengo que aprender de estos grandes artistas.\u00bb<\/p>\n<p style=\"text-align: center\"><a href=\"https:\/\/i0.wp.com\/www.moda.es\/blog\/wp-content\/uploads\/2014\/08\/cwkl5.jpg\"><img loading=\"lazy\" alt=\"cwkl5\" src=\"https:\/\/i0.wp.com\/www.moda.es\/blog\/wp-content\/uploads\/2014\/08\/cwkl5.jpg?resize=300%2C199\" width=\"300\" height=\"199\" data-recalc-dims=\"1\" \/><\/a><\/p>\n<p style=\"text-align: center\"><a href=\"https:\/\/i0.wp.com\/www.moda.es\/blog\/wp-content\/uploads\/2014\/08\/cwkl6.jpg\"><img loading=\"lazy\" alt=\"cwkl6\" src=\"https:\/\/i0.wp.com\/www.moda.es\/blog\/wp-content\/uploads\/2014\/08\/cwkl6.jpg?resize=300%2C199\" width=\"300\" height=\"199\" data-recalc-dims=\"1\" \/><\/a><\/p>\n<p>Pero Neuwirth nunca tuvo la intenci\u00f3n de ser considerada femenina. \u00ab[Ser trans] es un asunto muy serio, es una vida en s\u00ed misma, por lo que no se deben confundir. Siempre me hacen la pregunta, \u00bfpor qu\u00e9 la barba? Y creo que la barba, para m\u00ed, tiene muchas razones y por lo muchos significados, pero al final del d\u00eda, quiero demostrar que se puede lograr cualquier cosa, que se puede tener una vida maravillosa con cualquire tipo de look, porque <strong>tu look no es la cosa m\u00e1s importante de la vida. No importa<\/strong> \u00ab.<\/p>\n<p><a href=\"https:\/\/i0.wp.com\/www.moda.es\/blog\/wp-content\/uploads\/2014\/08\/cwkl.jpg\"><img data-attachment-id=\"18097\" data-permalink=\"http:\/\/www.moda.es\/blog\/conchita-wurst-y-karl-lagerfeld\/cwkl\/\" data-orig-file=\"https:\/\/i0.wp.com\/www.moda.es\/blog\/wp-content\/uploads\/2014\/08\/cwkl.jpg?fit=650%2C875\" data-orig-size=\"650,875\" data-comments-opened=\"1\" data-image-meta=\"{&quot;aperture&quot;:&quot;0&quot;,&quot;credit&quot;:&quot;&quot;,&quot;camera&quot;:&quot;&quot;,&quot;caption&quot;:&quot;&quot;,&quot;created_timestamp&quot;:&quot;0&quot;,&quot;copyright&quot;:&quot;&quot;,&quot;focal_length&quot;:&quot;0&quot;,&quot;iso&quot;:&quot;0&quot;,&quot;shutter_speed&quot;:&quot;0&quot;,&quot;title&quot;:&quot;&quot;}\" data-image-title=\"cwkl\" data-image-description=\"\" data-image-caption=\"\" data-medium-file=\"https:\/\/i0.wp.com\/www.moda.es\/blog\/wp-content\/uploads\/2014\/08\/cwkl.jpg?fit=222%2C300\" data-large-file=\"https:\/\/i0.wp.com\/www.moda.es\/blog\/wp-content\/uploads\/2014\/08\/cwkl.jpg?fit=640%2C862\" loading=\"lazy\" class=\"size-medium wp-image-18097 aligncenter\" alt=\"cwkl\" src=\"https:\/\/i0.wp.com\/www.moda.es\/blog\/wp-content\/uploads\/2014\/08\/cwkl.jpg?resize=222%2C300\" width=\"222\" height=\"300\" srcset=\"https:\/\/i0.wp.com\/www.moda.es\/blog\/wp-content\/uploads\/2014\/08\/cwkl.jpg?resize=222%2C300 222w, https:\/\/i0.wp.com\/www.moda.es\/blog\/wp-content\/uploads\/2014\/08\/cwkl.jpg?resize=420%2C565 420w, https:\/\/i0.wp.com\/www.moda.es\/blog\/wp-content\/uploads\/2014\/08\/cwkl.jpg?w=650 650w\" sizes=\"(max-width: 222px) 100vw, 222px\" data-recalc-dims=\"1\" \/><\/a><\/p>\n<p>Las im\u00e1genes son, cuanto menos, impactantes. \u00bfQu\u00e9 te parecen?<\/p>\n<p>\u00a9CR Fashion Book \/ Fashion Telegraoh                             <\/p>\n","protected":false},"excerpt":{"rendered":"<p>La pol\u00e9mica ganadora de Eurovisi\u00f3n, Conchita Wurst, es la nueva fascinaci\u00f3n del mundo de la moda. Su peculiar look,\u00a0esa barba art\u00edsticamente arreglada, su melena brillante y su figura la han convertido en el nuevo capricho del fashion business, por eso, un mes despu\u00e9s de cerrar el desfile de Alta Costura [&hellip;]<\/p>\n","protected":false},"author":3,"featured_media":18093,"comment_status":"open","ping_status":"open","sticky":false,"template":"","format":"standard","meta":{"jetpack_publicize_message":"","jetpack_is_tweetstorm":false,"jetpack_publicize_feature_enabled":true},"categories":[3,11,12,18],"tags":[1070,165,1068,1069,354,423,464],"jetpack_publicize_connections":[],"jetpack_featured_media_url":"https:\/\/i0.wp.com\/www.moda.es\/blog\/wp-content\/uploads\/2014\/08\/cwkl3.jpg?fit=650%2C876","jetpack_sharing_enabled":true,"jetpack_shortlink":"https:\/\/wp.me\/p4tJCC-4HO","jetpack-related-posts":[{"id":11234,"url":"http:\/\/www.moda.es\/blog\/karl-lagerfeld-a-ritmo-de-samba\/","url_meta":{"origin":18092,"position":0},"title":"Karl Lagerfeld, a ritmo de samba","date":"febrero 28, 2013","format":false,"excerpt":"\u00a0 El k\u00e1iser literalmente no para. Entre el desfile de Fendi en Mil\u00e1n, el pr\u00f3ximo show de Chanel en Par\u00eds, el lanzamiento de la nueva boutique high tech de la marca en la capital francesa o su colaboraci\u00f3n con las l\u00edneas de maquillaje de Shu Uemura o los relojes Fossil,\u2026","rel":"","context":"En \u00abDise\u00f1adores\u00bb","img":{"alt_text":"","src":"https:\/\/i0.wp.com\/www.moda.es\/blog\/wp-content\/uploads\/2013\/03\/Karl-Lagerfeld1.jpg?fit=426%2C639&resize=350%2C200","width":350,"height":200},"classes":[]},{"id":13616,"url":"http:\/\/www.moda.es\/blog\/todo-el-talento-que-puede-recoger-un-objetivo\/","url_meta":{"origin":18092,"position":1},"title":"Todo el talento que puede recoger un objetivo&#8230;","date":"agosto 6, 2013","format":false,"excerpt":"... est\u00e1 reunido en la sesi\u00f3n de fotos que se ha publicado en el \u00faltimo n\u00famero de la edici\u00f3n brit\u00e1nica de Harper's Bazaar. En su primera sesi\u00f3n como directora de moda de la revista, la estilista francesa Carine Roitfeld ha citado a sus modelos y actrices\u00a0 preferidas para un reportaje\u2026","rel":"","context":"En \u00abActualidad\u00bb","img":{"alt_text":"","src":"https:\/\/i0.wp.com\/www.moda.es\/blog\/wp-content\/uploads\/2013\/08\/Harpers-Bazaar-UK-2.jpg?fit=500%2C329&resize=350%2C200","width":350,"height":200},"classes":[]},{"id":19570,"url":"http:\/\/www.moda.es\/blog\/el-nuevo-chico-coca-cola-light-es-jw-anderson\/","url_meta":{"origin":18092,"position":2},"title":"El nuevo chico Coca Cola Light es JW Anderson","date":"julio 18, 2015","format":false,"excerpt":"Siguiendo los pasos de Karl Lagerfeld y Jean Paul Gaultier, JW Anderson ha prestado su creatividad a Coca-Cola Light. La colaboraci\u00f3n ha dado como resultado un cambio de imagen de la famosa botella inspirada en las prendas de punto de su colecci\u00f3n oto\u00f1o - invierno 2015, dos camisetas y un\u2026","rel":"","context":"En \u00abActualidad\u00bb","img":{"alt_text":"","src":"https:\/\/i0.wp.com\/www.moda.es\/blog\/wp-content\/uploads\/2015\/07\/Captura-de-pantalla-2015-07-18-a-las-11.33.05.png?fit=509%2C623&resize=350%2C200","width":350,"height":200},"classes":[]},{"id":16157,"url":"http:\/\/www.moda.es\/blog\/y-ahora-que-haremos-senor-ghesquiere\/","url_meta":{"origin":18092,"position":3},"title":"Y ahora, \u00bfqu\u00e9 haremos se\u00f1or Ghesqui\u00e8re?","date":"marzo 15, 2014","format":false,"excerpt":"Vanity Fair ha hablado por primera vez sobre sus planes para Louis Vuitton, despu\u00e9s del triunfo de su primera colecci\u00f3n para la marca, y lo ha hecho con Vanity Fair. \"Nunca olvides que lo que se convierte en atemporal vez fue al mismo tiempo realmente nuevo \", asegura en la\u2026","rel":"","context":"En \u00abActualidad\u00bb","img":{"alt_text":"","src":"https:\/\/i0.wp.com\/www.moda.es\/blog\/wp-content\/uploads\/2014\/03\/nicolas-ghesquiere1.jpg?fit=500%2C750&resize=350%2C200","width":350,"height":200},"classes":[]},{"id":19266,"url":"http:\/\/www.moda.es\/blog\/carine-roitfeld-disenara-para-uniqlo\/","url_meta":{"origin":18092,"position":4},"title":"Carine Roitfeld dise\u00f1ar\u00e1 para Uniqlo","date":"abril 16, 2015","format":false,"excerpt":"Carine Roitfeld va a seguir los pasos de Jil Sander e In\u00e8s de la Fressange, dise\u00f1ando una colecci\u00f3n de ropa de mujer para la cadena de moda japonesa Uniqlo. \"Siento alegr\u00eda por la creaci\u00f3n de este nuevo modo de expresarme. La creaci\u00f3n de esta nueva colecci\u00f3n dentro del concepto Uniqlo\u2026","rel":"","context":"En \u00abColecciones\u00bb","img":{"alt_text":"","src":"https:\/\/i0.wp.com\/www.moda.es\/blog\/wp-content\/uploads\/2015\/04\/uniqlo.jpg?fit=650%2C971&resize=350%2C200","width":350,"height":200},"classes":[]},{"id":19828,"url":"http:\/\/www.moda.es\/blog\/carine-roitfeld-disena-para-uniqlo\/","url_meta":{"origin":18092,"position":5},"title":"Carine Roitfeld dise\u00f1a para Uniqlo","date":"septiembre 25, 2015","format":false,"excerpt":"El debut en el dise\u00f1o de Carine Roitfeld para la marca Uniqlo ha sido revelada un mes antes de que aterrice en las tiendas. La colecci\u00f3n de 40 piezas se basa en la colecci\u00f3n LifeWear de la marca, una gama de precio razonable, innovadora, de alta calidad que incluye todo\u2026","rel":"","context":"En \u00abActualidad\u00bb","img":{"alt_text":"","src":"https:\/\/i0.wp.com\/www.moda.es\/blog\/wp-content\/uploads\/2015\/09\/Captura-de-pantalla-2015-09-25-a-las-22.54.14.png?fit=362%2C593&resize=350%2C200","width":350,"height":200},"classes":[]}],"_links":{"self":[{"href":"http:\/\/www.moda.es\/blog\/wp-json\/wp\/v2\/posts\/18092"}],"collection":[{"href":"http:\/\/www.moda.es\/blog\/wp-json\/wp\/v2\/posts"}],"about":[{"href":"http:\/\/www.moda.es\/blog\/wp-json\/wp\/v2\/types\/post"}],"author":[{"embeddable":true,"href":"http:\/\/www.moda.es\/blog\/wp-json\/wp\/v2\/users\/3"}],"replies":[{"embeddable":true,"href":"http:\/\/www.moda.es\/blog\/wp-json\/wp\/v2\/comments?post=18092"}],"version-history":[{"count":7,"href":"http:\/\/www.moda.es\/blog\/wp-json\/wp\/v2\/posts\/18092\/revisions"}],"predecessor-version":[{"id":36301,"href":"http:\/\/www.moda.es\/blog\/wp-json\/wp\/v2\/posts\/18092\/revisions\/36301"}],"wp:featuredmedia":[{"embeddable":true,"href":"http:\/\/www.moda.es\/blog\/wp-json\/wp\/v2\/media\/18093"}],"wp:attachment":[{"href":"http:\/\/www.moda.es\/blog\/wp-json\/wp\/v2\/media?parent=18092"}],"wp:term":[{"taxonomy":"category","embeddable":true,"href":"http:\/\/www.moda.es\/blog\/wp-json\/wp\/v2\/categories?post=18092"},{"taxonomy":"post_tag","embeddable":true,"href":"http:\/\/www.moda.es\/blog\/wp-json\/wp\/v2\/tags?post=18092"}],"curies":[{"name":"wp","href":"https:\/\/api.w.org\/{rel}","templated":true}]}}