{"id":18082,"date":"2014-08-15T14:27:42","date_gmt":"2014-08-15T13:27:42","guid":{"rendered":"http:\/\/www.moda.es\/blog\/?p=18082"},"modified":"2020-04-27T17:23:04","modified_gmt":"2020-04-27T16:23:04","slug":"todas-queremos-ser-barbie","status":"publish","type":"post","link":"http:\/\/www.moda.es\/blog\/todas-queremos-ser-barbie\/","title":{"rendered":"Todas queremos ser Barbie"},"content":{"rendered":"<p>Quien m\u00e1s quien menos ha pasado las horas muertas en el suelo de su habitaci\u00f3n jugando con sus <strong>Barbies<\/strong>. Nunca ten\u00edamos suficientes qunque siempre hab\u00eda una preferida y aunque ced\u00edamos en ocasiones a nuestros instintos m\u00e1s maternales con el Nenuco o alg\u00fan otro beb\u00e9 de ojos azules y pelo ensortijado, termin\u00e1bamos volviendo a esas mujeres en miniatura que pod\u00edan ser princesas o chicas urbanas y modernas seg\u00fan mandara nuestra imaginaci\u00f3n.<\/p>\n<p><a href=\"https:\/\/i0.wp.com\/www.moda.es\/blog\/wp-content\/uploads\/2014\/08\/barbie.jpg\"><img data-attachment-id=\"18083\" data-permalink=\"http:\/\/www.moda.es\/blog\/todas-queremos-ser-barbie\/barbie\/\" data-orig-file=\"https:\/\/i0.wp.com\/www.moda.es\/blog\/wp-content\/uploads\/2014\/08\/barbie.jpg?fit=650%2C975\" data-orig-size=\"650,975\" data-comments-opened=\"1\" data-image-meta=\"{&quot;aperture&quot;:&quot;0&quot;,&quot;credit&quot;:&quot;&quot;,&quot;camera&quot;:&quot;&quot;,&quot;caption&quot;:&quot;&quot;,&quot;created_timestamp&quot;:&quot;0&quot;,&quot;copyright&quot;:&quot;&quot;,&quot;focal_length&quot;:&quot;0&quot;,&quot;iso&quot;:&quot;0&quot;,&quot;shutter_speed&quot;:&quot;0&quot;,&quot;title&quot;:&quot;&quot;}\" data-image-title=\"barbie\" data-image-description=\"\" data-image-caption=\"\" data-medium-file=\"https:\/\/i0.wp.com\/www.moda.es\/blog\/wp-content\/uploads\/2014\/08\/barbie.jpg?fit=200%2C300\" data-large-file=\"https:\/\/i0.wp.com\/www.moda.es\/blog\/wp-content\/uploads\/2014\/08\/barbie.jpg?fit=640%2C960\" loading=\"lazy\" class=\"size-medium wp-image-18083 aligncenter\" alt=\"barbie\" src=\"https:\/\/i0.wp.com\/www.moda.es\/blog\/wp-content\/uploads\/2014\/08\/barbie.jpg?resize=200%2C300\" width=\"200\" height=\"300\" srcset=\"https:\/\/i0.wp.com\/www.moda.es\/blog\/wp-content\/uploads\/2014\/08\/barbie.jpg?resize=200%2C300 200w, https:\/\/i0.wp.com\/www.moda.es\/blog\/wp-content\/uploads\/2014\/08\/barbie.jpg?resize=420%2C630 420w, https:\/\/i0.wp.com\/www.moda.es\/blog\/wp-content\/uploads\/2014\/08\/barbie.jpg?w=650 650w\" sizes=\"(max-width: 200px) 100vw, 200px\" data-recalc-dims=\"1\" \/><\/a><\/p>\n<p>Barbie sigue reinando en la mente de generaciones de ni\u00f1as, pero ahora los creadores de la mu\u00f1eca,<strong> Mattel Inc<\/strong>, pretenden que pase a inspirar a un grupo completamente nuevo de edad, con su nueva <strong>trilog\u00eda de colaboraciones.<\/strong><\/p>\n<p>Las marcas americanas <strong>Lord &amp; Taylor, Wildfox y Forever 21<\/strong> se han unido a la compa\u00f1\u00eda para crear colecciones inspiradas en este icono de la moda perennemente elegante creando un nuevo guardarropa inspirado en los a\u00f1os cincuenta, ochenta y noventa respectivamente.<\/p>\n<p>\u00abTenemos fans de Barbie de todas las edades, y muchas chicas que alguna vez jugaron con ellas <strong>han crecido<\/strong>,\u00bb ha afirmado Jessica Dunne, gerente y vicepresidente de Mattel. \u00abQuer\u00edamos asegurarnos de que cre\u00e1bamos diferentes enfoques que alcanzaran a todas las edades.\u00bb<\/p>\n<p>Disponibles a partir del<strong> 6 de septiembre,<\/strong> estas colecciones reafirman lo que ya sabemos: Barbie nunca envejecer\u00e1.<\/p>\n<p>&nbsp;<\/p>\n<p>&nbsp;<\/p>\n<p>\u00a9Vogue UK                             <\/p>\n","protected":false},"excerpt":{"rendered":"<p>Quien m\u00e1s quien menos ha pasado las horas muertas en el suelo de su habitaci\u00f3n jugando con sus Barbies. Nunca ten\u00edamos suficientes qunque siempre hab\u00eda una preferida y aunque ced\u00edamos en ocasiones a nuestros instintos m\u00e1s maternales con el Nenuco o alg\u00fan otro beb\u00e9 de ojos azules y pelo ensortijado, [&hellip;]<\/p>\n","protected":false},"author":3,"featured_media":18083,"comment_status":"open","ping_status":"open","sticky":false,"template":"","format":"standard","meta":{"jetpack_publicize_message":"","jetpack_is_tweetstorm":false,"jetpack_publicize_feature_enabled":true},"categories":[3,11,14],"tags":[115,1064,1065,1066],"jetpack_publicize_connections":[],"jetpack_featured_media_url":"https:\/\/i0.wp.com\/www.moda.es\/blog\/wp-content\/uploads\/2014\/08\/barbie.jpg?fit=650%2C975","jetpack_sharing_enabled":true,"jetpack_shortlink":"https:\/\/wp.me\/p4tJCC-4HE","jetpack-related-posts":[{"id":3940,"url":"http:\/\/www.moda.es\/blog\/confecciones-salvajes\/","url_meta":{"origin":18082,"position":0},"title":"Confecciones salvajes","date":"octubre 22, 2011","format":false,"excerpt":"\u00bfQu\u00e9 hacen dos amigas desde la infancia enamoradas de la moda y que comparten la idea de que \u00e9sta se ha vuelto muy seria? Pues crear su propia marca para ponerle remedio. Y as\u00ed nace Wildfox Couture. Con una clara inspiraci\u00f3n vintage, Wildfox Couture es una firma norteamericana de ropa\u2026","rel":"","context":"En \u00abTiendas online\u00bb","img":{"alt_text":"","src":"https:\/\/i0.wp.com\/www.moda.es\/blog\/wp-content\/uploads\/2011\/10\/couple-e13200044938041.jpg?fit=568%2C500&resize=350%2C200","width":350,"height":200},"classes":[]},{"id":14146,"url":"http:\/\/www.moda.es\/blog\/la-version-mas-sexy-de-barbie\/","url_meta":{"origin":18082,"position":1},"title":"La versi\u00f3n m\u00e1s sexy de Barbie","date":"septiembre 16, 2013","format":false,"excerpt":"Cuando era peque\u00f1a y me pon\u00eda a jugar con mis Barbies lo primero que hac\u00eda era peinarlas y cambiarles el vestido para que fueran a una fiesta. Parece ser que no fui la \u00fanica en aquel juego porque hoy todav\u00eda m\u00e1s de uno juega a lo mismo que yo. Barbie,\u2026","rel":"","context":"En \u00abActualidad\u00bb","img":{"alt_text":"","src":"https:\/\/i0.wp.com\/www.moda.es\/blog\/wp-content\/uploads\/2013\/09\/Barbie-Herve-Leger-21.jpg?fit=500%2C750&resize=350%2C200","width":350,"height":200},"classes":[]},{"id":13124,"url":"http:\/\/www.moda.es\/blog\/girls-just-wanna-have-fun\/","url_meta":{"origin":18082,"position":2},"title":"Girls just wanna have fun!","date":"junio 24, 2013","format":false,"excerpt":"Todas las ni\u00f1as (o al menos una amplia mayor\u00eda) tienen en su mente 3 normas de estilo: quiero ser como Barbie, quiero ser una princesa, todo debe ser de cualquier color siempre que sea rosa. Luego pasan los a\u00f1os, llega la madurez, y el estilo cambia... o no. \u00bfQui\u00e9n no\u2026","rel":"","context":"En \u00abColecciones\u00bb","img":{"alt_text":"","src":"https:\/\/i0.wp.com\/www.moda.es\/blog\/wp-content\/uploads\/2013\/06\/Asos-11.jpg?fit=400%2C600&resize=350%2C200","width":350,"height":200},"classes":[]},{"id":11893,"url":"http:\/\/www.moda.es\/blog\/quien-es-esa-chica-conoce-a-ada-kokosar\/","url_meta":{"origin":18082,"position":3},"title":"\u00bfQui\u00e9n es esa chica? Conoce a Ada Kokosar","date":"abril 6, 2013","format":false,"excerpt":"Llenan los foros, las p\u00e1ginas de las revistas y sobre todo asisten a todos los desfiles y las fiestas de las principales marcas. \u00bfEl motivo? Aparte de tener un trabajo relacionado con el mundo de la\u00a0 moda, tienen un estilo especial, ese toque \u00fanico que hace que todos los obejtivos\u2026","rel":"","context":"En \u00abInspiraci\u00f3n\u00bb","img":{"alt_text":"","src":"https:\/\/i0.wp.com\/www.moda.es\/blog\/wp-content\/uploads\/2013\/04\/Ada-Kokosar-11.jpg?fit=300%2C493&resize=350%2C200","width":350,"height":200},"classes":[]},{"id":21054,"url":"http:\/\/www.moda.es\/blog\/charlotte-olympia-se-inspira-en-barbie\/","url_meta":{"origin":18082,"position":4},"title":"Charlotte Olympia se inspira en Barbie","date":"septiembre 7, 2016","format":false,"excerpt":"Charlotte Olympia Dellal ha decidido\u00a0canalizar a su ni\u00f1a interior para su \u00faltima colecci\u00f3n c\u00e1psula. La famosa dise\u00f1adora de calzado se ha asociado\u00a0con Barbie en una colecci\u00f3n c\u00e1psula de accesorios. Adem\u00e1s de una mu\u00f1eca Barbie dise\u00f1ada para parecerse a Dellal vestida con un look\u00a0basado en uno de Giambattista Valli\u00a0que ya luci\u00f3\u2026","rel":"","context":"En \u00abActualidad\u00bb","img":{"alt_text":"","src":"https:\/\/i0.wp.com\/www.moda.es\/blog\/wp-content\/uploads\/2016\/09\/Captura-de-pantalla-2016-09-08-a-las-0.08.00.png?fit=588%2C340&resize=350%2C200","width":350,"height":200},"classes":[]},{"id":20236,"url":"http:\/\/www.moda.es\/blog\/la-nueva-barbie\/","url_meta":{"origin":18082,"position":5},"title":"La nueva Barbie","date":"enero 28, 2016","format":false,"excerpt":"Barbie tiene un nuevo cuerpo, o mejor dicho tres nuevos cuerpos,\u00a0y una portada\u00a0de la revista Time para celebrarlo. Por primera vez se presenta en cuatro tipos de complexiones\u00a0(alta, menuda\u00a0y curvil\u00ednea, as\u00ed como con la original cintura de avispa original), siete tonos de piel, 22 colores de ojos y 24 peinados\u2026","rel":"","context":"En \u00abActualidad\u00bb","img":{"alt_text":"","src":"https:\/\/i0.wp.com\/www.moda.es\/blog\/wp-content\/uploads\/2016\/01\/Captura-de-pantalla-2016-01-28-a-las-21.45.39.png?fit=563%2C518&resize=350%2C200","width":350,"height":200},"classes":[]}],"_links":{"self":[{"href":"http:\/\/www.moda.es\/blog\/wp-json\/wp\/v2\/posts\/18082"}],"collection":[{"href":"http:\/\/www.moda.es\/blog\/wp-json\/wp\/v2\/posts"}],"about":[{"href":"http:\/\/www.moda.es\/blog\/wp-json\/wp\/v2\/types\/post"}],"author":[{"embeddable":true,"href":"http:\/\/www.moda.es\/blog\/wp-json\/wp\/v2\/users\/3"}],"replies":[{"embeddable":true,"href":"http:\/\/www.moda.es\/blog\/wp-json\/wp\/v2\/comments?post=18082"}],"version-history":[{"count":6,"href":"http:\/\/www.moda.es\/blog\/wp-json\/wp\/v2\/posts\/18082\/revisions"}],"predecessor-version":[{"id":36303,"href":"http:\/\/www.moda.es\/blog\/wp-json\/wp\/v2\/posts\/18082\/revisions\/36303"}],"wp:featuredmedia":[{"embeddable":true,"href":"http:\/\/www.moda.es\/blog\/wp-json\/wp\/v2\/media\/18083"}],"wp:attachment":[{"href":"http:\/\/www.moda.es\/blog\/wp-json\/wp\/v2\/media?parent=18082"}],"wp:term":[{"taxonomy":"category","embeddable":true,"href":"http:\/\/www.moda.es\/blog\/wp-json\/wp\/v2\/categories?post=18082"},{"taxonomy":"post_tag","embeddable":true,"href":"http:\/\/www.moda.es\/blog\/wp-json\/wp\/v2\/tags?post=18082"}],"curies":[{"name":"wp","href":"https:\/\/api.w.org\/{rel}","templated":true}]}}