{"id":18067,"date":"2014-08-13T20:17:19","date_gmt":"2014-08-13T19:17:19","guid":{"rendered":"http:\/\/www.moda.es\/blog\/?p=18067"},"modified":"2020-04-27T17:23:23","modified_gmt":"2020-04-27T16:23:23","slug":"karlie-kloss-imagen-de-coco-noir-chanel","status":"publish","type":"post","link":"http:\/\/www.moda.es\/blog\/karlie-kloss-imagen-de-coco-noir-chanel\/","title":{"rendered":"Karlie Kloss, imagen de Coco Noir Chanel"},"content":{"rendered":"<p>Lejos de conformarse con ser uno de los fichajes m\u00e1s deseados de las pasarelas, el cuerpo y cara de \u00e1ngel (de Victoria&#8217;s Secret) de <strong>Karlie Kloss<\/strong> que ya figura en el <strong>n\u00famero<\/strong> <strong>siete<\/strong> de la lista de las cincuenta mejores modelos del mundo, quiere ponerse al frente de las principales campa\u00f1as de belleza.<\/p>\n<p>Por eso y tras haber firmado con <strong>Marc Jacobs<\/strong> para ser imagen de su perfume <strong>Lola<\/strong>, la modelo americana ha fichado con Chanel para participar en la campa\u00f1a de la fragancia <strong>Coco Noir<\/strong>.<\/p>\n<p><a href=\"https:\/\/i0.wp.com\/www.moda.es\/blog\/wp-content\/uploads\/2014\/08\/chanel-3.jpg\"><img data-attachment-id=\"18069\" data-permalink=\"http:\/\/www.moda.es\/blog\/karlie-kloss-imagen-de-coco-noir-chanel\/chanel-3-4\/\" data-orig-file=\"https:\/\/i0.wp.com\/www.moda.es\/blog\/wp-content\/uploads\/2014\/08\/chanel-3.jpg?fit=650%2C854\" data-orig-size=\"650,854\" data-comments-opened=\"1\" data-image-meta=\"{&quot;aperture&quot;:&quot;0&quot;,&quot;credit&quot;:&quot;&quot;,&quot;camera&quot;:&quot;&quot;,&quot;caption&quot;:&quot;&quot;,&quot;created_timestamp&quot;:&quot;0&quot;,&quot;copyright&quot;:&quot;&quot;,&quot;focal_length&quot;:&quot;0&quot;,&quot;iso&quot;:&quot;0&quot;,&quot;shutter_speed&quot;:&quot;0&quot;,&quot;title&quot;:&quot;&quot;}\" data-image-title=\"chanel 3\" data-image-description=\"\" data-image-caption=\"\" data-medium-file=\"https:\/\/i0.wp.com\/www.moda.es\/blog\/wp-content\/uploads\/2014\/08\/chanel-3.jpg?fit=228%2C300\" data-large-file=\"https:\/\/i0.wp.com\/www.moda.es\/blog\/wp-content\/uploads\/2014\/08\/chanel-3.jpg?fit=640%2C841\" loading=\"lazy\" class=\"size-medium wp-image-18069 aligncenter\" alt=\"chanel 3\" src=\"https:\/\/i0.wp.com\/www.moda.es\/blog\/wp-content\/uploads\/2014\/08\/chanel-3.jpg?resize=228%2C300\" width=\"228\" height=\"300\" srcset=\"https:\/\/i0.wp.com\/www.moda.es\/blog\/wp-content\/uploads\/2014\/08\/chanel-3.jpg?resize=228%2C300 228w, https:\/\/i0.wp.com\/www.moda.es\/blog\/wp-content\/uploads\/2014\/08\/chanel-3.jpg?resize=420%2C551 420w, https:\/\/i0.wp.com\/www.moda.es\/blog\/wp-content\/uploads\/2014\/08\/chanel-3.jpg?w=650 650w\" sizes=\"(max-width: 228px) 100vw, 228px\" data-recalc-dims=\"1\" \/><\/a><\/p>\n<p>Oscura y con primac\u00eda del negro pero con un aura muy sensual, la campa\u00f1a, que ha sido fotografiada por <strong>S\u00f8lve Sundsb\u00f8<\/strong>, representa el misterio y el dramatismo del aroma de Coco Noir.<\/p>\n<p><a href=\"https:\/\/i0.wp.com\/www.moda.es\/blog\/wp-content\/uploads\/2014\/08\/chanel-2.jpg\"><img data-attachment-id=\"18070\" data-permalink=\"http:\/\/www.moda.es\/blog\/karlie-kloss-imagen-de-coco-noir-chanel\/chanel-2-4\/\" data-orig-file=\"https:\/\/i0.wp.com\/www.moda.es\/blog\/wp-content\/uploads\/2014\/08\/chanel-2.jpg?fit=650%2C854\" data-orig-size=\"650,854\" data-comments-opened=\"1\" data-image-meta=\"{&quot;aperture&quot;:&quot;0&quot;,&quot;credit&quot;:&quot;&quot;,&quot;camera&quot;:&quot;&quot;,&quot;caption&quot;:&quot;&quot;,&quot;created_timestamp&quot;:&quot;0&quot;,&quot;copyright&quot;:&quot;&quot;,&quot;focal_length&quot;:&quot;0&quot;,&quot;iso&quot;:&quot;0&quot;,&quot;shutter_speed&quot;:&quot;0&quot;,&quot;title&quot;:&quot;&quot;}\" data-image-title=\"chanel 2\" data-image-description=\"\" data-image-caption=\"\" data-medium-file=\"https:\/\/i0.wp.com\/www.moda.es\/blog\/wp-content\/uploads\/2014\/08\/chanel-2.jpg?fit=228%2C300\" data-large-file=\"https:\/\/i0.wp.com\/www.moda.es\/blog\/wp-content\/uploads\/2014\/08\/chanel-2.jpg?fit=640%2C841\" loading=\"lazy\" class=\"size-medium wp-image-18070 aligncenter\" alt=\"chanel 2\" src=\"https:\/\/i0.wp.com\/www.moda.es\/blog\/wp-content\/uploads\/2014\/08\/chanel-2.jpg?resize=228%2C300\" width=\"228\" height=\"300\" srcset=\"https:\/\/i0.wp.com\/www.moda.es\/blog\/wp-content\/uploads\/2014\/08\/chanel-2.jpg?resize=228%2C300 228w, https:\/\/i0.wp.com\/www.moda.es\/blog\/wp-content\/uploads\/2014\/08\/chanel-2.jpg?resize=420%2C551 420w, https:\/\/i0.wp.com\/www.moda.es\/blog\/wp-content\/uploads\/2014\/08\/chanel-2.jpg?w=650 650w\" sizes=\"(max-width: 228px) 100vw, 228px\" data-recalc-dims=\"1\" \/><\/a><\/p>\n<p>Coco Noir fue lanzado en 2012 por la casa francesa y es una infusi\u00f3n de <strong>pomelo,\u00a0<\/strong>rosa, vainilla,<strong> pachul\u00ed de Indonesia, bergamota de Calabria<\/strong>, jazm\u00edn, <strong>haba tonka del Brasil, <\/strong>narciso, incienso y <strong>s\u00e1ndalo de Nueva Calcedonia<\/strong>.<\/p>\n<p>As\u00ed, Kloss se une a a <strong>Nicole Kidman, Keira Knightley y Gisele B\u00fcndchen<\/strong>, las afortunadas a las que ya hemos visto en las campa\u00f1as de las fragancias m\u00e1s deseadas del mercado.<\/p>\n<p><a href=\"https:\/\/i0.wp.com\/www.moda.es\/blog\/wp-content\/uploads\/2014\/08\/chanel.jpg\"><img data-attachment-id=\"18068\" data-permalink=\"http:\/\/www.moda.es\/blog\/karlie-kloss-imagen-de-coco-noir-chanel\/chanel-10\/\" data-orig-file=\"https:\/\/i0.wp.com\/www.moda.es\/blog\/wp-content\/uploads\/2014\/08\/chanel.jpg?fit=650%2C452\" data-orig-size=\"650,452\" data-comments-opened=\"1\" data-image-meta=\"{&quot;aperture&quot;:&quot;0&quot;,&quot;credit&quot;:&quot;&quot;,&quot;camera&quot;:&quot;&quot;,&quot;caption&quot;:&quot;&quot;,&quot;created_timestamp&quot;:&quot;0&quot;,&quot;copyright&quot;:&quot;&quot;,&quot;focal_length&quot;:&quot;0&quot;,&quot;iso&quot;:&quot;0&quot;,&quot;shutter_speed&quot;:&quot;0&quot;,&quot;title&quot;:&quot;&quot;}\" data-image-title=\"chanel\" data-image-description=\"\" data-image-caption=\"\" data-medium-file=\"https:\/\/i0.wp.com\/www.moda.es\/blog\/wp-content\/uploads\/2014\/08\/chanel.jpg?fit=300%2C208\" data-large-file=\"https:\/\/i0.wp.com\/www.moda.es\/blog\/wp-content\/uploads\/2014\/08\/chanel.jpg?fit=640%2C445\" loading=\"lazy\" class=\"size-medium wp-image-18068 aligncenter\" alt=\"chanel\" src=\"https:\/\/i0.wp.com\/www.moda.es\/blog\/wp-content\/uploads\/2014\/08\/chanel.jpg?resize=300%2C208\" width=\"300\" height=\"208\" srcset=\"https:\/\/i0.wp.com\/www.moda.es\/blog\/wp-content\/uploads\/2014\/08\/chanel.jpg?resize=300%2C208 300w, https:\/\/i0.wp.com\/www.moda.es\/blog\/wp-content\/uploads\/2014\/08\/chanel.jpg?resize=420%2C292 420w, https:\/\/i0.wp.com\/www.moda.es\/blog\/wp-content\/uploads\/2014\/08\/chanel.jpg?w=650 650w\" sizes=\"(max-width: 300px) 100vw, 300px\" data-recalc-dims=\"1\" \/><\/a><\/p>\n<p>\u00a9The Cut                             <\/p>\n","protected":false},"excerpt":{"rendered":"<p>Lejos de conformarse con ser uno de los fichajes m\u00e1s deseados de las pasarelas, el cuerpo y cara de \u00e1ngel (de Victoria&#8217;s Secret) de Karlie Kloss que ya figura en el n\u00famero siete de la lista de las cincuenta mejores modelos del mundo, quiere ponerse al frente de las principales [&hellip;]<\/p>\n","protected":false},"author":3,"featured_media":18068,"comment_status":"open","ping_status":"open","sticky":false,"template":"","format":"standard","meta":{"jetpack_publicize_message":"","jetpack_is_tweetstorm":false,"jetpack_publicize_feature_enabled":true},"categories":[8,11,14,15,17],"tags":[1062,352,466,477,575,667,1063],"jetpack_publicize_connections":[],"jetpack_featured_media_url":"https:\/\/i0.wp.com\/www.moda.es\/blog\/wp-content\/uploads\/2014\/08\/chanel.jpg?fit=650%2C452","jetpack_sharing_enabled":true,"jetpack_shortlink":"https:\/\/wp.me\/p4tJCC-4Hp","jetpack-related-posts":[{"id":13078,"url":"http:\/\/www.moda.es\/blog\/karlie-kloss-nueva-chica-jean-paul-gaultier\/","url_meta":{"origin":18067,"position":0},"title":"Karlie Kloss, nueva chica Jean Paul Gaultier","date":"junio 20, 2013","format":false,"excerpt":"Aunque el fot\u00f3grafo, artista, foto - ensayista y director de videos musicales St\u00e9phane Sednaoui es conocido por ser muy polifac\u00e9tico, su fotograf\u00eda de moda no es exactamente lo que le hizo famoso. Al no haber disparado ninguna campa\u00f1a publicitaria de moda notable desde la de Etro para la Primavera de\u2026","rel":"","context":"En \u00abCampa\u00f1as\u00bb","img":{"alt_text":"","src":"https:\/\/i0.wp.com\/www.moda.es\/blog\/wp-content\/uploads\/2013\/06\/JPGKarlie-Kloss1.jpg?fit=400%2C519&resize=350%2C200","width":350,"height":200},"classes":[]},{"id":19509,"url":"http:\/\/www.moda.es\/blog\/karlie-kloss-nueva-chica-versace\/","url_meta":{"origin":18067,"position":1},"title":"Karlie Kloss, nueva chica Versace","date":"junio 16, 2015","format":false,"excerpt":"Karlie Kloss sigue explorando nuevas campa\u00f1as ahora como imagen de la nueva temporada oto\u00f1o - invierno 2015 de Versace. Despu\u00e9s de anunciar que no renovar\u00e1 su contrato con Victoria's Secret, la modelo ha optado por alistarse en las filas de las grandes marcas de siempre. La modelo comparti\u00f3 el escenario\u2026","rel":"","context":"En \u00abActualidad\u00bb","img":{"alt_text":"","src":"https:\/\/i0.wp.com\/www.moda.es\/blog\/wp-content\/uploads\/2015\/06\/versace.jpg?fit=650%2C867&resize=350%2C200","width":350,"height":200},"classes":[]},{"id":20745,"url":"http:\/\/www.moda.es\/blog\/karlie-kloss-nueva-imagen-de-swarovski\/","url_meta":{"origin":18067,"position":2},"title":"Karlie Kloss, nueva imagen de Swarovski","date":"junio 6, 2016","format":false,"excerpt":"\u00bfUn relevo generacional? O quiz\u00e1s la simple necesidad de seguir sorprendiendo a los fans de la marca. Swarovski ha presentado su nueva campa\u00f1a para la colecci\u00f3n oto\u00f1o - invierno 2016, y la nueva imagen de la casa es Karlie Kloss. Recogiendo el testigo de Miranda Kerr, que ha actuado como\u2026","rel":"","context":"En \u00abAccesorios\u00bb","img":{"alt_text":"","src":"https:\/\/i0.wp.com\/www.moda.es\/blog\/wp-content\/uploads\/2016\/06\/Captura-de-pantalla-2016-06-06-a-las-23.09.40.png?fit=626%2C486&resize=350%2C200","width":350,"height":200},"classes":[]},{"id":20144,"url":"http:\/\/www.moda.es\/blog\/karlie-kloss-nueva-imagen-de-topshop\/","url_meta":{"origin":18067,"position":3},"title":"Karlie Kloss nueva imagen de TopShop","date":"enero 4, 2016","format":false,"excerpt":"Es dif\u00edcil creer que Karlie Kloss y su bonita cara de duende\u00a0lleven ya protagonizando campa\u00f1as\u00a0\u00a0ocho a\u00f1os(todav\u00eda tiene s\u00f3lo 23 a\u00f1os de edad) pero as\u00ed es. Su \u00faltima campa\u00f1a la lleva a su punto de partida devolvi\u00e9ndola a una de las primeras marcas con las que\u00a0trabaj\u00f3 en 2008, el gigante brit\u00e1nico\u00a0Topshop.\u2026","rel":"","context":"En \u00abCampa\u00f1as\u00bb","img":{"alt_text":"","src":"https:\/\/i0.wp.com\/www.moda.es\/blog\/wp-content\/uploads\/2016\/01\/Captura-de-pantalla-2016-01-04-a-las-20.28.42.png?fit=362%2C583&resize=350%2C200","width":350,"height":200},"classes":[]},{"id":19629,"url":"http:\/\/www.moda.es\/blog\/karlie-kloss-ahora-blogger\/","url_meta":{"origin":18067,"position":4},"title":"Karlie Kloss, ahora blogger","date":"julio 23, 2015","format":false,"excerpt":"Por si Karlie Kloss no era ya suficientemente perfecta en todo, ha decidido iniciarse como video blogger para que literalmente nos enganchemos a ella. La modelo, estudiante, fil\u00e1ntropa, cocinera, empresaria e imagen de distintas marcas lanz\u00f3 su propio canal en YouTube ayer, ofreciendo una visi\u00f3n de su vida loca y\u2026","rel":"","context":"En \u00abActualidad\u00bb","img":{"alt_text":"","src":"https:\/\/i0.wp.com\/www.moda.es\/blog\/wp-content\/uploads\/2015\/07\/Captura-de-pantalla-2015-07-23-a-las-22.33.12.png?fit=316%2C480&resize=350%2C200","width":350,"height":200},"classes":[]},{"id":22505,"url":"http:\/\/www.moda.es\/blog\/karlie-kloss-vuelve-a-la-pasarela-de-victorias-secret-tras-dos-anos\/","url_meta":{"origin":18067,"position":5},"title":"Karlie Kloss vuelve a la pasarela de Victoria&#8217;s Secret tras dos a\u00f1os","date":"septiembre 4, 2017","format":false,"excerpt":"Karlie Kloss est\u00e1 rompiendo su descanso de modelado para regresar al famoso desfile de Victoria's Secret de este a\u00f1o. La modelo anunci\u00f3 la noticia en Instagram ayer con una bonita imagen del backstage del desfile de moda de 2014. \"Nos vemos en Shanghai @VictoriasSecret \ud83d\ude07\ud83d\udc97\", escribi\u00f3 en el pie de\u2026","rel":"","context":"En \u00abDestacados\u00bb","img":{"alt_text":"","src":"https:\/\/i0.wp.com\/www.moda.es\/blog\/wp-content\/uploads\/2017\/09\/Captura-de-pantalla-2017-09-04-a-las-23.02.50.png?fit=675%2C343&resize=350%2C200","width":350,"height":200},"classes":[]}],"_links":{"self":[{"href":"http:\/\/www.moda.es\/blog\/wp-json\/wp\/v2\/posts\/18067"}],"collection":[{"href":"http:\/\/www.moda.es\/blog\/wp-json\/wp\/v2\/posts"}],"about":[{"href":"http:\/\/www.moda.es\/blog\/wp-json\/wp\/v2\/types\/post"}],"author":[{"embeddable":true,"href":"http:\/\/www.moda.es\/blog\/wp-json\/wp\/v2\/users\/3"}],"replies":[{"embeddable":true,"href":"http:\/\/www.moda.es\/blog\/wp-json\/wp\/v2\/comments?post=18067"}],"version-history":[{"count":6,"href":"http:\/\/www.moda.es\/blog\/wp-json\/wp\/v2\/posts\/18067\/revisions"}],"predecessor-version":[{"id":36305,"href":"http:\/\/www.moda.es\/blog\/wp-json\/wp\/v2\/posts\/18067\/revisions\/36305"}],"wp:featuredmedia":[{"embeddable":true,"href":"http:\/\/www.moda.es\/blog\/wp-json\/wp\/v2\/media\/18068"}],"wp:attachment":[{"href":"http:\/\/www.moda.es\/blog\/wp-json\/wp\/v2\/media?parent=18067"}],"wp:term":[{"taxonomy":"category","embeddable":true,"href":"http:\/\/www.moda.es\/blog\/wp-json\/wp\/v2\/categories?post=18067"},{"taxonomy":"post_tag","embeddable":true,"href":"http:\/\/www.moda.es\/blog\/wp-json\/wp\/v2\/tags?post=18067"}],"curies":[{"name":"wp","href":"https:\/\/api.w.org\/{rel}","templated":true}]}}