{"id":18062,"date":"2014-08-12T21:47:25","date_gmt":"2014-08-12T20:47:25","guid":{"rendered":"http:\/\/www.moda.es\/blog\/?p=18062"},"modified":"2020-04-27T17:23:32","modified_gmt":"2020-04-27T16:23:32","slug":"la-fortuna-te-sonrie-kate","status":"publish","type":"post","link":"http:\/\/www.moda.es\/blog\/la-fortuna-te-sonrie-kate\/","title":{"rendered":"La fortuna te sonr\u00ede, Kate"},"content":{"rendered":"<p>Y lo hace porque no para de crecer. <strong>2013<\/strong> fue el a\u00f1o m\u00e1s lucrativo de la modelo de <strong>40 a\u00f1os<\/strong> de edad y parece que a pesar de su edad su carrera sigue atravesando uno de sus mejores momentos porque sus cuentas no tienen intenci\u00f3n de parar de crecer.<\/p>\n<p><a href=\"https:\/\/i0.wp.com\/www.moda.es\/blog\/wp-content\/uploads\/2014\/08\/kate.jpg\"><img data-attachment-id=\"18064\" data-permalink=\"http:\/\/www.moda.es\/blog\/la-fortuna-te-sonrie-kate\/kate\/\" data-orig-file=\"https:\/\/i0.wp.com\/www.moda.es\/blog\/wp-content\/uploads\/2014\/08\/kate.jpg?fit=650%2C946\" data-orig-size=\"650,946\" data-comments-opened=\"1\" data-image-meta=\"{&quot;aperture&quot;:&quot;0&quot;,&quot;credit&quot;:&quot;&quot;,&quot;camera&quot;:&quot;&quot;,&quot;caption&quot;:&quot;&quot;,&quot;created_timestamp&quot;:&quot;0&quot;,&quot;copyright&quot;:&quot;&quot;,&quot;focal_length&quot;:&quot;0&quot;,&quot;iso&quot;:&quot;0&quot;,&quot;shutter_speed&quot;:&quot;0&quot;,&quot;title&quot;:&quot;&quot;}\" data-image-title=\"kate\" data-image-description=\"\" data-image-caption=\"\" data-medium-file=\"https:\/\/i0.wp.com\/www.moda.es\/blog\/wp-content\/uploads\/2014\/08\/kate.jpg?fit=206%2C300\" data-large-file=\"https:\/\/i0.wp.com\/www.moda.es\/blog\/wp-content\/uploads\/2014\/08\/kate.jpg?fit=640%2C931\" loading=\"lazy\" class=\"size-medium wp-image-18064 aligncenter\" alt=\"kate\" src=\"https:\/\/i0.wp.com\/www.moda.es\/blog\/wp-content\/uploads\/2014\/08\/kate.jpg?resize=206%2C300\" width=\"206\" height=\"300\" srcset=\"https:\/\/i0.wp.com\/www.moda.es\/blog\/wp-content\/uploads\/2014\/08\/kate.jpg?resize=206%2C300 206w, https:\/\/i0.wp.com\/www.moda.es\/blog\/wp-content\/uploads\/2014\/08\/kate.jpg?resize=420%2C611 420w, https:\/\/i0.wp.com\/www.moda.es\/blog\/wp-content\/uploads\/2014\/08\/kate.jpg?w=650 650w\" sizes=\"(max-width: 206px) 100vw, 206px\" data-recalc-dims=\"1\" \/><\/a><\/p>\n<p>Moss termin\u00f3 el a\u00f1o con 11 millones de libras m\u00e1s en sus cuentas y en lo que llevamos de <strong>2014,<\/strong> ya cuenta con activos de casi <strong>17 millones<\/strong>.<\/p>\n<p>Los activos de su empresa principal, <strong>Tilly Church Ltd<\/strong>, pasaron de 7,9 millones en octubre de 2012 a <strong>11,8 millones en octubre de 2013<\/strong>, seg\u00fan los datos presentados. Su compa\u00f1\u00eda secundaria, <strong>Skate LLP<\/strong>, registr\u00f3 un aumento menor, pero sigue siendo impresionante de al subri de 3.700.000 a 4,9 millones\u00a0 en el mismo periodo, haciendo que sus activos de negocio neto rondaran los cerca de 17 de millones de libras.<\/p>\n<p><a href=\"https:\/\/i0.wp.com\/www.moda.es\/blog\/wp-content\/uploads\/2014\/08\/kate-2.jpg\"><img loading=\"lazy\" class=\"aligncenter\" alt=\"kate 2\" src=\"https:\/\/i0.wp.com\/www.moda.es\/blog\/wp-content\/uploads\/2014\/08\/kate-2.jpg?resize=300%2C253\" width=\"300\" height=\"253\" data-recalc-dims=\"1\" \/><\/a><\/p>\n<p>Este per\u00edodo tampoco obvia la colecci\u00f3n de accesorios de telefon\u00eda que Kate Moss desarroll\u00f3 en colaboraci\u00f3n\u00a0 con Carphone Warehouse, sus campa\u00f1as con <strong>Stuart Weitzman, St Tropez, Matchless, Rag &amp; Bone o Kerastase,<\/strong> su editorial para la revista <strong>Playboy<\/strong>, as\u00ed como un contrato en curso con Rimmel, y la presentaci\u00f3n de su libro con el que celebraba el \u00e9xito de su carrera hasta el momento.<\/p>\n<p><a href=\"https:\/\/i0.wp.com\/www.moda.es\/blog\/wp-content\/uploads\/2014\/08\/kate3.jpg\"><img data-attachment-id=\"18065\" data-permalink=\"http:\/\/www.moda.es\/blog\/la-fortuna-te-sonrie-kate\/kate3\/\" data-orig-file=\"https:\/\/i0.wp.com\/www.moda.es\/blog\/wp-content\/uploads\/2014\/08\/kate3.jpg?fit=650%2C391\" data-orig-size=\"650,391\" data-comments-opened=\"1\" data-image-meta=\"{&quot;aperture&quot;:&quot;0&quot;,&quot;credit&quot;:&quot;&quot;,&quot;camera&quot;:&quot;&quot;,&quot;caption&quot;:&quot;&quot;,&quot;created_timestamp&quot;:&quot;0&quot;,&quot;copyright&quot;:&quot;&quot;,&quot;focal_length&quot;:&quot;0&quot;,&quot;iso&quot;:&quot;0&quot;,&quot;shutter_speed&quot;:&quot;0&quot;,&quot;title&quot;:&quot;&quot;}\" data-image-title=\"kate3\" data-image-description=\"\" data-image-caption=\"\" data-medium-file=\"https:\/\/i0.wp.com\/www.moda.es\/blog\/wp-content\/uploads\/2014\/08\/kate3.jpg?fit=300%2C180\" data-large-file=\"https:\/\/i0.wp.com\/www.moda.es\/blog\/wp-content\/uploads\/2014\/08\/kate3.jpg?fit=640%2C385\" loading=\"lazy\" class=\"size-medium wp-image-18065 aligncenter\" alt=\"kate3\" src=\"https:\/\/i0.wp.com\/www.moda.es\/blog\/wp-content\/uploads\/2014\/08\/kate3.jpg?resize=300%2C180\" width=\"300\" height=\"180\" srcset=\"https:\/\/i0.wp.com\/www.moda.es\/blog\/wp-content\/uploads\/2014\/08\/kate3.jpg?resize=300%2C180 300w, https:\/\/i0.wp.com\/www.moda.es\/blog\/wp-content\/uploads\/2014\/08\/kate3.jpg?resize=420%2C252 420w, https:\/\/i0.wp.com\/www.moda.es\/blog\/wp-content\/uploads\/2014\/08\/kate3.jpg?w=650 650w\" sizes=\"(max-width: 300px) 100vw, 300px\" data-recalc-dims=\"1\" \/><\/a><\/p>\n<p>Y todav\u00eda queda mucho 2014,,, Pronto veremos su nueva colecci\u00f3n para <strong>TopShop<\/strong> y su participaci\u00f3n como imagen de la pr\u00f3xima campa\u00f1a de <strong>Burberry,,,<\/strong><\/p>\n<p>\u00a9Fashion Telegraph                             <\/p>\n","protected":false},"excerpt":{"rendered":"<p>Y lo hace porque no para de crecer. 2013 fue el a\u00f1o m\u00e1s lucrativo de la modelo de 40 a\u00f1os de edad y parece que a pesar de su edad su carrera sigue atravesando uno de sus mejores momentos porque sus cuentas no tienen intenci\u00f3n de parar de crecer. Moss [&hellip;]<\/p>\n","protected":false},"author":3,"featured_media":18063,"comment_status":"open","ping_status":"open","sticky":false,"template":"","format":"standard","meta":{"jetpack_publicize_message":"","jetpack_is_tweetstorm":false,"jetpack_publicize_feature_enabled":true},"categories":[3,11,17],"tags":[148,471,1061,1060,723,1037,1059,849,897],"jetpack_publicize_connections":[],"jetpack_featured_media_url":"https:\/\/i0.wp.com\/www.moda.es\/blog\/wp-content\/uploads\/2014\/08\/kate-2.jpg?fit=650%2C550","jetpack_sharing_enabled":true,"jetpack_shortlink":"https:\/\/wp.me\/p4tJCC-4Hk","jetpack-related-posts":[{"id":13860,"url":"http:\/\/www.moda.es\/blog\/la-liga-de-las-mujeres-extraordinarias\/","url_meta":{"origin":18062,"position":0},"title":"La liga de las mujeres extraordinarias","date":"agosto 21, 2013","format":false,"excerpt":"No s\u00f3lo son bell\u00edsimas y levantan pasiones sino que adem\u00e1s tienen la serie de amasar aut\u00e9nticas fortunas. La revista Forbes ha pubicado la lista con las modelos mejor pagadas de 2013. \u00bfQuieres saber qui\u00e9nes son? \u00a0Gisele B\u00fcndchen ha encabezado la lista de los modelos de mayores ingresos por s\u00e9ptimo a\u00f1o\u2026","rel":"","context":"En \u00abActualidad\u00bb","img":{"alt_text":"","src":"https:\/\/i0.wp.com\/www.moda.es\/blog\/wp-content\/uploads\/2013\/08\/Top-10-Forbes11.jpg?fit=300%2C450&resize=350%2C200","width":350,"height":200},"classes":[]},{"id":11684,"url":"http:\/\/www.moda.es\/blog\/kate-en-blanco-y-negro\/","url_meta":{"origin":18062,"position":1},"title":"Kate en blanco y negro","date":"marzo 25, 2013","format":false,"excerpt":"Fue descubierta a los 13 a\u00f1os, nos ha estado diciendo a obtener el \"Look London\" en sus anuncios de Rimmel desde hace 12 a\u00f1os, gan\u00f3 9 millones de d\u00f3lares desde mayo de 2012 seg\u00fan Forbes.com, ha realizado seis campa\u00f1as de este a\u00f1o y ha conseguido una belleza campa\u00f1a con K\u00e9rastase.\u2026","rel":"","context":"En \u00abCampa\u00f1as\u00bb","img":{"alt_text":"","src":"https:\/\/i0.wp.com\/www.moda.es\/blog\/wp-content\/uploads\/2013\/03\/Kate-Moss-Matchless11.jpg?fit=400%2C267&resize=350%2C200","width":350,"height":200},"classes":[]},{"id":20057,"url":"http:\/\/www.moda.es\/blog\/el-siguiente-paso-de-chiara-ferragni\/","url_meta":{"origin":18062,"position":2},"title":"El siguiente paso de Chiara Ferragni","date":"diciembre 9, 2015","format":false,"excerpt":"Chiara Ferragni no hace las cosas a medias las hace por un mill\u00f3n. Tiene m\u00e1s de 5 millones de seguidores Instagram, m\u00e1s de 1 mill\u00f3n en Facebook, su web, The Blonde Salad, cuenta con 6 millones de p\u00e1ginas vistas mensuales y su previsi\u00f3n de ingresos totales en 2015 es de\u2026","rel":"","context":"En \u00abActualidad\u00bb","img":{"alt_text":"","src":"https:\/\/i0.wp.com\/www.moda.es\/blog\/wp-content\/uploads\/2015\/12\/Captura-de-pantalla-2015-12-09-a-las-23.09.52.png?fit=408%2C653&resize=350%2C200","width":350,"height":200},"classes":[]},{"id":20752,"url":"http:\/\/www.moda.es\/blog\/la-primera-portada-de-la-hija-de-kate-moss\/","url_meta":{"origin":18062,"position":3},"title":"La primera portada de la hija de Kate Moss","date":"junio 7, 2016","format":false,"excerpt":"Hasta ahora, Kate Moss ha sido muy protectora con \u00a0la privacidad de su hija, manteni\u00e9ndola en gran medida alejada de la alfombra rojas. Pero ahora, a sus 13 a\u00f1os de edad, Lila Grace acaba de aterrizar en su primera portada de Vogue, y algo nos dice que vamos a ver\u2026","rel":"","context":"En \u00abActualidad\u00bb","img":{"alt_text":"","src":"https:\/\/i0.wp.com\/www.moda.es\/blog\/wp-content\/uploads\/2016\/06\/Captura-de-pantalla-2016-06-07-a-las-23.51.22.png?fit=534%2C693&resize=350%2C200","width":350,"height":200},"classes":[]},{"id":17444,"url":"http:\/\/www.moda.es\/blog\/17444\/","url_meta":{"origin":18062,"position":4},"title":"Kate Moss para TopShop&#8230; Lo que nos faltaba por saber","date":"abril 12, 2014","format":false,"excerpt":"Lo de Kate Moss para TopShop no es s\u00f3lo una colaboraci\u00f3n m\u00e1s. Hace uns d\u00edas te mostr\u00e1bamos algunas fotos de la modelo para Vogue UK estrenando su nueva colecci\u00f3n y hoy tenemos m\u00e1s vistas de este gran editorial. Parec\u00eda mentira que siete a\u00f1os despu\u00e9s de la \u00faltima colecci\u00f3n las novedades\u2026","rel":"","context":"En \u00abActualidad\u00bb","img":{"alt_text":"","src":"https:\/\/i0.wp.com\/www.moda.es\/blog\/wp-content\/uploads\/2014\/04\/TopShop-11.jpg?fit=434%2C1200&resize=350%2C200","width":350,"height":200},"classes":[]},{"id":15728,"url":"http:\/\/www.moda.es\/blog\/kate-moss-chica-mcqueen\/","url_meta":{"origin":18062,"position":5},"title":"Kate Moss, chica McQueen","date":"enero 27, 2014","format":false,"excerpt":"Kate Moss acaba de cumplir los cuarenta, pero la belleza no tiene edad. Ni tampoco la versatilidad, la fuerza ni ese no s\u00e9 qu\u00e9 que tiene cada vez que se pone frente a un objetivo. La modelos brit\u00e1nica es la nueva cara de Alexander McQueen, aunque sorprendentemente se trata de\u2026","rel":"","context":"En \u00abCampa\u00f1as\u00bb","img":{"alt_text":"","src":"https:\/\/i0.wp.com\/www.moda.es\/blog\/wp-content\/uploads\/2014\/01\/McQueen-31.jpg?fit=500%2C333&resize=350%2C200","width":350,"height":200},"classes":[]}],"_links":{"self":[{"href":"http:\/\/www.moda.es\/blog\/wp-json\/wp\/v2\/posts\/18062"}],"collection":[{"href":"http:\/\/www.moda.es\/blog\/wp-json\/wp\/v2\/posts"}],"about":[{"href":"http:\/\/www.moda.es\/blog\/wp-json\/wp\/v2\/types\/post"}],"author":[{"embeddable":true,"href":"http:\/\/www.moda.es\/blog\/wp-json\/wp\/v2\/users\/3"}],"replies":[{"embeddable":true,"href":"http:\/\/www.moda.es\/blog\/wp-json\/wp\/v2\/comments?post=18062"}],"version-history":[{"count":6,"href":"http:\/\/www.moda.es\/blog\/wp-json\/wp\/v2\/posts\/18062\/revisions"}],"predecessor-version":[{"id":36306,"href":"http:\/\/www.moda.es\/blog\/wp-json\/wp\/v2\/posts\/18062\/revisions\/36306"}],"wp:featuredmedia":[{"embeddable":true,"href":"http:\/\/www.moda.es\/blog\/wp-json\/wp\/v2\/media\/18063"}],"wp:attachment":[{"href":"http:\/\/www.moda.es\/blog\/wp-json\/wp\/v2\/media?parent=18062"}],"wp:term":[{"taxonomy":"category","embeddable":true,"href":"http:\/\/www.moda.es\/blog\/wp-json\/wp\/v2\/categories?post=18062"},{"taxonomy":"post_tag","embeddable":true,"href":"http:\/\/www.moda.es\/blog\/wp-json\/wp\/v2\/tags?post=18062"}],"curies":[{"name":"wp","href":"https:\/\/api.w.org\/{rel}","templated":true}]}}