{"id":18054,"date":"2014-08-11T22:38:26","date_gmt":"2014-08-11T21:38:26","guid":{"rendered":"http:\/\/www.moda.es\/blog\/?p=18054"},"modified":"2020-04-27T17:23:42","modified_gmt":"2020-04-27T16:23:42","slug":"christian-dior-colabora-con-la-fundacion-princess-grace","status":"publish","type":"post","link":"http:\/\/www.moda.es\/blog\/christian-dior-colabora-con-la-fundacion-princess-grace\/","title":{"rendered":"Christian Dior colabora con la fundaci\u00f3n Princess Grace"},"content":{"rendered":"<p><strong>Christian Dior<\/strong> se ha vuelto a unir, y no es la primera vez, con la familia Real de M\u00f3naco: la marca francesa ha firmado un acuerdo de colaboraci\u00f3n de tres a\u00f1os con <strong>The Princess Grace Foundation-USA. <\/strong><\/p>\n<p style=\"text-align: center\">\u00a0<a href=\"https:\/\/i0.wp.com\/www.moda.es\/blog\/wp-content\/uploads\/2014\/08\/gracce-6.jpg\"><img data-attachment-id=\"18056\" data-permalink=\"http:\/\/www.moda.es\/blog\/christian-dior-colabora-con-la-fundacion-princess-grace\/gracce-6\/\" data-orig-file=\"https:\/\/i0.wp.com\/www.moda.es\/blog\/wp-content\/uploads\/2014\/08\/gracce-6.jpg?fit=650%2C975\" data-orig-size=\"650,975\" data-comments-opened=\"1\" data-image-meta=\"{&quot;aperture&quot;:&quot;0&quot;,&quot;credit&quot;:&quot;&quot;,&quot;camera&quot;:&quot;&quot;,&quot;caption&quot;:&quot;&quot;,&quot;created_timestamp&quot;:&quot;0&quot;,&quot;copyright&quot;:&quot;&quot;,&quot;focal_length&quot;:&quot;0&quot;,&quot;iso&quot;:&quot;0&quot;,&quot;shutter_speed&quot;:&quot;0&quot;,&quot;title&quot;:&quot;&quot;}\" data-image-title=\"gracce 6\" data-image-description=\"\" data-image-caption=\"\" data-medium-file=\"https:\/\/i0.wp.com\/www.moda.es\/blog\/wp-content\/uploads\/2014\/08\/gracce-6.jpg?fit=200%2C300\" data-large-file=\"https:\/\/i0.wp.com\/www.moda.es\/blog\/wp-content\/uploads\/2014\/08\/gracce-6.jpg?fit=640%2C960\" loading=\"lazy\" class=\"alignnone size-medium wp-image-18056\" alt=\"gracce 6\" src=\"https:\/\/i0.wp.com\/www.moda.es\/blog\/wp-content\/uploads\/2014\/08\/gracce-6.jpg?resize=200%2C300\" width=\"200\" height=\"300\" srcset=\"https:\/\/i0.wp.com\/www.moda.es\/blog\/wp-content\/uploads\/2014\/08\/gracce-6.jpg?resize=200%2C300 200w, https:\/\/i0.wp.com\/www.moda.es\/blog\/wp-content\/uploads\/2014\/08\/gracce-6.jpg?resize=420%2C630 420w, https:\/\/i0.wp.com\/www.moda.es\/blog\/wp-content\/uploads\/2014\/08\/gracce-6.jpg?w=650 650w\" sizes=\"(max-width: 200px) 100vw, 200px\" data-recalc-dims=\"1\" \/><\/a> <a href=\"https:\/\/i0.wp.com\/www.moda.es\/blog\/wp-content\/uploads\/2014\/08\/grace-1.jpg\"><img data-attachment-id=\"18057\" data-permalink=\"http:\/\/www.moda.es\/blog\/christian-dior-colabora-con-la-fundacion-princess-grace\/grace-1-2\/\" data-orig-file=\"https:\/\/i0.wp.com\/www.moda.es\/blog\/wp-content\/uploads\/2014\/08\/grace-1.jpg?fit=650%2C975\" data-orig-size=\"650,975\" data-comments-opened=\"1\" data-image-meta=\"{&quot;aperture&quot;:&quot;0&quot;,&quot;credit&quot;:&quot;&quot;,&quot;camera&quot;:&quot;&quot;,&quot;caption&quot;:&quot;&quot;,&quot;created_timestamp&quot;:&quot;0&quot;,&quot;copyright&quot;:&quot;&quot;,&quot;focal_length&quot;:&quot;0&quot;,&quot;iso&quot;:&quot;0&quot;,&quot;shutter_speed&quot;:&quot;0&quot;,&quot;title&quot;:&quot;&quot;}\" data-image-title=\"grace 1\" data-image-description=\"\" data-image-caption=\"\" data-medium-file=\"https:\/\/i0.wp.com\/www.moda.es\/blog\/wp-content\/uploads\/2014\/08\/grace-1.jpg?fit=200%2C300\" data-large-file=\"https:\/\/i0.wp.com\/www.moda.es\/blog\/wp-content\/uploads\/2014\/08\/grace-1.jpg?fit=640%2C960\" loading=\"lazy\" class=\"alignnone size-medium wp-image-18057\" alt=\"grace 1\" src=\"https:\/\/i0.wp.com\/www.moda.es\/blog\/wp-content\/uploads\/2014\/08\/grace-1.jpg?resize=200%2C300\" width=\"200\" height=\"300\" srcset=\"https:\/\/i0.wp.com\/www.moda.es\/blog\/wp-content\/uploads\/2014\/08\/grace-1.jpg?resize=200%2C300 200w, https:\/\/i0.wp.com\/www.moda.es\/blog\/wp-content\/uploads\/2014\/08\/grace-1.jpg?resize=420%2C630 420w, https:\/\/i0.wp.com\/www.moda.es\/blog\/wp-content\/uploads\/2014\/08\/grace-1.jpg?w=650 650w\" sizes=\"(max-width: 200px) 100vw, 200px\" data-recalc-dims=\"1\" \/><\/a><\/p>\n<p>La marca de lujo francesa, que fue lucida muchas veces por la princesa durante toda su vida, ser\u00e1 el \u00fanico patrocinador de las pr\u00f3ximas galas que celebrar\u00e1 la fundaci\u00f3n en <strong>Los \u00c1ngeles, M\u00f3naco y Nueva York<\/strong> en los pr\u00f3ximos dos a\u00f1os (la primera el 8 de octubre en Beverly Hills).\u00a0Este acuerdo persigue elevar el perfil de la fundaci\u00f3n, que ya fuera establecido por el Pr\u00edncipe Rainiero despu\u00e9s de la muerte de la princesa Grace en <strong>1982,<\/strong> para proporciona becas de estudios, de investigaci\u00f3n y pr\u00e1cticas para la promoci\u00f3n de talentos emergentes de las artes.<\/p>\n<p style=\"text-align: center\"><a href=\"https:\/\/i0.wp.com\/www.moda.es\/blog\/wp-content\/uploads\/2014\/08\/grace-5.jpg\"><img data-attachment-id=\"18058\" data-permalink=\"http:\/\/www.moda.es\/blog\/christian-dior-colabora-con-la-fundacion-princess-grace\/grace-5-2\/\" data-orig-file=\"https:\/\/i0.wp.com\/www.moda.es\/blog\/wp-content\/uploads\/2014\/08\/grace-5.jpg?fit=650%2C975\" data-orig-size=\"650,975\" data-comments-opened=\"1\" data-image-meta=\"{&quot;aperture&quot;:&quot;0&quot;,&quot;credit&quot;:&quot;&quot;,&quot;camera&quot;:&quot;&quot;,&quot;caption&quot;:&quot;&quot;,&quot;created_timestamp&quot;:&quot;0&quot;,&quot;copyright&quot;:&quot;&quot;,&quot;focal_length&quot;:&quot;0&quot;,&quot;iso&quot;:&quot;0&quot;,&quot;shutter_speed&quot;:&quot;0&quot;,&quot;title&quot;:&quot;&quot;}\" data-image-title=\"grace 5\" data-image-description=\"\" data-image-caption=\"\" data-medium-file=\"https:\/\/i0.wp.com\/www.moda.es\/blog\/wp-content\/uploads\/2014\/08\/grace-5.jpg?fit=200%2C300\" data-large-file=\"https:\/\/i0.wp.com\/www.moda.es\/blog\/wp-content\/uploads\/2014\/08\/grace-5.jpg?fit=640%2C960\" loading=\"lazy\" class=\"alignnone size-medium wp-image-18058\" alt=\"grace 5\" src=\"https:\/\/i0.wp.com\/www.moda.es\/blog\/wp-content\/uploads\/2014\/08\/grace-5.jpg?resize=200%2C300\" width=\"200\" height=\"300\" srcset=\"https:\/\/i0.wp.com\/www.moda.es\/blog\/wp-content\/uploads\/2014\/08\/grace-5.jpg?resize=200%2C300 200w, https:\/\/i0.wp.com\/www.moda.es\/blog\/wp-content\/uploads\/2014\/08\/grace-5.jpg?resize=420%2C630 420w, https:\/\/i0.wp.com\/www.moda.es\/blog\/wp-content\/uploads\/2014\/08\/grace-5.jpg?w=650 650w\" sizes=\"(max-width: 200px) 100vw, 200px\" data-recalc-dims=\"1\" \/><\/a> <a href=\"https:\/\/i0.wp.com\/www.moda.es\/blog\/wp-content\/uploads\/2014\/08\/grace2.jpg\"><img data-attachment-id=\"18059\" data-permalink=\"http:\/\/www.moda.es\/blog\/christian-dior-colabora-con-la-fundacion-princess-grace\/grace2\/\" data-orig-file=\"https:\/\/i0.wp.com\/www.moda.es\/blog\/wp-content\/uploads\/2014\/08\/grace2.jpg?fit=650%2C975\" data-orig-size=\"650,975\" data-comments-opened=\"1\" data-image-meta=\"{&quot;aperture&quot;:&quot;0&quot;,&quot;credit&quot;:&quot;&quot;,&quot;camera&quot;:&quot;&quot;,&quot;caption&quot;:&quot;&quot;,&quot;created_timestamp&quot;:&quot;0&quot;,&quot;copyright&quot;:&quot;&quot;,&quot;focal_length&quot;:&quot;0&quot;,&quot;iso&quot;:&quot;0&quot;,&quot;shutter_speed&quot;:&quot;0&quot;,&quot;title&quot;:&quot;&quot;}\" data-image-title=\"grace2\" data-image-description=\"\" data-image-caption=\"\" data-medium-file=\"https:\/\/i0.wp.com\/www.moda.es\/blog\/wp-content\/uploads\/2014\/08\/grace2.jpg?fit=200%2C300\" data-large-file=\"https:\/\/i0.wp.com\/www.moda.es\/blog\/wp-content\/uploads\/2014\/08\/grace2.jpg?fit=640%2C960\" loading=\"lazy\" class=\"alignnone size-medium wp-image-18059\" alt=\"grace2\" src=\"https:\/\/i0.wp.com\/www.moda.es\/blog\/wp-content\/uploads\/2014\/08\/grace2.jpg?resize=200%2C300\" width=\"200\" height=\"300\" srcset=\"https:\/\/i0.wp.com\/www.moda.es\/blog\/wp-content\/uploads\/2014\/08\/grace2.jpg?resize=200%2C300 200w, https:\/\/i0.wp.com\/www.moda.es\/blog\/wp-content\/uploads\/2014\/08\/grace2.jpg?resize=420%2C630 420w, https:\/\/i0.wp.com\/www.moda.es\/blog\/wp-content\/uploads\/2014\/08\/grace2.jpg?w=650 650w\" sizes=\"(max-width: 200px) 100vw, 200px\" data-recalc-dims=\"1\" \/><\/a><\/p>\n<p>Esta alianza parec\u00eda est\u00e1r anunciada cuando Dior celebr\u00f3 su desfile de la pre-colecci\u00f3n <strong>primavera \/ verano 2014<\/strong> en el Principado el pasado mes de mayo pasado, al que asistieron el <strong>Pr\u00edncipe Alberto y la Princesa Charlene<\/strong>, mientras que su compa\u00f1ero de LVMH, <strong>Louis Vuitton<\/strong>, hizo lo mismo para la pre-primavera \/ verano 2015.<\/p>\n<p><a href=\"https:\/\/i0.wp.com\/www.moda.es\/blog\/wp-content\/uploads\/2014\/08\/grace-4.jpg\"><img data-attachment-id=\"18055\" data-permalink=\"http:\/\/www.moda.es\/blog\/christian-dior-colabora-con-la-fundacion-princess-grace\/grace-4-2\/\" data-orig-file=\"https:\/\/i0.wp.com\/www.moda.es\/blog\/wp-content\/uploads\/2014\/08\/grace-4.jpg?fit=650%2C975\" data-orig-size=\"650,975\" data-comments-opened=\"1\" data-image-meta=\"{&quot;aperture&quot;:&quot;0&quot;,&quot;credit&quot;:&quot;&quot;,&quot;camera&quot;:&quot;&quot;,&quot;caption&quot;:&quot;&quot;,&quot;created_timestamp&quot;:&quot;0&quot;,&quot;copyright&quot;:&quot;&quot;,&quot;focal_length&quot;:&quot;0&quot;,&quot;iso&quot;:&quot;0&quot;,&quot;shutter_speed&quot;:&quot;0&quot;,&quot;title&quot;:&quot;&quot;}\" data-image-title=\"grace 4\" data-image-description=\"\" data-image-caption=\"\" data-medium-file=\"https:\/\/i0.wp.com\/www.moda.es\/blog\/wp-content\/uploads\/2014\/08\/grace-4.jpg?fit=200%2C300\" data-large-file=\"https:\/\/i0.wp.com\/www.moda.es\/blog\/wp-content\/uploads\/2014\/08\/grace-4.jpg?fit=640%2C960\" loading=\"lazy\" class=\"size-medium wp-image-18055 aligncenter\" alt=\"grace 4\" src=\"https:\/\/i0.wp.com\/www.moda.es\/blog\/wp-content\/uploads\/2014\/08\/grace-4.jpg?resize=200%2C300\" width=\"200\" height=\"300\" srcset=\"https:\/\/i0.wp.com\/www.moda.es\/blog\/wp-content\/uploads\/2014\/08\/grace-4.jpg?resize=200%2C300 200w, https:\/\/i0.wp.com\/www.moda.es\/blog\/wp-content\/uploads\/2014\/08\/grace-4.jpg?resize=420%2C630 420w, https:\/\/i0.wp.com\/www.moda.es\/blog\/wp-content\/uploads\/2014\/08\/grace-4.jpg?w=650 650w\" sizes=\"(max-width: 200px) 100vw, 200px\" data-recalc-dims=\"1\" \/><\/a><strong><\/strong><\/p>\n<p><strong>Denzel Washington, Reese Witherspoon <\/strong>y <strong>Mikhail Baryshnikov<\/strong> son algunos de los miembros del jurado que votar\u00e1 a los ganadores.<\/p>\n<p>\u00a9Vogue                             <\/p>\n","protected":false},"excerpt":{"rendered":"<p>Christian Dior se ha vuelto a unir, y no es la primera vez, con la familia Real de M\u00f3naco: la marca francesa ha firmado un acuerdo de colaboraci\u00f3n de tres a\u00f1os con The Princess Grace Foundation-USA. \u00a0 La marca de lujo francesa, que fue lucida muchas veces por la princesa [&hellip;]<\/p>\n","protected":false},"author":3,"featured_media":18055,"comment_status":"open","ping_status":"open","sticky":false,"template":"","format":"standard","meta":{"jetpack_publicize_message":"","jetpack_is_tweetstorm":false,"jetpack_publicize_feature_enabled":true},"categories":[3,11,14],"tags":[193,1056,548,1058,1057],"jetpack_publicize_connections":[],"jetpack_featured_media_url":"https:\/\/i0.wp.com\/www.moda.es\/blog\/wp-content\/uploads\/2014\/08\/grace-4.jpg?fit=650%2C975","jetpack_sharing_enabled":true,"jetpack_shortlink":"https:\/\/wp.me\/p4tJCC-4Hc","jetpack-related-posts":[{"id":19390,"url":"http:\/\/www.moda.es\/blog\/bienvenida-a-dior-rihanna\/","url_meta":{"origin":18054,"position":0},"title":"Bienvenida a Dior, Rihanna","date":"mayo 14, 2015","format":false,"excerpt":"La estrella del pop ha entrado oficialmente en la familia de Christian Dior con una campa\u00f1a elegante y seductora. Rihanna es, a sus 27 a\u00f1os de edad, la estrella de la campa\u00f1a Secret Garden de la casa de moda , que muestra la colecci\u00f3n Esprit Tokio 2015 de Raf Simons.\u2026","rel":"","context":"En \u00abActualidad\u00bb","img":{"alt_text":"","src":"https:\/\/i0.wp.com\/www.moda.es\/blog\/wp-content\/uploads\/2015\/05\/rd2.jpg?fit=650%2C428&resize=350%2C200","width":350,"height":200},"classes":[]},{"id":19919,"url":"http:\/\/www.moda.es\/blog\/raf-simons-abandona-dior\/","url_meta":{"origin":18054,"position":1},"title":"Raf Simons abandona Dior","date":"octubre 24, 2015","format":false,"excerpt":"Tres a\u00f1os, s\u00f3lo tres a\u00f1os ha estado Raf Simons a los mandos de la casa de los sue\u00f1os. El rusos llevaba semanas circulando entre los c\u00edrculos de la moda y ahora, aparentemente por razones personales, ha decidido dejar Christian Dior. La noticia ha sido confirmada en un comunicado de Sidney\u2026","rel":"","context":"En \u00abActualidad\u00bb","img":{"alt_text":"","src":"https:\/\/i0.wp.com\/www.moda.es\/blog\/wp-content\/uploads\/2015\/10\/Captura-de-pantalla-2015-10-24-a-las-15.50.34.png?fit=323%2C485&resize=350%2C200","width":350,"height":200},"classes":[]},{"id":21579,"url":"http:\/\/www.moda.es\/blog\/la-coleccion-resort-de-dior-viaja-a-los-angeles\/","url_meta":{"origin":18054,"position":2},"title":"La colecci\u00f3n Resort de Dior viaja a Los \u00c1ngeles","date":"enero 6, 2017","format":false,"excerpt":"Maria Grazia Chiuri, la nueva directora creativa de Christian Dior, ya est\u00e1 aplicando sus nuevos cambios e ideas. De momento acaba de anunciar que presentar\u00e1 su primera colecci\u00f3n Resort en Los \u00c1ngeles el 11 de mayo de 2017. Aunque Chanel ha reclamado a Par\u00eds como una ciudad anfitriona para su\u2026","rel":"","context":"En \u00abActualidad\u00bb","img":{"alt_text":"","src":"https:\/\/i0.wp.com\/www.moda.es\/blog\/wp-content\/uploads\/2017\/01\/Captura-de-pantalla-2017-01-06-a-las-19.31.04.png?fit=696%2C365&resize=350%2C200","width":350,"height":200},"classes":[]},{"id":22074,"url":"http:\/\/www.moda.es\/blog\/lvmh-adquirira-christian-dior\/","url_meta":{"origin":18054,"position":3},"title":"LVMH adquirir\u00e1 Christian Dior","date":"abril 26, 2017","format":false,"excerpt":"El Grupo LVMH ha anunciado esta ma\u00f1ana que planea\u00a0integrar toda la marca\u00a0Christian Dior en el grupo de marcas de lujo. La noticia puede parecer confusa para muchos, que cre\u00edan que el conglomerado franc\u00e9s ya controlaba Dior junto con otras casas de dise\u00f1o como C\u00e9line, Givenchy y Fendi,\u00a0pero en realidad Christian\u2026","rel":"","context":"En \u00abActualidad\u00bb","img":{"alt_text":"","src":"https:\/\/i0.wp.com\/www.moda.es\/blog\/wp-content\/uploads\/2017\/04\/Captura-de-pantalla-2017-04-26-a-las-21.42.11.png?fit=365%2C550&resize=350%2C200","width":350,"height":200},"classes":[]},{"id":17818,"url":"http:\/\/www.moda.es\/blog\/el-increible-guardarropa-de-grace-kelly\/","url_meta":{"origin":18054,"position":4},"title":"El incre\u00edble guardarropa de Grace Kelly&#8230;","date":"junio 7, 2014","format":false,"excerpt":"...en la pel\u00edcula protagonizada por Nicole Kidman ha sido obra del dise\u00f1ador Gigi Lepage. De acuerdo, no podemos decir que el largometraje est\u00e9 siendo un gran \u00e9xito de taquilla, y aunque est\u00e9 pasando por los cines con m\u00e1s que gloria a pesar de lo pomposo de su presentaci\u00f3n en Cannes,\u2026","rel":"","context":"En \u00abActualidad\u00bb","img":{"alt_text":"","src":"https:\/\/i0.wp.com\/www.moda.es\/blog\/wp-content\/uploads\/2014\/06\/Grace-6.jpg?fit=650%2C975&resize=350%2C200","width":350,"height":200},"classes":[]},{"id":20820,"url":"http:\/\/www.moda.es\/blog\/maria-grazia-chiuri-nueva-directora-creativa-de-dior\/","url_meta":{"origin":18054,"position":5},"title":"Maria Grazia Chiuri nueva Directora Creativa de Dior","date":"junio 23, 2016","format":false,"excerpt":"Se ha sabido esta tarde.\u00a0Tras el pr\u00f3ximo desfile de Alta Costura de Dior, la marca anunciar\u00e1 oficialmente la llegada de su nueva\u00a0Maria Grazia Chiuri. Chiuri va a ser la primera directora creativa femenina en 70 a\u00f1os de historia de esta ic\u00f3nica marca y lo hace en un momento dif\u00edcil en\u2026","rel":"","context":"En \u00abActualidad\u00bb","img":{"alt_text":"","src":"https:\/\/i0.wp.com\/www.moda.es\/blog\/wp-content\/uploads\/2016\/06\/Captura-de-pantalla-2016-06-23-a-las-22.09.52.png?fit=595%2C330&resize=350%2C200","width":350,"height":200},"classes":[]}],"_links":{"self":[{"href":"http:\/\/www.moda.es\/blog\/wp-json\/wp\/v2\/posts\/18054"}],"collection":[{"href":"http:\/\/www.moda.es\/blog\/wp-json\/wp\/v2\/posts"}],"about":[{"href":"http:\/\/www.moda.es\/blog\/wp-json\/wp\/v2\/types\/post"}],"author":[{"embeddable":true,"href":"http:\/\/www.moda.es\/blog\/wp-json\/wp\/v2\/users\/3"}],"replies":[{"embeddable":true,"href":"http:\/\/www.moda.es\/blog\/wp-json\/wp\/v2\/comments?post=18054"}],"version-history":[{"count":7,"href":"http:\/\/www.moda.es\/blog\/wp-json\/wp\/v2\/posts\/18054\/revisions"}],"predecessor-version":[{"id":36307,"href":"http:\/\/www.moda.es\/blog\/wp-json\/wp\/v2\/posts\/18054\/revisions\/36307"}],"wp:featuredmedia":[{"embeddable":true,"href":"http:\/\/www.moda.es\/blog\/wp-json\/wp\/v2\/media\/18055"}],"wp:attachment":[{"href":"http:\/\/www.moda.es\/blog\/wp-json\/wp\/v2\/media?parent=18054"}],"wp:term":[{"taxonomy":"category","embeddable":true,"href":"http:\/\/www.moda.es\/blog\/wp-json\/wp\/v2\/categories?post=18054"},{"taxonomy":"post_tag","embeddable":true,"href":"http:\/\/www.moda.es\/blog\/wp-json\/wp\/v2\/tags?post=18054"}],"curies":[{"name":"wp","href":"https:\/\/api.w.org\/{rel}","templated":true}]}}