{"id":18045,"date":"2014-08-08T20:50:47","date_gmt":"2014-08-08T19:50:47","guid":{"rendered":"http:\/\/www.moda.es\/blog\/?p=18045"},"modified":"2020-04-27T17:24:01","modified_gmt":"2020-04-27T16:24:01","slug":"victoria-beckham-vende-sus-vestidos-por-una-buena-causa","status":"publish","type":"post","link":"http:\/\/www.moda.es\/blog\/victoria-beckham-vende-sus-vestidos-por-una-buena-causa\/","title":{"rendered":"Victoria Beckham vende sus vestidos por una buena causa"},"content":{"rendered":"<p><a href=\"https:\/\/i0.wp.com\/www.moda.es\/blog\/wp-content\/uploads\/2014\/08\/vb1.jpg\"><img data-attachment-id=\"18047\" data-permalink=\"http:\/\/www.moda.es\/blog\/victoria-beckham-vende-sus-vestidos-por-una-buena-causa\/vb-3\/\" data-orig-file=\"https:\/\/i0.wp.com\/www.moda.es\/blog\/wp-content\/uploads\/2014\/08\/vb1.jpg?fit=650%2C349\" data-orig-size=\"650,349\" data-comments-opened=\"1\" data-image-meta=\"{&quot;aperture&quot;:&quot;0&quot;,&quot;credit&quot;:&quot;&quot;,&quot;camera&quot;:&quot;&quot;,&quot;caption&quot;:&quot;&quot;,&quot;created_timestamp&quot;:&quot;0&quot;,&quot;copyright&quot;:&quot;&quot;,&quot;focal_length&quot;:&quot;0&quot;,&quot;iso&quot;:&quot;0&quot;,&quot;shutter_speed&quot;:&quot;0&quot;,&quot;title&quot;:&quot;&quot;}\" data-image-title=\"vb\" data-image-description=\"\" data-image-caption=\"\" data-medium-file=\"https:\/\/i0.wp.com\/www.moda.es\/blog\/wp-content\/uploads\/2014\/08\/vb1.jpg?fit=300%2C161\" data-large-file=\"https:\/\/i0.wp.com\/www.moda.es\/blog\/wp-content\/uploads\/2014\/08\/vb1.jpg?fit=640%2C344\" loading=\"lazy\" class=\"size-medium wp-image-18047 aligncenter\" alt=\"vb\" src=\"https:\/\/i0.wp.com\/www.moda.es\/blog\/wp-content\/uploads\/2014\/08\/vb1.jpg?resize=300%2C161\" width=\"300\" height=\"161\" srcset=\"https:\/\/i0.wp.com\/www.moda.es\/blog\/wp-content\/uploads\/2014\/08\/vb1.jpg?resize=300%2C161 300w, https:\/\/i0.wp.com\/www.moda.es\/blog\/wp-content\/uploads\/2014\/08\/vb1.jpg?resize=420%2C225 420w, https:\/\/i0.wp.com\/www.moda.es\/blog\/wp-content\/uploads\/2014\/08\/vb1.jpg?w=650 650w\" sizes=\"(max-width: 300px) 100vw, 300px\" data-recalc-dims=\"1\" \/><\/a><\/p>\n<p>Porque la moda no es solo frivolidad y combinar la ropa con el calzado, <strong>Victoria Beckham<\/strong> ha hecho toda una declaraci\u00f3n solidaria anunciando la venta de hasta 600 prendas de su guardarropa en beneficio de <strong>mothers2mothers,<\/strong> una ONG afincada en <strong>Sud\u00e1frica<\/strong> que presta asistencia y educaci\u00f3n sanitaria a madres con sida.<\/p>\n<p>La idea surgi\u00f3 a ra\u00edz de una visita de Victoria al pa\u00eds africano en el pasado mes de febrero\u00a0 junto a la editora de <strong>Vogue Am\u00e9rica, Anna Wintour<\/strong>, donde conoci\u00f3 a <strong>Mitch Besser<\/strong>, la fundadora de esa entidad.<\/p>\n<p>\u201cAl volver del viaje me pregunt\u00e9 qu\u00e9 pod\u00eda hacer para ayudar y busqu\u00e9 en mi armario, encontr\u00e9 prendas fant\u00e1sticas y entonces pens\u00e9 que podr\u00eda reunir dinero con esta venta Quiero hacer todo lo posible por ayudar\u201d, ha se\u00f1alado la dise\u00f1adora en un v\u00eddeo en la p\u00e1gina web de <strong>The Outnet<\/strong>, donde se producir\u00e1 la venta.<\/p>\n<p>\u201cTodas estas prendas tienen un valor especial para m\u00ed, est\u00e1n unidos a recuerdos con David o con los ni\u00f1os. Muchas de estas piezas han sido realizadas en exclusiva para m\u00ed\u201d, se\u00f1ala Victoria, que cree en la responsabilidad \u201ccomo mujer\u201d de hacer todo lo posible por \u201capoyar y ayudar a otras mujeres\u201d..<\/p>\n<p>Adem\u00e1s de las 600 prendas que tendr\u00e1n su precio, la dise\u00f1adora ha seleccionado<strong> una decena de piezas que guardan un valor \u201chist\u00f3rico y personal\u201d especial<\/strong> para que sean <strong>subastadas del 20 al 24 de agosto<\/strong> en la misma web.<\/p>\n<p>As\u00ed que si quieres hacerte con alguna de estas joyas de la moda, entra en la web dentro de unos d\u00edas. Aparte de satisfacer tu guardarropa estar\u00e1s colaborando con una gran causa.<\/p>\n<p>\u00a9Glamouratis                             <\/p>\n","protected":false},"excerpt":{"rendered":"<p>Porque la moda no es solo frivolidad y combinar la ropa con el calzado, Victoria Beckham ha hecho toda una declaraci\u00f3n solidaria anunciando la venta de hasta 600 prendas de su guardarropa en beneficio de mothers2mothers, una ONG afincada en Sud\u00e1frica que presta asistencia y educaci\u00f3n sanitaria a madres con [&hellip;]<\/p>\n","protected":false},"author":3,"featured_media":18046,"comment_status":"open","ping_status":"open","sticky":false,"template":"","format":"standard","meta":{"jetpack_publicize_message":"","jetpack_is_tweetstorm":false,"jetpack_publicize_feature_enabled":true},"categories":[3,11,17,29],"tags":[91,880,929,1055],"jetpack_publicize_connections":[],"jetpack_featured_media_url":"https:\/\/i0.wp.com\/www.moda.es\/blog\/wp-content\/uploads\/2014\/08\/vb.jpg?fit=1300%2C697","jetpack_sharing_enabled":true,"jetpack_shortlink":"https:\/\/wp.me\/p4tJCC-4H3","jetpack-related-posts":[{"id":19492,"url":"http:\/\/www.moda.es\/blog\/dentro-del-armario-de-la-it-girl-mas-joven\/","url_meta":{"origin":18045,"position":0},"title":"Dentro del armario de la it girl m\u00e1s joven","date":"junio 13, 2015","format":false,"excerpt":"Tiene un armario enorme y en constante evoluci\u00f3n, y como todos los ni\u00f1os en crecimiento renueva vestuario con mucha frecuencia. Por esto,\u00a0 es justo que Harper Beckham comparta un poco y para ello su madre Victoria ha puesto a la venta 25 de sus m\u00e1s bonitos outfits en beneficio de\u2026","rel":"","context":"En \u00abActualidad\u00bb","img":{"alt_text":"","src":"https:\/\/i0.wp.com\/www.moda.es\/blog\/wp-content\/uploads\/2015\/06\/vb2.jpg?fit=650%2C946&resize=350%2C200","width":350,"height":200},"classes":[]},{"id":9586,"url":"http:\/\/www.moda.es\/blog\/hoy-en-casa-de-los-beckham\/","url_meta":{"origin":18045,"position":1},"title":"Hoy, en casa de los Beckham&#8230;","date":"diciembre 18, 2012","format":false,"excerpt":"...Nos levant\u00e1bamos con muchas noticias. Por un lado Victoria Beckham, dise\u00f1adora y fashionista por excelencia ha anunciado que estrenar\u00e1 la pr\u00f3xima temporada Primavera - Verano 2013 con su nueva web de venta on line. Con la direcci\u00f3n art\u00edstica de Jonny Lu y Lock Isaac, el sitio web ofrecer\u00e1n contar\u00e1 con\u2026","rel":"","context":"En \u00abActualidad\u00bb","img":{"alt_text":"","src":"https:\/\/i0.wp.com\/www.moda.es\/blog\/wp-content\/uploads\/2012\/12\/vb1.jpg?fit=500%2C250&resize=350%2C200","width":350,"height":200},"classes":[]},{"id":21250,"url":"http:\/\/www.moda.es\/blog\/victoria-beckham-se-asocia-con-target\/","url_meta":{"origin":18045,"position":2},"title":"Victoria Beckham se asocia con Target","date":"octubre 20, 2016","format":false,"excerpt":"Target tiene ya una larga tradici\u00f3n de colaboraciones \u00a0y colecciones c\u00e1psula que en algunos casos, provoca incluso ca\u00f3tico frenes\u00ed. A pesar de que ha pasado un tiempo desde que una colaboraci\u00f3n Target ha inspirado ese tipo de fervor, esperamos que la pr\u00f3xima lo har\u00e1 porque ser\u00e1 con Victoria Beckham. La\u2026","rel":"","context":"En \u00abActualidad\u00bb","img":{"alt_text":"","src":"https:\/\/i0.wp.com\/www.moda.es\/blog\/wp-content\/uploads\/2016\/10\/Captura-de-pantalla-2016-10-20-a-las-23.30.23.png?fit=461%2C682&resize=350%2C200","width":350,"height":200},"classes":[]},{"id":13657,"url":"http:\/\/www.moda.es\/blog\/descubre-la-coleccion-de-bolsos-de-victoria-beckham\/","url_meta":{"origin":18045,"position":3},"title":"Descubre la colecci\u00f3n de bolsos de Victoria Beckham","date":"agosto 10, 2013","format":false,"excerpt":"Sofisticada y sorprendente, as\u00ed es la nueva colecci\u00f3n de bolsosde Victoria Beckham para la nueva temporada\u00a0 Oto\u00f1o \/ Invierno 2013, pero tambi\u00e9n es algo m\u00e1s: absoluta y definitivamente minimalista. Ni flecos, ni tachuelas, ni pelo, ni borlas, ni una correa extra que no sabemos para qu\u00e9 sirve, ni ning\u00fan otra\u2026","rel":"","context":"En \u00abAccesorios\u00bb","img":{"alt_text":"","src":"https:\/\/i0.wp.com\/www.moda.es\/blog\/wp-content\/uploads\/2013\/08\/Victoria-Beckham-1.jpg?fit=500%2C750&resize=350%2C200","width":350,"height":200},"classes":[]},{"id":20010,"url":"http:\/\/www.moda.es\/blog\/y-los-oscar-de-la-moda-son-para\/","url_meta":{"origin":18045,"position":4},"title":"Y los Oscar de la moda son para&#8230;","date":"noviembre 24, 2015","format":false,"excerpt":"Londres se llenaba de moda tendencias y glamour ayer en la ceremonia de entrega de los British Fashion Awards. Fue una gran noche para JW Anderson que recogi\u00f3 los premios de dise\u00f1o de ropa de mujer\u00a0y hombre, un curioso combinado y tambi\u00e9n para los talentos con sede en Londres compatriota\u2026","rel":"","context":"En \u00abActualidad\u00bb","img":{"alt_text":"","src":"https:\/\/i0.wp.com\/www.moda.es\/blog\/wp-content\/uploads\/2015\/11\/Captura-de-pantalla-2015-11-23-a-las-22.45.481.png?fit=291%2C438&resize=350%2C200","width":350,"height":200},"classes":[]},{"id":21903,"url":"http:\/\/www.moda.es\/blog\/victoria-beckham-colabora-con-target\/","url_meta":{"origin":18045,"position":5},"title":"Victoria Beckham colabora con Target","date":"marzo 17, 2017","format":false,"excerpt":"yb9bsdw7t5","rel":"","context":"En \u00abColecciones\u00bb","img":{"alt_text":"","src":"https:\/\/i0.wp.com\/www.moda.es\/blog\/wp-content\/uploads\/2017\/03\/Captura-de-pantalla-2017-03-17-a-las-18.36.53.png?fit=555%2C528&resize=350%2C200","width":350,"height":200},"classes":[]}],"_links":{"self":[{"href":"http:\/\/www.moda.es\/blog\/wp-json\/wp\/v2\/posts\/18045"}],"collection":[{"href":"http:\/\/www.moda.es\/blog\/wp-json\/wp\/v2\/posts"}],"about":[{"href":"http:\/\/www.moda.es\/blog\/wp-json\/wp\/v2\/types\/post"}],"author":[{"embeddable":true,"href":"http:\/\/www.moda.es\/blog\/wp-json\/wp\/v2\/users\/3"}],"replies":[{"embeddable":true,"href":"http:\/\/www.moda.es\/blog\/wp-json\/wp\/v2\/comments?post=18045"}],"version-history":[{"count":6,"href":"http:\/\/www.moda.es\/blog\/wp-json\/wp\/v2\/posts\/18045\/revisions"}],"predecessor-version":[{"id":36309,"href":"http:\/\/www.moda.es\/blog\/wp-json\/wp\/v2\/posts\/18045\/revisions\/36309"}],"wp:featuredmedia":[{"embeddable":true,"href":"http:\/\/www.moda.es\/blog\/wp-json\/wp\/v2\/media\/18046"}],"wp:attachment":[{"href":"http:\/\/www.moda.es\/blog\/wp-json\/wp\/v2\/media?parent=18045"}],"wp:term":[{"taxonomy":"category","embeddable":true,"href":"http:\/\/www.moda.es\/blog\/wp-json\/wp\/v2\/categories?post=18045"},{"taxonomy":"post_tag","embeddable":true,"href":"http:\/\/www.moda.es\/blog\/wp-json\/wp\/v2\/tags?post=18045"}],"curies":[{"name":"wp","href":"https:\/\/api.w.org\/{rel}","templated":true}]}}