{"id":18029,"date":"2014-08-06T20:34:02","date_gmt":"2014-08-06T19:34:02","guid":{"rendered":"http:\/\/www.moda.es\/blog\/?p=18029"},"modified":"2020-04-27T17:24:20","modified_gmt":"2020-04-27T16:24:20","slug":"diez-anos-de-doutzen-kroes","status":"publish","type":"post","link":"http:\/\/www.moda.es\/blog\/diez-anos-de-doutzen-kroes\/","title":{"rendered":"Diez a\u00f1os de Doutzen Kroes"},"content":{"rendered":"<p>Me siento un poco abuela al exclamar \u00ab\u00a1c\u00f3mo pasa el tiempo!\u00bb, pero no puedo evitar hacerlo cuando descubro cosas como que la modelo <strong>Doutzen Kroes<\/strong> ya lleva <strong>diez a\u00f1os<\/strong> sobre las pasarelas.<\/p>\n<p><a href=\"https:\/\/i0.wp.com\/www.moda.es\/blog\/wp-content\/uploads\/2014\/08\/dk6.jpg\"><img data-attachment-id=\"18030\" data-permalink=\"http:\/\/www.moda.es\/blog\/diez-anos-de-doutzen-kroes\/dk6\/\" data-orig-file=\"https:\/\/i0.wp.com\/www.moda.es\/blog\/wp-content\/uploads\/2014\/08\/dk6.jpg?fit=650%2C975\" data-orig-size=\"650,975\" data-comments-opened=\"1\" data-image-meta=\"{&quot;aperture&quot;:&quot;0&quot;,&quot;credit&quot;:&quot;&quot;,&quot;camera&quot;:&quot;&quot;,&quot;caption&quot;:&quot;&quot;,&quot;created_timestamp&quot;:&quot;0&quot;,&quot;copyright&quot;:&quot;&quot;,&quot;focal_length&quot;:&quot;0&quot;,&quot;iso&quot;:&quot;0&quot;,&quot;shutter_speed&quot;:&quot;0&quot;,&quot;title&quot;:&quot;&quot;}\" data-image-title=\"dk6\" data-image-description=\"\" data-image-caption=\"\" data-medium-file=\"https:\/\/i0.wp.com\/www.moda.es\/blog\/wp-content\/uploads\/2014\/08\/dk6.jpg?fit=200%2C300\" data-large-file=\"https:\/\/i0.wp.com\/www.moda.es\/blog\/wp-content\/uploads\/2014\/08\/dk6.jpg?fit=640%2C960\" loading=\"lazy\" class=\"size-medium wp-image-18030 aligncenter\" alt=\"dk6\" src=\"https:\/\/i0.wp.com\/www.moda.es\/blog\/wp-content\/uploads\/2014\/08\/dk6.jpg?resize=200%2C300\" width=\"200\" height=\"300\" srcset=\"https:\/\/i0.wp.com\/www.moda.es\/blog\/wp-content\/uploads\/2014\/08\/dk6.jpg?resize=200%2C300 200w, https:\/\/i0.wp.com\/www.moda.es\/blog\/wp-content\/uploads\/2014\/08\/dk6.jpg?resize=420%2C630 420w, https:\/\/i0.wp.com\/www.moda.es\/blog\/wp-content\/uploads\/2014\/08\/dk6.jpg?w=650 650w\" sizes=\"(max-width: 200px) 100vw, 200px\" data-recalc-dims=\"1\" \/><\/a><\/p>\n<p>M\u00e1s conocida ahora como uno de los \u00e1ngeles de <strong>Victoria Secret<\/strong> o como imagen de <strong>L&#8217;Or\u00e9al<\/strong>, Doutzen Kroes, no siempre fue una de las afortunadas modelos integrantes de la lista de las mejor pagadas del mundo. Al igual que todos nuestros otros rostros favoritos (y cuerpos), esta belleza holandesa comenz\u00f3 su carrera como modelo de pasarela.<\/p>\n<p style=\"text-align: center\"><a href=\"https:\/\/i0.wp.com\/www.moda.es\/blog\/wp-content\/uploads\/2014\/08\/dk1.jpg\"><img data-attachment-id=\"18034\" data-permalink=\"http:\/\/www.moda.es\/blog\/diez-anos-de-doutzen-kroes\/dk1\/\" data-orig-file=\"https:\/\/i0.wp.com\/www.moda.es\/blog\/wp-content\/uploads\/2014\/08\/dk1.jpg?fit=650%2C975\" data-orig-size=\"650,975\" data-comments-opened=\"1\" data-image-meta=\"{&quot;aperture&quot;:&quot;0&quot;,&quot;credit&quot;:&quot;&quot;,&quot;camera&quot;:&quot;&quot;,&quot;caption&quot;:&quot;&quot;,&quot;created_timestamp&quot;:&quot;0&quot;,&quot;copyright&quot;:&quot;&quot;,&quot;focal_length&quot;:&quot;0&quot;,&quot;iso&quot;:&quot;0&quot;,&quot;shutter_speed&quot;:&quot;0&quot;,&quot;title&quot;:&quot;&quot;}\" data-image-title=\"dk1\" data-image-description=\"\" data-image-caption=\"\" data-medium-file=\"https:\/\/i0.wp.com\/www.moda.es\/blog\/wp-content\/uploads\/2014\/08\/dk1.jpg?fit=200%2C300\" data-large-file=\"https:\/\/i0.wp.com\/www.moda.es\/blog\/wp-content\/uploads\/2014\/08\/dk1.jpg?fit=640%2C960\" loading=\"lazy\" class=\"alignnone size-medium wp-image-18034\" alt=\"dk1\" src=\"https:\/\/i0.wp.com\/www.moda.es\/blog\/wp-content\/uploads\/2014\/08\/dk1.jpg?resize=200%2C300\" width=\"200\" height=\"300\" srcset=\"https:\/\/i0.wp.com\/www.moda.es\/blog\/wp-content\/uploads\/2014\/08\/dk1.jpg?resize=200%2C300 200w, https:\/\/i0.wp.com\/www.moda.es\/blog\/wp-content\/uploads\/2014\/08\/dk1.jpg?resize=420%2C630 420w, https:\/\/i0.wp.com\/www.moda.es\/blog\/wp-content\/uploads\/2014\/08\/dk1.jpg?w=650 650w\" sizes=\"(max-width: 200px) 100vw, 200px\" data-recalc-dims=\"1\" \/><\/a> <a href=\"https:\/\/i0.wp.com\/www.moda.es\/blog\/wp-content\/uploads\/2014\/08\/dk2.jpg\"><img data-attachment-id=\"18035\" data-permalink=\"http:\/\/www.moda.es\/blog\/diez-anos-de-doutzen-kroes\/dk2\/\" data-orig-file=\"https:\/\/i0.wp.com\/www.moda.es\/blog\/wp-content\/uploads\/2014\/08\/dk2.jpg?fit=650%2C975\" data-orig-size=\"650,975\" data-comments-opened=\"1\" data-image-meta=\"{&quot;aperture&quot;:&quot;0&quot;,&quot;credit&quot;:&quot;&quot;,&quot;camera&quot;:&quot;&quot;,&quot;caption&quot;:&quot;&quot;,&quot;created_timestamp&quot;:&quot;0&quot;,&quot;copyright&quot;:&quot;&quot;,&quot;focal_length&quot;:&quot;0&quot;,&quot;iso&quot;:&quot;0&quot;,&quot;shutter_speed&quot;:&quot;0&quot;,&quot;title&quot;:&quot;&quot;}\" data-image-title=\"dk2\" data-image-description=\"\" data-image-caption=\"\" data-medium-file=\"https:\/\/i0.wp.com\/www.moda.es\/blog\/wp-content\/uploads\/2014\/08\/dk2.jpg?fit=200%2C300\" data-large-file=\"https:\/\/i0.wp.com\/www.moda.es\/blog\/wp-content\/uploads\/2014\/08\/dk2.jpg?fit=640%2C960\" loading=\"lazy\" class=\"alignnone size-medium wp-image-18035\" alt=\"dk2\" src=\"https:\/\/i0.wp.com\/www.moda.es\/blog\/wp-content\/uploads\/2014\/08\/dk2.jpg?resize=200%2C300\" width=\"200\" height=\"300\" srcset=\"https:\/\/i0.wp.com\/www.moda.es\/blog\/wp-content\/uploads\/2014\/08\/dk2.jpg?resize=200%2C300 200w, https:\/\/i0.wp.com\/www.moda.es\/blog\/wp-content\/uploads\/2014\/08\/dk2.jpg?resize=420%2C630 420w, https:\/\/i0.wp.com\/www.moda.es\/blog\/wp-content\/uploads\/2014\/08\/dk2.jpg?w=650 650w\" sizes=\"(max-width: 200px) 100vw, 200px\" data-recalc-dims=\"1\" \/><\/a> <a href=\"https:\/\/i0.wp.com\/www.moda.es\/blog\/wp-content\/uploads\/2014\/08\/dk3.jpg\"><img data-attachment-id=\"18036\" data-permalink=\"http:\/\/www.moda.es\/blog\/diez-anos-de-doutzen-kroes\/dk3\/\" data-orig-file=\"https:\/\/i0.wp.com\/www.moda.es\/blog\/wp-content\/uploads\/2014\/08\/dk3.jpg?fit=650%2C975\" data-orig-size=\"650,975\" data-comments-opened=\"1\" data-image-meta=\"{&quot;aperture&quot;:&quot;0&quot;,&quot;credit&quot;:&quot;&quot;,&quot;camera&quot;:&quot;&quot;,&quot;caption&quot;:&quot;&quot;,&quot;created_timestamp&quot;:&quot;0&quot;,&quot;copyright&quot;:&quot;&quot;,&quot;focal_length&quot;:&quot;0&quot;,&quot;iso&quot;:&quot;0&quot;,&quot;shutter_speed&quot;:&quot;0&quot;,&quot;title&quot;:&quot;&quot;}\" data-image-title=\"dk3\" data-image-description=\"\" data-image-caption=\"\" data-medium-file=\"https:\/\/i0.wp.com\/www.moda.es\/blog\/wp-content\/uploads\/2014\/08\/dk3.jpg?fit=200%2C300\" data-large-file=\"https:\/\/i0.wp.com\/www.moda.es\/blog\/wp-content\/uploads\/2014\/08\/dk3.jpg?fit=640%2C960\" loading=\"lazy\" class=\"alignnone size-medium wp-image-18036\" alt=\"dk3\" src=\"https:\/\/i0.wp.com\/www.moda.es\/blog\/wp-content\/uploads\/2014\/08\/dk3.jpg?resize=200%2C300\" width=\"200\" height=\"300\" srcset=\"https:\/\/i0.wp.com\/www.moda.es\/blog\/wp-content\/uploads\/2014\/08\/dk3.jpg?resize=200%2C300 200w, https:\/\/i0.wp.com\/www.moda.es\/blog\/wp-content\/uploads\/2014\/08\/dk3.jpg?resize=420%2C630 420w, https:\/\/i0.wp.com\/www.moda.es\/blog\/wp-content\/uploads\/2014\/08\/dk3.jpg?w=650 650w\" sizes=\"(max-width: 200px) 100vw, 200px\" data-recalc-dims=\"1\" \/><\/a><\/p>\n<p>Desde sus humildes inicios como una belleza <strong>morena<\/strong> a la que veneraron <strong>Valentino y Fendi<\/strong>, Kroes se ha ido transformando en una bomba rubia con uno de los f\u00edsicos m\u00e1s envidiados de la industria. Cerr\u00f3 el desfile de Valentino con el propio dise\u00f1ador en 2005, particip\u00f3 en el debut en la pasarela de <strong>Riccardo Tisci<\/strong> para <strong>Givenchy <\/strong>el mismo a\u00f1o, y en el d\u00e9cimo aniversario de<strong> John Galliano<\/strong> en<strong> Christian Dior<\/strong> junto con casi todos los top model que se pueda imaginar, e incluso presumi\u00f3 de curvas en algunos Prada alrededor del a\u00f1o <strong>2010. <\/strong><\/p>\n<p style=\"text-align: center\"><a href=\"https:\/\/i0.wp.com\/www.moda.es\/blog\/wp-content\/uploads\/2014\/08\/dk5.jpg\"><img loading=\"lazy\" alt=\"dk5\" src=\"https:\/\/i0.wp.com\/www.moda.es\/blog\/wp-content\/uploads\/2014\/08\/dk5.jpg?resize=200%2C300\" width=\"200\" height=\"300\" data-recalc-dims=\"1\" \/><\/a> <a href=\"https:\/\/i0.wp.com\/www.moda.es\/blog\/wp-content\/uploads\/2014\/08\/dk7.jpg\"><img loading=\"lazy\" alt=\"dk7\" src=\"https:\/\/i0.wp.com\/www.moda.es\/blog\/wp-content\/uploads\/2014\/08\/dk7.jpg?resize=200%2C300\" width=\"200\" height=\"300\" data-recalc-dims=\"1\" \/><\/a> <a href=\"https:\/\/i0.wp.com\/www.moda.es\/blog\/wp-content\/uploads\/2014\/08\/dk8.jpg\"><img loading=\"lazy\" alt=\"dk8\" src=\"https:\/\/i0.wp.com\/www.moda.es\/blog\/wp-content\/uploads\/2014\/08\/dk8.jpg?resize=200%2C300\" width=\"200\" height=\"300\" data-recalc-dims=\"1\" \/><\/a><\/p>\n<p>Dios salve a esta reina del <em>fashion business<\/em>.<\/p>\n<p>&nbsp;<\/p>\n<p>\u00a9Vogue UK                             <\/p>\n","protected":false},"excerpt":{"rendered":"<p>Me siento un poco abuela al exclamar \u00ab\u00a1c\u00f3mo pasa el tiempo!\u00bb, pero no puedo evitar hacerlo cuando descubro cosas como que la modelo Doutzen Kroes ya lleva diez a\u00f1os sobre las pasarelas. M\u00e1s conocida ahora como uno de los \u00e1ngeles de Victoria Secret o como imagen de L&#8217;Or\u00e9al, Doutzen Kroes, [&hellip;]<\/p>\n","protected":false},"author":3,"featured_media":18030,"comment_status":"open","ping_status":"open","sticky":false,"template":"","format":"standard","meta":{"jetpack_publicize_message":"","jetpack_is_tweetstorm":false,"jetpack_publicize_feature_enabled":true},"categories":[11,17],"tags":[193,279,324,354,443,494,764,913,931],"jetpack_publicize_connections":[],"jetpack_featured_media_url":"https:\/\/i0.wp.com\/www.moda.es\/blog\/wp-content\/uploads\/2014\/08\/dk6.jpg?fit=650%2C975","jetpack_sharing_enabled":true,"jetpack_shortlink":"https:\/\/wp.me\/p4tJCC-4GN","jetpack-related-posts":[{"id":9017,"url":"http:\/\/www.moda.es\/blog\/doutzen-kroes-y-g-star-por-una-buena-causa\/","url_meta":{"origin":18029,"position":0},"title":"Doutzen Kroes y G-Star por una buena causa","date":"octubre 5, 2012","format":false,"excerpt":"G-Star inauguraba ayer en Amsterdam\u00a0su primera tienda G-Star Women del mundo (calle Leidsestraat). All\u00ed, estaba la modelo\u00a0Doutzen Kroes. Pero no como una cara bonita para a\u00f1adir glamour al evento, sino por una buena causa,\u00a0como\u00a0embajadora de la asociaci\u00f3n dance4life\u00a0y para\u00a0presentar oficialmente la colecci\u00f3n limitada G-Star Women selected by Vogue supporting dance4life.\u2026","rel":"","context":"En \u00abStreetwear\u00bb","img":{"alt_text":"","src":"https:\/\/i0.wp.com\/www.moda.es\/blog\/wp-content\/uploads\/2012\/10\/Doutzen-Kroes-at-G-Star-WMN-store-05-e13494636437501.jpg?fit=500%2C333&resize=350%2C200","width":350,"height":200},"classes":[]},{"id":12658,"url":"http:\/\/www.moda.es\/blog\/resumen-de-la-semana-18-de-mayo\/","url_meta":{"origin":18029,"position":1},"title":"Resumen de la semana. 18 de mayo","date":"mayo 18, 2013","format":false,"excerpt":"Puede que esta semana nos hayan arrebatado el buen tiempo, pero lo que no nos han quitado ha sido la moda. \u00bfHas estado atento a todo lo que hemos visto esta semana? Pues no te pierdas el resto de noticias que han ocurrido esta semana. Se rumorea que Tamara Mellon\u2026","rel":"","context":"En \u00abAccesorios\u00bb","img":{"alt_text":"Doutzen Kroes - HM 3","src":"https:\/\/i0.wp.com\/www.moda.es\/blog\/wp-content\/uploads\/2013\/05\/Doutzen-Kroes-HM-3.jpg?resize=350%2C200","width":350,"height":200},"classes":[]},{"id":10093,"url":"http:\/\/www.moda.es\/blog\/empieza-a-pensar-en-el-verano\/","url_meta":{"origin":18029,"position":2},"title":"Empieza a pensar en el verano","date":"enero 10, 2013","format":false,"excerpt":"Rayos de sol, arena blanca, palmeras, fiestas, color, m\u00fasica \u00a1y bikinis! De acuerdo, la temperatura ah\u00ed fuera no es la m\u00e1s agradable, \u00bfpero no est\u00e1s harta de este ambiente gris?\u00a0 Victoria Secret ya nos est\u00e1 hablando de vacaciones en la presentaci\u00f3n de su nueva colecci\u00f3n de ba\u00f1o, Victoria Secret Swim\u2026","rel":"","context":"En \u00abColecciones\u00bb","img":{"alt_text":"","src":"https:\/\/i0.wp.com\/www.moda.es\/blog\/wp-content\/uploads\/2013\/01\/Victoria-Secret-Swim-2013-31.jpg?fit=439%2C300&resize=350%2C200","width":350,"height":200},"classes":[]},{"id":9479,"url":"http:\/\/www.moda.es\/blog\/navidad-navidad-roja-navidad\/","url_meta":{"origin":18029,"position":3},"title":"Navidad, Navidad, roja Navidad&#8230;","date":"diciembre 15, 2012","format":false,"excerpt":"Tan importante como elegir bien tu look para estas fiestas es llevar la ropa interior adecuada. Ya sea por costumbre, por tradici\u00f3n, por superstici\u00f3n o por el \"donde fueres \u00a0haz lo que vieres\", el color estrella de la lencer\u00eda navide\u00f1a es el rojo. \u00bfTodav\u00eda no tienes tu conjunto para este\u2026","rel":"","context":"En \u00abColecciones\u00bb","img":{"alt_text":"","src":"https:\/\/i0.wp.com\/www.moda.es\/blog\/wp-content\/uploads\/2012\/12\/inti11.jpg?fit=500%2C333&resize=350%2C200","width":350,"height":200},"classes":[]},{"id":13860,"url":"http:\/\/www.moda.es\/blog\/la-liga-de-las-mujeres-extraordinarias\/","url_meta":{"origin":18029,"position":4},"title":"La liga de las mujeres extraordinarias","date":"agosto 21, 2013","format":false,"excerpt":"No s\u00f3lo son bell\u00edsimas y levantan pasiones sino que adem\u00e1s tienen la serie de amasar aut\u00e9nticas fortunas. La revista Forbes ha pubicado la lista con las modelos mejor pagadas de 2013. \u00bfQuieres saber qui\u00e9nes son? \u00a0Gisele B\u00fcndchen ha encabezado la lista de los modelos de mayores ingresos por s\u00e9ptimo a\u00f1o\u2026","rel":"","context":"En \u00abActualidad\u00bb","img":{"alt_text":"","src":"https:\/\/i0.wp.com\/www.moda.es\/blog\/wp-content\/uploads\/2013\/08\/Top-10-Forbes11.jpg?fit=300%2C450&resize=350%2C200","width":350,"height":200},"classes":[]},{"id":14488,"url":"http:\/\/www.moda.es\/blog\/el-sujetador-de-los-10-millones-de-dolares\/","url_meta":{"origin":18029,"position":5},"title":"El sujetador de los 10 millones de d\u00f3lares","date":"octubre 18, 2013","format":false,"excerpt":"La temporada de desfiles ya se nos ha olvidado y a\u00fan falta mucho para que vuelva a empezar. No pasa nada. Vemos la luz al final del t\u00fanel, exactamenete el pr\u00f3ximo 10 de diciembre. Victoria Secret celebra su famos\u00edsimo show y por el momento se ha confirmado la participaci\u00f3n de\u2026","rel":"","context":"En \u00abActualidad\u00bb","img":{"alt_text":"","src":"https:\/\/i0.wp.com\/www.moda.es\/blog\/wp-content\/uploads\/2013\/10\/candice_sweanopel1.jpg?fit=500%2C382&resize=350%2C200","width":350,"height":200},"classes":[]}],"_links":{"self":[{"href":"http:\/\/www.moda.es\/blog\/wp-json\/wp\/v2\/posts\/18029"}],"collection":[{"href":"http:\/\/www.moda.es\/blog\/wp-json\/wp\/v2\/posts"}],"about":[{"href":"http:\/\/www.moda.es\/blog\/wp-json\/wp\/v2\/types\/post"}],"author":[{"embeddable":true,"href":"http:\/\/www.moda.es\/blog\/wp-json\/wp\/v2\/users\/3"}],"replies":[{"embeddable":true,"href":"http:\/\/www.moda.es\/blog\/wp-json\/wp\/v2\/comments?post=18029"}],"version-history":[{"count":7,"href":"http:\/\/www.moda.es\/blog\/wp-json\/wp\/v2\/posts\/18029\/revisions"}],"predecessor-version":[{"id":36311,"href":"http:\/\/www.moda.es\/blog\/wp-json\/wp\/v2\/posts\/18029\/revisions\/36311"}],"wp:featuredmedia":[{"embeddable":true,"href":"http:\/\/www.moda.es\/blog\/wp-json\/wp\/v2\/media\/18030"}],"wp:attachment":[{"href":"http:\/\/www.moda.es\/blog\/wp-json\/wp\/v2\/media?parent=18029"}],"wp:term":[{"taxonomy":"category","embeddable":true,"href":"http:\/\/www.moda.es\/blog\/wp-json\/wp\/v2\/categories?post=18029"},{"taxonomy":"post_tag","embeddable":true,"href":"http:\/\/www.moda.es\/blog\/wp-json\/wp\/v2\/tags?post=18029"}],"curies":[{"name":"wp","href":"https:\/\/api.w.org\/{rel}","templated":true}]}}