{"id":18024,"date":"2014-08-05T21:39:48","date_gmt":"2014-08-05T20:39:48","guid":{"rendered":"http:\/\/www.moda.es\/blog\/?p=18024"},"modified":"2020-04-27T17:24:30","modified_gmt":"2020-04-27T16:24:30","slug":"lo-peor-que-puede-salir-de-algo-muy-bueno","status":"publish","type":"post","link":"http:\/\/www.moda.es\/blog\/lo-peor-que-puede-salir-de-algo-muy-bueno\/","title":{"rendered":"Lo peor que puede salir de algo muy bueno"},"content":{"rendered":"<p>En un primer momento, la uni\u00f3n entre una gran marca, uno de los modelos m\u00e1s atractivos y respetados, y una actriz de fama internacional parece la garant\u00eda de algo muy bueno, pero no siempre es as\u00ed.<\/p>\n<p><strong>Agent Provocateur<\/strong> ha presentado la segunda entrega de su colaboraci\u00f3n con <strong>Pen\u00e9lope Cruz<\/strong> y el resultado es&#8230; siendo generosos, dudoso.<\/p>\n<p><a href=\"https:\/\/i0.wp.com\/www.moda.es\/blog\/wp-content\/uploads\/2014\/08\/agent123.jpg\"><img data-attachment-id=\"18025\" data-permalink=\"http:\/\/www.moda.es\/blog\/lo-peor-que-puede-salir-de-algo-muy-bueno\/agent123\/\" data-orig-file=\"https:\/\/i0.wp.com\/www.moda.es\/blog\/wp-content\/uploads\/2014\/08\/agent123.jpg?fit=650%2C433\" data-orig-size=\"650,433\" data-comments-opened=\"1\" data-image-meta=\"{&quot;aperture&quot;:&quot;0&quot;,&quot;credit&quot;:&quot;&quot;,&quot;camera&quot;:&quot;&quot;,&quot;caption&quot;:&quot;&quot;,&quot;created_timestamp&quot;:&quot;0&quot;,&quot;copyright&quot;:&quot;&quot;,&quot;focal_length&quot;:&quot;0&quot;,&quot;iso&quot;:&quot;0&quot;,&quot;shutter_speed&quot;:&quot;0&quot;,&quot;title&quot;:&quot;&quot;}\" data-image-title=\"agent123\" data-image-description=\"\" data-image-caption=\"\" data-medium-file=\"https:\/\/i0.wp.com\/www.moda.es\/blog\/wp-content\/uploads\/2014\/08\/agent123.jpg?fit=300%2C199\" data-large-file=\"https:\/\/i0.wp.com\/www.moda.es\/blog\/wp-content\/uploads\/2014\/08\/agent123.jpg?fit=640%2C426\" loading=\"lazy\" class=\"size-medium wp-image-18025 aligncenter\" alt=\"agent123\" src=\"https:\/\/i0.wp.com\/www.moda.es\/blog\/wp-content\/uploads\/2014\/08\/agent123.jpg?resize=300%2C199\" width=\"300\" height=\"199\" srcset=\"https:\/\/i0.wp.com\/www.moda.es\/blog\/wp-content\/uploads\/2014\/08\/agent123.jpg?resize=300%2C199 300w, https:\/\/i0.wp.com\/www.moda.es\/blog\/wp-content\/uploads\/2014\/08\/agent123.jpg?w=650 650w, https:\/\/i0.wp.com\/www.moda.es\/blog\/wp-content\/uploads\/2014\/08\/agent123.jpg?resize=420%2C279 420w\" sizes=\"(max-width: 300px) 100vw, 300px\" data-recalc-dims=\"1\" \/><\/a><\/p>\n<p>El corto presenta a un pobre<strong> Jon Kortajarena<\/strong> arrastr\u00e1ndose por el desierto al borde del delirio. De repente, se acerca un coche del que salen un mont\u00f3n de chicas que le dedican un striptease para terminar derramando agua sobre sus cuerpos en una est\u00e9tica que parece sacado de un v\u00eddeo musical facil\u00f3n de canci\u00f3n del verano. Hasta la m\u00fasica es mala.<\/p>\n<p style=\"text-align: center\"><a href=\"https:\/\/i0.wp.com\/www.moda.es\/blog\/wp-content\/uploads\/2014\/08\/agent1.jpg\"><img data-attachment-id=\"18026\" data-permalink=\"http:\/\/www.moda.es\/blog\/lo-peor-que-puede-salir-de-algo-muy-bueno\/agent1\/\" data-orig-file=\"https:\/\/i0.wp.com\/www.moda.es\/blog\/wp-content\/uploads\/2014\/08\/agent1.jpg?fit=650%2C787\" data-orig-size=\"650,787\" data-comments-opened=\"1\" data-image-meta=\"{&quot;aperture&quot;:&quot;0&quot;,&quot;credit&quot;:&quot;&quot;,&quot;camera&quot;:&quot;&quot;,&quot;caption&quot;:&quot;&quot;,&quot;created_timestamp&quot;:&quot;0&quot;,&quot;copyright&quot;:&quot;&quot;,&quot;focal_length&quot;:&quot;0&quot;,&quot;iso&quot;:&quot;0&quot;,&quot;shutter_speed&quot;:&quot;0&quot;,&quot;title&quot;:&quot;&quot;}\" data-image-title=\"agent1\" data-image-description=\"\" data-image-caption=\"\" data-medium-file=\"https:\/\/i0.wp.com\/www.moda.es\/blog\/wp-content\/uploads\/2014\/08\/agent1.jpg?fit=247%2C300\" data-large-file=\"https:\/\/i0.wp.com\/www.moda.es\/blog\/wp-content\/uploads\/2014\/08\/agent1.jpg?fit=640%2C775\" loading=\"lazy\" class=\"alignnone size-medium wp-image-18026\" alt=\"agent1\" src=\"https:\/\/i0.wp.com\/www.moda.es\/blog\/wp-content\/uploads\/2014\/08\/agent1.jpg?resize=247%2C300\" width=\"247\" height=\"300\" srcset=\"https:\/\/i0.wp.com\/www.moda.es\/blog\/wp-content\/uploads\/2014\/08\/agent1.jpg?resize=247%2C300 247w, https:\/\/i0.wp.com\/www.moda.es\/blog\/wp-content\/uploads\/2014\/08\/agent1.jpg?resize=420%2C508 420w, https:\/\/i0.wp.com\/www.moda.es\/blog\/wp-content\/uploads\/2014\/08\/agent1.jpg?w=650 650w\" sizes=\"(max-width: 247px) 100vw, 247px\" data-recalc-dims=\"1\" \/><\/a> <a href=\"https:\/\/i0.wp.com\/www.moda.es\/blog\/wp-content\/uploads\/2014\/08\/agent14.jpg\"><img data-attachment-id=\"18027\" data-permalink=\"http:\/\/www.moda.es\/blog\/lo-peor-que-puede-salir-de-algo-muy-bueno\/agent14\/\" data-orig-file=\"https:\/\/i0.wp.com\/www.moda.es\/blog\/wp-content\/uploads\/2014\/08\/agent14.jpg?fit=650%2C975\" data-orig-size=\"650,975\" data-comments-opened=\"1\" data-image-meta=\"{&quot;aperture&quot;:&quot;0&quot;,&quot;credit&quot;:&quot;&quot;,&quot;camera&quot;:&quot;&quot;,&quot;caption&quot;:&quot;&quot;,&quot;created_timestamp&quot;:&quot;0&quot;,&quot;copyright&quot;:&quot;&quot;,&quot;focal_length&quot;:&quot;0&quot;,&quot;iso&quot;:&quot;0&quot;,&quot;shutter_speed&quot;:&quot;0&quot;,&quot;title&quot;:&quot;&quot;}\" data-image-title=\"agent14\" data-image-description=\"\" data-image-caption=\"\" data-medium-file=\"https:\/\/i0.wp.com\/www.moda.es\/blog\/wp-content\/uploads\/2014\/08\/agent14.jpg?fit=200%2C300\" data-large-file=\"https:\/\/i0.wp.com\/www.moda.es\/blog\/wp-content\/uploads\/2014\/08\/agent14.jpg?fit=640%2C960\" loading=\"lazy\" class=\"alignnone size-medium wp-image-18027\" alt=\"agent14\" src=\"https:\/\/i0.wp.com\/www.moda.es\/blog\/wp-content\/uploads\/2014\/08\/agent14.jpg?resize=200%2C300\" width=\"200\" height=\"300\" srcset=\"https:\/\/i0.wp.com\/www.moda.es\/blog\/wp-content\/uploads\/2014\/08\/agent14.jpg?resize=200%2C300 200w, https:\/\/i0.wp.com\/www.moda.es\/blog\/wp-content\/uploads\/2014\/08\/agent14.jpg?resize=420%2C630 420w, https:\/\/i0.wp.com\/www.moda.es\/blog\/wp-content\/uploads\/2014\/08\/agent14.jpg?w=650 650w\" sizes=\"(max-width: 200px) 100vw, 200px\" data-recalc-dims=\"1\" \/><\/a><\/p>\n<p>Desde el coche, Pen\u00e9lope Cruz observa la escena encantada para despu\u00e9s terminar la historia en un final abierto&#8230; Abierto al debate sobre la verdadera intenci\u00f3n de esta campa\u00f1a. \u00bfRealmente la marca est\u00e1 orgullosa de lo que ha hecho su oscarizada amiga o estamos asistiendo a la t\u00edpica campa\u00f1a pol\u00e9mica para \u00abque hablen aunque sea mal\u00bb?<\/p>\n<p>Juzga t\u00fa mismo.<\/p>\n<div class=\"jetpack-video-wrapper\"><span class=\"embed-youtube\" style=\"text-align:center; display: block;\"><iframe loading=\"lazy\" class=\"youtube-player\" width=\"640\" height=\"360\" src=\"https:\/\/www.youtube.com\/embed\/_J_QWdE-J-4?version=3&#038;rel=1&#038;showsearch=0&#038;showinfo=1&#038;iv_load_policy=1&#038;fs=1&#038;hl=es-ES&#038;autohide=2&#038;wmode=transparent&#038;listType=playlist&#038;list=UUwe6Kes7IeWOgep5z0DwYXQ\" allowfullscreen=\"true\" style=\"border:0;\" sandbox=\"allow-scripts allow-same-origin allow-popups allow-presentation\"><\/iframe><\/span><\/div>\n<p>&nbsp;<\/p>\n<p>\u00a9Vogue UK                             <\/p>\n","protected":false},"excerpt":{"rendered":"<p>En un primer momento, la uni\u00f3n entre una gran marca, uno de los modelos m\u00e1s atractivos y respetados, y una actriz de fama internacional parece la garant\u00eda de algo muy bueno, pero no siempre es as\u00ed. Agent Provocateur ha presentado la segunda entrega de su colaboraci\u00f3n con Pen\u00e9lope Cruz y [&hellip;]<\/p>\n","protected":false},"author":3,"featured_media":18025,"comment_status":"open","ping_status":"open","sticky":false,"template":"","format":"standard","meta":{"jetpack_publicize_message":"","jetpack_is_tweetstorm":false,"jetpack_publicize_feature_enabled":true},"categories":[3,8,11,14,17],"tags":[50,446,1052],"jetpack_publicize_connections":[],"jetpack_featured_media_url":"https:\/\/i0.wp.com\/www.moda.es\/blog\/wp-content\/uploads\/2014\/08\/agent123.jpg?fit=650%2C433","jetpack_sharing_enabled":true,"jetpack_shortlink":"https:\/\/wp.me\/p4tJCC-4GI","jetpack-related-posts":[{"id":13590,"url":"http:\/\/www.moda.es\/blog\/agent-provocateur-las-hermanas-cruz-y-la-lenceria\/","url_meta":{"origin":18024,"position":0},"title":"Agent Provocateur, las hermanas Cruz y la lencer\u00eda","date":"agosto 3, 2013","format":false,"excerpt":"La moral, el esc\u00e1ndalo y, por qu\u00e9 no decirlo, ese recurrente sentimiento del pudor que con el que algunas empresas visten su ideario han hecho que el estreno del spot de Agent Provocateur dirigido por Pen\u00e9lope Cruz haya sido retirado de Youtube. De acuerdo, el contenido sexual es evidente y\u2026","rel":"","context":"En \u00abActualidad\u00bb","img":{"alt_text":"","src":"https:\/\/i0.wp.com\/www.moda.es\/blog\/wp-content\/uploads\/2013\/08\/Agent-Provocateur-20.jpg?fit=400%2C219&resize=350%2C200","width":350,"height":200},"classes":[]},{"id":14012,"url":"http:\/\/www.moda.es\/blog\/controlate-pero-ponte-sexy\/","url_meta":{"origin":18024,"position":1},"title":"Contr\u00f3late&#8230; pero ponte sexy","date":"septiembre 2, 2013","format":false,"excerpt":"Tras el escandaloso cortometraje de Pen\u00e9lope Cruz, su hermana, Miguel \u00c1ngel Silvestre y dem\u00e1s familia, Agent Provocateur vuelve a darnos lecciones de sensualidad, en esta ocasi\u00f3n con su campa\u00f1a oto\u00f1o - invierno 2013. Melissa George, Chloe Hayward y Elettra Wiedemann muestran su poder para seducir con una colecci\u00f3n muy sexy.\u2026","rel":"","context":"En \u00abCampa\u00f1as\u00bb","img":{"alt_text":"","src":"https:\/\/i0.wp.com\/www.moda.es\/blog\/wp-content\/uploads\/2013\/09\/Agent-Provocateur-11.jpg?fit=500%2C306&resize=350%2C200","width":350,"height":200},"classes":[]},{"id":12353,"url":"http:\/\/www.moda.es\/blog\/pronovias-la-vuelta-al-primer-amor\/","url_meta":{"origin":18024,"position":2},"title":"Pronovias, la vuelta al primer amor","date":"mayo 6, 2013","format":false,"excerpt":"Es un negocio interminable y seguro y sin duda uno de los que m\u00e1s dinero mueve en la industria espa\u00f1ola y Pronovias es la casa que mejor representa este sector en nuestro pa\u00eds. Una vez m\u00e1s la marca puso en broche de oro a la Pasarela Gaud\u00ed y cautiv\u00f3 a\u2026","rel":"","context":"En \u00abNovias\u00bb","img":{"alt_text":"","src":"https:\/\/i0.wp.com\/www.moda.es\/blog\/wp-content\/uploads\/2013\/05\/Pronovias-28.jpg?resize=350%2C200","width":350,"height":200},"classes":[]},{"id":20194,"url":"http:\/\/www.moda.es\/blog\/charlotte-olympia-y-agent-provocateur-se-unen-en-una-coleccion-capsula\/","url_meta":{"origin":18024,"position":3},"title":"Charlotte Olympia y Agent Provocateur se unen en una colecci\u00f3n c\u00e1psula","date":"enero 14, 2016","format":false,"excerpt":"No podemos pensar en dos marcas m\u00e1s adecuadas para una colaboraci\u00f3n que Charlotte Olympia y la firma\u00a0de lencer\u00eda Agent Provocateur. La fundadora de\u00a0Charlotte Olympia, Charlotte Dellal, es un fan declarada de Agent Provocateur desde hace mucho tiempo y tambi\u00e9n tiene experiencia en el dise\u00f1o de ropa interior, pues experiment\u00f3 con\u2026","rel":"","context":"En \u00abAccesorios\u00bb","img":{"alt_text":"","src":"https:\/\/i0.wp.com\/www.moda.es\/blog\/wp-content\/uploads\/2016\/01\/Captura-de-pantalla-2016-01-13-a-las-23.58.54.png?fit=629%2C394&resize=350%2C200","width":350,"height":200},"classes":[]},{"id":20069,"url":"http:\/\/www.moda.es\/blog\/descubre-la-campana-de-bar-refaeli-para-agent-provocateur\/","url_meta":{"origin":18024,"position":4},"title":"Descubre la campa\u00f1a de Bar Refaeli para Agent Provocateur","date":"diciembre 14, 2015","format":false,"excerpt":"Bar Refaeli es la nueva imagen, o mejor dicho el cuerpo, de la nueva campa\u00f1a de Agent Provocateur. La modelo de 30 a\u00f1os de edad, est\u00e1 de vuelta haciendo lo que mejor sabe hacer con un granero franc\u00e9s como tel\u00f3n de fondo para mostrar\u00a0la nueva colecci\u00f3n de la marca de\u00a0lencer\u00eda\u2026","rel":"","context":"En \u00abActualidad\u00bb","img":{"alt_text":"","src":"https:\/\/i0.wp.com\/www.moda.es\/blog\/wp-content\/uploads\/2015\/12\/Captura-de-pantalla-2015-12-14-a-las-22.59.00.png?fit=618%2C385&resize=350%2C200","width":350,"height":200},"classes":[]},{"id":21054,"url":"http:\/\/www.moda.es\/blog\/charlotte-olympia-se-inspira-en-barbie\/","url_meta":{"origin":18024,"position":5},"title":"Charlotte Olympia se inspira en Barbie","date":"septiembre 7, 2016","format":false,"excerpt":"Charlotte Olympia Dellal ha decidido\u00a0canalizar a su ni\u00f1a interior para su \u00faltima colecci\u00f3n c\u00e1psula. La famosa dise\u00f1adora de calzado se ha asociado\u00a0con Barbie en una colecci\u00f3n c\u00e1psula de accesorios. Adem\u00e1s de una mu\u00f1eca Barbie dise\u00f1ada para parecerse a Dellal vestida con un look\u00a0basado en uno de Giambattista Valli\u00a0que ya luci\u00f3\u2026","rel":"","context":"En \u00abActualidad\u00bb","img":{"alt_text":"","src":"https:\/\/i0.wp.com\/www.moda.es\/blog\/wp-content\/uploads\/2016\/09\/Captura-de-pantalla-2016-09-08-a-las-0.08.00.png?fit=588%2C340&resize=350%2C200","width":350,"height":200},"classes":[]}],"_links":{"self":[{"href":"http:\/\/www.moda.es\/blog\/wp-json\/wp\/v2\/posts\/18024"}],"collection":[{"href":"http:\/\/www.moda.es\/blog\/wp-json\/wp\/v2\/posts"}],"about":[{"href":"http:\/\/www.moda.es\/blog\/wp-json\/wp\/v2\/types\/post"}],"author":[{"embeddable":true,"href":"http:\/\/www.moda.es\/blog\/wp-json\/wp\/v2\/users\/3"}],"replies":[{"embeddable":true,"href":"http:\/\/www.moda.es\/blog\/wp-json\/wp\/v2\/comments?post=18024"}],"version-history":[{"count":6,"href":"http:\/\/www.moda.es\/blog\/wp-json\/wp\/v2\/posts\/18024\/revisions"}],"predecessor-version":[{"id":36312,"href":"http:\/\/www.moda.es\/blog\/wp-json\/wp\/v2\/posts\/18024\/revisions\/36312"}],"wp:featuredmedia":[{"embeddable":true,"href":"http:\/\/www.moda.es\/blog\/wp-json\/wp\/v2\/media\/18025"}],"wp:attachment":[{"href":"http:\/\/www.moda.es\/blog\/wp-json\/wp\/v2\/media?parent=18024"}],"wp:term":[{"taxonomy":"category","embeddable":true,"href":"http:\/\/www.moda.es\/blog\/wp-json\/wp\/v2\/categories?post=18024"},{"taxonomy":"post_tag","embeddable":true,"href":"http:\/\/www.moda.es\/blog\/wp-json\/wp\/v2\/tags?post=18024"}],"curies":[{"name":"wp","href":"https:\/\/api.w.org\/{rel}","templated":true}]}}