{"id":17947,"date":"2014-07-14T22:25:18","date_gmt":"2014-07-14T21:25:18","guid":{"rendered":"http:\/\/www.moda.es\/blog\/?p=17947"},"modified":"2020-04-27T17:26:11","modified_gmt":"2020-04-27T16:26:11","slug":"la-alta-costura-no-viene-solo-de-paris","status":"publish","type":"post","link":"http:\/\/www.moda.es\/blog\/la-alta-costura-no-viene-solo-de-paris\/","title":{"rendered":"La Alta Costura no viene s\u00f3lo de Par\u00eds"},"content":{"rendered":"<p>Cuando somos peque\u00f1as nos dicen que los ni\u00f1os vienen de Par\u00eds. Cuando somos mayores es la Alta Costura la que viene de la ciudad de la Torre Eiffel, y cuando<strong> Dolce &amp; Gabbana\u00a0<\/strong> toman las riendas la <strong>Alta Costura<\/strong> (o la Alta Moda como ellos llaman a su colecci\u00f3n) viene de cualquier rinc\u00f3n encantador de Italia.<\/p>\n<p><a href=\"https:\/\/i0.wp.com\/www.moda.es\/blog\/wp-content\/uploads\/2014\/07\/dg1.jpg\"><img data-attachment-id=\"17964\" data-permalink=\"http:\/\/www.moda.es\/blog\/la-alta-costura-no-viene-solo-de-paris\/dg1\/\" data-orig-file=\"https:\/\/i0.wp.com\/www.moda.es\/blog\/wp-content\/uploads\/2014\/07\/dg1.jpg?fit=650%2C650\" data-orig-size=\"650,650\" data-comments-opened=\"1\" data-image-meta=\"{&quot;aperture&quot;:&quot;0&quot;,&quot;credit&quot;:&quot;&quot;,&quot;camera&quot;:&quot;&quot;,&quot;caption&quot;:&quot;&quot;,&quot;created_timestamp&quot;:&quot;0&quot;,&quot;copyright&quot;:&quot;&quot;,&quot;focal_length&quot;:&quot;0&quot;,&quot;iso&quot;:&quot;0&quot;,&quot;shutter_speed&quot;:&quot;0&quot;,&quot;title&quot;:&quot;&quot;}\" data-image-title=\"dg1\" data-image-description=\"\" data-image-caption=\"\" data-medium-file=\"https:\/\/i0.wp.com\/www.moda.es\/blog\/wp-content\/uploads\/2014\/07\/dg1.jpg?fit=300%2C300\" data-large-file=\"https:\/\/i0.wp.com\/www.moda.es\/blog\/wp-content\/uploads\/2014\/07\/dg1.jpg?fit=640%2C640\" loading=\"lazy\" class=\"size-medium wp-image-17964 aligncenter\" alt=\"dg1\" src=\"https:\/\/i0.wp.com\/www.moda.es\/blog\/wp-content\/uploads\/2014\/07\/dg1.jpg?resize=300%2C300\" width=\"300\" height=\"300\" srcset=\"https:\/\/i0.wp.com\/www.moda.es\/blog\/wp-content\/uploads\/2014\/07\/dg1.jpg?resize=300%2C300 300w, https:\/\/i0.wp.com\/www.moda.es\/blog\/wp-content\/uploads\/2014\/07\/dg1.jpg?resize=150%2C150 150w, https:\/\/i0.wp.com\/www.moda.es\/blog\/wp-content\/uploads\/2014\/07\/dg1.jpg?resize=420%2C420 420w, https:\/\/i0.wp.com\/www.moda.es\/blog\/wp-content\/uploads\/2014\/07\/dg1.jpg?resize=120%2C120 120w, https:\/\/i0.wp.com\/www.moda.es\/blog\/wp-content\/uploads\/2014\/07\/dg1.jpg?w=650 650w\" sizes=\"(max-width: 300px) 100vw, 300px\" data-recalc-dims=\"1\" \/><\/a><\/p>\n<p>Ya han pasado por Venecia y Sicilia y en esta ocasi\u00f3n ha sido <strong>Capri<\/strong> el escenario de la presentaci\u00f3n de su nueva colecci\u00f3n <strong>Dolce &amp; Gabbana Alta Moda<\/strong>.<\/p>\n<p><a href=\"https:\/\/i0.wp.com\/www.moda.es\/blog\/wp-content\/uploads\/2014\/07\/dg3.jpg\"><img data-attachment-id=\"17948\" data-permalink=\"http:\/\/www.moda.es\/blog\/la-alta-costura-no-viene-solo-de-paris\/dg3\/\" data-orig-file=\"https:\/\/i0.wp.com\/www.moda.es\/blog\/wp-content\/uploads\/2014\/07\/dg3.jpg?fit=650%2C650\" data-orig-size=\"650,650\" data-comments-opened=\"1\" data-image-meta=\"{&quot;aperture&quot;:&quot;0&quot;,&quot;credit&quot;:&quot;&quot;,&quot;camera&quot;:&quot;&quot;,&quot;caption&quot;:&quot;&quot;,&quot;created_timestamp&quot;:&quot;0&quot;,&quot;copyright&quot;:&quot;&quot;,&quot;focal_length&quot;:&quot;0&quot;,&quot;iso&quot;:&quot;0&quot;,&quot;shutter_speed&quot;:&quot;0&quot;,&quot;title&quot;:&quot;&quot;}\" data-image-title=\"dg3\" data-image-description=\"\" data-image-caption=\"\" data-medium-file=\"https:\/\/i0.wp.com\/www.moda.es\/blog\/wp-content\/uploads\/2014\/07\/dg3.jpg?fit=300%2C300\" data-large-file=\"https:\/\/i0.wp.com\/www.moda.es\/blog\/wp-content\/uploads\/2014\/07\/dg3.jpg?fit=640%2C640\" loading=\"lazy\" class=\"size-medium wp-image-17948 aligncenter\" alt=\"dg3\" src=\"https:\/\/i0.wp.com\/www.moda.es\/blog\/wp-content\/uploads\/2014\/07\/dg3.jpg?resize=300%2C300\" width=\"300\" height=\"300\" srcset=\"https:\/\/i0.wp.com\/www.moda.es\/blog\/wp-content\/uploads\/2014\/07\/dg3.jpg?resize=300%2C300 300w, https:\/\/i0.wp.com\/www.moda.es\/blog\/wp-content\/uploads\/2014\/07\/dg3.jpg?resize=150%2C150 150w, https:\/\/i0.wp.com\/www.moda.es\/blog\/wp-content\/uploads\/2014\/07\/dg3.jpg?resize=420%2C420 420w, https:\/\/i0.wp.com\/www.moda.es\/blog\/wp-content\/uploads\/2014\/07\/dg3.jpg?resize=120%2C120 120w, https:\/\/i0.wp.com\/www.moda.es\/blog\/wp-content\/uploads\/2014\/07\/dg3.jpg?w=650 650w\" sizes=\"(max-width: 300px) 100vw, 300px\" data-recalc-dims=\"1\" \/><\/a><\/p>\n<p>La pareja de dise\u00f1adores celebr\u00f3 un desfile al atardecer en la <strong>Playa de Fontanilla<\/strong>, sobre una pasarela situada en las rocas a la que llegaron los invitados (200 periodistas y compradores) en barco. Aut\u00e9ntica magia con sabor a Italia y a drama, porque la colecci\u00f3n no pod\u00eda ser m\u00e1s <strong>dram\u00e1tica<\/strong>.<\/p>\n<p><a href=\"https:\/\/i0.wp.com\/www.moda.es\/blog\/wp-content\/uploads\/2014\/07\/dg2.jpg\"><img data-attachment-id=\"17949\" data-permalink=\"http:\/\/www.moda.es\/blog\/la-alta-costura-no-viene-solo-de-paris\/dg2\/\" data-orig-file=\"https:\/\/i0.wp.com\/www.moda.es\/blog\/wp-content\/uploads\/2014\/07\/dg2.jpg?fit=650%2C650\" data-orig-size=\"650,650\" data-comments-opened=\"1\" data-image-meta=\"{&quot;aperture&quot;:&quot;0&quot;,&quot;credit&quot;:&quot;&quot;,&quot;camera&quot;:&quot;&quot;,&quot;caption&quot;:&quot;&quot;,&quot;created_timestamp&quot;:&quot;0&quot;,&quot;copyright&quot;:&quot;&quot;,&quot;focal_length&quot;:&quot;0&quot;,&quot;iso&quot;:&quot;0&quot;,&quot;shutter_speed&quot;:&quot;0&quot;,&quot;title&quot;:&quot;&quot;}\" data-image-title=\"dg2\" data-image-description=\"\" data-image-caption=\"\" data-medium-file=\"https:\/\/i0.wp.com\/www.moda.es\/blog\/wp-content\/uploads\/2014\/07\/dg2.jpg?fit=300%2C300\" data-large-file=\"https:\/\/i0.wp.com\/www.moda.es\/blog\/wp-content\/uploads\/2014\/07\/dg2.jpg?fit=640%2C640\" loading=\"lazy\" class=\"size-medium wp-image-17949 aligncenter\" alt=\"dg2\" src=\"https:\/\/i0.wp.com\/www.moda.es\/blog\/wp-content\/uploads\/2014\/07\/dg2.jpg?resize=300%2C300\" width=\"300\" height=\"300\" srcset=\"https:\/\/i0.wp.com\/www.moda.es\/blog\/wp-content\/uploads\/2014\/07\/dg2.jpg?resize=300%2C300 300w, https:\/\/i0.wp.com\/www.moda.es\/blog\/wp-content\/uploads\/2014\/07\/dg2.jpg?resize=150%2C150 150w, https:\/\/i0.wp.com\/www.moda.es\/blog\/wp-content\/uploads\/2014\/07\/dg2.jpg?resize=420%2C420 420w, https:\/\/i0.wp.com\/www.moda.es\/blog\/wp-content\/uploads\/2014\/07\/dg2.jpg?resize=120%2C120 120w, https:\/\/i0.wp.com\/www.moda.es\/blog\/wp-content\/uploads\/2014\/07\/dg2.jpg?w=650 650w\" sizes=\"(max-width: 300px) 100vw, 300px\" data-recalc-dims=\"1\" \/><\/a><br \/>\nComo algo salido de una pel\u00edcula de \u00e9poca, las<strong> faldas a rayas<\/strong> pintadas a mano se combinaban con blusas florales isabelinas en looks rematados con <strong>coronas doradas<\/strong> y pendientes <em>chandelier.<\/em><\/p>\n<p><a href=\"https:\/\/i0.wp.com\/www.moda.es\/blog\/wp-content\/uploads\/2014\/07\/dg5.jpg\"><img data-attachment-id=\"17952\" data-permalink=\"http:\/\/www.moda.es\/blog\/la-alta-costura-no-viene-solo-de-paris\/dg5\/\" data-orig-file=\"https:\/\/i0.wp.com\/www.moda.es\/blog\/wp-content\/uploads\/2014\/07\/dg5.jpg?fit=650%2C650\" data-orig-size=\"650,650\" data-comments-opened=\"1\" data-image-meta=\"{&quot;aperture&quot;:&quot;0&quot;,&quot;credit&quot;:&quot;&quot;,&quot;camera&quot;:&quot;&quot;,&quot;caption&quot;:&quot;&quot;,&quot;created_timestamp&quot;:&quot;0&quot;,&quot;copyright&quot;:&quot;&quot;,&quot;focal_length&quot;:&quot;0&quot;,&quot;iso&quot;:&quot;0&quot;,&quot;shutter_speed&quot;:&quot;0&quot;,&quot;title&quot;:&quot;&quot;}\" data-image-title=\"dg5\" data-image-description=\"\" data-image-caption=\"\" data-medium-file=\"https:\/\/i0.wp.com\/www.moda.es\/blog\/wp-content\/uploads\/2014\/07\/dg5.jpg?fit=300%2C300\" data-large-file=\"https:\/\/i0.wp.com\/www.moda.es\/blog\/wp-content\/uploads\/2014\/07\/dg5.jpg?fit=640%2C640\" loading=\"lazy\" class=\"size-medium wp-image-17952 aligncenter\" alt=\"dg5\" src=\"https:\/\/i0.wp.com\/www.moda.es\/blog\/wp-content\/uploads\/2014\/07\/dg5.jpg?resize=300%2C300\" width=\"300\" height=\"300\" srcset=\"https:\/\/i0.wp.com\/www.moda.es\/blog\/wp-content\/uploads\/2014\/07\/dg5.jpg?resize=300%2C300 300w, https:\/\/i0.wp.com\/www.moda.es\/blog\/wp-content\/uploads\/2014\/07\/dg5.jpg?resize=150%2C150 150w, https:\/\/i0.wp.com\/www.moda.es\/blog\/wp-content\/uploads\/2014\/07\/dg5.jpg?resize=420%2C420 420w, https:\/\/i0.wp.com\/www.moda.es\/blog\/wp-content\/uploads\/2014\/07\/dg5.jpg?resize=120%2C120 120w, https:\/\/i0.wp.com\/www.moda.es\/blog\/wp-content\/uploads\/2014\/07\/dg5.jpg?w=650 650w\" sizes=\"(max-width: 300px) 100vw, 300px\" data-recalc-dims=\"1\" \/><\/a><\/p>\n<p>Pero no todo han sido pomposos vestidos de princesa. Junto a ellos botas de nieve con microshorts y pantalones Capri en capas bajo <strong>t\u00fanicas retro,<\/strong> bordados florales y sandalias, vestidos sencillos con incre\u00edbles abrigos, trajes de tweed, encaje y sastrer\u00eda que podr\u00edan seducir a mujeres de cualquier \u00e9poca y en cualquier momento del a\u00f1o porque <strong>serv\u00edan para todas las temporadas<\/strong>.<\/p>\n<p><a href=\"https:\/\/i0.wp.com\/www.moda.es\/blog\/wp-content\/uploads\/2014\/07\/dg4.jpg\"><img data-attachment-id=\"17953\" data-permalink=\"http:\/\/www.moda.es\/blog\/la-alta-costura-no-viene-solo-de-paris\/dg4\/\" data-orig-file=\"https:\/\/i0.wp.com\/www.moda.es\/blog\/wp-content\/uploads\/2014\/07\/dg4.jpg?fit=650%2C650\" data-orig-size=\"650,650\" data-comments-opened=\"1\" data-image-meta=\"{&quot;aperture&quot;:&quot;0&quot;,&quot;credit&quot;:&quot;&quot;,&quot;camera&quot;:&quot;&quot;,&quot;caption&quot;:&quot;&quot;,&quot;created_timestamp&quot;:&quot;0&quot;,&quot;copyright&quot;:&quot;&quot;,&quot;focal_length&quot;:&quot;0&quot;,&quot;iso&quot;:&quot;0&quot;,&quot;shutter_speed&quot;:&quot;0&quot;,&quot;title&quot;:&quot;&quot;}\" data-image-title=\"dg4\" data-image-description=\"\" data-image-caption=\"\" data-medium-file=\"https:\/\/i0.wp.com\/www.moda.es\/blog\/wp-content\/uploads\/2014\/07\/dg4.jpg?fit=300%2C300\" data-large-file=\"https:\/\/i0.wp.com\/www.moda.es\/blog\/wp-content\/uploads\/2014\/07\/dg4.jpg?fit=640%2C640\" loading=\"lazy\" class=\"size-medium wp-image-17953 aligncenter\" alt=\"dg4\" src=\"https:\/\/i0.wp.com\/www.moda.es\/blog\/wp-content\/uploads\/2014\/07\/dg4.jpg?resize=300%2C300\" width=\"300\" height=\"300\" srcset=\"https:\/\/i0.wp.com\/www.moda.es\/blog\/wp-content\/uploads\/2014\/07\/dg4.jpg?resize=300%2C300 300w, https:\/\/i0.wp.com\/www.moda.es\/blog\/wp-content\/uploads\/2014\/07\/dg4.jpg?resize=150%2C150 150w, https:\/\/i0.wp.com\/www.moda.es\/blog\/wp-content\/uploads\/2014\/07\/dg4.jpg?resize=420%2C420 420w, https:\/\/i0.wp.com\/www.moda.es\/blog\/wp-content\/uploads\/2014\/07\/dg4.jpg?resize=120%2C120 120w, https:\/\/i0.wp.com\/www.moda.es\/blog\/wp-content\/uploads\/2014\/07\/dg4.jpg?w=650 650w\" sizes=\"(max-width: 300px) 100vw, 300px\" data-recalc-dims=\"1\" \/><\/a><\/p>\n<p>\u00bfEl contrapunto genial? No hab\u00eda ni un s\u00f3lo fot\u00f3grafo. Un evento de moda en el que la <strong>privacidad<\/strong> y la <strong>exclusividad<\/strong> era uno de los grandes encantos.<\/p>\n<p style=\"text-align: center\"><a href=\"https:\/\/i0.wp.com\/www.moda.es\/blog\/wp-content\/uploads\/2014\/07\/dg6.jpg\"><img data-attachment-id=\"17956\" data-permalink=\"http:\/\/www.moda.es\/blog\/la-alta-costura-no-viene-solo-de-paris\/dg6\/\" data-orig-file=\"https:\/\/i0.wp.com\/www.moda.es\/blog\/wp-content\/uploads\/2014\/07\/dg6.jpg?fit=650%2C650\" data-orig-size=\"650,650\" data-comments-opened=\"1\" data-image-meta=\"{&quot;aperture&quot;:&quot;0&quot;,&quot;credit&quot;:&quot;&quot;,&quot;camera&quot;:&quot;&quot;,&quot;caption&quot;:&quot;&quot;,&quot;created_timestamp&quot;:&quot;0&quot;,&quot;copyright&quot;:&quot;&quot;,&quot;focal_length&quot;:&quot;0&quot;,&quot;iso&quot;:&quot;0&quot;,&quot;shutter_speed&quot;:&quot;0&quot;,&quot;title&quot;:&quot;&quot;}\" data-image-title=\"dg6\" data-image-description=\"\" data-image-caption=\"\" data-medium-file=\"https:\/\/i0.wp.com\/www.moda.es\/blog\/wp-content\/uploads\/2014\/07\/dg6.jpg?fit=300%2C300\" data-large-file=\"https:\/\/i0.wp.com\/www.moda.es\/blog\/wp-content\/uploads\/2014\/07\/dg6.jpg?fit=640%2C640\" loading=\"lazy\" class=\"alignnone size-medium wp-image-17956\" alt=\"dg6\" src=\"https:\/\/i0.wp.com\/www.moda.es\/blog\/wp-content\/uploads\/2014\/07\/dg6.jpg?resize=300%2C300\" width=\"300\" height=\"300\" srcset=\"https:\/\/i0.wp.com\/www.moda.es\/blog\/wp-content\/uploads\/2014\/07\/dg6.jpg?resize=300%2C300 300w, https:\/\/i0.wp.com\/www.moda.es\/blog\/wp-content\/uploads\/2014\/07\/dg6.jpg?resize=150%2C150 150w, https:\/\/i0.wp.com\/www.moda.es\/blog\/wp-content\/uploads\/2014\/07\/dg6.jpg?resize=420%2C420 420w, https:\/\/i0.wp.com\/www.moda.es\/blog\/wp-content\/uploads\/2014\/07\/dg6.jpg?resize=120%2C120 120w, https:\/\/i0.wp.com\/www.moda.es\/blog\/wp-content\/uploads\/2014\/07\/dg6.jpg?w=650 650w\" sizes=\"(max-width: 300px) 100vw, 300px\" data-recalc-dims=\"1\" \/><\/a> <a href=\"https:\/\/i0.wp.com\/www.moda.es\/blog\/wp-content\/uploads\/2014\/07\/dg7.jpg\"><img data-attachment-id=\"17957\" data-permalink=\"http:\/\/www.moda.es\/blog\/la-alta-costura-no-viene-solo-de-paris\/dg7\/\" data-orig-file=\"https:\/\/i0.wp.com\/www.moda.es\/blog\/wp-content\/uploads\/2014\/07\/dg7.jpg?fit=650%2C650\" data-orig-size=\"650,650\" data-comments-opened=\"1\" data-image-meta=\"{&quot;aperture&quot;:&quot;0&quot;,&quot;credit&quot;:&quot;&quot;,&quot;camera&quot;:&quot;&quot;,&quot;caption&quot;:&quot;&quot;,&quot;created_timestamp&quot;:&quot;0&quot;,&quot;copyright&quot;:&quot;&quot;,&quot;focal_length&quot;:&quot;0&quot;,&quot;iso&quot;:&quot;0&quot;,&quot;shutter_speed&quot;:&quot;0&quot;,&quot;title&quot;:&quot;&quot;}\" data-image-title=\"dg7\" data-image-description=\"\" data-image-caption=\"\" data-medium-file=\"https:\/\/i0.wp.com\/www.moda.es\/blog\/wp-content\/uploads\/2014\/07\/dg7.jpg?fit=300%2C300\" data-large-file=\"https:\/\/i0.wp.com\/www.moda.es\/blog\/wp-content\/uploads\/2014\/07\/dg7.jpg?fit=640%2C640\" loading=\"lazy\" class=\"alignnone size-medium wp-image-17957\" alt=\"dg7\" src=\"https:\/\/i0.wp.com\/www.moda.es\/blog\/wp-content\/uploads\/2014\/07\/dg7.jpg?resize=300%2C300\" width=\"300\" height=\"300\" srcset=\"https:\/\/i0.wp.com\/www.moda.es\/blog\/wp-content\/uploads\/2014\/07\/dg7.jpg?resize=300%2C300 300w, https:\/\/i0.wp.com\/www.moda.es\/blog\/wp-content\/uploads\/2014\/07\/dg7.jpg?resize=150%2C150 150w, https:\/\/i0.wp.com\/www.moda.es\/blog\/wp-content\/uploads\/2014\/07\/dg7.jpg?resize=420%2C420 420w, https:\/\/i0.wp.com\/www.moda.es\/blog\/wp-content\/uploads\/2014\/07\/dg7.jpg?resize=120%2C120 120w, https:\/\/i0.wp.com\/www.moda.es\/blog\/wp-content\/uploads\/2014\/07\/dg7.jpg?w=650 650w\" sizes=\"(max-width: 300px) 100vw, 300px\" data-recalc-dims=\"1\" \/><\/a><\/p>\n<p>\u00a9Grazia UK \/ Instagram                             <\/p>\n","protected":false},"excerpt":{"rendered":"<p>Cuando somos peque\u00f1as nos dicen que los ni\u00f1os vienen de Par\u00eds. Cuando somos mayores es la Alta Costura la que viene de la ciudad de la Torre Eiffel, y cuando Dolce &amp; Gabbana\u00a0 toman las riendas la Alta Costura (o la Alta Moda como ellos llaman a su colecci\u00f3n) viene [&hellip;]<\/p>\n","protected":false},"author":3,"featured_media":17948,"comment_status":"open","ping_status":"open","sticky":false,"template":"","format":"standard","meta":{"jetpack_publicize_message":"","jetpack_is_tweetstorm":false,"jetpack_publicize_feature_enabled":true},"categories":[11,12,14,23],"tags":[273,274],"jetpack_publicize_connections":[],"jetpack_featured_media_url":"https:\/\/i0.wp.com\/www.moda.es\/blog\/wp-content\/uploads\/2014\/07\/dg3.jpg?fit=650%2C650","jetpack_sharing_enabled":true,"jetpack_shortlink":"https:\/\/wp.me\/p4tJCC-4Ft","jetpack-related-posts":[{"id":13294,"url":"http:\/\/www.moda.es\/blog\/dolce-gabbana-alta-moda-aun-queda-alta-costura\/","url_meta":{"origin":17947,"position":0},"title":"Dolce &amp; Gabbana Alta Moda, Alta Costura italiana","date":"julio 11, 2013","format":false,"excerpt":"La tercera colecci\u00f3n de Alta Costura de Dolce\u00a0 & Gabbana fue presentada bajo los\u00a0 ornamentos de un par de palacios venecianos del siglo XV adyacentes con vistas al Gran Canal y ante una selecta audiencia. La colecci\u00f3n, ultra femenina y cl\u00e1sica aunque totalmente contempor\u00e1nea en su construcci\u00f3n y en la\u2026","rel":"","context":"En \u00abColecciones\u00bb","img":{"alt_text":"","src":"https:\/\/i0.wp.com\/www.moda.es\/blog\/wp-content\/uploads\/2013\/07\/Dolce-and-Gabbana-Alta-Moda-1.jpg?fit=400%2C654&resize=350%2C200","width":350,"height":200},"classes":[]},{"id":10510,"url":"http:\/\/www.moda.es\/blog\/la-alta-moda-de-dolce-gabbana\/","url_meta":{"origin":17947,"position":1},"title":"La Alta Moda de Dolce &amp; Gabbana","date":"enero 31, 2013","format":false,"excerpt":"\u00a0 En la m\u00e1s rigurosa y rica intimidad. As\u00ed es como Dolce & Gabbana ha celebrado el desfile de su segunda colecci\u00f3n de Alta Costura, Dolce & Gabbana Alta Moda Primavera - Verano 2013. Rigurosa porque s\u00f3lo 80 personas ocupaban los asientos y rica porque aparte de los doce \u00fanicos\u2026","rel":"","context":"En \u00abColecciones\u00bb","img":{"alt_text":"","src":"https:\/\/i0.wp.com\/www.moda.es\/blog\/wp-content\/uploads\/2013\/01\/Dolce-and-Gabbana-Alta-Moda31.jpg?fit=500%2C750&resize=350%2C200","width":350,"height":200},"classes":[]},{"id":19965,"url":"http:\/\/www.moda.es\/blog\/gucci-desfilando-en-londres\/","url_meta":{"origin":17947,"position":2},"title":"\u00bfGucci desfilando en Londres?","date":"noviembre 12, 2015","format":false,"excerpt":"Pues s\u00ed, \u00bfpor qu\u00e9 no? Si Chanel recorre medio mundo en cada edici\u00f3n de su Metiers d'Art y Dolce & Gabbana ha sacado su Alta Moda del circuito de la costura Par\u00eds, ya est\u00e1 claro que no existen fronteras en el campo de los desfiles. La \u00faltima colecci\u00f3n de Gucci\u2026","rel":"","context":"En \u00abColecciones\u00bb","img":{"alt_text":"","src":"https:\/\/i0.wp.com\/www.moda.es\/blog\/wp-content\/uploads\/2015\/11\/Captura-de-pantalla-2015-11-12-a-las-22.11.26.png?fit=647%2C425&resize=350%2C200","width":350,"height":200},"classes":[]},{"id":18849,"url":"http:\/\/www.moda.es\/blog\/dolce-gabbana-vuleven-a-deslumbrar-con-su-alta-moda\/","url_meta":{"origin":17947,"position":3},"title":"Dolce &amp; Gabbana vuleven a deslumbrar con su Alta Moda","date":"enero 31, 2015","format":false,"excerpt":"La c\u00e9lebre Scala de Mil\u00e1n ha sido testigo de toda clase de \u00f3peras y espect\u00e1culos l\u00edricos e incluso en el siglo XIX funcion\u00f3 como casino, pero nunca hab\u00eda guardado la Alta Costura entre sus muros. Pero Domenico Dolce y Stefano Gabbana se reunieron con el director general de la instituci\u00f3n\u2026","rel":"","context":"En \u00abColecciones\u00bb","img":{"alt_text":"","src":"https:\/\/i0.wp.com\/www.moda.es\/blog\/wp-content\/uploads\/2015\/01\/dgam6.jpg?fit=650%2C416&resize=350%2C200","width":350,"height":200},"classes":[]},{"id":16190,"url":"http:\/\/www.moda.es\/blog\/la-moda-que-se-llevara-segun-milan-fashion-week\/","url_meta":{"origin":17947,"position":4},"title":"La moda que se llevar\u00e1 seg\u00fan Milan Fashion Week","date":"septiembre 24, 2013","format":false,"excerpt":"Si el otro d\u00eda te cont\u00e1bamos lo m\u00e1s rese\u00f1able de los desfiles de la Semana de la Moda de Londres, hoy que se cierra la de Mil\u00e1n con nuevas claves de estilo para la pr\u00f3xima temporada Primavera - Verano 2014. La moda italiana ha mirado a sus ra\u00edces m\u00e1s que\u2026","rel":"","context":"En \u00abAccesorios\u00bb","img":{"alt_text":"","src":"https:\/\/i0.wp.com\/www.moda.es\/blog\/wp-content\/uploads\/2013\/09\/Meissens1.jpg?fit=500%2C677&resize=350%2C200","width":350,"height":200},"classes":[]},{"id":18438,"url":"http:\/\/www.moda.es\/blog\/la-inocencia-de-dolce-gabbana\/","url_meta":{"origin":17947,"position":5},"title":"La inocencia de Dolce &amp; Gabbana&#8230;","date":"octubre 25, 2014","format":false,"excerpt":"...ya ha sido decretada. La Corte Suprema de Roma ha anulado el fallo que condenaba a 20 a\u00f1os de c\u00e1rcel a los creadores\u00a0y a un grupo de altos ejecutivos de la compa\u00f1\u00eda por evasi\u00f3n de impuestos. El veredicto inocente viene de un panel de cinco jueces de la Corte Suprema\u2026","rel":"","context":"En \u00abActualidad\u00bb","img":{"alt_text":"","src":"https:\/\/i0.wp.com\/www.moda.es\/blog\/wp-content\/uploads\/2014\/10\/dg2.jpg?fit=650%2C397&resize=350%2C200","width":350,"height":200},"classes":[]}],"_links":{"self":[{"href":"http:\/\/www.moda.es\/blog\/wp-json\/wp\/v2\/posts\/17947"}],"collection":[{"href":"http:\/\/www.moda.es\/blog\/wp-json\/wp\/v2\/posts"}],"about":[{"href":"http:\/\/www.moda.es\/blog\/wp-json\/wp\/v2\/types\/post"}],"author":[{"embeddable":true,"href":"http:\/\/www.moda.es\/blog\/wp-json\/wp\/v2\/users\/3"}],"replies":[{"embeddable":true,"href":"http:\/\/www.moda.es\/blog\/wp-json\/wp\/v2\/comments?post=17947"}],"version-history":[{"count":15,"href":"http:\/\/www.moda.es\/blog\/wp-json\/wp\/v2\/posts\/17947\/revisions"}],"predecessor-version":[{"id":36323,"href":"http:\/\/www.moda.es\/blog\/wp-json\/wp\/v2\/posts\/17947\/revisions\/36323"}],"wp:featuredmedia":[{"embeddable":true,"href":"http:\/\/www.moda.es\/blog\/wp-json\/wp\/v2\/media\/17948"}],"wp:attachment":[{"href":"http:\/\/www.moda.es\/blog\/wp-json\/wp\/v2\/media?parent=17947"}],"wp:term":[{"taxonomy":"category","embeddable":true,"href":"http:\/\/www.moda.es\/blog\/wp-json\/wp\/v2\/categories?post=17947"},{"taxonomy":"post_tag","embeddable":true,"href":"http:\/\/www.moda.es\/blog\/wp-json\/wp\/v2\/tags?post=17947"}],"curies":[{"name":"wp","href":"https:\/\/api.w.org\/{rel}","templated":true}]}}