{"id":17916,"date":"2014-07-08T21:36:48","date_gmt":"2014-07-08T20:36:48","guid":{"rendered":"http:\/\/www.moda.es\/blog\/?p=17916"},"modified":"2020-04-27T17:26:37","modified_gmt":"2020-04-27T16:26:37","slug":"cualquier-tiempo-pasado-fue-mejor-ii","status":"publish","type":"post","link":"http:\/\/www.moda.es\/blog\/cualquier-tiempo-pasado-fue-mejor-ii\/","title":{"rendered":"\u00bfCualquier tiempo pasado fue mejor? (II)"},"content":{"rendered":"<p>Si muchas de las tendencias de este verano te siguen resultado un poco familiares, es porque ya estuvieron netre nosotros antes. Pero, por mucho que nos gusten los estilos retro, hay una gran diferencia entre estar elegante con <strong>crop-top<\/strong> y el aspecto de<strong> Kelly Kapowski<\/strong> en un cap\u00edtulo de <strong><em>Salvados por la Campana<\/em><\/strong> (sin \u00e1nimo de ofender).<br \/>\nPara ayudarle a navegar por esta cuerda floja, y que sigas indetificando las tendencias m\u00e1s <em>cool<\/em> que vuelven del pasado, te seguimos mostrando los mejores <strong>remember<\/strong> de las tiendas de esta temporada.<\/p>\n<p><strong>Esp\u00edritu deportivo<\/strong><\/p>\n<p><a href=\"https:\/\/i0.wp.com\/www.moda.es\/blog\/wp-content\/uploads\/2014\/07\/britney.jpg\"><img data-attachment-id=\"17919\" data-permalink=\"http:\/\/www.moda.es\/blog\/cualquier-tiempo-pasado-fue-mejor-i\/britney\/\" data-orig-file=\"https:\/\/i0.wp.com\/www.moda.es\/blog\/wp-content\/uploads\/2014\/07\/britney.jpg?fit=650%2C976\" data-orig-size=\"650,976\" data-comments-opened=\"1\" data-image-meta=\"{&quot;aperture&quot;:&quot;0&quot;,&quot;credit&quot;:&quot;KMazur&quot;,&quot;camera&quot;:&quot;&quot;,&quot;caption&quot;:&quot;&quot;,&quot;created_timestamp&quot;:&quot;0&quot;,&quot;copyright&quot;:&quot;&quot;,&quot;focal_length&quot;:&quot;0&quot;,&quot;iso&quot;:&quot;0&quot;,&quot;shutter_speed&quot;:&quot;0&quot;,&quot;title&quot;:&quot;213052&quot;}\" data-image-title=\"britney\" data-image-description=\"\" data-image-caption=\"\" data-medium-file=\"https:\/\/i0.wp.com\/www.moda.es\/blog\/wp-content\/uploads\/2014\/07\/britney.jpg?fit=199%2C300\" data-large-file=\"https:\/\/i0.wp.com\/www.moda.es\/blog\/wp-content\/uploads\/2014\/07\/britney.jpg?fit=640%2C961\" loading=\"lazy\" class=\"size-medium wp-image-17919 aligncenter\" alt=\"britney\" src=\"https:\/\/i0.wp.com\/www.moda.es\/blog\/wp-content\/uploads\/2014\/07\/britney.jpg?resize=199%2C300\" width=\"199\" height=\"300\" srcset=\"https:\/\/i0.wp.com\/www.moda.es\/blog\/wp-content\/uploads\/2014\/07\/britney.jpg?resize=199%2C300 199w, https:\/\/i0.wp.com\/www.moda.es\/blog\/wp-content\/uploads\/2014\/07\/britney.jpg?resize=420%2C630 420w, https:\/\/i0.wp.com\/www.moda.es\/blog\/wp-content\/uploads\/2014\/07\/britney.jpg?w=650 650w\" sizes=\"(max-width: 199px) 100vw, 199px\" data-recalc-dims=\"1\" \/><\/a><\/p>\n<p>Como nos muestra Britney, hubo un momento en el que las<strong> camisetas deportivas<\/strong> estaban reservadas para la cancha. Ya no es as\u00ed. Este verano los tops de malla y las rayas atl\u00e9ticas est\u00e1n listos para salir del campo. Se ven mejor cuando son de corte cuadrado, as\u00ed que atr\u00e9vete a encontrar una con tu n\u00famero favorito.<\/p>\n<p><strong>La falda de vuelo<\/strong><\/p>\n<p style=\"text-align: center\"><a href=\"https:\/\/i0.wp.com\/www.moda.es\/blog\/wp-content\/uploads\/2014\/07\/falda-de-vuelo.jpg\" target=\"_blank\"><img data-attachment-id=\"17921\" data-permalink=\"http:\/\/www.moda.es\/blog\/cualquier-tiempo-pasado-fue-mejor-i\/13881-17-jpg\/\" data-orig-file=\"https:\/\/i0.wp.com\/www.moda.es\/blog\/wp-content\/uploads\/2014\/07\/falda-de-vuelo.jpg?fit=650%2C977\" data-orig-size=\"650,977\" data-comments-opened=\"1\" data-image-meta=\"{&quot;aperture&quot;:&quot;0&quot;,&quot;credit&quot;:&quot;Gaston Paris&quot;,&quot;camera&quot;:&quot;&quot;,&quot;caption&quot;:&quot;&quot;,&quot;created_timestamp&quot;:&quot;0&quot;,&quot;copyright&quot;:&quot;Gaston Paris\\\/Roger Viollet&quot;,&quot;focal_length&quot;:&quot;0&quot;,&quot;iso&quot;:&quot;0&quot;,&quot;shutter_speed&quot;:&quot;0&quot;,&quot;title&quot;:&quot;13881-17.jpg&quot;}\" data-image-title=\"13881-17.jpg\" data-image-description=\"\" data-image-caption=\"\" data-medium-file=\"https:\/\/i0.wp.com\/www.moda.es\/blog\/wp-content\/uploads\/2014\/07\/falda-de-vuelo.jpg?fit=199%2C300\" data-large-file=\"https:\/\/i0.wp.com\/www.moda.es\/blog\/wp-content\/uploads\/2014\/07\/falda-de-vuelo.jpg?fit=640%2C962\" loading=\"lazy\" class=\"size-medium wp-image-17921 aligncenter\" alt=\"13881-17.jpg\" src=\"https:\/\/i0.wp.com\/www.moda.es\/blog\/wp-content\/uploads\/2014\/07\/falda-de-vuelo.jpg?resize=199%2C300\" width=\"199\" height=\"300\" srcset=\"https:\/\/i0.wp.com\/www.moda.es\/blog\/wp-content\/uploads\/2014\/07\/falda-de-vuelo.jpg?resize=199%2C300 199w, https:\/\/i0.wp.com\/www.moda.es\/blog\/wp-content\/uploads\/2014\/07\/falda-de-vuelo.jpg?resize=420%2C631 420w, https:\/\/i0.wp.com\/www.moda.es\/blog\/wp-content\/uploads\/2014\/07\/falda-de-vuelo.jpg?w=650 650w\" sizes=\"(max-width: 199px) 100vw, 199px\" data-recalc-dims=\"1\" \/><\/a><\/p>\n<p>Directa desde los <strong>40<\/strong> viene este summum de la feminidad. Midi, con volantes, plisada, lisa, con bolsillos, rayas y estampados&#8230; Las opciones esta temporada son interminables y aunque no te dediques a bailar y a girar sin parar como <strong>Brigitte Bardot<\/strong>, esta prenda siempre es elegante.<\/p>\n<p><strong>El crop top<\/strong><\/p>\n<p><a href=\"https:\/\/i0.wp.com\/www.moda.es\/blog\/wp-content\/uploads\/2014\/07\/crop-top.jpg\"><img data-attachment-id=\"17920\" data-permalink=\"http:\/\/www.moda.es\/blog\/cualquier-tiempo-pasado-fue-mejor-i\/1344030-jpg\/\" data-orig-file=\"https:\/\/i0.wp.com\/www.moda.es\/blog\/wp-content\/uploads\/2014\/07\/crop-top.jpg?fit=650%2C977\" data-orig-size=\"650,977\" data-comments-opened=\"1\" data-image-meta=\"{&quot;aperture&quot;:&quot;0&quot;,&quot;credit&quot;:&quot;Tom Kingston&quot;,&quot;camera&quot;:&quot;&quot;,&quot;caption&quot;:&quot;&quot;,&quot;created_timestamp&quot;:&quot;0&quot;,&quot;copyright&quot;:&quot;&quot;,&quot;focal_length&quot;:&quot;0&quot;,&quot;iso&quot;:&quot;0&quot;,&quot;shutter_speed&quot;:&quot;0&quot;,&quot;title&quot;:&quot;1344030.jpg&quot;}\" data-image-title=\"1344030.jpg\" data-image-description=\"\" data-image-caption=\"\" data-medium-file=\"https:\/\/i0.wp.com\/www.moda.es\/blog\/wp-content\/uploads\/2014\/07\/crop-top.jpg?fit=199%2C300\" data-large-file=\"https:\/\/i0.wp.com\/www.moda.es\/blog\/wp-content\/uploads\/2014\/07\/crop-top.jpg?fit=640%2C962\" loading=\"lazy\" class=\"size-medium wp-image-17920 aligncenter\" alt=\"1344030.jpg\" src=\"https:\/\/i0.wp.com\/www.moda.es\/blog\/wp-content\/uploads\/2014\/07\/crop-top.jpg?resize=199%2C300\" width=\"199\" height=\"300\" srcset=\"https:\/\/i0.wp.com\/www.moda.es\/blog\/wp-content\/uploads\/2014\/07\/crop-top.jpg?resize=199%2C300 199w, https:\/\/i0.wp.com\/www.moda.es\/blog\/wp-content\/uploads\/2014\/07\/crop-top.jpg?resize=420%2C631 420w, https:\/\/i0.wp.com\/www.moda.es\/blog\/wp-content\/uploads\/2014\/07\/crop-top.jpg?w=650 650w\" sizes=\"(max-width: 199px) 100vw, 199px\" data-recalc-dims=\"1\" \/><\/a><\/p>\n<p>Aunque no tengas unos abdominales de infarto te quedar\u00e1 bien. Ajustado, en una amplia camiseta cortada, con o sin mangas&#8230; si lo llevas con una prenda inferior de cintura alta acertar\u00e1s seguro.<\/p>\n<p>Vemos que si adem\u00e1s lo combinas con una falda midi de vuelo el \u00e9xito est\u00e1 asegurado.<\/p>\n<p>&nbsp;<\/p>\n<p>\u00bfCu\u00e1l de todas ellas est\u00e1s rescatando esta temporada?<\/p>\n<p>\u00a9Refinery29                             <\/p>\n","protected":false},"excerpt":{"rendered":"<p>Si muchas de las tendencias de este verano te siguen resultado un poco familiares, es porque ya estuvieron netre nosotros antes. Pero, por mucho que nos gusten los estilos retro, hay una gran diferencia entre estar elegante con crop-top y el aspecto de Kelly Kapowski en un cap\u00edtulo de Salvados [&hellip;]<\/p>\n","protected":false},"author":3,"featured_media":17921,"comment_status":"open","ping_status":"open","sticky":false,"template":"","format":"standard","meta":{"jetpack_publicize_message":"","jetpack_is_tweetstorm":false,"jetpack_publicize_feature_enabled":true},"categories":[11,16,27],"tags":[],"jetpack_publicize_connections":[],"jetpack_featured_media_url":"https:\/\/i0.wp.com\/www.moda.es\/blog\/wp-content\/uploads\/2014\/07\/falda-de-vuelo.jpg?fit=650%2C977","jetpack_sharing_enabled":true,"jetpack_shortlink":"https:\/\/wp.me\/p4tJCC-4EY","jetpack-related-posts":[{"id":7374,"url":"http:\/\/www.moda.es\/blog\/bolsos-de-verano\/","url_meta":{"origin":17916,"position":0},"title":"Bolsos de verano","date":"junio 16, 2012","format":false,"excerpt":"En las tendencias de verano, tambi\u00e9n hay un apartado para las tendencias de los accesorios y hoy en concreto, de los bolsos. \u00bfHas visto esos bolsos que se cierran por la parte superior con una cuerda? El bolso-saco ya se ve\u00eda por las calles el a\u00f1o pasado, pero este a\u00f1o\u2026","rel":"","context":"En \u00abTendencias\u00bb","img":{"alt_text":"","src":"https:\/\/i0.wp.com\/www.moda.es\/blog\/wp-content\/uploads\/2012\/06\/5822322711_2_1_2-e13387620307901.jpg?fit=391%2C500&resize=350%2C200","width":350,"height":200},"classes":[]},{"id":8403,"url":"http:\/\/www.moda.es\/blog\/a-lucir-piernas-de-cuero\/","url_meta":{"origin":17916,"position":1},"title":"A lucir piernas de cuero","date":"agosto 21, 2012","format":false,"excerpt":"Los calores del verano todav\u00eda est\u00e1n causando estragos, d\u00edas de derretirse y noches de insomnio bochornoso. Aun as\u00ed, las revistas de agosto han ido anunciando lo que ser\u00e1 tendencia y las de septiembre acaban de aterrizar en el quiosco para presentar una lista m\u00e1s extensa de lo que ocupar\u00e1 nuestros\u2026","rel":"","context":"En \u00abTendencias\u00bb","img":{"alt_text":"","src":"https:\/\/i0.wp.com\/www.moda.es\/blog\/wp-content\/uploads\/2012\/08\/134449970912_extras_albumes_111.jpg?fit=400%2C600&resize=350%2C200","width":350,"height":200},"classes":[]},{"id":15938,"url":"http:\/\/www.moda.es\/blog\/preparada-para-la-primavera-ii\/","url_meta":{"origin":17916,"position":2},"title":"\u00bfPreparada para la primavera? (II)","date":"febrero 15, 2014","format":false,"excerpt":"Hoy que parece que la lluvia en Madrid nos va a dar una peque\u00f1a tregua, seguimos echando un vistazo a todo lo que desearemos tener en nuestro armario la pr\u00f3xima temporada. Hace unos d\u00edas descubr\u00edamos las tendencias arty, \u00e9tnica y la de lucir la camisa como b\u00e1sico de temporada, pero\u2026","rel":"","context":"En \u00abDestacados\u00bb","img":{"alt_text":"","src":"https:\/\/i0.wp.com\/www.moda.es\/blog\/wp-content\/uploads\/2014\/02\/Antonio-Berardi.jpg?resize=350%2C200","width":350,"height":200},"classes":[]},{"id":17412,"url":"http:\/\/www.moda.es\/blog\/dale-gas-a-la-primavera\/","url_meta":{"origin":17916,"position":3},"title":"Dale Gas a la primavera","date":"abril 12, 2014","format":false,"excerpt":"Tanto si te marchas de vacaciones como si te quedas en tu ciudad parece que los pr\u00f3ximos d\u00edas ser\u00e1n perfectos para empezar a estrenar las \u00faltimas tendencias de esta temporada. La colecci\u00f3n de Gas para esta Primavera - Verano\u00a0 2014 se inspira en el mar, su fuerza, el optimismo que\u2026","rel":"","context":"En \u00abColecciones\u00bb","img":{"alt_text":"","src":"https:\/\/i0.wp.com\/www.moda.es\/blog\/wp-content\/uploads\/2014\/04\/Gas-7.jpg?fit=650%2C975&resize=350%2C200","width":350,"height":200},"classes":[]},{"id":7653,"url":"http:\/\/www.moda.es\/blog\/un-verano-de-catwoman\/","url_meta":{"origin":17916,"position":4},"title":"Un verano de &#8216;catwoman&#8217;","date":"junio 27, 2012","format":false,"excerpt":"El cuero es una tendencia indiscutible. Lo ha sido durante la temporada de oto\u00f1o-invierno, en prendas hechas s\u00f3lo de este material, como faldas o cazadoras, y ahora en verano, adem\u00e1s de los accesorios de cuero, tambi\u00e9n hay prendas que pueden funcionar bien. La mayor\u00eda piensa que vistiendo de cuero en\u2026","rel":"","context":"En \u00abTendencias\u00bb","img":{"alt_text":"","src":"https:\/\/i0.wp.com\/www.moda.es\/blog\/wp-content\/uploads\/2012\/06\/catwoman_Michelle_Pfeiffer-e13407059463681.jpg?fit=500%2C322&resize=350%2C200","width":350,"height":200},"classes":[]},{"id":2778,"url":"http:\/\/www.moda.es\/blog\/aires-50-de-playa\/","url_meta":{"origin":17916,"position":5},"title":"Aires 50 de playa","date":"agosto 3, 2011","format":false,"excerpt":"Ayer, por fin, me compr\u00e9 mi pamela playera. Llevaba desde el a\u00f1o pasado con la idea de comprarme una pamela de ala ancha que me tapara bien el rostro para tomar el sol sin tostarme la cara, pero no daba con una que me gustara. Ayer tuve un rato para\u2026","rel":"","context":"En \u00abAccesorios\u00bb","img":{"alt_text":"","src":"https:\/\/i0.wp.com\/www.moda.es\/blog\/wp-content\/uploads\/2011\/08\/oysho-bikini.jpg?resize=350%2C200","width":350,"height":200},"classes":[]}],"_links":{"self":[{"href":"http:\/\/www.moda.es\/blog\/wp-json\/wp\/v2\/posts\/17916"}],"collection":[{"href":"http:\/\/www.moda.es\/blog\/wp-json\/wp\/v2\/posts"}],"about":[{"href":"http:\/\/www.moda.es\/blog\/wp-json\/wp\/v2\/types\/post"}],"author":[{"embeddable":true,"href":"http:\/\/www.moda.es\/blog\/wp-json\/wp\/v2\/users\/3"}],"replies":[{"embeddable":true,"href":"http:\/\/www.moda.es\/blog\/wp-json\/wp\/v2\/comments?post=17916"}],"version-history":[{"count":9,"href":"http:\/\/www.moda.es\/blog\/wp-json\/wp\/v2\/posts\/17916\/revisions"}],"predecessor-version":[{"id":36326,"href":"http:\/\/www.moda.es\/blog\/wp-json\/wp\/v2\/posts\/17916\/revisions\/36326"}],"wp:featuredmedia":[{"embeddable":true,"href":"http:\/\/www.moda.es\/blog\/wp-json\/wp\/v2\/media\/17921"}],"wp:attachment":[{"href":"http:\/\/www.moda.es\/blog\/wp-json\/wp\/v2\/media?parent=17916"}],"wp:term":[{"taxonomy":"category","embeddable":true,"href":"http:\/\/www.moda.es\/blog\/wp-json\/wp\/v2\/categories?post=17916"},{"taxonomy":"post_tag","embeddable":true,"href":"http:\/\/www.moda.es\/blog\/wp-json\/wp\/v2\/tags?post=17916"}],"curies":[{"name":"wp","href":"https:\/\/api.w.org\/{rel}","templated":true}]}}