{"id":17909,"date":"2014-07-03T00:15:39","date_gmt":"2014-07-02T23:15:39","guid":{"rendered":"http:\/\/www.moda.es\/blog\/?p=17909"},"modified":"2020-04-27T17:27:12","modified_gmt":"2020-04-27T16:27:12","slug":"las-lecciones-de-estilo-de-diane-kruger","status":"publish","type":"post","link":"http:\/\/www.moda.es\/blog\/las-lecciones-de-estilo-de-diane-kruger\/","title":{"rendered":"Las lecciones de estilo de Diane Kruger"},"content":{"rendered":"<p>\u00bfSab\u00edas que <strong>Diane Kruger<\/strong> no tiene estilista? De acuerdo ni t\u00fa ni yo tenemos\u00a0 pero ella es una actriz de Hollywood, y una de las mejor vestidas en todas las alfombras rojas que pisa, para alguien de ese calibre tener un estilista es un equipamiento simplemente por defecto, algo que hay que tener.<\/p>\n<p>La actriz es la \u00faltima invitada para la serie de <em>Mujeres<\/em> de <strong>MyTheresa.com<\/strong> en la que ya han partidipado otras it girls como <strong>Alexa Chung o Cl\u00e9mence Po\u00e9sy<\/strong> y ha desvelado a los seguidores sus secretos de vestidor.<\/p>\n<p><a href=\"https:\/\/i0.wp.com\/www.moda.es\/blog\/wp-content\/uploads\/2014\/07\/kruger.jpg\"><img data-attachment-id=\"17910\" data-permalink=\"http:\/\/www.moda.es\/blog\/las-lecciones-de-estilo-de-diane-kruger\/kruger\/\" data-orig-file=\"https:\/\/i0.wp.com\/www.moda.es\/blog\/wp-content\/uploads\/2014\/07\/kruger.jpg?fit=650%2C550\" data-orig-size=\"650,550\" data-comments-opened=\"1\" data-image-meta=\"{&quot;aperture&quot;:&quot;0&quot;,&quot;credit&quot;:&quot;&quot;,&quot;camera&quot;:&quot;&quot;,&quot;caption&quot;:&quot;&quot;,&quot;created_timestamp&quot;:&quot;0&quot;,&quot;copyright&quot;:&quot;&quot;,&quot;focal_length&quot;:&quot;0&quot;,&quot;iso&quot;:&quot;0&quot;,&quot;shutter_speed&quot;:&quot;0&quot;,&quot;title&quot;:&quot;&quot;}\" data-image-title=\"kruger\" data-image-description=\"\" data-image-caption=\"\" data-medium-file=\"https:\/\/i0.wp.com\/www.moda.es\/blog\/wp-content\/uploads\/2014\/07\/kruger.jpg?fit=300%2C253\" data-large-file=\"https:\/\/i0.wp.com\/www.moda.es\/blog\/wp-content\/uploads\/2014\/07\/kruger.jpg?fit=640%2C542\" loading=\"lazy\" class=\"size-medium wp-image-17910 aligncenter\" alt=\"kruger\" src=\"https:\/\/i0.wp.com\/www.moda.es\/blog\/wp-content\/uploads\/2014\/07\/kruger.jpg?resize=300%2C253\" width=\"300\" height=\"253\" srcset=\"https:\/\/i0.wp.com\/www.moda.es\/blog\/wp-content\/uploads\/2014\/07\/kruger.jpg?resize=300%2C253 300w, https:\/\/i0.wp.com\/www.moda.es\/blog\/wp-content\/uploads\/2014\/07\/kruger.jpg?resize=420%2C355 420w, https:\/\/i0.wp.com\/www.moda.es\/blog\/wp-content\/uploads\/2014\/07\/kruger.jpg?w=650 650w\" sizes=\"(max-width: 300px) 100vw, 300px\" data-recalc-dims=\"1\" \/><\/a><br \/>\n\u00abS\u00e9 que es una locura y resulta raro pensar que una estrella se vista a s\u00ed misma. Pero muy a menudo en Hollywood las mujeres tienen estilistas y <strong>todas ellas tienen el mismo aspecto\u00bb,<\/strong> ha declarado.<\/p>\n<p>Su estilo sin esfuerzo la ha convertido en una de las favoritas de muchos dise\u00f1adores, incluyendo Chanel (ella una buena amiga de <strong>Karl Lagerfeld),<\/strong> <strong>Jason Wu<\/strong> (que le dedic\u00f3 un bolso) y <strong>Giambattista Valli<\/strong>, por lo que cabr\u00eda esperar que tiene un guardarropa intemrinale. Pero no es as\u00ed, no es acaparadora y realiza la limpieza de su armario cada dos o tres meses, dando lo que ya no necesita a la caridad, a amigas o sus ahijadas (me muero de envidia).<\/p>\n<p>Descubre en el v\u00eddeo todos sus trucos y caprichos de moda.<\/p>\n<div class=\"jetpack-video-wrapper\"><span class=\"embed-youtube\" style=\"text-align:center; display: block;\"><iframe loading=\"lazy\" class=\"youtube-player\" width=\"640\" height=\"360\" src=\"https:\/\/www.youtube.com\/embed\/cA99M0SEwZg?version=3&#038;rel=1&#038;showsearch=0&#038;showinfo=1&#038;iv_load_policy=1&#038;fs=1&#038;hl=es-ES&#038;autohide=2&#038;wmode=transparent\" allowfullscreen=\"true\" style=\"border:0;\" sandbox=\"allow-scripts allow-same-origin allow-popups allow-presentation\"><\/iframe><\/span><\/div>\n<p>&nbsp;<\/p>\n<p>\u00a9Fashion Telegraph                             <\/p>\n","protected":false},"excerpt":{"rendered":"<p>\u00bfSab\u00edas que Diane Kruger no tiene estilista? De acuerdo ni t\u00fa ni yo tenemos\u00a0 pero ella es una actriz de Hollywood, y una de las mejor vestidas en todas las alfombras rojas que pisa, para alguien de ese calibre tener un estilista es un equipamiento simplemente por defecto, algo que [&hellip;]<\/p>\n","protected":false},"author":3,"featured_media":17910,"comment_status":"open","ping_status":"open","sticky":false,"template":"","format":"standard","meta":{"jetpack_publicize_message":"","jetpack_is_tweetstorm":false,"jetpack_publicize_feature_enabled":true},"categories":[11,16,17,29],"tags":[62,1035,259,348,421,464,1034],"jetpack_publicize_connections":[],"jetpack_featured_media_url":"https:\/\/i0.wp.com\/www.moda.es\/blog\/wp-content\/uploads\/2014\/07\/kruger.jpg?fit=650%2C550","jetpack_sharing_enabled":true,"jetpack_shortlink":"https:\/\/wp.me\/p4tJCC-4ER","jetpack-related-posts":[{"id":529,"url":"http:\/\/www.moda.es\/blog\/chicas-top-ten\/","url_meta":{"origin":17909,"position":0},"title":"Chicas top ten","date":"enero 15, 2011","format":false,"excerpt":"Vuelvo de nuevo al tema de las chicas de moda. Recientemente, le\u00eda en la p\u00e1gina web de Vogue Espa\u00f1a la lista de las mujeres\u00a0mejor vestidas\u00a0del a\u00f1o pasado, cuyo estilo ha destacado por encima de otros a la entrada de galas, fiestas y premios. Las diez muchachas son: Carey Mulligan, Zoe\u2026","rel":"","context":"En \u00abIt Girl\u00bb","img":{"alt_text":"","src":"https:\/\/i0.wp.com\/www.moda.es\/blog\/wp-content\/uploads\/2011\/01\/carey-mulligan1.jpg?fit=600%2C720&resize=350%2C200","width":350,"height":200},"classes":[]},{"id":18387,"url":"http:\/\/www.moda.es\/blog\/diane-kruger-para-jason-wu\/","url_meta":{"origin":17909,"position":1},"title":"Diane Kruger para Jason Wu","date":"octubre 13, 2014","format":false,"excerpt":"La actriz Diane Kruger se ha lanzado por primera vez al dise\u00f1o con la creaci\u00f3n de un bolso de mano en colaboraci\u00f3n con Jason Wu. Y si tenemos en cuenta su impecable sentido de la est\u00e9tica y su constante aparici\u00f3n en las listas de las mejor vestidas de cualquier evento,\u2026","rel":"","context":"En \u00abAccesorios\u00bb","img":{"alt_text":"","src":"https:\/\/i0.wp.com\/www.moda.es\/blog\/wp-content\/uploads\/2014\/10\/jwdb.jpg?fit=650%2C650&resize=350%2C200","width":350,"height":200},"classes":[]},{"id":7245,"url":"http:\/\/www.moda.es\/blog\/princesas-del-siglo-xxi-en-cannes\/","url_meta":{"origin":17909,"position":2},"title":"Princesas del siglo XXI en Cannes","date":"mayo 28, 2012","format":false,"excerpt":"Ayer noche fue la clausura de Cannes tras m\u00e1s de una semana de premieres y alfombra roja. Esta edici\u00f3n de Cannes nos ha dejado muchas im\u00e1genes para la posteridad y otros tantos looks para llenar webs y papel couch\u00e9. La estrella sin duda ha sido Diane Kruger, la actriz que\u2026","rel":"","context":"En \u00abAlfombra Roja\u00bb","img":{"alt_text":"","src":"https:\/\/i0.wp.com\/www.moda.es\/blog\/wp-content\/uploads\/2012\/05\/diane_kruger_en_nina_ricci_170_north_545x-e13382433466111.jpg?fit=400%2C600&resize=350%2C200","width":350,"height":200},"classes":[]},{"id":7073,"url":"http:\/\/www.moda.es\/blog\/cannes-2012\/","url_meta":{"origin":17909,"position":3},"title":"Cannes 2012","date":"mayo 17, 2012","format":false,"excerpt":"Cannes es cine pero tambi\u00e9n es moda. All\u00ed, los paseos por la alfombra ropa de\u00a0la Croisette, por la noche, o frente al photocall del 'caj\u00f3n' blanco, por la ma\u00f1ana, atraen casi tanta atenci\u00f3n como las pel\u00edculas que se presentan en el festival. Este a\u00f1o una imagen de Marylin Monroe vigila\u2026","rel":"","context":"En \u00abAlfombra Roja\u00bb","img":{"alt_text":"","src":"https:\/\/i0.wp.com\/www.moda.es\/blog\/wp-content\/uploads\/2012\/05\/Cannes-2012-e13372888573121.jpg?fit=500%2C290&resize=350%2C200","width":350,"height":200},"classes":[]},{"id":18792,"url":"http:\/\/www.moda.es\/blog\/alexa-chung-crea-una-coleccion-para-ag-jeans\/","url_meta":{"origin":17909,"position":4},"title":"Alexa Chung crea una colecci\u00f3n para AG Jeans","date":"enero 17, 2015","format":false,"excerpt":"A medida que el mundo de la moda contin\u00faa su amor por todas las cosas que hace Alexa Chung, la estrella del estilo brit\u00e1nico sigue explorando su talento para el dise\u00f1o y presenta una nueva colaboraci\u00f3n con AG Jeans. La colecci\u00f3n c\u00e1psula, se compone de prendas denim, como no podr\u00eda\u2026","rel":"","context":"En \u00abColecciones\u00bb","img":{"alt_text":"","src":"https:\/\/i0.wp.com\/www.moda.es\/blog\/wp-content\/uploads\/2015\/01\/acaag5.jpg?fit=650%2C596&resize=350%2C200","width":350,"height":200},"classes":[]},{"id":15619,"url":"http:\/\/www.moda.es\/blog\/mango-y-daria-capitulo-dos\/","url_meta":{"origin":17909,"position":5},"title":"Mango y Daria, cap\u00edtulo dos","date":"enero 16, 2014","format":false,"excerpt":"En el mes de Daria Werbowy, ya tenemos m\u00e1s im\u00e1genes de la campa\u00f1a que protagoniza para Mango. En noviembre se anunci\u00f3 que la modelo Daria Werbowy sustituir\u00eda a Miranda Kerr como la cara de Mango, con una campa\u00f1a fotografiada por Josh Olins en Lanzarote. Ahora las im\u00e1genes de una Daria\u2026","rel":"","context":"En \u00abCampa\u00f1as\u00bb","img":{"alt_text":"","src":"https:\/\/i0.wp.com\/www.moda.es\/blog\/wp-content\/uploads\/2014\/01\/Mango-311.jpg?fit=500%2C375&resize=350%2C200","width":350,"height":200},"classes":[]}],"_links":{"self":[{"href":"http:\/\/www.moda.es\/blog\/wp-json\/wp\/v2\/posts\/17909"}],"collection":[{"href":"http:\/\/www.moda.es\/blog\/wp-json\/wp\/v2\/posts"}],"about":[{"href":"http:\/\/www.moda.es\/blog\/wp-json\/wp\/v2\/types\/post"}],"author":[{"embeddable":true,"href":"http:\/\/www.moda.es\/blog\/wp-json\/wp\/v2\/users\/3"}],"replies":[{"embeddable":true,"href":"http:\/\/www.moda.es\/blog\/wp-json\/wp\/v2\/comments?post=17909"}],"version-history":[{"count":6,"href":"http:\/\/www.moda.es\/blog\/wp-json\/wp\/v2\/posts\/17909\/revisions"}],"predecessor-version":[{"id":36330,"href":"http:\/\/www.moda.es\/blog\/wp-json\/wp\/v2\/posts\/17909\/revisions\/36330"}],"wp:featuredmedia":[{"embeddable":true,"href":"http:\/\/www.moda.es\/blog\/wp-json\/wp\/v2\/media\/17910"}],"wp:attachment":[{"href":"http:\/\/www.moda.es\/blog\/wp-json\/wp\/v2\/media?parent=17909"}],"wp:term":[{"taxonomy":"category","embeddable":true,"href":"http:\/\/www.moda.es\/blog\/wp-json\/wp\/v2\/categories?post=17909"},{"taxonomy":"post_tag","embeddable":true,"href":"http:\/\/www.moda.es\/blog\/wp-json\/wp\/v2\/tags?post=17909"}],"curies":[{"name":"wp","href":"https:\/\/api.w.org\/{rel}","templated":true}]}}