{"id":17891,"date":"2014-06-27T22:56:58","date_gmt":"2014-06-27T21:56:58","guid":{"rendered":"http:\/\/www.moda.es\/blog\/?p=17891"},"modified":"2020-04-27T17:27:41","modified_gmt":"2020-04-27T16:27:41","slug":"la-primera-campana-de-j-w-anderson-para-loewe","status":"publish","type":"post","link":"http:\/\/www.moda.es\/blog\/la-primera-campana-de-j-w-anderson-para-loewe\/","title":{"rendered":"La primera campa\u00f1a de J.W.Anderson para Loewe"},"content":{"rendered":"<p>Tras descubrir sus ansias de cambio y el nuevo logo y packaging, ten\u00eda que venir la primera <strong>campa\u00f1a de publicidad<\/strong>.<\/p>\n<p><strong>J.W. Anderson<\/strong> se ha unido a <strong>Steven Meisel<\/strong> para la creaci\u00f3n de la primera campa\u00f1a de Loewe bajo su direcci\u00f3n creativa, y si\u00a0 alguien esperaba similitudes con la \u00faltima de <strong>Pen\u00e9lope Cruz<\/strong> se va a sentir muy decepcionado.<\/p>\n<p>&nbsp;<\/p>\n<p><a href=\"https:\/\/i0.wp.com\/www.moda.es\/blog\/wp-content\/uploads\/2014\/06\/loewe-1.jpg\"><img data-attachment-id=\"17892\" data-permalink=\"http:\/\/www.moda.es\/blog\/la-primera-campana-de-j-w-anderson-para-loewe\/loewe-1-2\/\" data-orig-file=\"https:\/\/i0.wp.com\/www.moda.es\/blog\/wp-content\/uploads\/2014\/06\/loewe-1.jpg?fit=650%2C422\" data-orig-size=\"650,422\" data-comments-opened=\"1\" data-image-meta=\"{&quot;aperture&quot;:&quot;0&quot;,&quot;credit&quot;:&quot;&quot;,&quot;camera&quot;:&quot;&quot;,&quot;caption&quot;:&quot;&quot;,&quot;created_timestamp&quot;:&quot;0&quot;,&quot;copyright&quot;:&quot;&quot;,&quot;focal_length&quot;:&quot;0&quot;,&quot;iso&quot;:&quot;0&quot;,&quot;shutter_speed&quot;:&quot;0&quot;,&quot;title&quot;:&quot;&quot;}\" data-image-title=\"loewe-1\" data-image-description=\"\" data-image-caption=\"\" data-medium-file=\"https:\/\/i0.wp.com\/www.moda.es\/blog\/wp-content\/uploads\/2014\/06\/loewe-1.jpg?fit=300%2C194\" data-large-file=\"https:\/\/i0.wp.com\/www.moda.es\/blog\/wp-content\/uploads\/2014\/06\/loewe-1.jpg?fit=640%2C416\" loading=\"lazy\" class=\"size-medium wp-image-17892 aligncenter\" alt=\"loewe-1\" src=\"https:\/\/i0.wp.com\/www.moda.es\/blog\/wp-content\/uploads\/2014\/06\/loewe-1.jpg?resize=300%2C194\" width=\"300\" height=\"194\" srcset=\"https:\/\/i0.wp.com\/www.moda.es\/blog\/wp-content\/uploads\/2014\/06\/loewe-1.jpg?resize=300%2C194 300w, https:\/\/i0.wp.com\/www.moda.es\/blog\/wp-content\/uploads\/2014\/06\/loewe-1.jpg?resize=420%2C272 420w, https:\/\/i0.wp.com\/www.moda.es\/blog\/wp-content\/uploads\/2014\/06\/loewe-1.jpg?w=650 650w\" sizes=\"(max-width: 300px) 100vw, 300px\" data-recalc-dims=\"1\" \/><\/a><br \/>\nCuando Jonathan se acerc\u00f3 Steven Meisel para disparar la campa\u00f1a de<strong> primavera &#8211; verano 2015<\/strong>, insisti\u00f3 en que utilizara algunas de sus im\u00e1genes de archivo. La campa\u00f1a se construye a partir de un editorial de <strong>1997<\/strong> de <strong>Vogue Italia,<\/strong> protagonizada por <strong>Maggie Rizer y Kristen Owen<\/strong>.<\/p>\n<p><a href=\"https:\/\/i0.wp.com\/www.moda.es\/blog\/wp-content\/uploads\/2014\/06\/loewe-3.jpg\"><img data-attachment-id=\"17893\" data-permalink=\"http:\/\/www.moda.es\/blog\/la-primera-campana-de-j-w-anderson-para-loewe\/loewe-3-3\/\" data-orig-file=\"https:\/\/i0.wp.com\/www.moda.es\/blog\/wp-content\/uploads\/2014\/06\/loewe-3.jpg?fit=650%2C444\" data-orig-size=\"650,444\" data-comments-opened=\"1\" data-image-meta=\"{&quot;aperture&quot;:&quot;0&quot;,&quot;credit&quot;:&quot;&quot;,&quot;camera&quot;:&quot;&quot;,&quot;caption&quot;:&quot;&quot;,&quot;created_timestamp&quot;:&quot;0&quot;,&quot;copyright&quot;:&quot;&quot;,&quot;focal_length&quot;:&quot;0&quot;,&quot;iso&quot;:&quot;0&quot;,&quot;shutter_speed&quot;:&quot;0&quot;,&quot;title&quot;:&quot;&quot;}\" data-image-title=\"loewe-3\" data-image-description=\"\" data-image-caption=\"\" data-medium-file=\"https:\/\/i0.wp.com\/www.moda.es\/blog\/wp-content\/uploads\/2014\/06\/loewe-3.jpg?fit=300%2C204\" data-large-file=\"https:\/\/i0.wp.com\/www.moda.es\/blog\/wp-content\/uploads\/2014\/06\/loewe-3.jpg?fit=640%2C437\" loading=\"lazy\" class=\"size-medium wp-image-17893 aligncenter\" alt=\"loewe-3\" src=\"https:\/\/i0.wp.com\/www.moda.es\/blog\/wp-content\/uploads\/2014\/06\/loewe-3.jpg?resize=300%2C204\" width=\"300\" height=\"204\" srcset=\"https:\/\/i0.wp.com\/www.moda.es\/blog\/wp-content\/uploads\/2014\/06\/loewe-3.jpg?resize=300%2C204 300w, https:\/\/i0.wp.com\/www.moda.es\/blog\/wp-content\/uploads\/2014\/06\/loewe-3.jpg?resize=420%2C286 420w, https:\/\/i0.wp.com\/www.moda.es\/blog\/wp-content\/uploads\/2014\/06\/loewe-3.jpg?w=650 650w\" sizes=\"(max-width: 300px) 100vw, 300px\" data-recalc-dims=\"1\" \/><\/a><\/p>\n<p>\u00abCuando llegu\u00e9 por primera vez a Loewe, vi que no ten\u00eda que tratar todo sobre moda\u00bb, ha adirmado Anderson en una entrevista con el <strong>New York Times<\/strong>. \u00abEn mi propia marca ejercito moda. Si voy a ser cuestionado de una manera diferente, tiene que ser sobre un <strong>paisaje cultural\u00bb<\/strong>. Por eso ahora no se puede imaginar un paisaje cultural espa\u00f1ol sin <strong>alpargatas.<\/strong><\/p>\n<p><a href=\"https:\/\/i0.wp.com\/www.moda.es\/blog\/wp-content\/uploads\/2014\/06\/loewe-4.jpg\"><img data-attachment-id=\"17894\" data-permalink=\"http:\/\/www.moda.es\/blog\/la-primera-campana-de-j-w-anderson-para-loewe\/loewe-4-2\/\" data-orig-file=\"https:\/\/i0.wp.com\/www.moda.es\/blog\/wp-content\/uploads\/2014\/06\/loewe-4.jpg?fit=650%2C433\" data-orig-size=\"650,433\" data-comments-opened=\"1\" data-image-meta=\"{&quot;aperture&quot;:&quot;0&quot;,&quot;credit&quot;:&quot;&quot;,&quot;camera&quot;:&quot;&quot;,&quot;caption&quot;:&quot;&quot;,&quot;created_timestamp&quot;:&quot;0&quot;,&quot;copyright&quot;:&quot;&quot;,&quot;focal_length&quot;:&quot;0&quot;,&quot;iso&quot;:&quot;0&quot;,&quot;shutter_speed&quot;:&quot;0&quot;,&quot;title&quot;:&quot;&quot;}\" data-image-title=\"loewe-4\" data-image-description=\"\" data-image-caption=\"\" data-medium-file=\"https:\/\/i0.wp.com\/www.moda.es\/blog\/wp-content\/uploads\/2014\/06\/loewe-4.jpg?fit=300%2C199\" data-large-file=\"https:\/\/i0.wp.com\/www.moda.es\/blog\/wp-content\/uploads\/2014\/06\/loewe-4.jpg?fit=640%2C426\" loading=\"lazy\" class=\"size-medium wp-image-17894 aligncenter\" alt=\"loewe-4\" src=\"https:\/\/i0.wp.com\/www.moda.es\/blog\/wp-content\/uploads\/2014\/06\/loewe-4.jpg?resize=300%2C199\" width=\"300\" height=\"199\" srcset=\"https:\/\/i0.wp.com\/www.moda.es\/blog\/wp-content\/uploads\/2014\/06\/loewe-4.jpg?resize=300%2C199 300w, https:\/\/i0.wp.com\/www.moda.es\/blog\/wp-content\/uploads\/2014\/06\/loewe-4.jpg?w=650 650w, https:\/\/i0.wp.com\/www.moda.es\/blog\/wp-content\/uploads\/2014\/06\/loewe-4.jpg?resize=420%2C279 420w\" sizes=\"(max-width: 300px) 100vw, 300px\" data-recalc-dims=\"1\" \/><\/a><\/p>\n<p>Las im\u00e1genes muestran la nueva versi\u00f3n del logo de J.W. Anderson, una figura de l\u00edneas sencillas y mucho m\u00e1s limpias que en el pasado: \u00abCuando empec\u00e9 en Loewe el a\u00f1o pasado, yo estaba realmente pensando en micro, la marca m\u00ednima, o en que la marca en general estaba quiz\u00e1 obsoleta. Hace dos a\u00f1os yo estaba un poco asustado por el logo\u00bb, y agrega: \u00abya no lo estoy. Me di cuenta de que a la gente en Espa\u00f1a realmente les encanta esta marca, y <strong>significa algo para ellos<\/strong>; tiene un lugar en el contexto cultural. \u00bb<\/p>\n<p>\u00bfQu\u00e9 opinas del resultado?<\/p>\n<p>&nbsp;<\/p>\n<p>\u00a9Grazia UK<\/p>\n<p>&nbsp;                             <\/p>\n","protected":false},"excerpt":{"rendered":"<p>Tras descubrir sus ansias de cambio y el nuevo logo y packaging, ten\u00eda que venir la primera campa\u00f1a de publicidad. J.W. Anderson se ha unido a Steven Meisel para la creaci\u00f3n de la primera campa\u00f1a de Loewe bajo su direcci\u00f3n creativa, y si\u00a0 alguien esperaba similitudes con la \u00faltima de [&hellip;]<\/p>\n","protected":false},"author":3,"featured_media":17892,"comment_status":"open","ping_status":"open","sticky":false,"template":"","format":"standard","meta":{"jetpack_publicize_message":"","jetpack_is_tweetstorm":false,"jetpack_publicize_feature_enabled":true},"categories":[8,11,12,14,15],"tags":[415,540,705,847],"jetpack_publicize_connections":[],"jetpack_featured_media_url":"https:\/\/i0.wp.com\/www.moda.es\/blog\/wp-content\/uploads\/2014\/06\/loewe-1.jpg?fit=650%2C422","jetpack_sharing_enabled":true,"jetpack_shortlink":"https:\/\/wp.me\/p4tJCC-4Ez","jetpack-related-posts":[{"id":14654,"url":"http:\/\/www.moda.es\/blog\/penelope-monica-y-cruz\/","url_meta":{"origin":17891,"position":0},"title":"Pen\u00e9lope, M\u00f3nica y Cruz","date":"noviembre 2, 2013","format":false,"excerpt":"Hace unos d\u00edas ya te hable de \u00e9l y hoy se ha celebrado su entrada oficial en las tienda de todo el mundo. Las hermanas M\u00f3nica y Pen\u00e9lope Cruz ya pueden decir que tienen un bolso con su nombre y ha sido Loewe quien lo ha hecho posible. Bas\u00e1ndose en\u2026","rel":"","context":"En \u00abAccesorios\u00bb","img":{"alt_text":"","src":"https:\/\/i0.wp.com\/www.moda.es\/blog\/wp-content\/uploads\/2013\/11\/Loewe-Penelope-Cruz-52.jpg?fit=500%2C750&resize=350%2C200","width":350,"height":200},"classes":[]},{"id":17814,"url":"http:\/\/www.moda.es\/blog\/jw-anderson-comienza-su-andadura-en-loewe\/","url_meta":{"origin":17891,"position":1},"title":"JW Anderson comienza su andadura en Loewe","date":"junio 4, 2014","format":false,"excerpt":"Y lo hace empezando por el logo. El nuevo director creativo ha revisado los logotipos y el packaging de la hist\u00f3rica casa espa\u00f1ola. Y esto es s\u00f3lo el principio. \"Yo quer\u00eda empezar desde el logotipo para reforzar realmente lo que la marca es ahora\", ha declarado Anderson. \"He querido reducir\u2026","rel":"","context":"En \u00abActualidad\u00bb","img":{"alt_text":"","src":"https:\/\/i0.wp.com\/www.moda.es\/blog\/wp-content\/uploads\/2014\/06\/Loewe.jpg?fit=650%2C975&resize=350%2C200","width":350,"height":200},"classes":[]},{"id":14409,"url":"http:\/\/www.moda.es\/blog\/nude-cuero-y-accesorios\/","url_meta":{"origin":17891,"position":2},"title":"Nude, cuero y accesorios","date":"octubre 14, 2013","format":false,"excerpt":"\u00bfQu\u00e9 tal ha empeado el lunes? Espero que muy bien. Yo hoy no es que lo vea todo de color de rosa, pero lo veo en nude, que es parecido... Y es que hoy tres noticias de moda se han declinado en este color. Es un comod\u00edn, pega con todo\u2026","rel":"","context":"En \u00abAccesorios\u00bb","img":{"alt_text":"","src":"https:\/\/i0.wp.com\/www.moda.es\/blog\/wp-content\/uploads\/2013\/10\/Loewe.jpg?resize=350%2C200","width":350,"height":200},"classes":[]},{"id":13364,"url":"http:\/\/www.moda.es\/blog\/edie-campbell-en-la-ultima-campana-de-lanvin\/","url_meta":{"origin":17891,"position":3},"title":"Todas las caras de Edie Campbell","date":"julio 16, 2013","format":false,"excerpt":"Cuando Alber Elbaz quiso crear una campa\u00f1a que mostrara la diversidad de la colecci\u00f3n de Lanvin para el pr\u00f3ximo Oto\u00f1o - Invierno 2013, podr\u00eda haber desplegado una interminable e imponente lista de top models. La \u00faltima vez que dese\u00f3 mostrar la diversidad, en concreto en su \u00faltima campa\u00f1a oto\u00f1o, reuni\u00f3\u2026","rel":"","context":"En \u00abCampa\u00f1as\u00bb","img":{"alt_text":"","src":"https:\/\/i0.wp.com\/www.moda.es\/blog\/wp-content\/uploads\/2013\/07\/lanvin-2_2.jpg?fit=500%2C327&resize=350%2C200","width":350,"height":200},"classes":[]},{"id":9831,"url":"http:\/\/www.moda.es\/blog\/penelope-da-la-cara-por-loewe\/","url_meta":{"origin":17891,"position":4},"title":"Pen\u00e9lope da la cara por Loewe","date":"diciembre 25, 2012","format":false,"excerpt":"Es una defensora confesa de las actividades de PETA, llegando a protagonizar una de sus campa\u00f1as con el lema \"Dar la espalda a las pieles\" durante la semana de la moda de Nueva York y tampoco es especialmente amiga de los medios de comunicaci\u00f3n espa\u00f1oles ni la vemos con frecuencia\u2026","rel":"","context":"En \u00abActualidad\u00bb","img":{"alt_text":"","src":"https:\/\/i0.wp.com\/www.moda.es\/blog\/wp-content\/uploads\/2012\/12\/loewe11.jpg?fit=500%2C344&resize=350%2C200","width":350,"height":200},"classes":[]},{"id":20343,"url":"http:\/\/www.moda.es\/blog\/la-hija-de-cindy-crawford-ficha-por-alexander-wang\/","url_meta":{"origin":17891,"position":5},"title":"La hija de Cindy Crawford ficha por Alexander Wang","date":"febrero 24, 2016","format":false,"excerpt":"Kaia Gerber, la hija cl\u00f3nica de Cindy Crawford, ha firmado\u00a0con la agencia IMG Models\u00a0(la misma que representa a modelos como\u00a0Gisele B\u00fcndchen, Daria Werbowy o Gigi\u00a0Hadid)\u00a0a la tierna\u00a0edad de 13 a\u00f1os y desde el principio ha empezado a participar en distintas campa\u00f1as como la de\u00a0Chrome Hearts. Pero el gran bombazo ha\u2026","rel":"","context":"En \u00abActualidad\u00bb","img":{"alt_text":"","src":"https:\/\/i0.wp.com\/www.moda.es\/blog\/wp-content\/uploads\/2016\/02\/Captura-de-pantalla-2016-02-24-a-las-2.04.30.png?fit=522%2C482&resize=350%2C200","width":350,"height":200},"classes":[]}],"_links":{"self":[{"href":"http:\/\/www.moda.es\/blog\/wp-json\/wp\/v2\/posts\/17891"}],"collection":[{"href":"http:\/\/www.moda.es\/blog\/wp-json\/wp\/v2\/posts"}],"about":[{"href":"http:\/\/www.moda.es\/blog\/wp-json\/wp\/v2\/types\/post"}],"author":[{"embeddable":true,"href":"http:\/\/www.moda.es\/blog\/wp-json\/wp\/v2\/users\/3"}],"replies":[{"embeddable":true,"href":"http:\/\/www.moda.es\/blog\/wp-json\/wp\/v2\/comments?post=17891"}],"version-history":[{"count":6,"href":"http:\/\/www.moda.es\/blog\/wp-json\/wp\/v2\/posts\/17891\/revisions"}],"predecessor-version":[{"id":36333,"href":"http:\/\/www.moda.es\/blog\/wp-json\/wp\/v2\/posts\/17891\/revisions\/36333"}],"wp:featuredmedia":[{"embeddable":true,"href":"http:\/\/www.moda.es\/blog\/wp-json\/wp\/v2\/media\/17892"}],"wp:attachment":[{"href":"http:\/\/www.moda.es\/blog\/wp-json\/wp\/v2\/media?parent=17891"}],"wp:term":[{"taxonomy":"category","embeddable":true,"href":"http:\/\/www.moda.es\/blog\/wp-json\/wp\/v2\/categories?post=17891"},{"taxonomy":"post_tag","embeddable":true,"href":"http:\/\/www.moda.es\/blog\/wp-json\/wp\/v2\/tags?post=17891"}],"curies":[{"name":"wp","href":"https:\/\/api.w.org\/{rel}","templated":true}]}}