{"id":17881,"date":"2014-06-24T21:32:19","date_gmt":"2014-06-24T20:32:19","guid":{"rendered":"http:\/\/www.moda.es\/blog\/?p=17881"},"modified":"2020-04-27T17:27:59","modified_gmt":"2020-04-27T16:27:59","slug":"naomi-campbell-tambien-disenadora","status":"publish","type":"post","link":"http:\/\/www.moda.es\/blog\/naomi-campbell-tambien-disenadora\/","title":{"rendered":"Naomi Campbell, tambi\u00e9n dise\u00f1adora"},"content":{"rendered":"<p><a href=\"https:\/\/i0.wp.com\/www.moda.es\/blog\/wp-content\/uploads\/2014\/06\/naomi.jpg\"><img data-attachment-id=\"17882\" data-permalink=\"http:\/\/www.moda.es\/blog\/naomi-campbell-tambien-disenadora\/naomi\/\" data-orig-file=\"https:\/\/i0.wp.com\/www.moda.es\/blog\/wp-content\/uploads\/2014\/06\/naomi.jpg?fit=650%2C946\" data-orig-size=\"650,946\" data-comments-opened=\"1\" data-image-meta=\"{&quot;aperture&quot;:&quot;0&quot;,&quot;credit&quot;:&quot;&quot;,&quot;camera&quot;:&quot;&quot;,&quot;caption&quot;:&quot;&quot;,&quot;created_timestamp&quot;:&quot;0&quot;,&quot;copyright&quot;:&quot;&quot;,&quot;focal_length&quot;:&quot;0&quot;,&quot;iso&quot;:&quot;0&quot;,&quot;shutter_speed&quot;:&quot;0&quot;,&quot;title&quot;:&quot;&quot;}\" data-image-title=\"naomi\" data-image-description=\"\" data-image-caption=\"\" data-medium-file=\"https:\/\/i0.wp.com\/www.moda.es\/blog\/wp-content\/uploads\/2014\/06\/naomi.jpg?fit=206%2C300\" data-large-file=\"https:\/\/i0.wp.com\/www.moda.es\/blog\/wp-content\/uploads\/2014\/06\/naomi.jpg?fit=640%2C931\" loading=\"lazy\" class=\"size-medium wp-image-17882 aligncenter\" alt=\"naomi\" src=\"https:\/\/i0.wp.com\/www.moda.es\/blog\/wp-content\/uploads\/2014\/06\/naomi.jpg?resize=206%2C300\" width=\"206\" height=\"300\" srcset=\"https:\/\/i0.wp.com\/www.moda.es\/blog\/wp-content\/uploads\/2014\/06\/naomi.jpg?resize=206%2C300 206w, https:\/\/i0.wp.com\/www.moda.es\/blog\/wp-content\/uploads\/2014\/06\/naomi.jpg?resize=420%2C611 420w, https:\/\/i0.wp.com\/www.moda.es\/blog\/wp-content\/uploads\/2014\/06\/naomi.jpg?w=650 650w\" sizes=\"(max-width: 206px) 100vw, 206px\" data-recalc-dims=\"1\" \/><\/a><\/p>\n<p>Parece que<strong> Naomi Campbell<\/strong> est\u00e1 a punto de seguir el ejemplo de su gran amiga de <strong>Kate Moss<\/strong> uni\u00e9ndose al grupo de modelos que deciden probar suerte en el<strong> dise\u00f1o de moda<\/strong>.<\/p>\n<p>Seg\u00fan la problem\u00e1tica modelo, todav\u00eda esta cerrando el proyecto: \u00abse me han acercado desde algunas marcas para dise\u00f1ar una l\u00ednea para ellos, es algo que me interesa y estoy en negociaciones.<\/p>\n<p>Campbell es amiga cercana de numerosos dise\u00f1adores, incluyendo <strong>Azzedine Alaia, Roberto Cavalli, Domenico Dolce y Stefano Gabbana<\/strong>, pero no est\u00e1 claro si su nueva aventura ir\u00e1 de la mano la\u00a0 moda de alta gama o har\u00e1 como Moss y colaborar\u00e1 con un marca tipo <strong>Topshop<\/strong>.<br \/>\nLa modelo sigue dando algunas pistas: \u00abAhora que he crecido un poco m\u00e1s voy a dise\u00f1ar no s\u00f3lo para las mujeres de color, sino para todas. Creo que hay un mont\u00f3n de cosas que no he proyectado como me gustar\u00eda y me gustar\u00eda compartirlo con todo el mundo \u00ab.<\/p>\n<p>\u00bfQui\u00e9n ser\u00e1 el socio sorpresa de Naomi Campbell? Realmente nos come la curiosidad.<\/p>\n<p>&nbsp;<\/p>\n<p>\u00a9Fashion Telegraph                             <\/p>\n","protected":false},"excerpt":{"rendered":"<p>Parece que Naomi Campbell est\u00e1 a punto de seguir el ejemplo de su gran amiga de Kate Moss uni\u00e9ndose al grupo de modelos que deciden probar suerte en el dise\u00f1o de moda. Seg\u00fan la problem\u00e1tica modelo, todav\u00eda esta cerrando el proyecto: \u00abse me han acercado desde algunas marcas para dise\u00f1ar [&hellip;]<\/p>\n","protected":false},"author":3,"featured_media":17882,"comment_status":"open","ping_status":"open","sticky":false,"template":"","format":"standard","meta":{"jetpack_publicize_message":"","jetpack_is_tweetstorm":false,"jetpack_publicize_feature_enabled":true},"categories":[3,10,11,17,30],"tags":[105,1028,471,647,773,1029,897],"jetpack_publicize_connections":[],"jetpack_featured_media_url":"https:\/\/i0.wp.com\/www.moda.es\/blog\/wp-content\/uploads\/2014\/06\/naomi.jpg?fit=650%2C946","jetpack_sharing_enabled":true,"jetpack_shortlink":"https:\/\/wp.me\/p4tJCC-4Ep","jetpack-related-posts":[{"id":18680,"url":"http:\/\/www.moda.es\/blog\/las-mejores-campanas-de-la-proxima-temporada-i\/","url_meta":{"origin":17881,"position":0},"title":"Las mejores campa\u00f1as de la pr\u00f3xima temporada","date":"diciembre 26, 2014","format":false,"excerpt":"Sombreros, abrigos nuevos, botas y guantes son algunas de las cosas que estamos estrenando estos d\u00edas con los nuevos regalos de Navidad. Pero la primavera est\u00e1 cerca y con ella las campa\u00f1as de los grandes dise\u00f1adores. Las de Stuart Weitzman, Burberry, Balmain y Cavalli ya llamaron nuestra atenci\u00f3n pero no\u2026","rel":"","context":"En \u00abActualidad\u00bb","img":{"alt_text":"","src":"https:\/\/i0.wp.com\/www.moda.es\/blog\/wp-content\/uploads\/2014\/12\/dg.jpg?fit=650%2C433&resize=350%2C200","width":350,"height":200},"classes":[]},{"id":15624,"url":"http:\/\/www.moda.es\/blog\/el-debut-de-lottie-moss\/","url_meta":{"origin":17881,"position":1},"title":"El debut de Lottie Moss","date":"enero 18, 2014","format":false,"excerpt":"Mientras Kate Moss celebraba su cuarenta cumplea\u00f1os, su hermana peque\u00f1a, Lottie, ha celebrado su debut como modelo en su primera sesi\u00f3n de moda. Lottie Moss, de diecis\u00e9is a\u00f1o,\u00a0 firm\u00f3 su contrato con la agencia Storm Models la semana pasada y ha protagonizado su primer editorial de moda para Dazed &\u2026","rel":"","context":"En \u00abActualidad\u00bb","img":{"alt_text":"","src":"https:\/\/i0.wp.com\/www.moda.es\/blog\/wp-content\/uploads\/2014\/01\/Lottie-Moss-21.jpg?fit=500%2C727&resize=350%2C200","width":350,"height":200},"classes":[]},{"id":17362,"url":"http:\/\/www.moda.es\/blog\/kate-moss-vuelve-a-disenar-para-topshop\/","url_meta":{"origin":17881,"position":2},"title":"Kate Moss vuelve a dise\u00f1ar para TopShop","date":"abril 2, 2014","format":false,"excerpt":"La noticia saltaba el pasado mes de octubre: la top entre las tops, Kate Moss, hab\u00eda firmado una colaboraci\u00f3n con TopShop para crear una colecci\u00f3n de entre 40 y 50 piezas para esta primavera. La fecha del lanzamiento se acerca y qu\u00e9 mejor manera de presentarla que con una portada\u2026","rel":"","context":"En \u00abColecciones\u00bb","img":{"alt_text":"","src":"https:\/\/i0.wp.com\/www.moda.es\/blog\/wp-content\/uploads\/2014\/04\/TopShop-2.jpg?fit=650%2C859&resize=350%2C200","width":350,"height":200},"classes":[]},{"id":14805,"url":"http:\/\/www.moda.es\/blog\/kate-moss-nueva-conejita-playboy\/","url_meta":{"origin":17881,"position":3},"title":"Kate Moss, nueva conejita Playboy","date":"noviembre 13, 2013","format":false,"excerpt":"Por distintos motivos, es la publicaci\u00f3n de mejor y peor reputaci\u00f3n del mundo editorial, pero Playboy celebra ya su 60 aniversario, y la mejor manera de hacerlo es colocnado a Kate Moss en su portada. El pr\u00f3ximo n\u00famero de enero ser\u00e1 testigo de la caracterizaci\u00f3n de Moss como nueva conejita\u2026","rel":"","context":"En \u00abDestacados\u00bb","img":{"alt_text":"Kate Moss","src":"https:\/\/i0.wp.com\/www.moda.es\/blog\/wp-content\/uploads\/2013\/11\/Kate-Moss-300x165.jpg?resize=350%2C200","width":350,"height":200},"classes":[]},{"id":18509,"url":"http:\/\/www.moda.es\/blog\/la-cara-mas-solidaria-de-naomi-campbell\/","url_meta":{"origin":17881,"position":4},"title":"La cara m\u00e1s solidaria de Naomi Campbell","date":"noviembre 14, 2014","format":false,"excerpt":"Naomi Campbell siempre ha sido conocida por su sm\u00faltiples frivolidades y caprichos, sin embargo ahora ha decidido aportar su granito de arena para la lucha contra el \u00c9bola. A partir del 28 de noviembre, la supermodelo establecer\u00e1 una tienda en Westfield (Londres) durante una semana donde los visitantes podr\u00e1n comprar\u2026","rel":"","context":"En \u00abActualidad\u00bb","img":{"alt_text":"","src":"https:\/\/i0.wp.com\/www.moda.es\/blog\/wp-content\/uploads\/2014\/11\/naomi.jpg?fit=650%2C939&resize=350%2C200","width":350,"height":200},"classes":[]},{"id":14037,"url":"http:\/\/www.moda.es\/blog\/sal-a-correr-con-kate-naomi-y-kilye\/","url_meta":{"origin":17881,"position":5},"title":"Sal a correr con Kate, Naomi y Kilye","date":"septiembre 4, 2013","format":false,"excerpt":"\u00bfSab\u00edas que los meses en los que los gimnasios registran m\u00e1s socios nuevos son enero y septiembre? En enero se debe a la obligada lista de buenos prop\u00f3sitos de A\u00f1o Nuevo. Lo de septiembre es porque en el fondo seguimos siendo como ni\u00f1os y el mes de septiembre siempre es\u2026","rel":"","context":"En \u00abAccesorios\u00bb","img":{"alt_text":"","src":"https:\/\/i0.wp.com\/www.moda.es\/blog\/wp-content\/uploads\/2013\/09\/Adidas-4.jpg?fit=500%2C333&resize=350%2C200","width":350,"height":200},"classes":[]}],"_links":{"self":[{"href":"http:\/\/www.moda.es\/blog\/wp-json\/wp\/v2\/posts\/17881"}],"collection":[{"href":"http:\/\/www.moda.es\/blog\/wp-json\/wp\/v2\/posts"}],"about":[{"href":"http:\/\/www.moda.es\/blog\/wp-json\/wp\/v2\/types\/post"}],"author":[{"embeddable":true,"href":"http:\/\/www.moda.es\/blog\/wp-json\/wp\/v2\/users\/3"}],"replies":[{"embeddable":true,"href":"http:\/\/www.moda.es\/blog\/wp-json\/wp\/v2\/comments?post=17881"}],"version-history":[{"count":9,"href":"http:\/\/www.moda.es\/blog\/wp-json\/wp\/v2\/posts\/17881\/revisions"}],"predecessor-version":[{"id":36335,"href":"http:\/\/www.moda.es\/blog\/wp-json\/wp\/v2\/posts\/17881\/revisions\/36335"}],"wp:featuredmedia":[{"embeddable":true,"href":"http:\/\/www.moda.es\/blog\/wp-json\/wp\/v2\/media\/17882"}],"wp:attachment":[{"href":"http:\/\/www.moda.es\/blog\/wp-json\/wp\/v2\/media?parent=17881"}],"wp:term":[{"taxonomy":"category","embeddable":true,"href":"http:\/\/www.moda.es\/blog\/wp-json\/wp\/v2\/categories?post=17881"},{"taxonomy":"post_tag","embeddable":true,"href":"http:\/\/www.moda.es\/blog\/wp-json\/wp\/v2\/tags?post=17881"}],"curies":[{"name":"wp","href":"https:\/\/api.w.org\/{rel}","templated":true}]}}