{"id":17850,"date":"2014-06-14T13:20:35","date_gmt":"2014-06-14T12:20:35","guid":{"rendered":"http:\/\/www.moda.es\/blog\/?p=17850"},"modified":"2020-04-27T17:28:45","modified_gmt":"2020-04-27T16:28:45","slug":"el-lado-comico-de-la-moda","status":"publish","type":"post","link":"http:\/\/www.moda.es\/blog\/el-lado-comico-de-la-moda\/","title":{"rendered":"El lado c\u00f3mico de la moda"},"content":{"rendered":"<p>La tendencia de la fotograf\u00eda<strong><em> street style<\/em><\/strong> se ha convertido en todo un fen\u00f3meno de la red en los \u00faltimos a\u00f1os, y como toda tendencia, ten\u00eda que tener su respuesta.<\/p>\n<p>El gran pionero fue <strong>Scott Schuman<\/strong> que con su blog,<strong> The Sartorialist<\/strong>, abri\u00f3 la veda de este estilo fotogr\u00e1fico en <strong>2005 <\/strong>y precisamente contra sus seguidores va una nueva cuenta de Twitter que toma lo mejor y lo peor de la moda en las calles para darle un nuevo giro.<\/p>\n<p><a href=\"https:\/\/i0.wp.com\/www.moda.es\/blog\/wp-content\/uploads\/2014\/06\/sarcast-5.jpg\"><img data-attachment-id=\"17851\" data-permalink=\"http:\/\/www.moda.es\/blog\/el-lado-comico-de-la-moda\/sarcast-5\/\" data-orig-file=\"https:\/\/i0.wp.com\/www.moda.es\/blog\/wp-content\/uploads\/2014\/06\/sarcast-5.jpg?fit=650%2C946\" data-orig-size=\"650,946\" data-comments-opened=\"1\" data-image-meta=\"{&quot;aperture&quot;:&quot;0&quot;,&quot;credit&quot;:&quot;&quot;,&quot;camera&quot;:&quot;&quot;,&quot;caption&quot;:&quot;&quot;,&quot;created_timestamp&quot;:&quot;0&quot;,&quot;copyright&quot;:&quot;&quot;,&quot;focal_length&quot;:&quot;0&quot;,&quot;iso&quot;:&quot;0&quot;,&quot;shutter_speed&quot;:&quot;0&quot;,&quot;title&quot;:&quot;&quot;}\" data-image-title=\"sarcast 5\" data-image-description=\"\" data-image-caption=\"\" data-medium-file=\"https:\/\/i0.wp.com\/www.moda.es\/blog\/wp-content\/uploads\/2014\/06\/sarcast-5.jpg?fit=206%2C300\" data-large-file=\"https:\/\/i0.wp.com\/www.moda.es\/blog\/wp-content\/uploads\/2014\/06\/sarcast-5.jpg?fit=640%2C931\" loading=\"lazy\" class=\"size-medium wp-image-17851 aligncenter\" alt=\"sarcast 5\" src=\"https:\/\/i0.wp.com\/www.moda.es\/blog\/wp-content\/uploads\/2014\/06\/sarcast-5.jpg?resize=206%2C300\" width=\"206\" height=\"300\" srcset=\"https:\/\/i0.wp.com\/www.moda.es\/blog\/wp-content\/uploads\/2014\/06\/sarcast-5.jpg?resize=206%2C300 206w, https:\/\/i0.wp.com\/www.moda.es\/blog\/wp-content\/uploads\/2014\/06\/sarcast-5.jpg?resize=420%2C611 420w, https:\/\/i0.wp.com\/www.moda.es\/blog\/wp-content\/uploads\/2014\/06\/sarcast-5.jpg?w=650 650w\" sizes=\"(max-width: 206px) 100vw, 206px\" data-recalc-dims=\"1\" \/><\/a>Autodenominado como <strong>Sarcastialist,<\/strong> la cuenta tiene im\u00e1genes de street style de Schuman y otros colegas como <strong>Yvan Rodic, Jak y Jil y Facehunter<\/strong>, con pies de foto llenos de ingenio y realismo.<\/p>\n<p><a href=\"https:\/\/i0.wp.com\/www.moda.es\/blog\/wp-content\/uploads\/2014\/06\/sarcast-3.jpg\"><img data-attachment-id=\"17852\" data-permalink=\"http:\/\/www.moda.es\/blog\/el-lado-comico-de-la-moda\/sarcast-3\/\" data-orig-file=\"https:\/\/i0.wp.com\/www.moda.es\/blog\/wp-content\/uploads\/2014\/06\/sarcast-3.jpg?fit=650%2C946\" data-orig-size=\"650,946\" data-comments-opened=\"1\" data-image-meta=\"{&quot;aperture&quot;:&quot;0&quot;,&quot;credit&quot;:&quot;&quot;,&quot;camera&quot;:&quot;&quot;,&quot;caption&quot;:&quot;&quot;,&quot;created_timestamp&quot;:&quot;0&quot;,&quot;copyright&quot;:&quot;&quot;,&quot;focal_length&quot;:&quot;0&quot;,&quot;iso&quot;:&quot;0&quot;,&quot;shutter_speed&quot;:&quot;0&quot;,&quot;title&quot;:&quot;&quot;}\" data-image-title=\"sarcast 3\" data-image-description=\"\" data-image-caption=\"\" data-medium-file=\"https:\/\/i0.wp.com\/www.moda.es\/blog\/wp-content\/uploads\/2014\/06\/sarcast-3.jpg?fit=206%2C300\" data-large-file=\"https:\/\/i0.wp.com\/www.moda.es\/blog\/wp-content\/uploads\/2014\/06\/sarcast-3.jpg?fit=640%2C931\" loading=\"lazy\" class=\"size-medium wp-image-17852 aligncenter\" alt=\"sarcast 3\" src=\"https:\/\/i0.wp.com\/www.moda.es\/blog\/wp-content\/uploads\/2014\/06\/sarcast-3.jpg?resize=206%2C300\" width=\"206\" height=\"300\" srcset=\"https:\/\/i0.wp.com\/www.moda.es\/blog\/wp-content\/uploads\/2014\/06\/sarcast-3.jpg?resize=206%2C300 206w, https:\/\/i0.wp.com\/www.moda.es\/blog\/wp-content\/uploads\/2014\/06\/sarcast-3.jpg?resize=420%2C611 420w, https:\/\/i0.wp.com\/www.moda.es\/blog\/wp-content\/uploads\/2014\/06\/sarcast-3.jpg?w=650 650w\" sizes=\"(max-width: 206px) 100vw, 206px\" data-recalc-dims=\"1\" \/><\/a><\/p>\n<p>\u00abEl Sarcastialist surgi\u00f3 en respuesta a la forma en que las personas aparecen retratadas en los blogs de street style. Tenemos que pensar que estos personajes tienen que tener una <strong>vida mucho m\u00e1s interesante de lo que parece<\/strong>: Pasear todo el d\u00eda, beber ocho capuchinos y montar en sus bicicletas de carreras danesas para ir a ver pel\u00edculas de Jean-Luc Godard, \u00bb afirma su fundador.<\/p>\n<p><a href=\"https:\/\/i0.wp.com\/www.moda.es\/blog\/wp-content\/uploads\/2014\/06\/sacast-4.jpg\"><img data-attachment-id=\"17854\" data-permalink=\"http:\/\/www.moda.es\/blog\/el-lado-comico-de-la-moda\/sacast-4\/\" data-orig-file=\"https:\/\/i0.wp.com\/www.moda.es\/blog\/wp-content\/uploads\/2014\/06\/sacast-4.jpg?fit=650%2C550\" data-orig-size=\"650,550\" data-comments-opened=\"1\" data-image-meta=\"{&quot;aperture&quot;:&quot;0&quot;,&quot;credit&quot;:&quot;&quot;,&quot;camera&quot;:&quot;&quot;,&quot;caption&quot;:&quot;&quot;,&quot;created_timestamp&quot;:&quot;0&quot;,&quot;copyright&quot;:&quot;&quot;,&quot;focal_length&quot;:&quot;0&quot;,&quot;iso&quot;:&quot;0&quot;,&quot;shutter_speed&quot;:&quot;0&quot;,&quot;title&quot;:&quot;&quot;}\" data-image-title=\"sacast 4\" data-image-description=\"\" data-image-caption=\"\" data-medium-file=\"https:\/\/i0.wp.com\/www.moda.es\/blog\/wp-content\/uploads\/2014\/06\/sacast-4.jpg?fit=300%2C253\" data-large-file=\"https:\/\/i0.wp.com\/www.moda.es\/blog\/wp-content\/uploads\/2014\/06\/sacast-4.jpg?fit=640%2C542\" loading=\"lazy\" class=\"size-medium wp-image-17854 aligncenter\" alt=\"sacast 4\" src=\"https:\/\/i0.wp.com\/www.moda.es\/blog\/wp-content\/uploads\/2014\/06\/sacast-4.jpg?resize=300%2C253\" width=\"300\" height=\"253\" srcset=\"https:\/\/i0.wp.com\/www.moda.es\/blog\/wp-content\/uploads\/2014\/06\/sacast-4.jpg?resize=300%2C253 300w, https:\/\/i0.wp.com\/www.moda.es\/blog\/wp-content\/uploads\/2014\/06\/sacast-4.jpg?resize=420%2C355 420w, https:\/\/i0.wp.com\/www.moda.es\/blog\/wp-content\/uploads\/2014\/06\/sacast-4.jpg?w=650 650w\" sizes=\"(max-width: 300px) 100vw, 300px\" data-recalc-dims=\"1\" \/><\/a><br \/>\nA\u00f1ade que no duda que estas personas tengan estas id\u00edlicas existencias pero est\u00e1 seguro de que tambi\u00e9n sufren atascos, visitas al dentista y otros golpes de realidad como el resto de los mortales y por ello ha querido mostrar este <strong>otro \u00e1ngulo.<\/strong><\/p>\n<p>Desde luego vale la pena echar un vistazo y re\u00edrnos de los l\u00edmites que a veces sobrepasa la\u00a0 moda.<\/p>\n<p><a href=\"https:\/\/i0.wp.com\/www.moda.es\/blog\/wp-content\/uploads\/2014\/06\/sarcast-1.jpg\"><img data-attachment-id=\"17853\" data-permalink=\"http:\/\/www.moda.es\/blog\/el-lado-comico-de-la-moda\/sarcast-1\/\" data-orig-file=\"https:\/\/i0.wp.com\/www.moda.es\/blog\/wp-content\/uploads\/2014\/06\/sarcast-1.jpg?fit=650%2C548\" data-orig-size=\"650,548\" data-comments-opened=\"1\" data-image-meta=\"{&quot;aperture&quot;:&quot;0&quot;,&quot;credit&quot;:&quot;&quot;,&quot;camera&quot;:&quot;&quot;,&quot;caption&quot;:&quot;&quot;,&quot;created_timestamp&quot;:&quot;0&quot;,&quot;copyright&quot;:&quot;&quot;,&quot;focal_length&quot;:&quot;0&quot;,&quot;iso&quot;:&quot;0&quot;,&quot;shutter_speed&quot;:&quot;0&quot;,&quot;title&quot;:&quot;&quot;}\" data-image-title=\"sarcast 1\" data-image-description=\"\" data-image-caption=\"\" data-medium-file=\"https:\/\/i0.wp.com\/www.moda.es\/blog\/wp-content\/uploads\/2014\/06\/sarcast-1.jpg?fit=300%2C252\" data-large-file=\"https:\/\/i0.wp.com\/www.moda.es\/blog\/wp-content\/uploads\/2014\/06\/sarcast-1.jpg?fit=640%2C540\" loading=\"lazy\" class=\"size-medium wp-image-17853 aligncenter\" alt=\"sarcast 1\" src=\"https:\/\/i0.wp.com\/www.moda.es\/blog\/wp-content\/uploads\/2014\/06\/sarcast-1.jpg?resize=300%2C252\" width=\"300\" height=\"252\" srcset=\"https:\/\/i0.wp.com\/www.moda.es\/blog\/wp-content\/uploads\/2014\/06\/sarcast-1.jpg?resize=300%2C252 300w, https:\/\/i0.wp.com\/www.moda.es\/blog\/wp-content\/uploads\/2014\/06\/sarcast-1.jpg?resize=420%2C354 420w, https:\/\/i0.wp.com\/www.moda.es\/blog\/wp-content\/uploads\/2014\/06\/sarcast-1.jpg?w=650 650w\" sizes=\"(max-width: 300px) 100vw, 300px\" data-recalc-dims=\"1\" \/><\/a><\/p>\n<p>\u00a9Fashion Telegraph                             <\/p>\n","protected":false},"excerpt":{"rendered":"<p>La tendencia de la fotograf\u00eda street style se ha convertido en todo un fen\u00f3meno de la red en los \u00faltimos a\u00f1os, y como toda tendencia, ten\u00eda que tener su respuesta. El gran pionero fue Scott Schuman que con su blog, The Sartorialist, abri\u00f3 la veda de este estilo fotogr\u00e1fico en [&hellip;]<\/p>\n","protected":false},"author":3,"featured_media":17851,"comment_status":"open","ping_status":"open","sticky":false,"template":"","format":"standard","meta":{"jetpack_publicize_message":"","jetpack_is_tweetstorm":false,"jetpack_publicize_feature_enabled":true},"categories":[3,7,11,26,27],"tags":[1019,1018,808,882,1017],"jetpack_publicize_connections":[],"jetpack_featured_media_url":"https:\/\/i0.wp.com\/www.moda.es\/blog\/wp-content\/uploads\/2014\/06\/sarcast-5.jpg?fit=650%2C946","jetpack_sharing_enabled":true,"jetpack_shortlink":"https:\/\/wp.me\/p4tJCC-4DU","jetpack-related-posts":[{"id":13888,"url":"http:\/\/www.moda.es\/blog\/el-nuevo-debut-de-garance-dore\/","url_meta":{"origin":17850,"position":0},"title":"El nuevo debut de Garance Dor\u00e9","date":"agosto 23, 2013","format":false,"excerpt":"Siete a\u00f1os despu\u00e9s de comenzar su sitio web hom\u00f3nimo, Garance Dor\u00e9 ha dado el paso inevitable para los bloggers de estilo con un cierto nivel (es decir, con una determinada tasa de usuarios \u00fanicos). Siguiendo los pasos de su pareja, Scott Schuman, o lo que es lo mismo, The Sartorialist,\u2026","rel":"","context":"En \u00abActualidad\u00bb","img":{"alt_text":"","src":"https:\/\/i0.wp.com\/www.moda.es\/blog\/wp-content\/uploads\/2013\/08\/Garance-Dore-3.jpg?fit=300%2C436&resize=350%2C200","width":350,"height":200},"classes":[]},{"id":19767,"url":"http:\/\/www.moda.es\/blog\/lo-ultimo-de-scott-schuman\/","url_meta":{"origin":17850,"position":1},"title":"Lo \u00faltimo de Scott Schuman","date":"septiembre 2, 2015","format":false,"excerpt":"Scott Schuman\u00a0ha pasado la \u00faltima d\u00e9cada capturando el estilo de la calle en las capitales de la moda del mundo, pero en su tercer libro, The Sartorialist X lo ha llevado m\u00e1s lejos. \"Realmente he viajado por el mundo para explorar qu\u00e9 significa el\u00a0estilo y la belleza una gran cantidad\u2026","rel":"","context":"En \u00abActualidad\u00bb","img":{"alt_text":"","src":"https:\/\/i0.wp.com\/www.moda.es\/blog\/wp-content\/uploads\/2015\/09\/Captura-de-pantalla-2015-09-02-a-las-22.44.12.png?fit=326%2C482&resize=350%2C200","width":350,"height":200},"classes":[]},{"id":404,"url":"http:\/\/www.moda.es\/blog\/locura-aristocratica\/","url_meta":{"origin":17850,"position":2},"title":"Locura aristocr\u00e1tica","date":"diciembre 26, 2010","format":false,"excerpt":"En fusi\u00f3n: Aristocrazy. Es la nueva rama de la firma de joyas espa\u00f1ola Su\u00e1rez. La casa fundada en 1942 quiere acercarse a un p\u00fablico m\u00e1s joven con la idea de alcanzar el mismo segmento de mercado que TOUS, es decir, poner al alcance de todos (o de m\u00e1s gente) la\u2026","rel":"","context":"En \u00abColecciones\u00bb","img":{"alt_text":"","src":"https:\/\/i0.wp.com\/www.moda.es\/blog\/wp-content\/uploads\/2010\/12\/ARISTOCRAZY1.png?fit=400%2C251&resize=350%2C200","width":350,"height":200},"classes":[]},{"id":520,"url":"http:\/\/www.moda.es\/blog\/el-ojo-que-todo-lo-ve\/","url_meta":{"origin":17850,"position":3},"title":"El ojo que todo lo ve","date":"enero 14, 2011","format":false,"excerpt":"Es el hombre de moda, aunque el est\u00e9 detr\u00e1s de la c\u00e1mara. Es el trendsetter por excelencia, el c\u00edclope que capta las tendencias en las principales capitales del mundo, sobre todo, las de la moda. \u00c9l fotograf\u00eda a los que quiz\u00e1 sean los hombres y mujeres m\u00e1s elegantes de Nueva\u2026","rel":"","context":"En \u00abTrendsetter\u00bb","img":{"alt_text":"","src":"https:\/\/i0.wp.com\/www.moda.es\/blog\/wp-content\/uploads\/2011\/01\/12-scott_sm1.jpg?fit=399%2C346&resize=350%2C200","width":350,"height":200},"classes":[]},{"id":4327,"url":"http:\/\/www.moda.es\/blog\/cunningham-pionero-de-las-fotografias-street-style\/","url_meta":{"origin":17850,"position":4},"title":"Cunningham: pionero de las fotograf\u00edas &#8216;street style&#8217;","date":"noviembre 18, 2011","format":false,"excerpt":"Antes que Scott Schuman y su seguid\u00edsimo blog The Sartorialist, mucho antes incluso de la existencia de los blogs y de Internet, Bill Cunningham se pateaba calle arriba, calle abajo la isla de Manhattan para fotografiar a mujeres y hombre con estilo. Este se\u00f1or, y es que ya tiene 83\u2026","rel":"","context":"En \u00abFot\u00f3grafos\u00bb","img":{"alt_text":"","src":"https:\/\/i0.wp.com\/www.moda.es\/blog\/wp-content\/uploads\/2011\/11\/topics_cunningham_3951.jpg?fit=395%2C248&resize=350%2C200","width":350,"height":200},"classes":[]},{"id":1303,"url":"http:\/\/www.moda.es\/blog\/over-the-rainbow-anna\/","url_meta":{"origin":17850,"position":5},"title":"Over the rainbow, Anna","date":"marzo 28, 2011","format":false,"excerpt":"Excesiva, extravagante, colorista, un poco kitsch. Anna dello Russo sabe c\u00f3mo hacer que la gente se d\u00e9 la vuelta para mirarla. Indispensable en los front-row de toda firma\u00a0que se precie, amiga de editores, colega de\u00a0dise\u00f1adores, Anna ve la moda como un espect\u00e1culo y participa divirti\u00e9ndose. Esta mujer apasionada por la\u2026","rel":"","context":"En \u00abIt Girl\u00bb","img":{"alt_text":"","src":"https:\/\/i0.wp.com\/www.moda.es\/blog\/wp-content\/uploads\/2011\/03\/jj-anna-dr1.jpg?fit=510%2C314&resize=350%2C200","width":350,"height":200},"classes":[]}],"_links":{"self":[{"href":"http:\/\/www.moda.es\/blog\/wp-json\/wp\/v2\/posts\/17850"}],"collection":[{"href":"http:\/\/www.moda.es\/blog\/wp-json\/wp\/v2\/posts"}],"about":[{"href":"http:\/\/www.moda.es\/blog\/wp-json\/wp\/v2\/types\/post"}],"author":[{"embeddable":true,"href":"http:\/\/www.moda.es\/blog\/wp-json\/wp\/v2\/users\/3"}],"replies":[{"embeddable":true,"href":"http:\/\/www.moda.es\/blog\/wp-json\/wp\/v2\/comments?post=17850"}],"version-history":[{"count":6,"href":"http:\/\/www.moda.es\/blog\/wp-json\/wp\/v2\/posts\/17850\/revisions"}],"predecessor-version":[{"id":36340,"href":"http:\/\/www.moda.es\/blog\/wp-json\/wp\/v2\/posts\/17850\/revisions\/36340"}],"wp:featuredmedia":[{"embeddable":true,"href":"http:\/\/www.moda.es\/blog\/wp-json\/wp\/v2\/media\/17851"}],"wp:attachment":[{"href":"http:\/\/www.moda.es\/blog\/wp-json\/wp\/v2\/media?parent=17850"}],"wp:term":[{"taxonomy":"category","embeddable":true,"href":"http:\/\/www.moda.es\/blog\/wp-json\/wp\/v2\/categories?post=17850"},{"taxonomy":"post_tag","embeddable":true,"href":"http:\/\/www.moda.es\/blog\/wp-json\/wp\/v2\/tags?post=17850"}],"curies":[{"name":"wp","href":"https:\/\/api.w.org\/{rel}","templated":true}]}}