{"id":17834,"date":"2014-06-10T22:21:47","date_gmt":"2014-06-10T21:21:47","guid":{"rendered":"http:\/\/www.moda.es\/blog\/?p=17834"},"modified":"2020-04-27T17:29:12","modified_gmt":"2020-04-27T16:29:12","slug":"cara-delevingne-te-esta-buscando","status":"publish","type":"post","link":"http:\/\/www.moda.es\/blog\/cara-delevingne-te-esta-buscando\/","title":{"rendered":"Cara Delevingne te est\u00e1 buscando"},"content":{"rendered":"<p>Cuando ya cre\u00edamos que la cruzada de <strong>Cara Delevingne<\/strong> para dominar el mundo hab\u00eda terminado, la modelo crea una colecci\u00f3n para <strong>DKNY.<\/strong><\/p>\n<p>La modelo convertida en actriz ha creado una l\u00ednea unisex de<strong> 15 piezas<\/strong> para la marca estadounidense con camisetas sin mangas, los bombers de cuero y una parka, as\u00ed como un ch\u00e1ndal. Se lanzar\u00e1 al mercado en <strong>noviembre,<\/strong> con precios entre los 50 y los 450 euros.<\/p>\n<p>\u00abNo puedo creer que algunas ideas aleatorias finalmente se hayan convertido en mi propia colecci\u00f3n, en dise\u00f1os con mi propio nombre y en colaboraci\u00f3n con la ic\u00f3nica marca DKNY,\u00bb dice Cara. &#8216;Es incre\u00edble darse cuenta de que ha pasado un a\u00f1o desde que empezamos a planear este proyecto juntos. Va a ser verdad que el tiempo vuela cuando uno se divierte.\u00bb<\/p>\n<p>Los fans de la modelo no s\u00f3lo podr\u00e1n adquirir los dise\u00f1os de Cara, tambi\u00e9n est\u00e1 ofreciendo la oportunidad de <strong>protagonizar la campa\u00f1a<\/strong>. Delevingne ha lanzado una b\u00fasqueda de modelos en Instagram pidiendo a sus\u00a0 seguidores que suban una foto de s\u00ed mismos con los hashtags <strong>#CaraWantsYou<\/strong> y <strong>#Cara4DKNY.<\/strong> Entre todos ellos se seleccionar\u00e1 a la pareja invitada de Cara.<\/p>\n<p>Esta colecci\u00f3n para la marca americana no es la primera incursi\u00f3n de Cara en el dise\u00f1o. Recientemente la hemos visto asociarse con <strong>Mulberry<\/strong> para desarrollar su propio bolso.<\/p>\n<p><a href=\"https:\/\/i0.wp.com\/www.moda.es\/blog\/wp-content\/uploads\/2014\/06\/cara-dkny.jpg\"><img data-attachment-id=\"17836\" data-permalink=\"http:\/\/www.moda.es\/blog\/cara-delevingne-te-esta-buscando\/cara-dkny\/\" data-orig-file=\"https:\/\/i0.wp.com\/www.moda.es\/blog\/wp-content\/uploads\/2014\/06\/cara-dkny.jpg?fit=650%2C607\" data-orig-size=\"650,607\" data-comments-opened=\"1\" data-image-meta=\"{&quot;aperture&quot;:&quot;0&quot;,&quot;credit&quot;:&quot;&quot;,&quot;camera&quot;:&quot;&quot;,&quot;caption&quot;:&quot;&quot;,&quot;created_timestamp&quot;:&quot;0&quot;,&quot;copyright&quot;:&quot;&quot;,&quot;focal_length&quot;:&quot;0&quot;,&quot;iso&quot;:&quot;0&quot;,&quot;shutter_speed&quot;:&quot;0&quot;,&quot;title&quot;:&quot;&quot;}\" data-image-title=\"cara dkny\" data-image-description=\"\" data-image-caption=\"\" data-medium-file=\"https:\/\/i0.wp.com\/www.moda.es\/blog\/wp-content\/uploads\/2014\/06\/cara-dkny.jpg?fit=300%2C280\" data-large-file=\"https:\/\/i0.wp.com\/www.moda.es\/blog\/wp-content\/uploads\/2014\/06\/cara-dkny.jpg?fit=640%2C598\" loading=\"lazy\" class=\"size-medium wp-image-17836 aligncenter\" alt=\"cara dkny\" src=\"https:\/\/i0.wp.com\/www.moda.es\/blog\/wp-content\/uploads\/2014\/06\/cara-dkny.jpg?resize=300%2C280\" width=\"300\" height=\"280\" srcset=\"https:\/\/i0.wp.com\/www.moda.es\/blog\/wp-content\/uploads\/2014\/06\/cara-dkny.jpg?resize=300%2C280 300w, https:\/\/i0.wp.com\/www.moda.es\/blog\/wp-content\/uploads\/2014\/06\/cara-dkny.jpg?resize=420%2C392 420w, https:\/\/i0.wp.com\/www.moda.es\/blog\/wp-content\/uploads\/2014\/06\/cara-dkny.jpg?w=650 650w\" sizes=\"(max-width: 300px) 100vw, 300px\" data-recalc-dims=\"1\" \/><\/a><\/p>\n<p>\u00a9Vogue UK<\/p>\n<p>&nbsp;                             <\/p>\n","protected":false},"excerpt":{"rendered":"<p>Cuando ya cre\u00edamos que la cruzada de Cara Delevingne para dominar el mundo hab\u00eda terminado, la modelo crea una colecci\u00f3n para DKNY. La modelo convertida en actriz ha creado una l\u00ednea unisex de 15 piezas para la marca estadounidense con camisetas sin mangas, los bombers de cuero y una parka, [&hellip;]<\/p>\n","protected":false},"author":3,"featured_media":17836,"comment_status":"open","ping_status":"open","sticky":false,"template":"","format":"standard","meta":{"jetpack_publicize_message":"","jetpack_is_tweetstorm":false,"jetpack_publicize_feature_enabled":true},"categories":[3,11,14,17],"tags":[163,271],"jetpack_publicize_connections":[],"jetpack_featured_media_url":"https:\/\/i0.wp.com\/www.moda.es\/blog\/wp-content\/uploads\/2014\/06\/cara-dkny.jpg?fit=650%2C607","jetpack_sharing_enabled":true,"jetpack_shortlink":"https:\/\/wp.me\/p4tJCC-4DE","jetpack-related-posts":[{"id":18072,"url":"http:\/\/www.moda.es\/blog\/cara-delevingne-presenta-su-coleccion-para-dkny\/","url_meta":{"origin":17834,"position":0},"title":"Cara Delevingne presenta su colecci\u00f3n para DKNY","date":"agosto 14, 2014","format":false,"excerpt":"Parece que Cara Delevingne tiene un claro objetivo esta temporada: colarse en tu armario a toda costa. Y no s\u00f3lo lo va a hacer con su colecci\u00f3n de bolsos para Mulberry sino con la l\u00ednea de ropa deportiva que ha creado para DKNY. Cara Delevingne ha aparecido en cuatro campa\u00f1as\u2026","rel":"","context":"En \u00abActualidad\u00bb","img":{"alt_text":"","src":"https:\/\/i0.wp.com\/www.moda.es\/blog\/wp-content\/uploads\/2014\/08\/dkny.jpg?fit=650%2C831&resize=350%2C200","width":350,"height":200},"classes":[]},{"id":10599,"url":"http:\/\/www.moda.es\/blog\/y-entonces-llego-cara\/","url_meta":{"origin":17834,"position":1},"title":"Y entonces lleg\u00f3 Cara&#8230;","date":"febrero 5, 2013","format":false,"excerpt":"\u00a0 Ha\u00a0 desfilado como uno de los m\u00e1s sexies \u00e1ngeles de Victoria's Secret, sido nombrada Modelo del A\u00f1o en la \u00faltima edici\u00f3n de los British Fashion Awards, es icono de moda y los fashionistas adoran sus looks y la siguen por todas las pasarelas que pisa y con cada uno\u2026","rel":"","context":"En \u00abFirmas\u00bb","img":{"alt_text":"","src":"https:\/\/i0.wp.com\/www.moda.es\/blog\/wp-content\/uploads\/2013\/02\/Cara-Delevingne-para-Pepe-Jeans-41.jpg?fit=500%2C333&resize=350%2C200","width":350,"height":200},"classes":[]},{"id":13142,"url":"http:\/\/www.moda.es\/blog\/cara-mulberry\/","url_meta":{"origin":17834,"position":2},"title":"Cara Delevingne y Mulberry","date":"junio 26, 2013","format":false,"excerpt":"Fr\u00e1gil, et\u00e9rea, t\u00edmida, en ocasiones casi inanimada, como una mu\u00f1eca de trapo, en otras espectral y muy misteriosa... as\u00ed es como aparece Cara Delevingne en la campa\u00f1a de Mulberry para la pr\u00f3xima temporada Oto\u00f1o - Invierno 2013. La chica de la carrera imparable y mete\u00f3rica vuelve a hacerse con otra\u2026","rel":"","context":"En \u00abActualidad\u00bb","img":{"alt_text":"","src":"https:\/\/i0.wp.com\/www.moda.es\/blog\/wp-content\/uploads\/2013\/06\/modelos_ampliacion1.jpg?fit=400%2C520&resize=350%2C200","width":350,"height":200},"classes":[]},{"id":15067,"url":"http:\/\/www.moda.es\/blog\/cara-delevingne-para-la-perla\/","url_meta":{"origin":17834,"position":3},"title":"Cara Delevingne para La Perla","date":"diciembre 5, 2013","format":false,"excerpt":"Nos enteramos\u00a0hace un tiempo a trav\u00e9s de su Instagram que ser\u00eda imagen de la pr\u00f3xima campa\u00f1a publicitaria de La Perla y hoy al fin tenemos un previo de esa campa\u00f1a. Ya hemos perdido la cuenta de las campa\u00f1as publicitarias en las que la reina de la moda british, Cara Delevingne,\u2026","rel":"","context":"En \u00abCampa\u00f1as\u00bb","img":{"alt_text":"","src":"https:\/\/i0.wp.com\/www.moda.es\/blog\/wp-content\/uploads\/2013\/12\/La-Perla-21.jpg?fit=500%2C750&resize=350%2C200","width":350,"height":200},"classes":[]},{"id":18490,"url":"http:\/\/www.moda.es\/blog\/descubre-la-nueva-coleccion-de-cara-delevingne-para-mulberry\/","url_meta":{"origin":17834,"position":4},"title":"Descubre la nueva colecci\u00f3n de Cara Delevingne para Mulberry","date":"noviembre 10, 2014","format":false,"excerpt":"Cara Delevingne quiere ayudarnos a escribir nuestra carta a los Reyes Magos porque ella sabe exactamente lo que queires: encontrar junto a tus zapatos cualquiera de los accesorios de su colecci\u00f3n para Mulberry. \"Dise\u00f1\u00e9 mi bolso Cara para los looks m\u00e1s elegantes pero tambi\u00e9n quer\u00eda una colecci\u00f3n funcional y pr\u00e1ctica\u2026","rel":"","context":"En \u00abColecciones\u00bb","img":{"alt_text":"","src":"https:\/\/i0.wp.com\/www.moda.es\/blog\/wp-content\/uploads\/2014\/11\/mcd2.jpg?fit=650%2C975&resize=350%2C200","width":350,"height":200},"classes":[]},{"id":15467,"url":"http:\/\/www.moda.es\/blog\/cara-delevingne-chica-mulberry-tambien-en-2014\/","url_meta":{"origin":17834,"position":5},"title":"Cara Delevingne, chica Mulberry tambi\u00e9n en 2014","date":"enero 2, 2014","format":false,"excerpt":"Parece que en el nuevo a\u00f1o la modelo brit\u00f1anica no va a abandonar su posici\u00f3n. Cara Delevingne estrena 2014 como imagen de la campa\u00f1a Primavera - Verano 2014 de Mulberry. Fotografiada por Tim Walker, Delevingne se ha rodeado de algunos amigos peludos para mostrar la nueva colecci\u00f3n de la casa.\u2026","rel":"","context":"En \u00abCampa\u00f1as\u00bb","img":{"alt_text":"","src":"https:\/\/i0.wp.com\/www.moda.es\/blog\/wp-content\/uploads\/2014\/01\/Mulberry-Cara-Delevingne-21.jpg?fit=500%2C334&resize=350%2C200","width":350,"height":200},"classes":[]}],"_links":{"self":[{"href":"http:\/\/www.moda.es\/blog\/wp-json\/wp\/v2\/posts\/17834"}],"collection":[{"href":"http:\/\/www.moda.es\/blog\/wp-json\/wp\/v2\/posts"}],"about":[{"href":"http:\/\/www.moda.es\/blog\/wp-json\/wp\/v2\/types\/post"}],"author":[{"embeddable":true,"href":"http:\/\/www.moda.es\/blog\/wp-json\/wp\/v2\/users\/3"}],"replies":[{"embeddable":true,"href":"http:\/\/www.moda.es\/blog\/wp-json\/wp\/v2\/comments?post=17834"}],"version-history":[{"count":7,"href":"http:\/\/www.moda.es\/blog\/wp-json\/wp\/v2\/posts\/17834\/revisions"}],"predecessor-version":[{"id":36343,"href":"http:\/\/www.moda.es\/blog\/wp-json\/wp\/v2\/posts\/17834\/revisions\/36343"}],"wp:featuredmedia":[{"embeddable":true,"href":"http:\/\/www.moda.es\/blog\/wp-json\/wp\/v2\/media\/17836"}],"wp:attachment":[{"href":"http:\/\/www.moda.es\/blog\/wp-json\/wp\/v2\/media?parent=17834"}],"wp:term":[{"taxonomy":"category","embeddable":true,"href":"http:\/\/www.moda.es\/blog\/wp-json\/wp\/v2\/categories?post=17834"},{"taxonomy":"post_tag","embeddable":true,"href":"http:\/\/www.moda.es\/blog\/wp-json\/wp\/v2\/tags?post=17834"}],"curies":[{"name":"wp","href":"https:\/\/api.w.org\/{rel}","templated":true}]}}