{"id":17831,"date":"2014-06-09T21:51:42","date_gmt":"2014-06-09T20:51:42","guid":{"rendered":"http:\/\/www.moda.es\/blog\/?p=17831"},"modified":"2020-04-27T17:29:21","modified_gmt":"2020-04-27T16:29:21","slug":"proenza-schouler-se-lanza-a-la-piscina","status":"publish","type":"post","link":"http:\/\/www.moda.es\/blog\/proenza-schouler-se-lanza-a-la-piscina\/","title":{"rendered":"Proenza Schouler se lanza a la piscina"},"content":{"rendered":"<p>J<strong>ack McCollough y L\u00e1zaro Hern\u00e1ndez<\/strong> de <strong>Proenza Schouler<\/strong> se han lanzado al agua durante la preview de su colecci\u00f3n\u00a0 <strong>resort 2015<\/strong>. Y es que esta temporada es mucho m\u00e1s importante de lo que la gente puede pensar, y qu\u00e9 mejor ocasi\u00f3n que esta para presentar las novedades de las firmas. La semana pasada nos enteramos de que <strong>Band of Outsiders<\/strong> preparaba el lanzamiento de su primera colecci\u00f3n zapatos, y hoy sabemos que Proenza Schouler lanza su <strong>primera l\u00ednea de trajes de ba\u00f1o<\/strong>.<\/p>\n<p>La colecci\u00f3n constar\u00e1 de <strong>20 dise\u00f1os<\/strong> de trajes de ba\u00f1o, bikinis y pareos y todos los estilos est\u00e1n en sinton\u00eda con el estado de \u00e1nimo de sus colecciones pasadas \u200b\u200by presentes.<\/p>\n<p>El surtido tendr\u00e1 dos temas principales: <strong>surf y skate y estilos de moda<\/strong>. Esta \u00faltima se inspir\u00f3 en las colecciones de pasarela m\u00e1s veteranas (con suaves colores pastel, negros, y blancos), mientras que las piezas de surf y de skate incorporar\u00e1n estampados de archivo de la firma y colores vibrantes.<\/p>\n<p>A partir de octubre podr\u00e1n adquirirse por precios entre los 250 y los 400 euros as\u00ed que ve buscando alg\u00fan sitio paradis\u00edaco al que escaparte este oto\u00f1o para poder estrenar el tuyo.<\/p>\n<p><a href=\"https:\/\/i0.wp.com\/www.moda.es\/blog\/wp-content\/uploads\/2014\/06\/proenza-schouler.jpg\"><img data-attachment-id=\"17832\" data-permalink=\"http:\/\/www.moda.es\/blog\/proenza-schouler-se-lanza-a-la-piscina\/proenza-schouler\/\" data-orig-file=\"https:\/\/i0.wp.com\/www.moda.es\/blog\/wp-content\/uploads\/2014\/06\/proenza-schouler.jpg?fit=650%2C868\" data-orig-size=\"650,868\" data-comments-opened=\"1\" data-image-meta=\"{&quot;aperture&quot;:&quot;0&quot;,&quot;credit&quot;:&quot;&quot;,&quot;camera&quot;:&quot;&quot;,&quot;caption&quot;:&quot;&quot;,&quot;created_timestamp&quot;:&quot;0&quot;,&quot;copyright&quot;:&quot;&quot;,&quot;focal_length&quot;:&quot;0&quot;,&quot;iso&quot;:&quot;0&quot;,&quot;shutter_speed&quot;:&quot;0&quot;,&quot;title&quot;:&quot;&quot;}\" data-image-title=\"proenza schouler\" data-image-description=\"\" data-image-caption=\"\" data-medium-file=\"https:\/\/i0.wp.com\/www.moda.es\/blog\/wp-content\/uploads\/2014\/06\/proenza-schouler.jpg?fit=224%2C300\" data-large-file=\"https:\/\/i0.wp.com\/www.moda.es\/blog\/wp-content\/uploads\/2014\/06\/proenza-schouler.jpg?fit=640%2C855\" loading=\"lazy\" class=\"size-medium wp-image-17832 aligncenter\" alt=\"proenza schouler\" src=\"https:\/\/i0.wp.com\/www.moda.es\/blog\/wp-content\/uploads\/2014\/06\/proenza-schouler.jpg?resize=224%2C300\" width=\"224\" height=\"300\" srcset=\"https:\/\/i0.wp.com\/www.moda.es\/blog\/wp-content\/uploads\/2014\/06\/proenza-schouler.jpg?resize=224%2C300 224w, https:\/\/i0.wp.com\/www.moda.es\/blog\/wp-content\/uploads\/2014\/06\/proenza-schouler.jpg?resize=420%2C560 420w, https:\/\/i0.wp.com\/www.moda.es\/blog\/wp-content\/uploads\/2014\/06\/proenza-schouler.jpg?w=650 650w\" sizes=\"(max-width: 224px) 100vw, 224px\" data-recalc-dims=\"1\" \/><\/a><\/p>\n<p>\u00a9InStyle USA<\/p>\n<p>&nbsp;                             <\/p>\n","protected":false},"excerpt":{"rendered":"<p>Jack McCollough y L\u00e1zaro Hern\u00e1ndez de Proenza Schouler se han lanzado al agua durante la preview de su colecci\u00f3n\u00a0 resort 2015. Y es que esta temporada es mucho m\u00e1s importante de lo que la gente puede pensar, y qu\u00e9 mejor ocasi\u00f3n que esta para presentar las novedades de las firmas. [&hellip;]<\/p>\n","protected":false},"author":3,"featured_media":17832,"comment_status":"open","ping_status":"open","sticky":false,"template":"","format":"standard","meta":{"jetpack_publicize_message":"","jetpack_is_tweetstorm":false,"jetpack_publicize_feature_enabled":true},"categories":[10,11,12,14],"tags":[1015,512,740,1014],"jetpack_publicize_connections":[],"jetpack_featured_media_url":"https:\/\/i0.wp.com\/www.moda.es\/blog\/wp-content\/uploads\/2014\/06\/proenza-schouler.jpg?fit=650%2C868","jetpack_sharing_enabled":true,"jetpack_shortlink":"https:\/\/wp.me\/p4tJCC-4DB","jetpack-related-posts":[{"id":22501,"url":"http:\/\/www.moda.es\/blog\/proenza-schouler-prepara-una-linea-mas-asequible\/","url_meta":{"origin":17831,"position":0},"title":"Proenza Schouler prepara una l\u00ednea m\u00e1s asequible","date":"septiembre 2, 2017","format":false,"excerpt":"Jack McCollough y L\u00e1zaro Hern\u00e1ndez, el d\u00fao de dise\u00f1o que dirige el tim\u00f3n de Proenza Schouler, planea lanzar una nueva l\u00ednea este oto\u00f1o. Seg\u00fan WWD, la marca se llamar\u00e1 White Label y ofrecer\u00e1 piezas de precios asequibles y con un toque m\u00e1s casual como prendas de denim, camisetas y elementos\u2026","rel":"","context":"En \u00abActualidad\u00bb","img":{"alt_text":"","src":"https:\/\/i0.wp.com\/www.moda.es\/blog\/wp-content\/uploads\/2017\/09\/Captura-de-pantalla-2017-09-02-a-las-13.06.54.png?fit=684%2C454&resize=350%2C200","width":350,"height":200},"classes":[]},{"id":12252,"url":"http:\/\/www.moda.es\/blog\/proenza-shouler\/","url_meta":{"origin":17831,"position":1},"title":"Descubre la colecci\u00f3n de Proenza Schouler para Net-a-porter","date":"mayo 1, 2013","format":false,"excerpt":"En la b\u00fasqueda de la diversificaci\u00f3n, una nueva marca se suma a las colaboraciones. Proenza Schouler ha colaborado por primera vez con un minorista, con el lanzamiento de una colecci\u00f3n c\u00e1psula de edici\u00f3n limitada en colaboraci\u00f3n con Net-A-Porter. Los dise\u00f1adores de la marca estadounidense, Jack McCollough y L\u00e1zaro Hern\u00e1ndez, han\u2026","rel":"","context":"En \u00abColecciones\u00bb","img":{"alt_text":"","src":"https:\/\/i0.wp.com\/www.moda.es\/blog\/wp-content\/uploads\/2013\/05\/Proenza-Schouler-11.jpg?fit=500%2C285&resize=350%2C200","width":350,"height":200},"classes":[]},{"id":853,"url":"http:\/\/www.moda.es\/blog\/semana-de-moda-infinita\/","url_meta":{"origin":17831,"position":2},"title":"Semana de moda infinita (1). Proenza Schouler.","date":"febrero 17, 2011","format":false,"excerpt":"La semana de la moda de Nueva York da para mucho. Han sido siete d\u00edas de desfiles sin parar, siete jornadas de colecciones que aventuran lo que ser\u00e1 el Oto\u00f1o\/Invierno de 2011\/2012. Anticipar el futuro a trav\u00e9s de la ropa. Entre tanta tela y tantos nombres, casi siempre vuelvo a\u2026","rel":"","context":"En \u00abPasarelas\u00bb","img":{"alt_text":"","src":"https:\/\/i0.wp.com\/www.moda.es\/blog\/wp-content\/uploads\/2011\/02\/medium1.jpg?fit=324%2C420&resize=350%2C200","width":350,"height":200},"classes":[]},{"id":12922,"url":"http:\/\/www.moda.es\/blog\/los-mejores-looks-de-los-premios-cfda-2013\/","url_meta":{"origin":17831,"position":3},"title":"Los mejores looks de los premios CFDA 2013","date":"junio 4, 2013","format":false,"excerpt":"Tras la gala de los MET, la moda vuelve a ser punto de encuentro de bellas y deseadas en una alfombra roja. Esta vez ha sido con motivo de la entrega de premios del CFDA, o lo que es lo mismo, el reconocimiento del Consejo de Dise\u00f1adores de Moda de\u2026","rel":"","context":"En \u00abAlfombra Roja\u00bb","img":{"alt_text":"","src":"https:\/\/i0.wp.com\/www.moda.es\/blog\/wp-content\/uploads\/2013\/06\/Adriana-Lima.jpg?resize=350%2C200","width":350,"height":200},"classes":[]},{"id":8430,"url":"http:\/\/www.moda.es\/blog\/el-embrujo-de-oriente\/","url_meta":{"origin":17831,"position":4},"title":"El embrujo de Oriente","date":"agosto 23, 2012","format":false,"excerpt":"Preparaos que este invierno viene cargado. Cargado, en cuanto a profusi\u00f3n de estampados, colores y detalles. Una mayor\u00eda de los estampados est\u00e1n inspirados en los pa\u00edses del lejano Oriente, al igual que muchos detalles majestuosos. Oriente viene a ser una inspiraci\u00f3n recurrente en la moda. Sus estampados ex\u00f3ticos -chinoiseries-, sus\u2026","rel":"","context":"En \u00abTendencias\u00bb","img":{"alt_text":"","src":"https:\/\/i0.wp.com\/www.moda.es\/blog\/wp-content\/uploads\/2012\/08\/itmfl-e1345677305683.jpg?resize=350%2C200","width":350,"height":200},"classes":[]},{"id":2248,"url":"http:\/\/www.moda.es\/blog\/una-estatuilla-para-los-artistas-de-la-moda-2\/","url_meta":{"origin":17831,"position":5},"title":"Una estatuilla para los artistas de la moda (2)","date":"junio 10, 2011","format":false,"excerpt":"De la gala\u00a0los premios CFDA 2011, es obligatorio hablar\u00a0de los galardonados y, por supuesto, de la reina de las apariciones rompedoras, la cantante Lady Gaga. En cuanto a los premiados de este a\u00f1o, empezar\u00eda por uno de mis favoritos entre los favoritos: Marc Jacobs. El dise\u00f1ador recibi\u00f3\u00a0un galard\u00f3n por su\u2026","rel":"","context":"En \u00abAlfombra Roja\u00bb","img":{"alt_text":"","src":"https:\/\/i0.wp.com\/www.moda.es\/blog\/wp-content\/uploads\/2011\/06\/lady-gaga-cdfa-500x228.jpg?fit=500%2C228&resize=350%2C200","width":350,"height":200},"classes":[]}],"_links":{"self":[{"href":"http:\/\/www.moda.es\/blog\/wp-json\/wp\/v2\/posts\/17831"}],"collection":[{"href":"http:\/\/www.moda.es\/blog\/wp-json\/wp\/v2\/posts"}],"about":[{"href":"http:\/\/www.moda.es\/blog\/wp-json\/wp\/v2\/types\/post"}],"author":[{"embeddable":true,"href":"http:\/\/www.moda.es\/blog\/wp-json\/wp\/v2\/users\/3"}],"replies":[{"embeddable":true,"href":"http:\/\/www.moda.es\/blog\/wp-json\/wp\/v2\/comments?post=17831"}],"version-history":[{"count":6,"href":"http:\/\/www.moda.es\/blog\/wp-json\/wp\/v2\/posts\/17831\/revisions"}],"predecessor-version":[{"id":36344,"href":"http:\/\/www.moda.es\/blog\/wp-json\/wp\/v2\/posts\/17831\/revisions\/36344"}],"wp:featuredmedia":[{"embeddable":true,"href":"http:\/\/www.moda.es\/blog\/wp-json\/wp\/v2\/media\/17832"}],"wp:attachment":[{"href":"http:\/\/www.moda.es\/blog\/wp-json\/wp\/v2\/media?parent=17831"}],"wp:term":[{"taxonomy":"category","embeddable":true,"href":"http:\/\/www.moda.es\/blog\/wp-json\/wp\/v2\/categories?post=17831"},{"taxonomy":"post_tag","embeddable":true,"href":"http:\/\/www.moda.es\/blog\/wp-json\/wp\/v2\/tags?post=17831"}],"curies":[{"name":"wp","href":"https:\/\/api.w.org\/{rel}","templated":true}]}}