{"id":17818,"date":"2014-06-07T15:31:56","date_gmt":"2014-06-07T14:31:56","guid":{"rendered":"http:\/\/www.moda.es\/blog\/?p=17818"},"modified":"2020-04-27T17:29:29","modified_gmt":"2020-04-27T16:29:29","slug":"el-increible-guardarropa-de-grace-kelly","status":"publish","type":"post","link":"http:\/\/www.moda.es\/blog\/el-increible-guardarropa-de-grace-kelly\/","title":{"rendered":"El incre\u00edble guardarropa de Grace Kelly&#8230;"},"content":{"rendered":"<p>&#8230;en la pel\u00edcula protagonizada por Nicole Kidman ha sido obra del dise\u00f1ador <strong>Gigi Lepage<\/strong>.<\/p>\n<p>De acuerdo, no podemos decir que el largometraje est\u00e9 siendo un gran \u00e9xito de taquilla, y aunque est\u00e9 pasando por los cines con m\u00e1s que gloria a pesar de lo pomposo de su presentaci\u00f3n en <strong>Cannes,<\/strong> la belleza del vestuario es indiscutible.<\/p>\n<p><a href=\"https:\/\/i0.wp.com\/www.moda.es\/blog\/wp-content\/uploads\/2014\/06\/Grace-6.jpg\"><img data-attachment-id=\"17819\" data-permalink=\"http:\/\/www.moda.es\/blog\/el-increible-guardarropa-de-grace-kelly\/grace-6\/\" data-orig-file=\"https:\/\/i0.wp.com\/www.moda.es\/blog\/wp-content\/uploads\/2014\/06\/Grace-6.jpg?fit=650%2C975\" data-orig-size=\"650,975\" data-comments-opened=\"1\" data-image-meta=\"{&quot;aperture&quot;:&quot;0&quot;,&quot;credit&quot;:&quot;&quot;,&quot;camera&quot;:&quot;&quot;,&quot;caption&quot;:&quot;&quot;,&quot;created_timestamp&quot;:&quot;0&quot;,&quot;copyright&quot;:&quot;&quot;,&quot;focal_length&quot;:&quot;0&quot;,&quot;iso&quot;:&quot;0&quot;,&quot;shutter_speed&quot;:&quot;0&quot;,&quot;title&quot;:&quot;&quot;}\" data-image-title=\"Grace 6\" data-image-description=\"\" data-image-caption=\"\" data-medium-file=\"https:\/\/i0.wp.com\/www.moda.es\/blog\/wp-content\/uploads\/2014\/06\/Grace-6.jpg?fit=200%2C300\" data-large-file=\"https:\/\/i0.wp.com\/www.moda.es\/blog\/wp-content\/uploads\/2014\/06\/Grace-6.jpg?fit=640%2C960\" loading=\"lazy\" class=\"aligncenter size-medium wp-image-17819\" alt=\"Grace 6\" src=\"https:\/\/i0.wp.com\/www.moda.es\/blog\/wp-content\/uploads\/2014\/06\/Grace-6.jpg?resize=200%2C300\" width=\"200\" height=\"300\" srcset=\"https:\/\/i0.wp.com\/www.moda.es\/blog\/wp-content\/uploads\/2014\/06\/Grace-6.jpg?resize=200%2C300 200w, https:\/\/i0.wp.com\/www.moda.es\/blog\/wp-content\/uploads\/2014\/06\/Grace-6.jpg?resize=420%2C630 420w, https:\/\/i0.wp.com\/www.moda.es\/blog\/wp-content\/uploads\/2014\/06\/Grace-6.jpg?w=650 650w\" sizes=\"(max-width: 200px) 100vw, 200px\" data-recalc-dims=\"1\" \/><\/a><\/p>\n<p>\u00abInvestigamos por todas partes con el fin de localizar las prendas, accesorios y joyas de la \u00e9poca,\u00bb explica Lepage. \u00abTambi\u00e9n nos fijamos en los archivos de los dise\u00f1adores en boga en aquella \u00e9poca, como <strong>Balenciaga y Herm\u00e8s<\/strong>. La casa\u00a0<strong>Christian Dior<\/strong> ha reproducido dos magn\u00edficos trajes dise\u00f1ados por <strong>Marc Bohan<\/strong>, entonces director art\u00edstico de Dior, y Chanel ha colaborado con nosotros en la recreaci\u00f3n de otr traje. Herm\u00e8s nos ayud\u00f3 con sus bufandas, as\u00ed como con los archivos del <strong>bolso Kelly<\/strong>, y para los zapatos nos pusimos en contacto con <strong>Salvatore Ferragamo y Jimmy Choo<\/strong> \u00ab.<\/p>\n<p style=\"text-align: center\"><a href=\"https:\/\/i0.wp.com\/www.moda.es\/blog\/wp-content\/uploads\/2014\/06\/Grace-2.jpg\"><img data-attachment-id=\"17820\" data-permalink=\"http:\/\/www.moda.es\/blog\/el-increible-guardarropa-de-grace-kelly\/grace-2\/\" data-orig-file=\"https:\/\/i0.wp.com\/www.moda.es\/blog\/wp-content\/uploads\/2014\/06\/Grace-2.jpg?fit=650%2C975\" data-orig-size=\"650,975\" data-comments-opened=\"1\" data-image-meta=\"{&quot;aperture&quot;:&quot;0&quot;,&quot;credit&quot;:&quot;&quot;,&quot;camera&quot;:&quot;&quot;,&quot;caption&quot;:&quot;&quot;,&quot;created_timestamp&quot;:&quot;0&quot;,&quot;copyright&quot;:&quot;&quot;,&quot;focal_length&quot;:&quot;0&quot;,&quot;iso&quot;:&quot;0&quot;,&quot;shutter_speed&quot;:&quot;0&quot;,&quot;title&quot;:&quot;&quot;}\" data-image-title=\"Grace 2\" data-image-description=\"\" data-image-caption=\"\" data-medium-file=\"https:\/\/i0.wp.com\/www.moda.es\/blog\/wp-content\/uploads\/2014\/06\/Grace-2.jpg?fit=200%2C300\" data-large-file=\"https:\/\/i0.wp.com\/www.moda.es\/blog\/wp-content\/uploads\/2014\/06\/Grace-2.jpg?fit=640%2C960\" loading=\"lazy\" class=\"alignnone size-medium wp-image-17820\" alt=\"Grace 2\" src=\"https:\/\/i0.wp.com\/www.moda.es\/blog\/wp-content\/uploads\/2014\/06\/Grace-2.jpg?resize=200%2C300\" width=\"200\" height=\"300\" srcset=\"https:\/\/i0.wp.com\/www.moda.es\/blog\/wp-content\/uploads\/2014\/06\/Grace-2.jpg?resize=200%2C300 200w, https:\/\/i0.wp.com\/www.moda.es\/blog\/wp-content\/uploads\/2014\/06\/Grace-2.jpg?resize=420%2C630 420w, https:\/\/i0.wp.com\/www.moda.es\/blog\/wp-content\/uploads\/2014\/06\/Grace-2.jpg?w=650 650w\" sizes=\"(max-width: 200px) 100vw, 200px\" data-recalc-dims=\"1\" \/><\/a> <a href=\"https:\/\/i0.wp.com\/www.moda.es\/blog\/wp-content\/uploads\/2014\/06\/Grace-5.jpg\"><img data-attachment-id=\"17821\" data-permalink=\"http:\/\/www.moda.es\/blog\/el-increible-guardarropa-de-grace-kelly\/grace-5\/\" data-orig-file=\"https:\/\/i0.wp.com\/www.moda.es\/blog\/wp-content\/uploads\/2014\/06\/Grace-5.jpg?fit=650%2C975\" data-orig-size=\"650,975\" data-comments-opened=\"1\" data-image-meta=\"{&quot;aperture&quot;:&quot;0&quot;,&quot;credit&quot;:&quot;&quot;,&quot;camera&quot;:&quot;&quot;,&quot;caption&quot;:&quot;&quot;,&quot;created_timestamp&quot;:&quot;0&quot;,&quot;copyright&quot;:&quot;&quot;,&quot;focal_length&quot;:&quot;0&quot;,&quot;iso&quot;:&quot;0&quot;,&quot;shutter_speed&quot;:&quot;0&quot;,&quot;title&quot;:&quot;&quot;}\" data-image-title=\"Grace 5\" data-image-description=\"\" data-image-caption=\"\" data-medium-file=\"https:\/\/i0.wp.com\/www.moda.es\/blog\/wp-content\/uploads\/2014\/06\/Grace-5.jpg?fit=200%2C300\" data-large-file=\"https:\/\/i0.wp.com\/www.moda.es\/blog\/wp-content\/uploads\/2014\/06\/Grace-5.jpg?fit=640%2C960\" loading=\"lazy\" class=\"wp-image-17821 alignnone\" alt=\"Grace 5\" src=\"https:\/\/i0.wp.com\/www.moda.es\/blog\/wp-content\/uploads\/2014\/06\/Grace-5.jpg?resize=200%2C300\" width=\"200\" height=\"300\" srcset=\"https:\/\/i0.wp.com\/www.moda.es\/blog\/wp-content\/uploads\/2014\/06\/Grace-5.jpg?resize=200%2C300 200w, https:\/\/i0.wp.com\/www.moda.es\/blog\/wp-content\/uploads\/2014\/06\/Grace-5.jpg?resize=420%2C630 420w, https:\/\/i0.wp.com\/www.moda.es\/blog\/wp-content\/uploads\/2014\/06\/Grace-5.jpg?w=650 650w\" sizes=\"(max-width: 200px) 100vw, 200px\" data-recalc-dims=\"1\" \/><\/a><\/p>\n<p>El resultado es una colecci\u00f3n magn\u00edfica, tanto en los modelos de d\u00eda como en los espectaculares trajes de noche.<\/p>\n<p style=\"text-align: center\"><a href=\"https:\/\/i0.wp.com\/www.moda.es\/blog\/wp-content\/uploads\/2014\/06\/Grace-3.jpg\"><img data-attachment-id=\"17822\" data-permalink=\"http:\/\/www.moda.es\/blog\/el-increible-guardarropa-de-grace-kelly\/grace-3\/\" data-orig-file=\"https:\/\/i0.wp.com\/www.moda.es\/blog\/wp-content\/uploads\/2014\/06\/Grace-3.jpg?fit=650%2C975\" data-orig-size=\"650,975\" data-comments-opened=\"1\" data-image-meta=\"{&quot;aperture&quot;:&quot;0&quot;,&quot;credit&quot;:&quot;&quot;,&quot;camera&quot;:&quot;&quot;,&quot;caption&quot;:&quot;&quot;,&quot;created_timestamp&quot;:&quot;0&quot;,&quot;copyright&quot;:&quot;&quot;,&quot;focal_length&quot;:&quot;0&quot;,&quot;iso&quot;:&quot;0&quot;,&quot;shutter_speed&quot;:&quot;0&quot;,&quot;title&quot;:&quot;&quot;}\" data-image-title=\"Grace 3\" data-image-description=\"\" data-image-caption=\"\" data-medium-file=\"https:\/\/i0.wp.com\/www.moda.es\/blog\/wp-content\/uploads\/2014\/06\/Grace-3.jpg?fit=200%2C300\" data-large-file=\"https:\/\/i0.wp.com\/www.moda.es\/blog\/wp-content\/uploads\/2014\/06\/Grace-3.jpg?fit=640%2C960\" loading=\"lazy\" class=\"alignnone size-medium wp-image-17822\" alt=\"Grace 3\" src=\"https:\/\/i0.wp.com\/www.moda.es\/blog\/wp-content\/uploads\/2014\/06\/Grace-3.jpg?resize=200%2C300\" width=\"200\" height=\"300\" srcset=\"https:\/\/i0.wp.com\/www.moda.es\/blog\/wp-content\/uploads\/2014\/06\/Grace-3.jpg?resize=200%2C300 200w, https:\/\/i0.wp.com\/www.moda.es\/blog\/wp-content\/uploads\/2014\/06\/Grace-3.jpg?resize=420%2C630 420w, https:\/\/i0.wp.com\/www.moda.es\/blog\/wp-content\/uploads\/2014\/06\/Grace-3.jpg?w=650 650w\" sizes=\"(max-width: 200px) 100vw, 200px\" data-recalc-dims=\"1\" \/><\/a> <a href=\"https:\/\/i0.wp.com\/www.moda.es\/blog\/wp-content\/uploads\/2014\/06\/Grace-4.jpg\"><img data-attachment-id=\"17823\" data-permalink=\"http:\/\/www.moda.es\/blog\/el-increible-guardarropa-de-grace-kelly\/grace-4\/\" data-orig-file=\"https:\/\/i0.wp.com\/www.moda.es\/blog\/wp-content\/uploads\/2014\/06\/Grace-4.jpg?fit=650%2C975\" data-orig-size=\"650,975\" data-comments-opened=\"1\" data-image-meta=\"{&quot;aperture&quot;:&quot;0&quot;,&quot;credit&quot;:&quot;&quot;,&quot;camera&quot;:&quot;&quot;,&quot;caption&quot;:&quot;&quot;,&quot;created_timestamp&quot;:&quot;0&quot;,&quot;copyright&quot;:&quot;&quot;,&quot;focal_length&quot;:&quot;0&quot;,&quot;iso&quot;:&quot;0&quot;,&quot;shutter_speed&quot;:&quot;0&quot;,&quot;title&quot;:&quot;&quot;}\" data-image-title=\"Grace 4\" data-image-description=\"\" data-image-caption=\"\" data-medium-file=\"https:\/\/i0.wp.com\/www.moda.es\/blog\/wp-content\/uploads\/2014\/06\/Grace-4.jpg?fit=200%2C300\" data-large-file=\"https:\/\/i0.wp.com\/www.moda.es\/blog\/wp-content\/uploads\/2014\/06\/Grace-4.jpg?fit=640%2C960\" loading=\"lazy\" class=\"alignnone size-medium wp-image-17823\" alt=\"Grace 4\" src=\"https:\/\/i0.wp.com\/www.moda.es\/blog\/wp-content\/uploads\/2014\/06\/Grace-4.jpg?resize=200%2C300\" width=\"200\" height=\"300\" srcset=\"https:\/\/i0.wp.com\/www.moda.es\/blog\/wp-content\/uploads\/2014\/06\/Grace-4.jpg?resize=200%2C300 200w, https:\/\/i0.wp.com\/www.moda.es\/blog\/wp-content\/uploads\/2014\/06\/Grace-4.jpg?resize=420%2C630 420w, https:\/\/i0.wp.com\/www.moda.es\/blog\/wp-content\/uploads\/2014\/06\/Grace-4.jpg?w=650 650w\" sizes=\"(max-width: 200px) 100vw, 200px\" data-recalc-dims=\"1\" \/><\/a><\/p>\n<p>\u00abVestir a Nicole Kidman como Grace Kelly fue una experiencia maravillosa\u00bb, ha asegurado Lepage. \u00abElla es muy profesional, elegante, de buen gusto y muy respetuosa con nuestro trabajo. Ella entiende la necesidad del <strong>detalle<\/strong> en su vestuario para definir su car\u00e1cter. Gracia de M\u00f3naco era muyhermosa y elegante, y tambi\u00e9n fue una mujer sofisticada y llena de estilo. Era una gran actriz que se convirti\u00f3 en la hermosa princesa de un peque\u00f1o para\u00edso. Por todas estas razones ella es <strong>inolvidable\u00bb.<\/strong><\/p>\n<p><a href=\"https:\/\/i0.wp.com\/www.moda.es\/blog\/wp-content\/uploads\/2014\/06\/Grace-1.jpg\"><img data-attachment-id=\"17824\" data-permalink=\"http:\/\/www.moda.es\/blog\/el-increible-guardarropa-de-grace-kelly\/grace-1\/\" data-orig-file=\"https:\/\/i0.wp.com\/www.moda.es\/blog\/wp-content\/uploads\/2014\/06\/Grace-1.jpg?fit=650%2C975\" data-orig-size=\"650,975\" data-comments-opened=\"1\" data-image-meta=\"{&quot;aperture&quot;:&quot;0&quot;,&quot;credit&quot;:&quot;&quot;,&quot;camera&quot;:&quot;&quot;,&quot;caption&quot;:&quot;&quot;,&quot;created_timestamp&quot;:&quot;0&quot;,&quot;copyright&quot;:&quot;&quot;,&quot;focal_length&quot;:&quot;0&quot;,&quot;iso&quot;:&quot;0&quot;,&quot;shutter_speed&quot;:&quot;0&quot;,&quot;title&quot;:&quot;&quot;}\" data-image-title=\"Grace 1\" data-image-description=\"\" data-image-caption=\"\" data-medium-file=\"https:\/\/i0.wp.com\/www.moda.es\/blog\/wp-content\/uploads\/2014\/06\/Grace-1.jpg?fit=200%2C300\" data-large-file=\"https:\/\/i0.wp.com\/www.moda.es\/blog\/wp-content\/uploads\/2014\/06\/Grace-1.jpg?fit=640%2C960\" loading=\"lazy\" class=\"size-medium wp-image-17824 aligncenter\" alt=\"Grace 1\" src=\"https:\/\/i0.wp.com\/www.moda.es\/blog\/wp-content\/uploads\/2014\/06\/Grace-1.jpg?resize=200%2C300\" width=\"200\" height=\"300\" srcset=\"https:\/\/i0.wp.com\/www.moda.es\/blog\/wp-content\/uploads\/2014\/06\/Grace-1.jpg?resize=200%2C300 200w, https:\/\/i0.wp.com\/www.moda.es\/blog\/wp-content\/uploads\/2014\/06\/Grace-1.jpg?resize=420%2C630 420w, https:\/\/i0.wp.com\/www.moda.es\/blog\/wp-content\/uploads\/2014\/06\/Grace-1.jpg?w=650 650w\" sizes=\"(max-width: 200px) 100vw, 200px\" data-recalc-dims=\"1\" \/><\/a><\/p>\n<p>Realmente vale la pena ver la pel\u00edcula simplemente si eres una amante de la moda.<\/p>\n<p>&nbsp;<\/p>\n<p>\u00a9Vogue UK                             <\/p>\n","protected":false},"excerpt":{"rendered":"<p>&#8230;en la pel\u00edcula protagonizada por Nicole Kidman ha sido obra del dise\u00f1ador Gigi Lepage. De acuerdo, no podemos decir que el largometraje est\u00e9 siendo un gran \u00e9xito de taquilla, y aunque est\u00e9 pasando por los cines con m\u00e1s que gloria a pesar de lo pomposo de su presentaci\u00f3n en Cannes, [&hellip;]<\/p>\n","protected":false},"author":3,"featured_media":17819,"comment_status":"open","ping_status":"open","sticky":false,"template":"","format":"standard","meta":{"jetpack_publicize_message":"","jetpack_is_tweetstorm":false,"jetpack_publicize_feature_enabled":true},"categories":[3,9,11,12,14],"tags":[108,182,193,1013,387,438,667,794],"jetpack_publicize_connections":[],"jetpack_featured_media_url":"https:\/\/i0.wp.com\/www.moda.es\/blog\/wp-content\/uploads\/2014\/06\/Grace-6.jpg?fit=650%2C975","jetpack_sharing_enabled":true,"jetpack_shortlink":"https:\/\/wp.me\/p4tJCC-4Do","jetpack-related-posts":[{"id":9316,"url":"http:\/\/www.moda.es\/blog\/tenemos-nuevo-chico-en-balenciaga\/","url_meta":{"origin":17818,"position":0},"title":"Tenemos nuevo chico en Balenciaga","date":"diciembre 3, 2012","format":false,"excerpt":"Tard\u00f3 varios d\u00edas en\u00a0hacerse oficial, pero no importaba,\u00a0ya hab\u00eda sido anunciado por todas partes y\u00a0de todas las maneras\u00a0posibles: Nicolas Ghesqui\u00e8re abandonaba las filas de Balenciaga y ced\u00eda el testigo al neoyorquino\u00a0Alexander Wang. \u00a0 Tras 15 a\u00f1os de revoluci\u00f3n y magia en una de las firmas m\u00e1s ic\u00f3nicas del mundo de\u2026","rel":"","context":"En \u00abDise\u00f1adores\u00bb","img":{"alt_text":"","src":"https:\/\/i0.wp.com\/www.moda.es\/blog\/wp-content\/uploads\/2012\/12\/alexander-wang1.jpg?fit=500%2C300&resize=350%2C200","width":350,"height":200},"classes":[]},{"id":2172,"url":"http:\/\/www.moda.es\/blog\/templo-balenciaga\/","url_meta":{"origin":17818,"position":1},"title":"Templo Balenciaga","date":"junio 3, 2011","format":false,"excerpt":"En el siglo XXI, se est\u00e1 extendiendo el t\u00f3pico de que los museos son las nuevas catedrales. Ahora ya no est\u00e1n dedicados \u00fanicamente a las artes pl\u00e1sticas, tambi\u00e9n los hay centrados en las artes decorativas o la moda. En Espa\u00f1a, est\u00e1 a punto de abrir sus puertas -despu\u00e9s de tanta\u2026","rel":"","context":"En \u00abDise\u00f1adores\u00bb","img":{"alt_text":"","src":"https:\/\/i0.wp.com\/1.bp.blogspot.com\/-KavUJib93U0\/TdvuwBeJeaI\/AAAAAAAABWs\/zZeVkTLyRTs\/s1600\/Cristobal_Balenciaga.jpg?resize=350%2C200","width":350,"height":200},"classes":[]},{"id":19844,"url":"http:\/\/www.moda.es\/blog\/colorea-con-vogue\/","url_meta":{"origin":17818,"position":2},"title":"Colorea con Vogue","date":"octubre 2, 2015","format":false,"excerpt":"Una de mis actividades favoritas cuando era una ni\u00f1a era dibujar y colorear. Si la tuya tambi\u00e9n lo era has de saber que durante\u00a0mucho tiempo se ha dicho que colorear tiene beneficios terap\u00e9uticos para los adultos, \u00bfy qu\u00e9 mejor manera de dar rienda suelta a tu creatividad que decorando ilustraciones\u2026","rel":"","context":"En \u00abActualidad\u00bb","img":{"alt_text":"","src":"https:\/\/i0.wp.com\/www.moda.es\/blog\/wp-content\/uploads\/2015\/10\/Captura-de-pantalla-2015-10-02-a-las-23.05.08.png?fit=616%2C739&resize=350%2C200","width":350,"height":200},"classes":[]},{"id":17717,"url":"http:\/\/www.moda.es\/blog\/la-alfombra-roja-de-cannes\/","url_meta":{"origin":17818,"position":3},"title":"La alfombra roja de Cannes","date":"mayo 16, 2014","format":false,"excerpt":"La fiesta m\u00e1s glamurosa del cine (s\u00ed, Hollywood, en Europa lo hacemos mejor) est\u00e1 en plena efervescencia y con ella, la alfombra roja se ha llenado de grandes momentos de moda. El Festival de Cine de Cannes, con sus estrenos, presentaciones y todas las fiestas que se celebran cada d\u00eda\u2026","rel":"","context":"En \u00abActualidad\u00bb","img":{"alt_text":"","src":"https:\/\/i0.wp.com\/www.moda.es\/blog\/wp-content\/uploads\/2014\/05\/cannes3.jpg?fit=650%2C1040&resize=350%2C200","width":350,"height":200},"classes":[]},{"id":13235,"url":"http:\/\/www.moda.es\/blog\/lo-mejor-de-la-semana-de-la-alta-costura-ii\/","url_meta":{"origin":17818,"position":4},"title":"Lo mejor de la Semana de la Alta Costura (II)","date":"julio 6, 2013","format":false,"excerpt":"Ayer te mostr\u00e9 algunas pinceladas de lo que se ha visto en la Semana de la Costura para la temporada Oto\u00f1o - Invierno 2013 pero seguro que te has quedado con ganas de saber m\u00e1s, \u00bfverdad? El detalle m\u00e1s llamativo de la colecci\u00f3n de alta costura de Giorgio Armani fueron\u2026","rel":"","context":"En \u00abColecciones\u00bb","img":{"alt_text":"","src":"https:\/\/i0.wp.com\/www.moda.es\/blog\/wp-content\/uploads\/2013\/07\/Armani-Prive.jpg?fit=400%2C267&resize=350%2C200","width":350,"height":200},"classes":[]},{"id":20358,"url":"http:\/\/www.moda.es\/blog\/la-moda-esta-cambiando\/","url_meta":{"origin":17818,"position":5},"title":"La moda est\u00e1 cambiando","date":"febrero 28, 2016","format":false,"excerpt":"Y no, no nos referimos simplemente a los anuncios del nuevo formato de calendario de desfiles anunciado por Burberry o Tom Ford que coment\u00e1bamos hace unas semanas. Hablamos de las reacciones que ha provocado este anuncio. Karl Lagerfeld ha hablado por primera vez sobre el debate que actualmente hace estragos\u2026","rel":"","context":"En \u00abActualidad\u00bb","img":{"alt_text":"","src":"https:\/\/i0.wp.com\/www.moda.es\/blog\/wp-content\/uploads\/2016\/02\/Captura-de-pantalla-2016-02-28-a-las-3.17.47.png?fit=278%2C421&resize=350%2C200","width":350,"height":200},"classes":[]}],"_links":{"self":[{"href":"http:\/\/www.moda.es\/blog\/wp-json\/wp\/v2\/posts\/17818"}],"collection":[{"href":"http:\/\/www.moda.es\/blog\/wp-json\/wp\/v2\/posts"}],"about":[{"href":"http:\/\/www.moda.es\/blog\/wp-json\/wp\/v2\/types\/post"}],"author":[{"embeddable":true,"href":"http:\/\/www.moda.es\/blog\/wp-json\/wp\/v2\/users\/3"}],"replies":[{"embeddable":true,"href":"http:\/\/www.moda.es\/blog\/wp-json\/wp\/v2\/comments?post=17818"}],"version-history":[{"count":6,"href":"http:\/\/www.moda.es\/blog\/wp-json\/wp\/v2\/posts\/17818\/revisions"}],"predecessor-version":[{"id":36345,"href":"http:\/\/www.moda.es\/blog\/wp-json\/wp\/v2\/posts\/17818\/revisions\/36345"}],"wp:featuredmedia":[{"embeddable":true,"href":"http:\/\/www.moda.es\/blog\/wp-json\/wp\/v2\/media\/17819"}],"wp:attachment":[{"href":"http:\/\/www.moda.es\/blog\/wp-json\/wp\/v2\/media?parent=17818"}],"wp:term":[{"taxonomy":"category","embeddable":true,"href":"http:\/\/www.moda.es\/blog\/wp-json\/wp\/v2\/categories?post=17818"},{"taxonomy":"post_tag","embeddable":true,"href":"http:\/\/www.moda.es\/blog\/wp-json\/wp\/v2\/tags?post=17818"}],"curies":[{"name":"wp","href":"https:\/\/api.w.org\/{rel}","templated":true}]}}