{"id":17811,"date":"2014-06-03T22:52:32","date_gmt":"2014-06-03T21:52:32","guid":{"rendered":"http:\/\/www.moda.es\/blog\/?p=17811"},"modified":"2020-04-27T17:29:49","modified_gmt":"2020-04-27T16:29:49","slug":"kar-lagerfeld-para-vuitton","status":"publish","type":"post","link":"http:\/\/www.moda.es\/blog\/kar-lagerfeld-para-vuitton\/","title":{"rendered":"Kar Lagerfeld \u00bfpara Vuitton?"},"content":{"rendered":"<p><strong>Karl Lagerfeld<\/strong> es el \u00faltimo fichaje de <strong>Louis Vuitton,<\/strong> pero que nadie se alarme porque ni <strong>Chanel<\/strong> va a quedarse hu\u00e9rfano ni <strong>Ghesqui\u00e8re<\/strong> ve peligrar su posici\u00f3n.<\/p>\n<p>El director creativo de Chanel ha sido convocado por el vicepresidente ejecutivo de Vuitton, <strong>Delphine Arnault<\/strong>, para que d\u00e9 su interpretaci\u00f3n del monogram de de la firma de una serie de bolsos para celebrar el <strong>160 aniversario<\/strong> de la marca.<\/p>\n<p>Los dise\u00f1adores<strong> Marc Newson, Christian Louboutin y Rei Kawakubo<\/strong>, el fot\u00f3grafo<strong> Cindy Sherman<\/strong> y el arquitecto <strong>Frank Gehry<\/strong> tambi\u00e9n est\u00e1n tomando parte en esta colaboraci\u00f3n, llamado <strong>El Icono y los Iconoclastas<\/strong>, y los bolsos estar\u00e1n disponibles solamente durante unos meses por precios entre los 2.000 y los 4.000 euros.<\/p>\n<p>\u00abHemos reunido a un impresionante grupo de talentos. Yo dir\u00eda que <strong>genios<\/strong> y que cada uno est\u00e1 entre los mejores en su campo\u00bb, ha afirmado Arnault. \u00abEl monograma est\u00e1 en el centro de nuestra casa, as\u00ed que se celebra todos los d\u00edas. Pero pensamos que este proyecto es muy especial porque las personalidades que elegimos son fascinantes y diversas\u00bb.<\/p>\n<p>El proyecto no puede ser m\u00e1s interesante. Habr\u00e1 que esperar a octubre para verlo.<\/p>\n<p>&nbsp;<\/p>\n<p><a href=\"https:\/\/i0.wp.com\/www.moda.es\/blog\/wp-content\/uploads\/2014\/06\/vuitton.jpg\"><img data-attachment-id=\"17812\" data-permalink=\"http:\/\/www.moda.es\/blog\/kar-lagerfeld-para-vuitton\/vuitton-21\/\" data-orig-file=\"https:\/\/i0.wp.com\/www.moda.es\/blog\/wp-content\/uploads\/2014\/06\/vuitton.jpg?fit=650%2C975\" data-orig-size=\"650,975\" data-comments-opened=\"1\" data-image-meta=\"{&quot;aperture&quot;:&quot;0&quot;,&quot;credit&quot;:&quot;&quot;,&quot;camera&quot;:&quot;&quot;,&quot;caption&quot;:&quot;&quot;,&quot;created_timestamp&quot;:&quot;0&quot;,&quot;copyright&quot;:&quot;&quot;,&quot;focal_length&quot;:&quot;0&quot;,&quot;iso&quot;:&quot;0&quot;,&quot;shutter_speed&quot;:&quot;0&quot;,&quot;title&quot;:&quot;&quot;}\" data-image-title=\"vuitton\" data-image-description=\"\" data-image-caption=\"\" data-medium-file=\"https:\/\/i0.wp.com\/www.moda.es\/blog\/wp-content\/uploads\/2014\/06\/vuitton.jpg?fit=200%2C300\" data-large-file=\"https:\/\/i0.wp.com\/www.moda.es\/blog\/wp-content\/uploads\/2014\/06\/vuitton.jpg?fit=640%2C960\" loading=\"lazy\" class=\"aligncenter size-medium wp-image-17812\" alt=\"vuitton\" src=\"https:\/\/i0.wp.com\/www.moda.es\/blog\/wp-content\/uploads\/2014\/06\/vuitton.jpg?resize=200%2C300\" width=\"200\" height=\"300\" srcset=\"https:\/\/i0.wp.com\/www.moda.es\/blog\/wp-content\/uploads\/2014\/06\/vuitton.jpg?resize=200%2C300 200w, https:\/\/i0.wp.com\/www.moda.es\/blog\/wp-content\/uploads\/2014\/06\/vuitton.jpg?resize=420%2C630 420w, https:\/\/i0.wp.com\/www.moda.es\/blog\/wp-content\/uploads\/2014\/06\/vuitton.jpg?w=650 650w\" sizes=\"(max-width: 200px) 100vw, 200px\" data-recalc-dims=\"1\" \/><\/a><\/p>\n<p>\u00a9Vogue UK                             <\/p>\n","protected":false},"excerpt":{"rendered":"<p>Karl Lagerfeld es el \u00faltimo fichaje de Louis Vuitton, pero que nadie se alarme porque ni Chanel va a quedarse hu\u00e9rfano ni Ghesqui\u00e8re ve peligrar su posici\u00f3n. El director creativo de Chanel ha sido convocado por el vicepresidente ejecutivo de Vuitton, Delphine Arnault, para que d\u00e9 su interpretaci\u00f3n del monogram [&hellip;]<\/p>\n","protected":false},"author":3,"featured_media":17812,"comment_status":"open","ping_status":"open","sticky":false,"template":"","format":"standard","meta":{"jetpack_publicize_message":"","jetpack_is_tweetstorm":false,"jetpack_publicize_feature_enabled":true},"categories":[2,3,10,11,12,14],"tags":[182,464,665],"jetpack_publicize_connections":[],"jetpack_featured_media_url":"https:\/\/i0.wp.com\/www.moda.es\/blog\/wp-content\/uploads\/2014\/06\/vuitton.jpg?fit=650%2C975","jetpack_sharing_enabled":true,"jetpack_shortlink":"https:\/\/wp.me\/p4tJCC-4Dh","jetpack-related-posts":[{"id":16157,"url":"http:\/\/www.moda.es\/blog\/y-ahora-que-haremos-senor-ghesquiere\/","url_meta":{"origin":17811,"position":0},"title":"Y ahora, \u00bfqu\u00e9 haremos se\u00f1or Ghesqui\u00e8re?","date":"marzo 15, 2014","format":false,"excerpt":"Vanity Fair ha hablado por primera vez sobre sus planes para Louis Vuitton, despu\u00e9s del triunfo de su primera colecci\u00f3n para la marca, y lo ha hecho con Vanity Fair. \"Nunca olvides que lo que se convierte en atemporal vez fue al mismo tiempo realmente nuevo \", asegura en la\u2026","rel":"","context":"En \u00abActualidad\u00bb","img":{"alt_text":"","src":"https:\/\/i0.wp.com\/www.moda.es\/blog\/wp-content\/uploads\/2014\/03\/nicolas-ghesquiere1.jpg?fit=500%2C750&resize=350%2C200","width":350,"height":200},"classes":[]},{"id":19340,"url":"http:\/\/www.moda.es\/blog\/el-tour-de-chanel-llega-a-seul\/","url_meta":{"origin":17811,"position":1},"title":"El tour de Chanel llega a Seul","date":"mayo 5, 2015","format":false,"excerpt":"Seguramente hoy has pasado el d\u00eda disfrutando de los aciertos y desastres de la Gala del Met pero ayer tambi\u00e9n tuvo lugar un evento muy importante con tintes orientales. Chanel present\u00f3 su colecci\u00f3n Resort 2016 en Se\u00fal, Corea. Karl Lagerfeld lleva sus desfiles resort de gira cada primavera, algo que\u2026","rel":"","context":"En \u00abColecciones\u00bb","img":{"alt_text":"","src":"https:\/\/i0.wp.com\/www.moda.es\/blog\/wp-content\/uploads\/2015\/05\/ch1.jpg?fit=650%2C975&resize=350%2C200","width":350,"height":200},"classes":[]},{"id":17936,"url":"http:\/\/www.moda.es\/blog\/la-primera-biografia-de-un-gato\/","url_meta":{"origin":17811,"position":2},"title":"La primera biograf\u00eda de un gato","date":"julio 11, 2014","format":false,"excerpt":"Karl Lagerfeld ha tomado como tema de un nuevo libro a su querido gato Choupette para documentar su vida de lujo: Choupette: La vida privada de un gato de altos vuelos. un libro que ver\u00e1 la luz en septiembre poniendo al suave amigo del k\u00e1iser a la altura de Lassie,\u2026","rel":"","context":"En \u00abActualidad\u00bb","img":{"alt_text":"","src":"https:\/\/i0.wp.com\/www.moda.es\/blog\/wp-content\/uploads\/2014\/07\/lagerfeld.jpg?fit=650%2C800&resize=350%2C200","width":350,"height":200},"classes":[]},{"id":18013,"url":"http:\/\/www.moda.es\/blog\/cara-delevingne-nueva-chica-chanel\/","url_meta":{"origin":17811,"position":3},"title":"Cara Delevingne, nueva chica Chanel","date":"julio 26, 2014","format":false,"excerpt":"La noticia sal\u00eda a la luz en la cuenta de Instagram de la modelo junto a una de las im\u00e1genes de nueva campa\u00f1a:\u00a0 \"New @chanelofficial campaign! Thank you @karllagerfeld\". La campa\u00f1a muestra a la modelo junto con su amiga Binx Walton, cubiertas de tweed y perlas y con rastas tambi\u00e9n\u2026","rel":"","context":"En \u00abCampa\u00f1as\u00bb","img":{"alt_text":"","src":"https:\/\/i0.wp.com\/www.moda.es\/blog\/wp-content\/uploads\/2014\/07\/Cara3_1.jpg?fit=650%2C445&resize=350%2C200","width":350,"height":200},"classes":[]},{"id":14470,"url":"http:\/\/www.moda.es\/blog\/visita-el-planeta-chanel\/","url_meta":{"origin":17811,"position":4},"title":"Visita el planeta Chanel","date":"octubre 17, 2013","format":false,"excerpt":"Durante la Semana de la Moda de Par\u00eds Oto\u00f1o - Invierno 2013,\u00a0 las modelos del desfile de Chanel desfilaron alrededor de un inmenso globo terr\u00e1queo y sobre una pasarela en la que hab\u00eda impreso un mapa del mundo (si te lo perdiste, puedes verlo aqu\u00ed). El tema era la globalizaci\u00f3n,\u2026","rel":"","context":"En \u00abActualidad\u00bb","img":{"alt_text":"","src":"https:\/\/i0.wp.com\/www.moda.es\/blog\/wp-content\/uploads\/2013\/10\/Planeta-Chanel-61.jpg?fit=400%2C267&resize=350%2C200","width":350,"height":200},"classes":[]},{"id":15124,"url":"http:\/\/www.moda.es\/blog\/chanel-metiers-dart-las-cowgirls-de-karl-lagerfeld\/","url_meta":{"origin":17811,"position":5},"title":"Chanel Metiers d&#8217;Art, las cowgirls de Karl Lagerfeld","date":"diciembre 12, 2013","format":false,"excerpt":"\u00bfQu\u00e9 ocurre cuando Chanel viaja a Texas con su desfile Metiers d'Art? Que los cl\u00e1sicos coches americanos se mezclan con profundas influencias indianas para una colecci\u00f3n que es una aut\u00e9ntica obra de arte. Chanel produce una colecci\u00f3n M\u00e9tiers d' Art una vez al a\u00f1o para mostrar la artesan\u00eda de sus\u2026","rel":"","context":"En \u00abDestacados\u00bb","img":{"alt_text":"","src":"https:\/\/i0.wp.com\/www.moda.es\/blog\/wp-content\/uploads\/2013\/12\/chanel-getty-group_2761926a1.jpg?fit=400%2C287&resize=350%2C200","width":350,"height":200},"classes":[]}],"_links":{"self":[{"href":"http:\/\/www.moda.es\/blog\/wp-json\/wp\/v2\/posts\/17811"}],"collection":[{"href":"http:\/\/www.moda.es\/blog\/wp-json\/wp\/v2\/posts"}],"about":[{"href":"http:\/\/www.moda.es\/blog\/wp-json\/wp\/v2\/types\/post"}],"author":[{"embeddable":true,"href":"http:\/\/www.moda.es\/blog\/wp-json\/wp\/v2\/users\/3"}],"replies":[{"embeddable":true,"href":"http:\/\/www.moda.es\/blog\/wp-json\/wp\/v2\/comments?post=17811"}],"version-history":[{"count":6,"href":"http:\/\/www.moda.es\/blog\/wp-json\/wp\/v2\/posts\/17811\/revisions"}],"predecessor-version":[{"id":36347,"href":"http:\/\/www.moda.es\/blog\/wp-json\/wp\/v2\/posts\/17811\/revisions\/36347"}],"wp:featuredmedia":[{"embeddable":true,"href":"http:\/\/www.moda.es\/blog\/wp-json\/wp\/v2\/media\/17812"}],"wp:attachment":[{"href":"http:\/\/www.moda.es\/blog\/wp-json\/wp\/v2\/media?parent=17811"}],"wp:term":[{"taxonomy":"category","embeddable":true,"href":"http:\/\/www.moda.es\/blog\/wp-json\/wp\/v2\/categories?post=17811"},{"taxonomy":"post_tag","embeddable":true,"href":"http:\/\/www.moda.es\/blog\/wp-json\/wp\/v2\/tags?post=17811"}],"curies":[{"name":"wp","href":"https:\/\/api.w.org\/{rel}","templated":true}]}}