{"id":17582,"date":"2014-04-29T20:35:21","date_gmt":"2014-04-29T19:35:21","guid":{"rendered":"http:\/\/www.moda.es\/blog\/?p=17582"},"modified":"2020-04-27T17:33:09","modified_gmt":"2020-04-27T16:33:09","slug":"jil-sanders-ya-tiene-director-creativo","status":"publish","type":"post","link":"http:\/\/www.moda.es\/blog\/jil-sanders-ya-tiene-director-creativo\/","title":{"rendered":"Jil Sanders ya tiene director creativo"},"content":{"rendered":"<p>La noticia llega despu\u00e9s de meses de especulaciones sobre qui\u00e9n iba a tomar el tim\u00f3n de la marca tras el anuncio de que su fundadora, <strong>Jill Sander<\/strong>, abandonaba la casa por tercera vez el pasado mes de octubre: <strong>Rodolfo Paglialunga<\/strong> ha sido nombrado director creativo de la firma.<\/p>\n<p>Paglialunga, que en el pasado fue director de dise\u00f1o de ropa de mujer en <strong>Prada<\/strong> y director creativo de <strong>Vionnet<\/strong>, har\u00e1 su debut con la marca este mes de septiembre en la Semana de la Moda de Mil\u00e1n donde expondr\u00e1 su visi\u00f3n de Sander para la temporada <strong>primavera &#8211; verano 2015<\/strong>.<br \/>\n\u00ab\u00c9l es el dise\u00f1ador m\u00e1s apropiado para escribir las nuevas p\u00e1ginas de la historia de Jil Sander\u00bb, ha declarado<strong> Alessandro Cremonesi, director ejecutivo de Jil Sander<\/strong>. \u00ab\u00c9l tiene las caracter\u00edsticas adecuadas y la experiencia para hacer evolucionar la marca Jil Sander hacia una nueva direcci\u00f3n, <strong>respetando sus rasgos esenciales<\/strong>\u00ab.<\/p>\n<p>\u00abEstoy profundamente honrado de tener la oportunidad de asumir este papel\u00bb, ha afirmado Paglialunga . \u00abTengo admiraci\u00f3n sin l\u00edmites por la marca, y creo profundamente en su visi\u00f3n y sus valores. Mi objetivo es llevar adelante una <strong>fusi\u00f3n entre la sofisticaci\u00f3n, el lujo y la innovaci\u00f3n,<\/strong> y llevar la casa al siguiente nivel\u00bb.<\/p>\n<p>Esperamos con ganas su estreno.<\/p>\n<p><a href=\"https:\/\/i0.wp.com\/www.moda.es\/blog\/wp-content\/uploads\/2014\/04\/rodolfo-paglialunga.jpg\"><img data-attachment-id=\"17583\" data-permalink=\"http:\/\/www.moda.es\/blog\/jil-sanders-ya-tiene-director-creativo\/rodolfo-paglialunga\/\" data-orig-file=\"https:\/\/i0.wp.com\/www.moda.es\/blog\/wp-content\/uploads\/2014\/04\/rodolfo-paglialunga.jpg?fit=1280%2C1920\" data-orig-size=\"1280,1920\" data-comments-opened=\"1\" data-image-meta=\"{&quot;aperture&quot;:&quot;0&quot;,&quot;credit&quot;:&quot;&quot;,&quot;camera&quot;:&quot;&quot;,&quot;caption&quot;:&quot;&quot;,&quot;created_timestamp&quot;:&quot;0&quot;,&quot;copyright&quot;:&quot;&quot;,&quot;focal_length&quot;:&quot;0&quot;,&quot;iso&quot;:&quot;0&quot;,&quot;shutter_speed&quot;:&quot;0&quot;,&quot;title&quot;:&quot;&quot;}\" data-image-title=\"rodolfo paglialunga\" data-image-description=\"\" data-image-caption=\"\" data-medium-file=\"https:\/\/i0.wp.com\/www.moda.es\/blog\/wp-content\/uploads\/2014\/04\/rodolfo-paglialunga.jpg?fit=200%2C300\" data-large-file=\"https:\/\/i0.wp.com\/www.moda.es\/blog\/wp-content\/uploads\/2014\/04\/rodolfo-paglialunga.jpg?fit=640%2C961\" loading=\"lazy\" class=\"aligncenter size-medium wp-image-17583\" alt=\"rodolfo paglialunga\" src=\"https:\/\/i0.wp.com\/www.moda.es\/blog\/wp-content\/uploads\/2014\/04\/rodolfo-paglialunga.jpg?resize=200%2C300\" width=\"200\" height=\"300\" srcset=\"https:\/\/i0.wp.com\/www.moda.es\/blog\/wp-content\/uploads\/2014\/04\/rodolfo-paglialunga.jpg?resize=200%2C300 200w, https:\/\/i0.wp.com\/www.moda.es\/blog\/wp-content\/uploads\/2014\/04\/rodolfo-paglialunga.jpg?resize=682%2C1024 682w, https:\/\/i0.wp.com\/www.moda.es\/blog\/wp-content\/uploads\/2014\/04\/rodolfo-paglialunga.jpg?resize=420%2C630 420w, https:\/\/i0.wp.com\/www.moda.es\/blog\/wp-content\/uploads\/2014\/04\/rodolfo-paglialunga.jpg?w=1280 1280w\" sizes=\"(max-width: 200px) 100vw, 200px\" data-recalc-dims=\"1\" \/><\/a><\/p>\n<p>\u00a9Vogue UK<\/p>\n<p>&nbsp;                             <\/p>\n","protected":false},"excerpt":{"rendered":"<p>La noticia llega despu\u00e9s de meses de especulaciones sobre qui\u00e9n iba a tomar el tim\u00f3n de la marca tras el anuncio de que su fundadora, Jill Sander, abandonaba la casa por tercera vez el pasado mes de octubre: Rodolfo Paglialunga ha sido nombrado director creativo de la firma. Paglialunga, que [&hellip;]<\/p>\n","protected":false},"author":3,"featured_media":17583,"comment_status":"open","ping_status":"open","sticky":false,"template":"","format":"standard","meta":{"jetpack_publicize_message":"","jetpack_is_tweetstorm":false,"jetpack_publicize_feature_enabled":true},"categories":[3,11,12,14],"tags":[986,731,940],"jetpack_publicize_connections":[],"jetpack_featured_media_url":"https:\/\/i0.wp.com\/www.moda.es\/blog\/wp-content\/uploads\/2014\/04\/rodolfo-paglialunga.jpg?fit=1280%2C1920","jetpack_sharing_enabled":true,"jetpack_shortlink":"https:\/\/wp.me\/p4tJCC-4zA","jetpack-related-posts":[{"id":14546,"url":"http:\/\/www.moda.es\/blog\/ni-contigo-ni-sin-ti\/","url_meta":{"origin":17582,"position":0},"title":"Ni contigo ni sin ti","date":"octubre 24, 2013","format":false,"excerpt":"Jil Sander ha vuelto a abandonar su marca. Con esta ya ser\u00e1 la tercera vez que sale de su firma ep\u00f3nima y en esta ocasi\u00f3n ha declarado hacerlo por razones personales. \"En nombre del grupo quiero dar las gracias a Jil Sander por su notable contribuci\u00f3n a la marca durante\u2026","rel":"","context":"En \u00abActualidad\u00bb","img":{"alt_text":"","src":"https:\/\/i0.wp.com\/www.moda.es\/blog\/wp-content\/uploads\/2013\/10\/Jil-Sanders1.jpg?fit=500%2C750&resize=350%2C200","width":350,"height":200},"classes":[]},{"id":22127,"url":"http:\/\/www.moda.es\/blog\/paul-surridge-nuevo-director-creativo-de-roberto-cavalli\/","url_meta":{"origin":17582,"position":1},"title":"Paul Surridge nuevo director creativo de Roberto Cavalli","date":"mayo 11, 2017","format":false,"excerpt":"Roberto Cavalli ha nombrado a Paul Surridge su nuevo director creativo, continuando la tendencia reciente de promover el talento \"secundario\", en lugar de contratar a un dise\u00f1ador estrella. Graduado en la\u00a0Central Saint Martins, Surridge es un desconocido relativo con larga experiencia en marcas de lujo en Nueva York, Londres y\u2026","rel":"","context":"En \u00abActualidad\u00bb","img":{"alt_text":"","src":"https:\/\/i0.wp.com\/www.moda.es\/blog\/wp-content\/uploads\/2017\/05\/3APaulSurridge1.jpg?fit=810%2C500&resize=350%2C200","width":350,"height":200},"classes":[]},{"id":18270,"url":"http:\/\/www.moda.es\/blog\/uniqlo-para-compradoras-arrepentidas\/","url_meta":{"origin":17582,"position":2},"title":"Uniqlo para compradoras arrepentidas","date":"septiembre 10, 2014","format":false,"excerpt":"Todas nos hemos dicho a nosotras mismas en alg\u00fan momento \"si me hubiera comprado aquel (bolso, vestido, sombrero, pantal\u00f3n...) cuando tuve la oportunidad...\" Pues si lo dijiste por alguna de las prendas de la popular colecci\u00f3n de la colaboraci\u00f3n de Jil Sander con Uniqlo entonces se han concedido tus deseos.\u2026","rel":"","context":"En \u00abColecciones\u00bb","img":{"alt_text":"","src":"https:\/\/i0.wp.com\/www.moda.es\/blog\/wp-content\/uploads\/2014\/09\/ujs2.jpg?fit=650%2C799&resize=350%2C200","width":350,"height":200},"classes":[]},{"id":8888,"url":"http:\/\/www.moda.es\/blog\/milan-fashion-week-resumen-de-la-semana\/","url_meta":{"origin":17582,"position":3},"title":"Milan Fashion Week. Resumen de la semana","date":"septiembre 25, 2012","format":false,"excerpt":"Hoy se clausura la \u00faltima edici\u00f3n de la Milan Fashion Week por la que ha desfilado lo mejor de la moda italiana desde el pasado mi\u00e9rcoles. La cantidad de propuestas es tal que hemos preferido prepararos un resumen con lo mejor de lo mejor -siempre seg\u00fan el criterio de nuestra\u2026","rel":"","context":"En \u00abPasarelas\u00bb","img":{"alt_text":"","src":"https:\/\/i0.wp.com\/www.moda.es\/blog\/wp-content\/uploads\/2012\/09\/Jil-Sander_Look-1-e13485959435351.jpg?fit=400%2C601&resize=350%2C200","width":350,"height":200},"classes":[]},{"id":13441,"url":"http:\/\/www.moda.es\/blog\/edie-campbell-para-alexander-mcqueen\/","url_meta":{"origin":17582,"position":4},"title":"Edie Campbell para Alexander McQueen","date":"julio 22, 2013","format":false,"excerpt":"Parece que Edie Campbell ser\u00e1 la Cara Delevingne de esta temporada. Tenemos nueva campa\u00f1a. En blanco y negro, con aires surrealistas, un toque medieval y mucha fuerza. La modelo brit\u00e1nica es la nueva imagen de Alexander McQueen para la temporada Oto\u00f1o - Invierno 2013. Fotografiada por el famoso fot\u00f3grafo David\u2026","rel":"","context":"En \u00abCampa\u00f1as\u00bb","img":{"alt_text":"","src":"https:\/\/i0.wp.com\/www.moda.es\/blog\/wp-content\/uploads\/2013\/07\/McQueen-2.jpg?fit=500%2C500&resize=350%2C200","width":350,"height":200},"classes":[]},{"id":13674,"url":"http:\/\/www.moda.es\/blog\/conoce-a-leaf-greener\/","url_meta":{"origin":17582,"position":5},"title":"Conoce a Leaf Greener","date":"agosto 15, 2013","format":false,"excerpt":"A sus 30 a\u00f1os, Leaf Greener es editora senior de moda en la versi\u00f3n china de la revista Elle, y tambi\u00e9n forma parte de una nueva generaci\u00f3n de mujeres chinas, elegantes, modernas y s\u00faper femeninas. De padre fot\u00f3grafo y madre profesionalde las relaciones p\u00fablicas para firmas de lujo, Leaf estaba\u2026","rel":"","context":"En \u00abInspiraci\u00f3n\u00bb","img":{"alt_text":"","src":"https:\/\/i0.wp.com\/www.moda.es\/blog\/wp-content\/uploads\/2013\/08\/Leaf-Greener-1.jpg?fit=300%2C491&resize=350%2C200","width":350,"height":200},"classes":[]}],"_links":{"self":[{"href":"http:\/\/www.moda.es\/blog\/wp-json\/wp\/v2\/posts\/17582"}],"collection":[{"href":"http:\/\/www.moda.es\/blog\/wp-json\/wp\/v2\/posts"}],"about":[{"href":"http:\/\/www.moda.es\/blog\/wp-json\/wp\/v2\/types\/post"}],"author":[{"embeddable":true,"href":"http:\/\/www.moda.es\/blog\/wp-json\/wp\/v2\/users\/3"}],"replies":[{"embeddable":true,"href":"http:\/\/www.moda.es\/blog\/wp-json\/wp\/v2\/comments?post=17582"}],"version-history":[{"count":10,"href":"http:\/\/www.moda.es\/blog\/wp-json\/wp\/v2\/posts\/17582\/revisions"}],"predecessor-version":[{"id":36371,"href":"http:\/\/www.moda.es\/blog\/wp-json\/wp\/v2\/posts\/17582\/revisions\/36371"}],"wp:featuredmedia":[{"embeddable":true,"href":"http:\/\/www.moda.es\/blog\/wp-json\/wp\/v2\/media\/17583"}],"wp:attachment":[{"href":"http:\/\/www.moda.es\/blog\/wp-json\/wp\/v2\/media?parent=17582"}],"wp:term":[{"taxonomy":"category","embeddable":true,"href":"http:\/\/www.moda.es\/blog\/wp-json\/wp\/v2\/categories?post=17582"},{"taxonomy":"post_tag","embeddable":true,"href":"http:\/\/www.moda.es\/blog\/wp-json\/wp\/v2\/tags?post=17582"}],"curies":[{"name":"wp","href":"https:\/\/api.w.org\/{rel}","templated":true}]}}