{"id":17570,"date":"2014-04-28T21:53:03","date_gmt":"2014-04-28T20:53:03","guid":{"rendered":"http:\/\/www.moda.es\/blog\/?p=17570"},"modified":"2020-04-27T17:33:17","modified_gmt":"2020-04-27T16:33:17","slug":"cuanta-moda-puedes-comprar-en-30-segundos","status":"publish","type":"post","link":"http:\/\/www.moda.es\/blog\/cuanta-moda-puedes-comprar-en-30-segundos\/","title":{"rendered":"\u00bfCu\u00e1nta moda puedes comprar en 30 segundos?"},"content":{"rendered":"<p>Imagina que te dicen que durante un fragmento de tiempo, podr\u00e1s conseguir gratis todo lo que seas capaz de comprar. Supongo que estar\u00e1s pensando lo mismo que yo&#8230; \u00bfd\u00f3nde hay que firmar? Pero no todo es tan f\u00e1cil: la gran oportunidad se convertir\u00e1 en calabaza en <strong>30 segundos<\/strong>.<\/p>\n<p>&nbsp;<\/p>\n<p><a href=\"https:\/\/i0.wp.com\/www.moda.es\/blog\/wp-content\/uploads\/2014\/04\/3Def_ecommerce.jpg\"><img data-attachment-id=\"17571\" data-permalink=\"http:\/\/www.moda.es\/blog\/cuanta-moda-puedes-comprar-en-30-segundos\/3def_ecommerce\/\" data-orig-file=\"https:\/\/i0.wp.com\/www.moda.es\/blog\/wp-content\/uploads\/2014\/04\/3Def_ecommerce.jpg?fit=650%2C498\" data-orig-size=\"650,498\" data-comments-opened=\"1\" data-image-meta=\"{&quot;aperture&quot;:&quot;0&quot;,&quot;credit&quot;:&quot;&quot;,&quot;camera&quot;:&quot;&quot;,&quot;caption&quot;:&quot;&quot;,&quot;created_timestamp&quot;:&quot;0&quot;,&quot;copyright&quot;:&quot;&quot;,&quot;focal_length&quot;:&quot;0&quot;,&quot;iso&quot;:&quot;0&quot;,&quot;shutter_speed&quot;:&quot;0&quot;,&quot;title&quot;:&quot;&quot;}\" data-image-title=\"3Def_ecommerce\" data-image-description=\"\" data-image-caption=\"\" data-medium-file=\"https:\/\/i0.wp.com\/www.moda.es\/blog\/wp-content\/uploads\/2014\/04\/3Def_ecommerce.jpg?fit=300%2C229\" data-large-file=\"https:\/\/i0.wp.com\/www.moda.es\/blog\/wp-content\/uploads\/2014\/04\/3Def_ecommerce.jpg?fit=640%2C490\" loading=\"lazy\" class=\"aligncenter size-medium wp-image-17571\" alt=\"3Def_ecommerce\" src=\"https:\/\/i0.wp.com\/www.moda.es\/blog\/wp-content\/uploads\/2014\/04\/3Def_ecommerce.jpg?resize=300%2C229\" width=\"300\" height=\"229\" srcset=\"https:\/\/i0.wp.com\/www.moda.es\/blog\/wp-content\/uploads\/2014\/04\/3Def_ecommerce.jpg?resize=300%2C229 300w, https:\/\/i0.wp.com\/www.moda.es\/blog\/wp-content\/uploads\/2014\/04\/3Def_ecommerce.jpg?resize=420%2C321 420w, https:\/\/i0.wp.com\/www.moda.es\/blog\/wp-content\/uploads\/2014\/04\/3Def_ecommerce.jpg?w=650 650w\" sizes=\"(max-width: 300px) 100vw, 300px\" data-recalc-dims=\"1\" \/><\/a><\/p>\n<p>Gas est\u00e1 de celebraci\u00f3n con su<strong> 30 aniversario<\/strong> y qu\u00e9 mejor manera de celebrarlo que haciendo un regalo a todos sus seguidores.<strong> Gas Gratis durante 30 segundos<\/strong> es una iniciativa que revivie el<strong><em> fast attitude<\/em><\/strong> que ha hecho famosa a la casa a trav\u00e9s de un evento digital sin precedentes.<\/p>\n<p><a href=\"https:\/\/i0.wp.com\/www.moda.es\/blog\/wp-content\/uploads\/2014\/04\/ANNIVERSARY_def.jpg\"><img data-attachment-id=\"17573\" data-permalink=\"http:\/\/www.moda.es\/blog\/cuanta-moda-puedes-comprar-en-30-segundos\/anniversary_def\/\" data-orig-file=\"https:\/\/i0.wp.com\/www.moda.es\/blog\/wp-content\/uploads\/2014\/04\/ANNIVERSARY_def.jpg?fit=650%2C2311\" data-orig-size=\"650,2311\" data-comments-opened=\"1\" data-image-meta=\"{&quot;aperture&quot;:&quot;0&quot;,&quot;credit&quot;:&quot;&quot;,&quot;camera&quot;:&quot;&quot;,&quot;caption&quot;:&quot;&quot;,&quot;created_timestamp&quot;:&quot;0&quot;,&quot;copyright&quot;:&quot;&quot;,&quot;focal_length&quot;:&quot;0&quot;,&quot;iso&quot;:&quot;0&quot;,&quot;shutter_speed&quot;:&quot;0&quot;,&quot;title&quot;:&quot;&quot;}\" data-image-title=\"ANNIVERSARY_def\" data-image-description=\"\" data-image-caption=\"\" data-medium-file=\"https:\/\/i0.wp.com\/www.moda.es\/blog\/wp-content\/uploads\/2014\/04\/ANNIVERSARY_def.jpg?fit=84%2C300\" data-large-file=\"https:\/\/i0.wp.com\/www.moda.es\/blog\/wp-content\/uploads\/2014\/04\/ANNIVERSARY_def.jpg?fit=288%2C1024\" loading=\"lazy\" class=\"aligncenter size-medium wp-image-17573\" alt=\"ANNIVERSARY_def\" src=\"https:\/\/i0.wp.com\/www.moda.es\/blog\/wp-content\/uploads\/2014\/04\/ANNIVERSARY_def.jpg?resize=84%2C300\" width=\"84\" height=\"300\" srcset=\"https:\/\/i0.wp.com\/www.moda.es\/blog\/wp-content\/uploads\/2014\/04\/ANNIVERSARY_def.jpg?resize=84%2C300 84w, https:\/\/i0.wp.com\/www.moda.es\/blog\/wp-content\/uploads\/2014\/04\/ANNIVERSARY_def.jpg?resize=288%2C1024 288w, https:\/\/i0.wp.com\/www.moda.es\/blog\/wp-content\/uploads\/2014\/04\/ANNIVERSARY_def.jpg?resize=420%2C1493 420w, https:\/\/i0.wp.com\/www.moda.es\/blog\/wp-content\/uploads\/2014\/04\/ANNIVERSARY_def.jpg?w=650 650w\" sizes=\"(max-width: 84px) 100vw, 84px\" data-recalc-dims=\"1\" \/><\/a><\/p>\n<p>Para participar s\u00f3lo tienes que entrar en la <a href=\"http:\/\/gasjeans.com\" target=\"_blank\">web de la marca<\/a>, donde durante 30 d\u00edas puedes <strong>entrenar<\/strong> tu fast attitude y simular un proceso de compra a contrarreloj. Cuando consigas tu mejor marca, s\u00f3lo tienes que acercarte a tu tienda Gas para probarte y conocer la colecci\u00f3n de esta temporada.<\/p>\n<p style=\"text-align: center\"><a href=\"https:\/\/i0.wp.com\/www.moda.es\/blog\/wp-content\/uploads\/2014\/04\/marah_new_155365_020294_w1-copy.jpg\"><img data-attachment-id=\"17574\" data-permalink=\"http:\/\/www.moda.es\/blog\/cuanta-moda-puedes-comprar-en-30-segundos\/marah_new_155365_020294_w1-copy\/\" data-orig-file=\"https:\/\/i0.wp.com\/www.moda.es\/blog\/wp-content\/uploads\/2014\/04\/marah_new_155365_020294_w1-copy.jpg?fit=650%2C956\" data-orig-size=\"650,956\" data-comments-opened=\"1\" data-image-meta=\"{&quot;aperture&quot;:&quot;18&quot;,&quot;credit&quot;:&quot;&quot;,&quot;camera&quot;:&quot;Canon EOS 5D Mark II&quot;,&quot;caption&quot;:&quot;&quot;,&quot;created_timestamp&quot;:&quot;1342994190&quot;,&quot;copyright&quot;:&quot;&quot;,&quot;focal_length&quot;:&quot;45&quot;,&quot;iso&quot;:&quot;100&quot;,&quot;shutter_speed&quot;:&quot;0.008&quot;,&quot;title&quot;:&quot;&quot;}\" data-image-title=\"marah_new_155365_020294_w1 copy\" data-image-description=\"\" data-image-caption=\"\" data-medium-file=\"https:\/\/i0.wp.com\/www.moda.es\/blog\/wp-content\/uploads\/2014\/04\/marah_new_155365_020294_w1-copy.jpg?fit=203%2C300\" data-large-file=\"https:\/\/i0.wp.com\/www.moda.es\/blog\/wp-content\/uploads\/2014\/04\/marah_new_155365_020294_w1-copy.jpg?fit=640%2C941\" loading=\"lazy\" class=\"wp-image-17574 alignnone\" alt=\"marah_new_155365_020294_w1 copy\" src=\"https:\/\/i0.wp.com\/www.moda.es\/blog\/wp-content\/uploads\/2014\/04\/marah_new_155365_020294_w1-copy.jpg?resize=203%2C300\" width=\"203\" height=\"300\" srcset=\"https:\/\/i0.wp.com\/www.moda.es\/blog\/wp-content\/uploads\/2014\/04\/marah_new_155365_020294_w1-copy.jpg?resize=203%2C300 203w, https:\/\/i0.wp.com\/www.moda.es\/blog\/wp-content\/uploads\/2014\/04\/marah_new_155365_020294_w1-copy.jpg?w=650 650w\" sizes=\"(max-width: 203px) 100vw, 203px\" data-recalc-dims=\"1\" \/><\/a> <a href=\"https:\/\/i0.wp.com\/www.moda.es\/blog\/wp-content\/uploads\/2014\/04\/WARMING-S..jpg\"><img data-attachment-id=\"17575\" data-permalink=\"http:\/\/www.moda.es\/blog\/cuanta-moda-puedes-comprar-en-30-segundos\/warming-s\/\" data-orig-file=\"https:\/\/i0.wp.com\/www.moda.es\/blog\/wp-content\/uploads\/2014\/04\/WARMING-S..jpg?fit=650%2C979\" data-orig-size=\"650,979\" data-comments-opened=\"1\" data-image-meta=\"{&quot;aperture&quot;:&quot;16&quot;,&quot;credit&quot;:&quot;&quot;,&quot;camera&quot;:&quot;NIKON D300S&quot;,&quot;caption&quot;:&quot;&quot;,&quot;created_timestamp&quot;:&quot;1382695713&quot;,&quot;copyright&quot;:&quot;&quot;,&quot;focal_length&quot;:&quot;50&quot;,&quot;iso&quot;:&quot;200&quot;,&quot;shutter_speed&quot;:&quot;0.00625&quot;,&quot;title&quot;:&quot;&quot;}\" data-image-title=\"WARMING S.\" data-image-description=\"\" data-image-caption=\"\" data-medium-file=\"https:\/\/i0.wp.com\/www.moda.es\/blog\/wp-content\/uploads\/2014\/04\/WARMING-S..jpg?fit=199%2C300\" data-large-file=\"https:\/\/i0.wp.com\/www.moda.es\/blog\/wp-content\/uploads\/2014\/04\/WARMING-S..jpg?fit=640%2C964\" loading=\"lazy\" class=\" wp-image-17575 alignnone\" alt=\"WARMING S.\" src=\"https:\/\/i0.wp.com\/www.moda.es\/blog\/wp-content\/uploads\/2014\/04\/WARMING-S..jpg?resize=199%2C300\" width=\"199\" height=\"300\" srcset=\"https:\/\/i0.wp.com\/www.moda.es\/blog\/wp-content\/uploads\/2014\/04\/WARMING-S..jpg?resize=199%2C300 199w, https:\/\/i0.wp.com\/www.moda.es\/blog\/wp-content\/uploads\/2014\/04\/WARMING-S..jpg?resize=420%2C632 420w, https:\/\/i0.wp.com\/www.moda.es\/blog\/wp-content\/uploads\/2014\/04\/WARMING-S..jpg?w=650 650w\" sizes=\"(max-width: 199px) 100vw, 199px\" data-recalc-dims=\"1\" \/><\/a><\/p>\n<p>\u00bfYa sabes cu\u00e1les son tus prendas favoritas? Pues la carrera comienza <strong>a las 3.30 horas del 14 de mayo<\/strong> y durante\u00a0 30 segundos podr\u00e1s ganar las prendas elegidas. El site de venta online de gasjeans.com ser\u00e1 <strong>gratis durante medio minuto<\/strong>.<\/p>\n<p><a href=\"https:\/\/i0.wp.com\/www.moda.es\/blog\/wp-content\/uploads\/2014\/04\/CMYK_14-1734_L-flat.jpg\"><img data-attachment-id=\"17579\" data-permalink=\"http:\/\/www.moda.es\/blog\/cuanta-moda-puedes-comprar-en-30-segundos\/cmyk_14-1734_l-flat\/\" data-orig-file=\"https:\/\/i0.wp.com\/www.moda.es\/blog\/wp-content\/uploads\/2014\/04\/CMYK_14-1734_L-flat.jpg?fit=650%2C867\" data-orig-size=\"650,867\" data-comments-opened=\"1\" data-image-meta=\"{&quot;aperture&quot;:&quot;12&quot;,&quot;credit&quot;:&quot;&quot;,&quot;camera&quot;:&quot;P65+&quot;,&quot;caption&quot;:&quot;&quot;,&quot;created_timestamp&quot;:&quot;1383775996&quot;,&quot;copyright&quot;:&quot;&quot;,&quot;focal_length&quot;:&quot;80&quot;,&quot;iso&quot;:&quot;100&quot;,&quot;shutter_speed&quot;:&quot;0.0080000237565665&quot;,&quot;title&quot;:&quot;&quot;}\" data-image-title=\"CMYK_14 1734_L flat\" data-image-description=\"\" data-image-caption=\"\" data-medium-file=\"https:\/\/i0.wp.com\/www.moda.es\/blog\/wp-content\/uploads\/2014\/04\/CMYK_14-1734_L-flat.jpg?fit=224%2C300\" data-large-file=\"https:\/\/i0.wp.com\/www.moda.es\/blog\/wp-content\/uploads\/2014\/04\/CMYK_14-1734_L-flat.jpg?fit=640%2C854\" loading=\"lazy\" class=\"aligncenter size-medium wp-image-17579\" alt=\"CMYK_14 1734_L flat\" src=\"https:\/\/i0.wp.com\/www.moda.es\/blog\/wp-content\/uploads\/2014\/04\/CMYK_14-1734_L-flat.jpg?resize=224%2C300\" width=\"224\" height=\"300\" srcset=\"https:\/\/i0.wp.com\/www.moda.es\/blog\/wp-content\/uploads\/2014\/04\/CMYK_14-1734_L-flat.jpg?resize=224%2C300 224w, https:\/\/i0.wp.com\/www.moda.es\/blog\/wp-content\/uploads\/2014\/04\/CMYK_14-1734_L-flat.jpg?resize=420%2C560 420w, https:\/\/i0.wp.com\/www.moda.es\/blog\/wp-content\/uploads\/2014\/04\/CMYK_14-1734_L-flat.jpg?w=650 650w\" sizes=\"(max-width: 224px) 100vw, 224px\" data-recalc-dims=\"1\" \/><\/a><\/p>\n<p>El embajador de esta acci\u00f3n, siguiendo con su gui\u00f1o a la velocidad es el joven <strong>Marc M\u00e1rquez,<\/strong> campe\u00f3n del mundo de la MotoGP 2014 y fen\u00f3meno en las redes sociales (donde se est\u00e1 desarrollando la campa\u00f1a) con<strong> m\u00e1s de 2 millones de fans<\/strong>. La asociaci\u00f3n entre la marca, con sede en Vicenza, y el equipo Repsol Honda, comenz\u00f3 <strong>hace 16 a\u00f1os.<\/strong> Una asociaci\u00f3n duradera con uno de los fabricantes de motos m\u00e1s importantes del mundo demostrando el v\u00ednculo natural entre el denim y el mundo de las motos.<\/p>\n<p>Preparados, listos, \u00a1a comprar!<\/p>\n<p><a href=\"https:\/\/i0.wp.com\/www.moda.es\/blog\/wp-content\/uploads\/2014\/04\/CMYK_01-0271_L-flat.jpg\"><img data-attachment-id=\"17572\" data-permalink=\"http:\/\/www.moda.es\/blog\/cuanta-moda-puedes-comprar-en-30-segundos\/cmyk_01-0271_l-flat\/\" data-orig-file=\"https:\/\/i0.wp.com\/www.moda.es\/blog\/wp-content\/uploads\/2014\/04\/CMYK_01-0271_L-flat.jpg?fit=650%2C781\" data-orig-size=\"650,781\" data-comments-opened=\"1\" data-image-meta=\"{&quot;aperture&quot;:&quot;12&quot;,&quot;credit&quot;:&quot;&quot;,&quot;camera&quot;:&quot;P65+&quot;,&quot;caption&quot;:&quot;&quot;,&quot;created_timestamp&quot;:&quot;1383698024&quot;,&quot;copyright&quot;:&quot;&quot;,&quot;focal_length&quot;:&quot;80&quot;,&quot;iso&quot;:&quot;100&quot;,&quot;shutter_speed&quot;:&quot;0.0080000237565665&quot;,&quot;title&quot;:&quot;&quot;}\" data-image-title=\"CMYK_01 0271_L flat\" data-image-description=\"\" data-image-caption=\"\" data-medium-file=\"https:\/\/i0.wp.com\/www.moda.es\/blog\/wp-content\/uploads\/2014\/04\/CMYK_01-0271_L-flat.jpg?fit=249%2C300\" data-large-file=\"https:\/\/i0.wp.com\/www.moda.es\/blog\/wp-content\/uploads\/2014\/04\/CMYK_01-0271_L-flat.jpg?fit=640%2C769\" loading=\"lazy\" class=\"aligncenter size-medium wp-image-17572\" alt=\"CMYK_01 0271_L flat\" src=\"https:\/\/i0.wp.com\/www.moda.es\/blog\/wp-content\/uploads\/2014\/04\/CMYK_01-0271_L-flat.jpg?resize=249%2C300\" width=\"249\" height=\"300\" srcset=\"https:\/\/i0.wp.com\/www.moda.es\/blog\/wp-content\/uploads\/2014\/04\/CMYK_01-0271_L-flat.jpg?resize=249%2C300 249w, https:\/\/i0.wp.com\/www.moda.es\/blog\/wp-content\/uploads\/2014\/04\/CMYK_01-0271_L-flat.jpg?resize=420%2C504 420w, https:\/\/i0.wp.com\/www.moda.es\/blog\/wp-content\/uploads\/2014\/04\/CMYK_01-0271_L-flat.jpg?w=650 650w\" sizes=\"(max-width: 249px) 100vw, 249px\" data-recalc-dims=\"1\" \/><\/a><\/p>\n<p>&nbsp;<\/p>\n<p>\u00a9Gas                             <\/p>\n","protected":false},"excerpt":{"rendered":"<p>Imagina que te dicen que durante un fragmento de tiempo, podr\u00e1s conseguir gratis todo lo que seas capaz de comprar. Supongo que estar\u00e1s pensando lo mismo que yo&#8230; \u00bfd\u00f3nde hay que firmar? Pero no todo es tan f\u00e1cil: la gran oportunidad se convertir\u00e1 en calabaza en 30 segundos. &nbsp; Gas [&hellip;]<\/p>\n","protected":false},"author":3,"featured_media":17571,"comment_status":"open","ping_status":"open","sticky":false,"template":"","format":"standard","meta":{"jetpack_publicize_message":"","jetpack_is_tweetstorm":false,"jetpack_publicize_feature_enabled":true},"categories":[2,11,14],"tags":[973],"jetpack_publicize_connections":[],"jetpack_featured_media_url":"https:\/\/i0.wp.com\/www.moda.es\/blog\/wp-content\/uploads\/2014\/04\/3Def_ecommerce.jpg?fit=650%2C498","jetpack_sharing_enabled":true,"jetpack_shortlink":"https:\/\/wp.me\/p4tJCC-4zo","jetpack-related-posts":[{"id":11684,"url":"http:\/\/www.moda.es\/blog\/kate-en-blanco-y-negro\/","url_meta":{"origin":17570,"position":0},"title":"Kate en blanco y negro","date":"marzo 25, 2013","format":false,"excerpt":"Fue descubierta a los 13 a\u00f1os, nos ha estado diciendo a obtener el \"Look London\" en sus anuncios de Rimmel desde hace 12 a\u00f1os, gan\u00f3 9 millones de d\u00f3lares desde mayo de 2012 seg\u00fan Forbes.com, ha realizado seis campa\u00f1as de este a\u00f1o y ha conseguido una belleza campa\u00f1a con K\u00e9rastase.\u2026","rel":"","context":"En \u00abCampa\u00f1as\u00bb","img":{"alt_text":"","src":"https:\/\/i0.wp.com\/www.moda.es\/blog\/wp-content\/uploads\/2013\/03\/Kate-Moss-Matchless11.jpg?fit=400%2C267&resize=350%2C200","width":350,"height":200},"classes":[]},{"id":22689,"url":"http:\/\/www.moda.es\/blog\/novias-alternativas-es-vuestro-momento\/","url_meta":{"origin":17570,"position":1},"title":"Novias alternativas, es vuestro momento","date":"octubre 30, 2017","format":false,"excerpt":"French Connection es la \u00faltima marca low cost que da el s\u00ed quiero a la moda nupcial a precios asequibles con una colecci\u00f3n de primavera \/ verano 2018 que se lanzar\u00e1 el pr\u00f3ximo mes de febrero. \"En los \u00faltimos a\u00f1os, hemos visto clientes haciendo compras de las principales colecciones de\u2026","rel":"","context":"En \u00abColecciones\u00bb","img":{"alt_text":"","src":"https:\/\/i0.wp.com\/www.moda.es\/blog\/wp-content\/uploads\/2017\/10\/Captura-de-pantalla-2017-10-30-a-las-23.13.50.png?fit=687%2C453&resize=350%2C200","width":350,"height":200},"classes":[]},{"id":19758,"url":"http:\/\/www.moda.es\/blog\/la-camiseta-de-marc-jacobs\/","url_meta":{"origin":17570,"position":2},"title":"La camiseta de Marc Jacobs","date":"agosto 31, 2015","format":false,"excerpt":"Si Marc Jacobs es experto en algo es en convertir un drama en algo genial, y si no que se lo digan a Winona Ryder cuando la fich\u00f3 como modelo en 2001 despu\u00e9s de que fuera acusada \u00a0por presunto robo en los grandes almacenes Saks Fifth Avenue. De modo que\u2026","rel":"","context":"En \u00abActualidad\u00bb","img":{"alt_text":"","src":"https:\/\/i0.wp.com\/www.moda.es\/blog\/wp-content\/uploads\/2015\/08\/Captura-de-pantalla-2015-08-31-a-las-19.57.53.png?fit=619%2C717&resize=350%2C200","width":350,"height":200},"classes":[]},{"id":15893,"url":"http:\/\/www.moda.es\/blog\/el-debut-de-stuart-vevers-para-coach\/","url_meta":{"origin":17570,"position":3},"title":"El debut de Stuart Vevers para Coach","date":"febrero 10, 2014","format":false,"excerpt":"Stuart Vevers ha sido llamado a reinventar una marca de setenta a\u00f1os de historia, y no puede estar m\u00e1s encantado. Y lo est\u00e1 porque ha conseguido imbuir a su primera colecci\u00f3n para la marca de un estilo muy suyo: un poco preppy, urbano de esp\u00edritu y totalmente americano. En los\u2026","rel":"","context":"En \u00abActualidad\u00bb","img":{"alt_text":"","src":"https:\/\/i0.wp.com\/www.moda.es\/blog\/wp-content\/uploads\/2014\/02\/Coach-41.jpg?fit=500%2C743&resize=350%2C200","width":350,"height":200},"classes":[]},{"id":21744,"url":"http:\/\/www.moda.es\/blog\/la-nueva-y-sorprendente-imagen-de-tiffany-co\/","url_meta":{"origin":17570,"position":4},"title":"La nueva y sorprendente imagen de Tiffany &amp; Co&#8230;","date":"febrero 1, 2017","format":false,"excerpt":"...es Lady Gaga. La\u00a0cantante\u00a0estar\u00e1 oficialmente en todas partes en la Super Bowl el domingo, pero adem\u00e1s, la estrella del pop va a ser la imagen\u00a0de la nueva colecci\u00f3n de joyas de Tiffany & Co., Tiffany HardWear, y protagonizar\u00e1 un spot\u00a0para la casa que se presentar\u00e1\u00a0durante la emisi\u00f3n del juego, antes\u2026","rel":"","context":"En \u00abAccesorios\u00bb","img":{"alt_text":"","src":"https:\/\/i0.wp.com\/www.moda.es\/blog\/wp-content\/uploads\/2017\/01\/Captura-de-pantalla-2017-02-01-a-las-0.01.48.png?fit=826%2C547&resize=350%2C200","width":350,"height":200},"classes":[]},{"id":22667,"url":"http:\/\/www.moda.es\/blog\/drew-barrymore-lanza-su-propia-marca-con-amazon-fashion\/","url_meta":{"origin":17570,"position":5},"title":"Drew Barrymore lanza su propia marca con Amazon Fashion","date":"octubre 24, 2017","format":false,"excerpt":"Sabemos que ya te gustaba Amazon cuando pod\u00edas comprar pr\u00e1cticamente de todo. Y desde hace unas semanas te gusta alg\u00fan m\u00e1s porque ese \"de todo\" tambi\u00e9n incluye moda. Para seguir sorprendi\u00e9ndote, el portal en el que todo es posible presenta nueva l\u00ednea. Drew Barrymore est\u00e1 expandiendo su imperio con una\u2026","rel":"","context":"En \u00abColecciones\u00bb","img":{"alt_text":"","src":"https:\/\/i0.wp.com\/www.moda.es\/blog\/wp-content\/uploads\/2017\/10\/Captura-de-pantalla-2017-10-24-a-las-23.39.24.png?fit=582%2C322&resize=350%2C200","width":350,"height":200},"classes":[]}],"_links":{"self":[{"href":"http:\/\/www.moda.es\/blog\/wp-json\/wp\/v2\/posts\/17570"}],"collection":[{"href":"http:\/\/www.moda.es\/blog\/wp-json\/wp\/v2\/posts"}],"about":[{"href":"http:\/\/www.moda.es\/blog\/wp-json\/wp\/v2\/types\/post"}],"author":[{"embeddable":true,"href":"http:\/\/www.moda.es\/blog\/wp-json\/wp\/v2\/users\/3"}],"replies":[{"embeddable":true,"href":"http:\/\/www.moda.es\/blog\/wp-json\/wp\/v2\/comments?post=17570"}],"version-history":[{"count":10,"href":"http:\/\/www.moda.es\/blog\/wp-json\/wp\/v2\/posts\/17570\/revisions"}],"predecessor-version":[{"id":36372,"href":"http:\/\/www.moda.es\/blog\/wp-json\/wp\/v2\/posts\/17570\/revisions\/36372"}],"wp:featuredmedia":[{"embeddable":true,"href":"http:\/\/www.moda.es\/blog\/wp-json\/wp\/v2\/media\/17571"}],"wp:attachment":[{"href":"http:\/\/www.moda.es\/blog\/wp-json\/wp\/v2\/media?parent=17570"}],"wp:term":[{"taxonomy":"category","embeddable":true,"href":"http:\/\/www.moda.es\/blog\/wp-json\/wp\/v2\/categories?post=17570"},{"taxonomy":"post_tag","embeddable":true,"href":"http:\/\/www.moda.es\/blog\/wp-json\/wp\/v2\/tags?post=17570"}],"curies":[{"name":"wp","href":"https:\/\/api.w.org\/{rel}","templated":true}]}}