{"id":17560,"date":"2014-04-26T15:39:08","date_gmt":"2014-04-26T14:39:08","guid":{"rendered":"http:\/\/www.moda.es\/blog\/?p=17560"},"modified":"2020-04-27T17:33:27","modified_gmt":"2020-04-27T16:33:27","slug":"la-campana-de-gisele-para-hm-al-completo","status":"publish","type":"post","link":"http:\/\/www.moda.es\/blog\/la-campana-de-gisele-para-hm-al-completo\/","title":{"rendered":"La campa\u00f1a de Gisele para H&amp;M al completo"},"content":{"rendered":"<p>Hace unos d\u00edas la descubr\u00edamos<a href=\"http:\/\/www.moda.es\/blog\/gisele-bundchen-canta-para-hm\/\" target=\"_blank\"> cantando el Heart of Glass de Blondie<\/a> y hoy al fin tenemos las campa\u00f1a completa de <strong>Gisele Bundchen<\/strong> para <strong>H&amp;M<\/strong>.<\/p>\n<p><a href=\"https:\/\/i0.wp.com\/www.moda.es\/blog\/wp-content\/uploads\/2014\/04\/Gisele-2.jpg\"><img data-attachment-id=\"17561\" data-permalink=\"http:\/\/www.moda.es\/blog\/la-campana-de-gisele-para-hm-al-completo\/gisele-2\/\" data-orig-file=\"https:\/\/i0.wp.com\/www.moda.es\/blog\/wp-content\/uploads\/2014\/04\/Gisele-2.jpg?fit=650%2C975\" data-orig-size=\"650,975\" data-comments-opened=\"1\" data-image-meta=\"{&quot;aperture&quot;:&quot;0&quot;,&quot;credit&quot;:&quot;&quot;,&quot;camera&quot;:&quot;&quot;,&quot;caption&quot;:&quot;&quot;,&quot;created_timestamp&quot;:&quot;0&quot;,&quot;copyright&quot;:&quot;&quot;,&quot;focal_length&quot;:&quot;0&quot;,&quot;iso&quot;:&quot;0&quot;,&quot;shutter_speed&quot;:&quot;0&quot;,&quot;title&quot;:&quot;&quot;}\" data-image-title=\"Gisele 2\" data-image-description=\"\" data-image-caption=\"\" data-medium-file=\"https:\/\/i0.wp.com\/www.moda.es\/blog\/wp-content\/uploads\/2014\/04\/Gisele-2.jpg?fit=200%2C300\" data-large-file=\"https:\/\/i0.wp.com\/www.moda.es\/blog\/wp-content\/uploads\/2014\/04\/Gisele-2.jpg?fit=640%2C960\" loading=\"lazy\" class=\"aligncenter size-medium wp-image-17561\" alt=\"Gisele 2\" src=\"https:\/\/i0.wp.com\/www.moda.es\/blog\/wp-content\/uploads\/2014\/04\/Gisele-2.jpg?resize=200%2C300\" width=\"200\" height=\"300\" srcset=\"https:\/\/i0.wp.com\/www.moda.es\/blog\/wp-content\/uploads\/2014\/04\/Gisele-2.jpg?resize=200%2C300 200w, https:\/\/i0.wp.com\/www.moda.es\/blog\/wp-content\/uploads\/2014\/04\/Gisele-2.jpg?resize=420%2C630 420w, https:\/\/i0.wp.com\/www.moda.es\/blog\/wp-content\/uploads\/2014\/04\/Gisele-2.jpg?w=650 650w\" sizes=\"(max-width: 200px) 100vw, 200px\" data-recalc-dims=\"1\" \/><\/a><\/p>\n<p>Despu\u00e9s de <strong>Miranda Kerr<\/strong> (la triste), la\u00a0 modelo brasile\u00f1a es el mejor reemplazo para presentar lo que est\u00e1 por venir en la cadena de moda sueca. Envidia es poco para expresar las sensaciones que nos invaden al ver el cuerpazo de la modelo con los bikinis de la nueva colecci\u00f3n de este verano.<\/p>\n<p><a href=\"https:\/\/i0.wp.com\/www.moda.es\/blog\/wp-content\/uploads\/2014\/04\/Gisele-1.jpg\"><img data-attachment-id=\"17562\" data-permalink=\"http:\/\/www.moda.es\/blog\/la-campana-de-gisele-para-hm-al-completo\/gisele-1\/\" data-orig-file=\"https:\/\/i0.wp.com\/www.moda.es\/blog\/wp-content\/uploads\/2014\/04\/Gisele-1.jpg?fit=650%2C975\" data-orig-size=\"650,975\" data-comments-opened=\"1\" data-image-meta=\"{&quot;aperture&quot;:&quot;0&quot;,&quot;credit&quot;:&quot;&quot;,&quot;camera&quot;:&quot;&quot;,&quot;caption&quot;:&quot;&quot;,&quot;created_timestamp&quot;:&quot;0&quot;,&quot;copyright&quot;:&quot;&quot;,&quot;focal_length&quot;:&quot;0&quot;,&quot;iso&quot;:&quot;0&quot;,&quot;shutter_speed&quot;:&quot;0&quot;,&quot;title&quot;:&quot;&quot;}\" data-image-title=\"Gisele 1\" data-image-description=\"\" data-image-caption=\"\" data-medium-file=\"https:\/\/i0.wp.com\/www.moda.es\/blog\/wp-content\/uploads\/2014\/04\/Gisele-1.jpg?fit=200%2C300\" data-large-file=\"https:\/\/i0.wp.com\/www.moda.es\/blog\/wp-content\/uploads\/2014\/04\/Gisele-1.jpg?fit=640%2C960\" loading=\"lazy\" class=\"aligncenter size-medium wp-image-17562\" alt=\"Gisele 1\" src=\"https:\/\/i0.wp.com\/www.moda.es\/blog\/wp-content\/uploads\/2014\/04\/Gisele-1.jpg?resize=200%2C300\" width=\"200\" height=\"300\" srcset=\"https:\/\/i0.wp.com\/www.moda.es\/blog\/wp-content\/uploads\/2014\/04\/Gisele-1.jpg?resize=200%2C300 200w, https:\/\/i0.wp.com\/www.moda.es\/blog\/wp-content\/uploads\/2014\/04\/Gisele-1.jpg?resize=420%2C630 420w, https:\/\/i0.wp.com\/www.moda.es\/blog\/wp-content\/uploads\/2014\/04\/Gisele-1.jpg?w=650 650w\" sizes=\"(max-width: 200px) 100vw, 200px\" data-recalc-dims=\"1\" \/><\/a><\/p>\n<p><a href=\"https:\/\/i0.wp.com\/www.moda.es\/blog\/wp-content\/uploads\/2014\/04\/Gisele-3.jpg\"><img data-attachment-id=\"17563\" data-permalink=\"http:\/\/www.moda.es\/blog\/la-campana-de-gisele-para-hm-al-completo\/gisele-3\/\" data-orig-file=\"https:\/\/i0.wp.com\/www.moda.es\/blog\/wp-content\/uploads\/2014\/04\/Gisele-3.jpg?fit=650%2C975\" data-orig-size=\"650,975\" data-comments-opened=\"1\" data-image-meta=\"{&quot;aperture&quot;:&quot;0&quot;,&quot;credit&quot;:&quot;&quot;,&quot;camera&quot;:&quot;&quot;,&quot;caption&quot;:&quot;&quot;,&quot;created_timestamp&quot;:&quot;0&quot;,&quot;copyright&quot;:&quot;&quot;,&quot;focal_length&quot;:&quot;0&quot;,&quot;iso&quot;:&quot;0&quot;,&quot;shutter_speed&quot;:&quot;0&quot;,&quot;title&quot;:&quot;&quot;}\" data-image-title=\"Gisele 3\" data-image-description=\"\" data-image-caption=\"\" data-medium-file=\"https:\/\/i0.wp.com\/www.moda.es\/blog\/wp-content\/uploads\/2014\/04\/Gisele-3.jpg?fit=200%2C300\" data-large-file=\"https:\/\/i0.wp.com\/www.moda.es\/blog\/wp-content\/uploads\/2014\/04\/Gisele-3.jpg?fit=640%2C960\" loading=\"lazy\" class=\"aligncenter size-medium wp-image-17563\" alt=\"Gisele 3\" src=\"https:\/\/i0.wp.com\/www.moda.es\/blog\/wp-content\/uploads\/2014\/04\/Gisele-3.jpg?resize=200%2C300\" width=\"200\" height=\"300\" srcset=\"https:\/\/i0.wp.com\/www.moda.es\/blog\/wp-content\/uploads\/2014\/04\/Gisele-3.jpg?resize=200%2C300 200w, https:\/\/i0.wp.com\/www.moda.es\/blog\/wp-content\/uploads\/2014\/04\/Gisele-3.jpg?resize=420%2C630 420w, https:\/\/i0.wp.com\/www.moda.es\/blog\/wp-content\/uploads\/2014\/04\/Gisele-3.jpg?w=650 650w\" sizes=\"(max-width: 200px) 100vw, 200px\" data-recalc-dims=\"1\" \/><\/a><\/p>\n<p>Con un predominio del <strong>blanco<\/strong> enfrentado a los <strong>estampados cargados de combinaciones locas de colores<\/strong>, la colecci\u00f3n presenta looks <strong>relajados<\/strong> y c\u00f3mdos para disfrutar el verano sin complicarnos mucho con la ropa.<\/p>\n<p><a href=\"https:\/\/i0.wp.com\/www.moda.es\/blog\/wp-content\/uploads\/2014\/04\/Gisele-4.jpg\"><img data-attachment-id=\"17564\" data-permalink=\"http:\/\/www.moda.es\/blog\/la-campana-de-gisele-para-hm-al-completo\/gisele-4\/\" data-orig-file=\"https:\/\/i0.wp.com\/www.moda.es\/blog\/wp-content\/uploads\/2014\/04\/Gisele-4.jpg?fit=650%2C975\" data-orig-size=\"650,975\" data-comments-opened=\"1\" data-image-meta=\"{&quot;aperture&quot;:&quot;0&quot;,&quot;credit&quot;:&quot;&quot;,&quot;camera&quot;:&quot;&quot;,&quot;caption&quot;:&quot;&quot;,&quot;created_timestamp&quot;:&quot;0&quot;,&quot;copyright&quot;:&quot;&quot;,&quot;focal_length&quot;:&quot;0&quot;,&quot;iso&quot;:&quot;0&quot;,&quot;shutter_speed&quot;:&quot;0&quot;,&quot;title&quot;:&quot;&quot;}\" data-image-title=\"Gisele 4\" data-image-description=\"\" data-image-caption=\"\" data-medium-file=\"https:\/\/i0.wp.com\/www.moda.es\/blog\/wp-content\/uploads\/2014\/04\/Gisele-4.jpg?fit=200%2C300\" data-large-file=\"https:\/\/i0.wp.com\/www.moda.es\/blog\/wp-content\/uploads\/2014\/04\/Gisele-4.jpg?fit=640%2C960\" loading=\"lazy\" class=\"aligncenter size-medium wp-image-17564\" alt=\"Gisele 4\" src=\"https:\/\/i0.wp.com\/www.moda.es\/blog\/wp-content\/uploads\/2014\/04\/Gisele-4.jpg?resize=200%2C300\" width=\"200\" height=\"300\" srcset=\"https:\/\/i0.wp.com\/www.moda.es\/blog\/wp-content\/uploads\/2014\/04\/Gisele-4.jpg?resize=200%2C300 200w, https:\/\/i0.wp.com\/www.moda.es\/blog\/wp-content\/uploads\/2014\/04\/Gisele-4.jpg?resize=420%2C630 420w, https:\/\/i0.wp.com\/www.moda.es\/blog\/wp-content\/uploads\/2014\/04\/Gisele-4.jpg?w=650 650w\" sizes=\"(max-width: 200px) 100vw, 200px\" data-recalc-dims=\"1\" \/><\/a><\/p>\n<p>Vestidos largos y pantalones fluidos acompa\u00f1an a camisetas oversize y monos, faldas y pantalones cortos.<\/p>\n<p><a href=\"https:\/\/i0.wp.com\/www.moda.es\/blog\/wp-content\/uploads\/2014\/04\/Gisele-5.jpg\"><img data-attachment-id=\"17565\" data-permalink=\"http:\/\/www.moda.es\/blog\/la-campana-de-gisele-para-hm-al-completo\/gisele-5\/\" data-orig-file=\"https:\/\/i0.wp.com\/www.moda.es\/blog\/wp-content\/uploads\/2014\/04\/Gisele-5.jpg?fit=650%2C975\" data-orig-size=\"650,975\" data-comments-opened=\"1\" data-image-meta=\"{&quot;aperture&quot;:&quot;0&quot;,&quot;credit&quot;:&quot;&quot;,&quot;camera&quot;:&quot;&quot;,&quot;caption&quot;:&quot;&quot;,&quot;created_timestamp&quot;:&quot;0&quot;,&quot;copyright&quot;:&quot;&quot;,&quot;focal_length&quot;:&quot;0&quot;,&quot;iso&quot;:&quot;0&quot;,&quot;shutter_speed&quot;:&quot;0&quot;,&quot;title&quot;:&quot;&quot;}\" data-image-title=\"Gisele 5\" data-image-description=\"\" data-image-caption=\"\" data-medium-file=\"https:\/\/i0.wp.com\/www.moda.es\/blog\/wp-content\/uploads\/2014\/04\/Gisele-5.jpg?fit=200%2C300\" data-large-file=\"https:\/\/i0.wp.com\/www.moda.es\/blog\/wp-content\/uploads\/2014\/04\/Gisele-5.jpg?fit=640%2C960\" loading=\"lazy\" class=\"aligncenter size-medium wp-image-17565\" alt=\"Gisele 5\" src=\"https:\/\/i0.wp.com\/www.moda.es\/blog\/wp-content\/uploads\/2014\/04\/Gisele-5.jpg?resize=200%2C300\" width=\"200\" height=\"300\" srcset=\"https:\/\/i0.wp.com\/www.moda.es\/blog\/wp-content\/uploads\/2014\/04\/Gisele-5.jpg?resize=200%2C300 200w, https:\/\/i0.wp.com\/www.moda.es\/blog\/wp-content\/uploads\/2014\/04\/Gisele-5.jpg?resize=420%2C630 420w, https:\/\/i0.wp.com\/www.moda.es\/blog\/wp-content\/uploads\/2014\/04\/Gisele-5.jpg?w=650 650w\" sizes=\"(max-width: 200px) 100vw, 200px\" data-recalc-dims=\"1\" \/><\/a><\/p>\n<p><a href=\"https:\/\/i0.wp.com\/www.moda.es\/blog\/wp-content\/uploads\/2014\/04\/Gisele-7.jpg\"><img data-attachment-id=\"17566\" data-permalink=\"http:\/\/www.moda.es\/blog\/la-campana-de-gisele-para-hm-al-completo\/gisele-7\/\" data-orig-file=\"https:\/\/i0.wp.com\/www.moda.es\/blog\/wp-content\/uploads\/2014\/04\/Gisele-7.jpg?fit=650%2C780\" data-orig-size=\"650,780\" data-comments-opened=\"1\" data-image-meta=\"{&quot;aperture&quot;:&quot;0&quot;,&quot;credit&quot;:&quot;&quot;,&quot;camera&quot;:&quot;&quot;,&quot;caption&quot;:&quot;&quot;,&quot;created_timestamp&quot;:&quot;0&quot;,&quot;copyright&quot;:&quot;&quot;,&quot;focal_length&quot;:&quot;0&quot;,&quot;iso&quot;:&quot;0&quot;,&quot;shutter_speed&quot;:&quot;0&quot;,&quot;title&quot;:&quot;&quot;}\" data-image-title=\"Gisele 7\" data-image-description=\"\" data-image-caption=\"\" data-medium-file=\"https:\/\/i0.wp.com\/www.moda.es\/blog\/wp-content\/uploads\/2014\/04\/Gisele-7.jpg?fit=250%2C300\" data-large-file=\"https:\/\/i0.wp.com\/www.moda.es\/blog\/wp-content\/uploads\/2014\/04\/Gisele-7.jpg?fit=640%2C768\" loading=\"lazy\" class=\"aligncenter size-medium wp-image-17566\" alt=\"Gisele 7\" src=\"https:\/\/i0.wp.com\/www.moda.es\/blog\/wp-content\/uploads\/2014\/04\/Gisele-7.jpg?resize=250%2C300\" width=\"250\" height=\"300\" srcset=\"https:\/\/i0.wp.com\/www.moda.es\/blog\/wp-content\/uploads\/2014\/04\/Gisele-7.jpg?resize=250%2C300 250w, https:\/\/i0.wp.com\/www.moda.es\/blog\/wp-content\/uploads\/2014\/04\/Gisele-7.jpg?resize=420%2C504 420w, https:\/\/i0.wp.com\/www.moda.es\/blog\/wp-content\/uploads\/2014\/04\/Gisele-7.jpg?w=650 650w\" sizes=\"(max-width: 250px) 100vw, 250px\" data-recalc-dims=\"1\" \/><\/a><\/p>\n<p>Los bikinis combinan partes de arriba reforzadas para garantizar el mejor ajuste con estampados de amebas pero mi favorito es el de crochet blanco, sin tirantes y perfecto para cuando estamos muy morenas.<\/p>\n<p><a href=\"https:\/\/i0.wp.com\/www.moda.es\/blog\/wp-content\/uploads\/2014\/04\/Gisele-6.jpg\"><img data-attachment-id=\"17567\" data-permalink=\"http:\/\/www.moda.es\/blog\/la-campana-de-gisele-para-hm-al-completo\/gisele-6\/\" data-orig-file=\"https:\/\/i0.wp.com\/www.moda.es\/blog\/wp-content\/uploads\/2014\/04\/Gisele-6.jpg?fit=650%2C975\" data-orig-size=\"650,975\" data-comments-opened=\"1\" data-image-meta=\"{&quot;aperture&quot;:&quot;0&quot;,&quot;credit&quot;:&quot;&quot;,&quot;camera&quot;:&quot;&quot;,&quot;caption&quot;:&quot;&quot;,&quot;created_timestamp&quot;:&quot;0&quot;,&quot;copyright&quot;:&quot;&quot;,&quot;focal_length&quot;:&quot;0&quot;,&quot;iso&quot;:&quot;0&quot;,&quot;shutter_speed&quot;:&quot;0&quot;,&quot;title&quot;:&quot;&quot;}\" data-image-title=\"Gisele 6\" data-image-description=\"\" data-image-caption=\"\" data-medium-file=\"https:\/\/i0.wp.com\/www.moda.es\/blog\/wp-content\/uploads\/2014\/04\/Gisele-6.jpg?fit=200%2C300\" data-large-file=\"https:\/\/i0.wp.com\/www.moda.es\/blog\/wp-content\/uploads\/2014\/04\/Gisele-6.jpg?fit=640%2C960\" loading=\"lazy\" class=\"aligncenter size-medium wp-image-17567\" alt=\"Gisele 6\" src=\"https:\/\/i0.wp.com\/www.moda.es\/blog\/wp-content\/uploads\/2014\/04\/Gisele-6.jpg?resize=200%2C300\" width=\"200\" height=\"300\" srcset=\"https:\/\/i0.wp.com\/www.moda.es\/blog\/wp-content\/uploads\/2014\/04\/Gisele-6.jpg?resize=200%2C300 200w, https:\/\/i0.wp.com\/www.moda.es\/blog\/wp-content\/uploads\/2014\/04\/Gisele-6.jpg?resize=420%2C630 420w, https:\/\/i0.wp.com\/www.moda.es\/blog\/wp-content\/uploads\/2014\/04\/Gisele-6.jpg?w=650 650w\" sizes=\"(max-width: 200px) 100vw, 200px\" data-recalc-dims=\"1\" \/><\/a><\/p>\n<p>El pr\u00f3ximo<strong> 1\u00a0 de mayo<\/strong> tendr\u00e1s toda la colecci\u00f3n, y la campa\u00f1a, en tiendas y en su web de venta online. El cuerpo de Gisele, tendremos que trabaj\u00e1rnoslo en el gimnasio.<\/p>\n<p>&nbsp;<\/p>\n<p>\u00a9Harper&#8217;s Bazaar                             <\/p>\n","protected":false},"excerpt":{"rendered":"<p>Hace unos d\u00edas la descubr\u00edamos cantando el Heart of Glass de Blondie y hoy al fin tenemos las campa\u00f1a completa de Gisele Bundchen para H&amp;M. Despu\u00e9s de Miranda Kerr (la triste), la\u00a0 modelo brasile\u00f1a es el mejor reemplazo para presentar lo que est\u00e1 por venir en la cadena de moda [&hellip;]<\/p>\n","protected":false},"author":3,"featured_media":17561,"comment_status":"open","ping_status":"open","sticky":false,"template":"","format":"standard","meta":{"jetpack_publicize_message":"","jetpack_is_tweetstorm":false,"jetpack_publicize_feature_enabled":true},"categories":[8,11,14,17],"tags":[352,377],"jetpack_publicize_connections":[],"jetpack_featured_media_url":"https:\/\/i0.wp.com\/www.moda.es\/blog\/wp-content\/uploads\/2014\/04\/Gisele-2.jpg?fit=650%2C975","jetpack_sharing_enabled":true,"jetpack_shortlink":"https:\/\/wp.me\/p4tJCC-4ze","jetpack-related-posts":[{"id":17873,"url":"http:\/\/www.moda.es\/blog\/gisele-bundchen-para-stuart-weitzman\/","url_meta":{"origin":17560,"position":0},"title":"Gisele B\u00fcndchen para Stuart Weitzman","date":"junio 17, 2014","format":false,"excerpt":"No, no est\u00e1s teniendo un deja vu, es que la pr\u00f3xima campa\u00f1a de Stuart Weitzman con Gisele B\u00fcndchen es exacta a la protagonizada por Kate Moss. Si algo funciona, \u00bfpor qu\u00e9 abandonarlo? Eso es lo que deben haber pensado en la casa porque la est\u00e9tica es la misma que hemos\u2026","rel":"","context":"En \u00abCampa\u00f1as\u00bb","img":{"alt_text":"","src":"https:\/\/i0.wp.com\/www.moda.es\/blog\/wp-content\/uploads\/2014\/06\/bundchen-2.jpg?fit=650%2C510&resize=350%2C200","width":350,"height":200},"classes":[]},{"id":17538,"url":"http:\/\/www.moda.es\/blog\/gisele-bundchen-canta-para-hm\/","url_meta":{"origin":17560,"position":1},"title":"Gisele B\u00fcndchen canta para H&amp;M","date":"abril 23, 2014","format":false,"excerpt":"Ya se ha encumbrado como uno de los n\u00fameros uno de las pasarelas, pero... \u00bfpodr\u00eda Gisele B\u00fcndchen ser el pr\u00f3ximo n\u00famero uno de las listas de \u00e9xitos musicales? De momento lo est\u00e1 intentando. La supermodelo acaba de lanzar el video musical de su nueva colaboraci\u00f3n con Bob Sinclair, una nueva\u2026","rel":"","context":"En \u00abCampa\u00f1as\u00bb","img":{"alt_text":"","src":"https:\/\/i0.wp.com\/www.moda.es\/blog\/wp-content\/uploads\/2014\/04\/Giselle-Bundchen-HM.jpg?fit=650%2C650&resize=350%2C200","width":350,"height":200},"classes":[]},{"id":17767,"url":"http:\/\/www.moda.es\/blog\/gisele-bundchen-nueva-imagen-de-chanel-no5\/","url_meta":{"origin":17560,"position":2},"title":"Gisele B\u00fcndchen, nueva imagen de Chanel N\u00ba5","date":"mayo 26, 2014","format":false,"excerpt":"Chanel ha anunciado que la polifac\u00e9tica modelo Gisele B\u00fcndchen,\u00a0 tiene otra tarea que agregar a su apretada agenda: ser la nueva cara de Chanel N \u00ba 5, y es que B\u00fcndchen ser\u00e1 la protagonista de una nueva campa\u00f1a que saldr\u00e1 a la luz a finales de 2014, que ser\u00e1 dirigida\u2026","rel":"","context":"En \u00abActualidad\u00bb","img":{"alt_text":"","src":"https:\/\/i0.wp.com\/www.moda.es\/blog\/wp-content\/uploads\/2014\/05\/a_3x-vertical.jpg?fit=650%2C975&resize=350%2C200","width":350,"height":200},"classes":[]},{"id":19754,"url":"http:\/\/www.moda.es\/blog\/gisele-bundchen-baila-para-stuart-weitzman\/","url_meta":{"origin":17560,"position":3},"title":"Gisele B\u00fcndchen baila para Stuart Weitzman","date":"agosto 29, 2015","format":false,"excerpt":"Ya hab\u00edamos conocido los muchos talentos de Gisele B\u00fcndchen. No s\u00f3lo se planta ante el objetivo como pocas sino que la pudimos o\u00edr cantar en la campa\u00f1a de H&M al son del Heart of Glass de Blondie, actuar en otra para Chanel bajo las \u00f3rdenes de Baz Luhrmann y\u00a0\u00a0ha demostrar\u2026","rel":"","context":"En \u00abAccesorios\u00bb","img":{"alt_text":"","src":"https:\/\/i0.wp.com\/www.moda.es\/blog\/wp-content\/uploads\/2015\/08\/Captura-de-pantalla-2015-08-29-a-las-23.08.42.png?fit=620%2C438&resize=350%2C200","width":350,"height":200},"classes":[]},{"id":18652,"url":"http:\/\/www.moda.es\/blog\/giselle-bundchen-para-stuart-weitzman\/","url_meta":{"origin":17560,"position":4},"title":"Giselle B\u00fcndchen para Stuart Weitzman","date":"diciembre 19, 2014","format":false,"excerpt":"\u00bfTe ha gustado la campa\u00f1a de Chaenl N\u00ba5 con Gisele B\u00fcndchen? Porque yo todav\u00eda no lo he decidido... La que s\u00ed me gusta es la nueva que ha protagonizado para Stuart Weitzman, a pesar de que se parezca peligrosamente a todas las que ya realiz\u00f3 Kate Moss. Gisele Bundchen vuelve\u2026","rel":"","context":"En \u00abActualidad\u00bb","img":{"alt_text":"","src":"https:\/\/i0.wp.com\/www.moda.es\/blog\/wp-content\/uploads\/2014\/12\/gbsw.jpg?fit=650%2C433&resize=350%2C200","width":350,"height":200},"classes":[]},{"id":12794,"url":"http:\/\/www.moda.es\/blog\/gisele-bundchen-se-une-al-no-al-photoshop\/","url_meta":{"origin":17560,"position":5},"title":"Gisele Bundchen se une al no al Photoshop","date":"mayo 27, 2013","format":false,"excerpt":"Difuminar arrugas, afinar siluetas, borrar celulitis... e incluso partes del cuerpo. El noble arte del Photoshop tiene la capacidad de sacar lo mejor de una imagen pero tambi\u00e9n la de corregir hasta extremos rid\u00edculos. Ante la obsesi\u00f3n por pasar toda instant\u00e1nea de moda por el caprichoso filtro que las hace\u2026","rel":"","context":"En \u00abCampa\u00f1as\u00bb","img":{"alt_text":"","src":"https:\/\/i0.wp.com\/www.moda.es\/blog\/wp-content\/uploads\/2013\/05\/Gisele-Bundchen-11.jpg?fit=500%2C750&resize=350%2C200","width":350,"height":200},"classes":[]}],"_links":{"self":[{"href":"http:\/\/www.moda.es\/blog\/wp-json\/wp\/v2\/posts\/17560"}],"collection":[{"href":"http:\/\/www.moda.es\/blog\/wp-json\/wp\/v2\/posts"}],"about":[{"href":"http:\/\/www.moda.es\/blog\/wp-json\/wp\/v2\/types\/post"}],"author":[{"embeddable":true,"href":"http:\/\/www.moda.es\/blog\/wp-json\/wp\/v2\/users\/3"}],"replies":[{"embeddable":true,"href":"http:\/\/www.moda.es\/blog\/wp-json\/wp\/v2\/comments?post=17560"}],"version-history":[{"count":7,"href":"http:\/\/www.moda.es\/blog\/wp-json\/wp\/v2\/posts\/17560\/revisions"}],"predecessor-version":[{"id":36373,"href":"http:\/\/www.moda.es\/blog\/wp-json\/wp\/v2\/posts\/17560\/revisions\/36373"}],"wp:featuredmedia":[{"embeddable":true,"href":"http:\/\/www.moda.es\/blog\/wp-json\/wp\/v2\/media\/17561"}],"wp:attachment":[{"href":"http:\/\/www.moda.es\/blog\/wp-json\/wp\/v2\/media?parent=17560"}],"wp:term":[{"taxonomy":"category","embeddable":true,"href":"http:\/\/www.moda.es\/blog\/wp-json\/wp\/v2\/categories?post=17560"},{"taxonomy":"post_tag","embeddable":true,"href":"http:\/\/www.moda.es\/blog\/wp-json\/wp\/v2\/tags?post=17560"}],"curies":[{"name":"wp","href":"https:\/\/api.w.org\/{rel}","templated":true}]}}