{"id":17538,"date":"2014-04-23T22:12:05","date_gmt":"2014-04-23T21:12:05","guid":{"rendered":"http:\/\/www.moda.es\/blog\/?p=17538"},"modified":"2020-04-27T17:33:52","modified_gmt":"2020-04-27T16:33:52","slug":"gisele-bundchen-canta-para-hm","status":"publish","type":"post","link":"http:\/\/www.moda.es\/blog\/gisele-bundchen-canta-para-hm\/","title":{"rendered":"Gisele B\u00fcndchen canta para H&amp;M"},"content":{"rendered":"<p><a href=\"https:\/\/i0.wp.com\/www.moda.es\/blog\/wp-content\/uploads\/2014\/04\/Giselle-Bundchen-HM.jpg\"><img data-attachment-id=\"17540\" data-permalink=\"http:\/\/www.moda.es\/blog\/gisele-bundchen-canta-para-hm\/giselle-bundchen-hm\/\" data-orig-file=\"https:\/\/i0.wp.com\/www.moda.es\/blog\/wp-content\/uploads\/2014\/04\/Giselle-Bundchen-HM.jpg?fit=650%2C650\" data-orig-size=\"650,650\" data-comments-opened=\"1\" data-image-meta=\"{&quot;aperture&quot;:&quot;0&quot;,&quot;credit&quot;:&quot;&quot;,&quot;camera&quot;:&quot;&quot;,&quot;caption&quot;:&quot;&quot;,&quot;created_timestamp&quot;:&quot;0&quot;,&quot;copyright&quot;:&quot;&quot;,&quot;focal_length&quot;:&quot;0&quot;,&quot;iso&quot;:&quot;0&quot;,&quot;shutter_speed&quot;:&quot;0&quot;,&quot;title&quot;:&quot;&quot;}\" data-image-title=\"Giselle Bundchen &#8211; HM\" data-image-description=\"\" data-image-caption=\"\" data-medium-file=\"https:\/\/i0.wp.com\/www.moda.es\/blog\/wp-content\/uploads\/2014\/04\/Giselle-Bundchen-HM.jpg?fit=300%2C300\" data-large-file=\"https:\/\/i0.wp.com\/www.moda.es\/blog\/wp-content\/uploads\/2014\/04\/Giselle-Bundchen-HM.jpg?fit=640%2C640\" loading=\"lazy\" class=\"aligncenter size-medium wp-image-17540\" alt=\"Giselle Bundchen - HM\" src=\"https:\/\/i0.wp.com\/www.moda.es\/blog\/wp-content\/uploads\/2014\/04\/Giselle-Bundchen-HM.jpg?resize=300%2C300\" width=\"300\" height=\"300\" srcset=\"https:\/\/i0.wp.com\/www.moda.es\/blog\/wp-content\/uploads\/2014\/04\/Giselle-Bundchen-HM.jpg?resize=300%2C300 300w, https:\/\/i0.wp.com\/www.moda.es\/blog\/wp-content\/uploads\/2014\/04\/Giselle-Bundchen-HM.jpg?resize=150%2C150 150w, https:\/\/i0.wp.com\/www.moda.es\/blog\/wp-content\/uploads\/2014\/04\/Giselle-Bundchen-HM.jpg?resize=420%2C420 420w, https:\/\/i0.wp.com\/www.moda.es\/blog\/wp-content\/uploads\/2014\/04\/Giselle-Bundchen-HM.jpg?resize=120%2C120 120w, https:\/\/i0.wp.com\/www.moda.es\/blog\/wp-content\/uploads\/2014\/04\/Giselle-Bundchen-HM.jpg?w=650 650w\" sizes=\"(max-width: 300px) 100vw, 300px\" data-recalc-dims=\"1\" \/><\/a><\/p>\n<p>Ya se ha encumbrado como uno de los n\u00fameros uno de las pasarelas, pero&#8230; \u00bfpodr\u00eda <strong>Gisele B\u00fcndchen<\/strong> ser el pr\u00f3ximo n\u00famero uno de las listas de \u00e9xitos musicales? De momento lo est\u00e1 intentando. La supermodelo acaba de lanzar el <strong>video musical<\/strong> de su nueva colaboraci\u00f3n con <strong>Bob Sinclair,<\/strong> una nueva versi\u00f3n del tema <em>Heart of Glass<\/em> de <strong>Blondie.<\/strong><\/p>\n<p><a href=\"https:\/\/i0.wp.com\/www.moda.es\/blog\/wp-content\/uploads\/2014\/04\/Giselle-Bundchen-HM-3.jpg\"><img data-attachment-id=\"17541\" data-permalink=\"http:\/\/www.moda.es\/blog\/gisele-bundchen-canta-para-hm\/giselle-bundchen-hm-3\/\" data-orig-file=\"https:\/\/i0.wp.com\/www.moda.es\/blog\/wp-content\/uploads\/2014\/04\/Giselle-Bundchen-HM-3.jpg?fit=650%2C433\" data-orig-size=\"650,433\" data-comments-opened=\"1\" data-image-meta=\"{&quot;aperture&quot;:&quot;0&quot;,&quot;credit&quot;:&quot;&quot;,&quot;camera&quot;:&quot;&quot;,&quot;caption&quot;:&quot;&quot;,&quot;created_timestamp&quot;:&quot;0&quot;,&quot;copyright&quot;:&quot;&quot;,&quot;focal_length&quot;:&quot;0&quot;,&quot;iso&quot;:&quot;0&quot;,&quot;shutter_speed&quot;:&quot;0&quot;,&quot;title&quot;:&quot;&quot;}\" data-image-title=\"Giselle Bundchen &#8211; HM 3\" data-image-description=\"\" data-image-caption=\"\" data-medium-file=\"https:\/\/i0.wp.com\/www.moda.es\/blog\/wp-content\/uploads\/2014\/04\/Giselle-Bundchen-HM-3.jpg?fit=300%2C199\" data-large-file=\"https:\/\/i0.wp.com\/www.moda.es\/blog\/wp-content\/uploads\/2014\/04\/Giselle-Bundchen-HM-3.jpg?fit=640%2C426\" loading=\"lazy\" class=\"aligncenter size-medium wp-image-17541\" alt=\"Giselle Bundchen - HM 3\" src=\"https:\/\/i0.wp.com\/www.moda.es\/blog\/wp-content\/uploads\/2014\/04\/Giselle-Bundchen-HM-3.jpg?resize=300%2C199\" width=\"300\" height=\"199\" srcset=\"https:\/\/i0.wp.com\/www.moda.es\/blog\/wp-content\/uploads\/2014\/04\/Giselle-Bundchen-HM-3.jpg?resize=300%2C199 300w, https:\/\/i0.wp.com\/www.moda.es\/blog\/wp-content\/uploads\/2014\/04\/Giselle-Bundchen-HM-3.jpg?w=650 650w, https:\/\/i0.wp.com\/www.moda.es\/blog\/wp-content\/uploads\/2014\/04\/Giselle-Bundchen-HM-3.jpg?resize=420%2C279 420w\" sizes=\"(max-width: 300px) 100vw, 300px\" data-recalc-dims=\"1\" \/><\/a><\/p>\n<p>La canci\u00f3n forma parte de su asociaci\u00f3n con <strong>H&amp;M<\/strong> y se utilizar\u00e1 en los anuncios de la marca este verano en una campa\u00f1a en la que la veremos bailando en la playa mientras muestra la nueva colecci\u00f3n de <strong>trajes de ba\u00f1o. <\/strong><\/p>\n<p><strong><a href=\"https:\/\/i0.wp.com\/www.moda.es\/blog\/wp-content\/uploads\/2014\/04\/Giselle-Bundchen-HM-4.jpg\"><img data-attachment-id=\"17542\" data-permalink=\"http:\/\/www.moda.es\/blog\/gisele-bundchen-canta-para-hm\/giselle-bundchen-hm-4\/\" data-orig-file=\"https:\/\/i0.wp.com\/www.moda.es\/blog\/wp-content\/uploads\/2014\/04\/Giselle-Bundchen-HM-4.jpg?fit=650%2C433\" data-orig-size=\"650,433\" data-comments-opened=\"1\" data-image-meta=\"{&quot;aperture&quot;:&quot;0&quot;,&quot;credit&quot;:&quot;&quot;,&quot;camera&quot;:&quot;&quot;,&quot;caption&quot;:&quot;&quot;,&quot;created_timestamp&quot;:&quot;0&quot;,&quot;copyright&quot;:&quot;&quot;,&quot;focal_length&quot;:&quot;0&quot;,&quot;iso&quot;:&quot;0&quot;,&quot;shutter_speed&quot;:&quot;0&quot;,&quot;title&quot;:&quot;&quot;}\" data-image-title=\"Giselle Bundchen &#8211; HM 4\" data-image-description=\"\" data-image-caption=\"\" data-medium-file=\"https:\/\/i0.wp.com\/www.moda.es\/blog\/wp-content\/uploads\/2014\/04\/Giselle-Bundchen-HM-4.jpg?fit=300%2C199\" data-large-file=\"https:\/\/i0.wp.com\/www.moda.es\/blog\/wp-content\/uploads\/2014\/04\/Giselle-Bundchen-HM-4.jpg?fit=640%2C426\" loading=\"lazy\" class=\"aligncenter size-medium wp-image-17542\" alt=\"Giselle Bundchen - HM 4\" src=\"https:\/\/i0.wp.com\/www.moda.es\/blog\/wp-content\/uploads\/2014\/04\/Giselle-Bundchen-HM-4.jpg?resize=300%2C199\" width=\"300\" height=\"199\" srcset=\"https:\/\/i0.wp.com\/www.moda.es\/blog\/wp-content\/uploads\/2014\/04\/Giselle-Bundchen-HM-4.jpg?resize=300%2C199 300w, https:\/\/i0.wp.com\/www.moda.es\/blog\/wp-content\/uploads\/2014\/04\/Giselle-Bundchen-HM-4.jpg?w=650 650w, https:\/\/i0.wp.com\/www.moda.es\/blog\/wp-content\/uploads\/2014\/04\/Giselle-Bundchen-HM-4.jpg?resize=420%2C279 420w\" sizes=\"(max-width: 300px) 100vw, 300px\" data-recalc-dims=\"1\" \/><\/a><\/strong><\/p>\n<p>No es la primera vez que Gisele ha flexionado sus cuerdas vocales para la marca: anteriormente\u00a0 grab\u00f3 una versi\u00f3n del\u00a0<em>All Day And All Of The Night\u00a0<\/em> de\u00a0 The Kinks en la campa\u00f1a oto\u00f1o \/ invierno 2013. Al igual que en aquella ocasi\u00f3n, todos los beneficios ser\u00e1n donados a <strong>UNICEF.<\/strong><\/p>\n<p><a href=\"https:\/\/i0.wp.com\/www.moda.es\/blog\/wp-content\/uploads\/2014\/04\/Giselle-Bundchen-HM-5.jpg\"><img data-attachment-id=\"17543\" data-permalink=\"http:\/\/www.moda.es\/blog\/gisele-bundchen-canta-para-hm\/giselle-bundchen-hm-5\/\" data-orig-file=\"https:\/\/i0.wp.com\/www.moda.es\/blog\/wp-content\/uploads\/2014\/04\/Giselle-Bundchen-HM-5.jpg?fit=650%2C975\" data-orig-size=\"650,975\" data-comments-opened=\"1\" data-image-meta=\"{&quot;aperture&quot;:&quot;0&quot;,&quot;credit&quot;:&quot;&quot;,&quot;camera&quot;:&quot;&quot;,&quot;caption&quot;:&quot;&quot;,&quot;created_timestamp&quot;:&quot;0&quot;,&quot;copyright&quot;:&quot;&quot;,&quot;focal_length&quot;:&quot;0&quot;,&quot;iso&quot;:&quot;0&quot;,&quot;shutter_speed&quot;:&quot;0&quot;,&quot;title&quot;:&quot;&quot;}\" data-image-title=\"Giselle Bundchen &#8211; HM 5\" data-image-description=\"\" data-image-caption=\"\" data-medium-file=\"https:\/\/i0.wp.com\/www.moda.es\/blog\/wp-content\/uploads\/2014\/04\/Giselle-Bundchen-HM-5.jpg?fit=200%2C300\" data-large-file=\"https:\/\/i0.wp.com\/www.moda.es\/blog\/wp-content\/uploads\/2014\/04\/Giselle-Bundchen-HM-5.jpg?fit=640%2C960\" loading=\"lazy\" class=\"aligncenter size-medium wp-image-17543\" alt=\"Giselle Bundchen - HM 5\" src=\"https:\/\/i0.wp.com\/www.moda.es\/blog\/wp-content\/uploads\/2014\/04\/Giselle-Bundchen-HM-5.jpg?resize=200%2C300\" width=\"200\" height=\"300\" srcset=\"https:\/\/i0.wp.com\/www.moda.es\/blog\/wp-content\/uploads\/2014\/04\/Giselle-Bundchen-HM-5.jpg?resize=200%2C300 200w, https:\/\/i0.wp.com\/www.moda.es\/blog\/wp-content\/uploads\/2014\/04\/Giselle-Bundchen-HM-5.jpg?resize=420%2C630 420w, https:\/\/i0.wp.com\/www.moda.es\/blog\/wp-content\/uploads\/2014\/04\/Giselle-Bundchen-HM-5.jpg?w=650 650w\" sizes=\"(max-width: 200px) 100vw, 200px\" data-recalc-dims=\"1\" \/><\/a><\/p>\n<p>\u00bfQu\u00e9 te parece su actuaci\u00f3n ante el micr\u00f3fono? Juzga el resultado t\u00fa mismo.<\/p>\n<div class=\"jetpack-video-wrapper\"><span class=\"embed-youtube\" style=\"text-align:center; display: block;\"><iframe loading=\"lazy\" class=\"youtube-player\" width=\"640\" height=\"360\" src=\"https:\/\/www.youtube.com\/embed\/5obRhcjB3ws?version=3&#038;rel=1&#038;showsearch=0&#038;showinfo=1&#038;iv_load_policy=1&#038;fs=1&#038;hl=es-ES&#038;autohide=2&#038;wmode=transparent\" allowfullscreen=\"true\" style=\"border:0;\" sandbox=\"allow-scripts allow-same-origin allow-popups allow-presentation\"><\/iframe><\/span><\/div>\n<p>&nbsp;<\/p>\n<p>&nbsp;<\/p>\n<p>\u00a9Harper&#8217;s Bazaar \/ Vogue                             <\/p>\n","protected":false},"excerpt":{"rendered":"<p>Ya se ha encumbrado como uno de los n\u00fameros uno de las pasarelas, pero&#8230; \u00bfpodr\u00eda Gisele B\u00fcndchen ser el pr\u00f3ximo n\u00famero uno de las listas de \u00e9xitos musicales? De momento lo est\u00e1 intentando. La supermodelo acaba de lanzar el video musical de su nueva colaboraci\u00f3n con Bob Sinclair, una nueva [&hellip;]<\/p>\n","protected":false},"author":3,"featured_media":17540,"comment_status":"open","ping_status":"open","sticky":false,"template":"","format":"standard","meta":{"jetpack_publicize_message":"","jetpack_is_tweetstorm":false,"jetpack_publicize_feature_enabled":true},"categories":[8,11,14,17],"tags":[352,377],"jetpack_publicize_connections":[],"jetpack_featured_media_url":"https:\/\/i0.wp.com\/www.moda.es\/blog\/wp-content\/uploads\/2014\/04\/Giselle-Bundchen-HM.jpg?fit=650%2C650","jetpack_sharing_enabled":true,"jetpack_shortlink":"https:\/\/wp.me\/p4tJCC-4yS","jetpack-related-posts":[{"id":17873,"url":"http:\/\/www.moda.es\/blog\/gisele-bundchen-para-stuart-weitzman\/","url_meta":{"origin":17538,"position":0},"title":"Gisele B\u00fcndchen para Stuart Weitzman","date":"junio 17, 2014","format":false,"excerpt":"No, no est\u00e1s teniendo un deja vu, es que la pr\u00f3xima campa\u00f1a de Stuart Weitzman con Gisele B\u00fcndchen es exacta a la protagonizada por Kate Moss. Si algo funciona, \u00bfpor qu\u00e9 abandonarlo? Eso es lo que deben haber pensado en la casa porque la est\u00e9tica es la misma que hemos\u2026","rel":"","context":"En \u00abCampa\u00f1as\u00bb","img":{"alt_text":"","src":"https:\/\/i0.wp.com\/www.moda.es\/blog\/wp-content\/uploads\/2014\/06\/bundchen-2.jpg?fit=650%2C510&resize=350%2C200","width":350,"height":200},"classes":[]},{"id":17767,"url":"http:\/\/www.moda.es\/blog\/gisele-bundchen-nueva-imagen-de-chanel-no5\/","url_meta":{"origin":17538,"position":1},"title":"Gisele B\u00fcndchen, nueva imagen de Chanel N\u00ba5","date":"mayo 26, 2014","format":false,"excerpt":"Chanel ha anunciado que la polifac\u00e9tica modelo Gisele B\u00fcndchen,\u00a0 tiene otra tarea que agregar a su apretada agenda: ser la nueva cara de Chanel N \u00ba 5, y es que B\u00fcndchen ser\u00e1 la protagonista de una nueva campa\u00f1a que saldr\u00e1 a la luz a finales de 2014, que ser\u00e1 dirigida\u2026","rel":"","context":"En \u00abActualidad\u00bb","img":{"alt_text":"","src":"https:\/\/i0.wp.com\/www.moda.es\/blog\/wp-content\/uploads\/2014\/05\/a_3x-vertical.jpg?fit=650%2C975&resize=350%2C200","width":350,"height":200},"classes":[]},{"id":17560,"url":"http:\/\/www.moda.es\/blog\/la-campana-de-gisele-para-hm-al-completo\/","url_meta":{"origin":17538,"position":2},"title":"La campa\u00f1a de Gisele para H&amp;M al completo","date":"abril 26, 2014","format":false,"excerpt":"Hace unos d\u00edas la descubr\u00edamos cantando el Heart of Glass de Blondie y hoy al fin tenemos las campa\u00f1a completa de Gisele Bundchen para H&M. Despu\u00e9s de Miranda Kerr (la triste), la\u00a0 modelo brasile\u00f1a es el mejor reemplazo para presentar lo que est\u00e1 por venir en la cadena de moda\u2026","rel":"","context":"En \u00abCampa\u00f1as\u00bb","img":{"alt_text":"","src":"https:\/\/i0.wp.com\/www.moda.es\/blog\/wp-content\/uploads\/2014\/04\/Gisele-2.jpg?fit=650%2C975&resize=350%2C200","width":350,"height":200},"classes":[]},{"id":19754,"url":"http:\/\/www.moda.es\/blog\/gisele-bundchen-baila-para-stuart-weitzman\/","url_meta":{"origin":17538,"position":3},"title":"Gisele B\u00fcndchen baila para Stuart Weitzman","date":"agosto 29, 2015","format":false,"excerpt":"Ya hab\u00edamos conocido los muchos talentos de Gisele B\u00fcndchen. No s\u00f3lo se planta ante el objetivo como pocas sino que la pudimos o\u00edr cantar en la campa\u00f1a de H&M al son del Heart of Glass de Blondie, actuar en otra para Chanel bajo las \u00f3rdenes de Baz Luhrmann y\u00a0\u00a0ha demostrar\u2026","rel":"","context":"En \u00abAccesorios\u00bb","img":{"alt_text":"","src":"https:\/\/i0.wp.com\/www.moda.es\/blog\/wp-content\/uploads\/2015\/08\/Captura-de-pantalla-2015-08-29-a-las-23.08.42.png?fit=620%2C438&resize=350%2C200","width":350,"height":200},"classes":[]},{"id":18652,"url":"http:\/\/www.moda.es\/blog\/giselle-bundchen-para-stuart-weitzman\/","url_meta":{"origin":17538,"position":4},"title":"Giselle B\u00fcndchen para Stuart Weitzman","date":"diciembre 19, 2014","format":false,"excerpt":"\u00bfTe ha gustado la campa\u00f1a de Chaenl N\u00ba5 con Gisele B\u00fcndchen? Porque yo todav\u00eda no lo he decidido... La que s\u00ed me gusta es la nueva que ha protagonizado para Stuart Weitzman, a pesar de que se parezca peligrosamente a todas las que ya realiz\u00f3 Kate Moss. Gisele Bundchen vuelve\u2026","rel":"","context":"En \u00abActualidad\u00bb","img":{"alt_text":"","src":"https:\/\/i0.wp.com\/www.moda.es\/blog\/wp-content\/uploads\/2014\/12\/gbsw.jpg?fit=650%2C433&resize=350%2C200","width":350,"height":200},"classes":[]},{"id":19824,"url":"http:\/\/www.moda.es\/blog\/veinte-anos-de-gisele\/","url_meta":{"origin":17538,"position":5},"title":"Veinte a\u00f1os de Gisele","date":"septiembre 24, 2015","format":false,"excerpt":"Ayer habl\u00e1bamos del libro de la retrospectiva de Cindy Crawford, y hoy tenemos una nueva chica en el papel. Un nuevo libro de edici\u00f3n limitada celebrar\u00e1 los 20 a\u00f1os de carrera de Gisele B\u00fcndchen en un recorrido que traza c\u00f3mo ella viaj\u00f3 desde el campo brasile\u00f1o para convertirse en la\u2026","rel":"","context":"En \u00abActualidad\u00bb","img":{"alt_text":"","src":"https:\/\/i0.wp.com\/www.moda.es\/blog\/wp-content\/uploads\/2015\/09\/Captura-de-pantalla-2015-09-25-a-las-0.08.15.png?fit=321%2C484&resize=350%2C200","width":350,"height":200},"classes":[]}],"_links":{"self":[{"href":"http:\/\/www.moda.es\/blog\/wp-json\/wp\/v2\/posts\/17538"}],"collection":[{"href":"http:\/\/www.moda.es\/blog\/wp-json\/wp\/v2\/posts"}],"about":[{"href":"http:\/\/www.moda.es\/blog\/wp-json\/wp\/v2\/types\/post"}],"author":[{"embeddable":true,"href":"http:\/\/www.moda.es\/blog\/wp-json\/wp\/v2\/users\/3"}],"replies":[{"embeddable":true,"href":"http:\/\/www.moda.es\/blog\/wp-json\/wp\/v2\/comments?post=17538"}],"version-history":[{"count":7,"href":"http:\/\/www.moda.es\/blog\/wp-json\/wp\/v2\/posts\/17538\/revisions"}],"predecessor-version":[{"id":36376,"href":"http:\/\/www.moda.es\/blog\/wp-json\/wp\/v2\/posts\/17538\/revisions\/36376"}],"wp:featuredmedia":[{"embeddable":true,"href":"http:\/\/www.moda.es\/blog\/wp-json\/wp\/v2\/media\/17540"}],"wp:attachment":[{"href":"http:\/\/www.moda.es\/blog\/wp-json\/wp\/v2\/media?parent=17538"}],"wp:term":[{"taxonomy":"category","embeddable":true,"href":"http:\/\/www.moda.es\/blog\/wp-json\/wp\/v2\/categories?post=17538"},{"taxonomy":"post_tag","embeddable":true,"href":"http:\/\/www.moda.es\/blog\/wp-json\/wp\/v2\/tags?post=17538"}],"curies":[{"name":"wp","href":"https:\/\/api.w.org\/{rel}","templated":true}]}}