{"id":17532,"date":"2014-04-22T20:13:42","date_gmt":"2014-04-22T19:13:42","guid":{"rendered":"http:\/\/www.moda.es\/blog\/?p=17532"},"modified":"2020-04-27T17:34:01","modified_gmt":"2020-04-27T16:34:01","slug":"roland-moret-para-banana-republic","status":"publish","type":"post","link":"http:\/\/www.moda.es\/blog\/roland-moret-para-banana-republic\/","title":{"rendered":"Roland Moret para Banana Republic"},"content":{"rendered":"<p>No paramos de recibir anuncions de <strong>colaboraciones entre marcas<\/strong> y el de hoy viene pisando fuerte. El dise\u00f1ador de la alfombra roja, <strong>Roland Mouret<\/strong>, es el nuevo fichaje de<strong> Banana Republic<\/strong> para crear una colecci\u00f3n de edici\u00f3n limitada.<\/p>\n<p>La colecci\u00f3n se compondr\u00e1 de<strong> 30 piezas<\/strong> entre las que habr\u00e1 vestidos, pantalones, faldas y blusas y el creador ha hablado sobre ella: \u00abNo es una copia de mi ropa en una versi\u00f3n m\u00e1s econ\u00f3mica, sino la experiencia de un vestido confeccionado con todo detalle para el cliente Banana Republic\u00bb. Su atenci\u00f3n fue atra\u00edda gracias al innovador <strong>tejido de algod\u00f3n Sloan bi -stretch<\/strong> de Banana Republic: \u00abCuando conoc\u00ed el material inmediatamente me sent\u00ed interesado en trabajar con \u00e9l a mi estilo\u00bb, dijo, y contin\u00faa: \u00abEl objetivo de esta colecci\u00f3n es ofrecer\u00a0 una <strong>variedad de siluetas de reloj de arena<\/strong> utilizando la tela Sloan de Banana Republic, e<strong>xtendiendo mi amor por la moda a precios m\u00e1s accesibles<\/strong>\u00ab.<br \/>\n\u00abMe siento muy inspirada por la habilidad de Roland para los drapeados y las siluetas\u00bb, ha afirmado <strong>Melloney Birkett,<\/strong> vicepresidente de dise\u00f1o femenino en Banana Republic. \u00ab\u00c9l tiene una fuerte intuici\u00f3n sobre la forma de vestir a una mujer y llena su trabajo de una hermosa sensualidad\u00bb.<\/p>\n<p>&nbsp;<\/p>\n<p>La colecci\u00f3n estar\u00e1 disponible en tiendas seleccionadas de Banana Republic de todo el mundo y en su web a partir del mes de <strong>agosto,<\/strong> y los precios oscilar\u00e1n <strong>entre los 45 y los 160 euros<\/strong>.<\/p>\n<p><a href=\"https:\/\/i0.wp.com\/www.moda.es\/blog\/wp-content\/uploads\/2014\/04\/Roland-Moret-1.jpg\"><img data-attachment-id=\"17533\" data-permalink=\"http:\/\/www.moda.es\/blog\/roland-moret-para-banana-republic\/roland-moret-1\/\" data-orig-file=\"https:\/\/i0.wp.com\/www.moda.es\/blog\/wp-content\/uploads\/2014\/04\/Roland-Moret-1.jpg?fit=650%2C975\" data-orig-size=\"650,975\" data-comments-opened=\"1\" data-image-meta=\"{&quot;aperture&quot;:&quot;0&quot;,&quot;credit&quot;:&quot;&quot;,&quot;camera&quot;:&quot;&quot;,&quot;caption&quot;:&quot;&quot;,&quot;created_timestamp&quot;:&quot;0&quot;,&quot;copyright&quot;:&quot;&quot;,&quot;focal_length&quot;:&quot;0&quot;,&quot;iso&quot;:&quot;0&quot;,&quot;shutter_speed&quot;:&quot;0&quot;,&quot;title&quot;:&quot;&quot;}\" data-image-title=\"Roland Moret 1\" data-image-description=\"\" data-image-caption=\"\" data-medium-file=\"https:\/\/i0.wp.com\/www.moda.es\/blog\/wp-content\/uploads\/2014\/04\/Roland-Moret-1.jpg?fit=200%2C300\" data-large-file=\"https:\/\/i0.wp.com\/www.moda.es\/blog\/wp-content\/uploads\/2014\/04\/Roland-Moret-1.jpg?fit=640%2C960\" loading=\"lazy\" class=\"aligncenter size-medium wp-image-17533\" alt=\"Roland Moret 1\" src=\"https:\/\/i0.wp.com\/www.moda.es\/blog\/wp-content\/uploads\/2014\/04\/Roland-Moret-1.jpg?resize=200%2C300\" width=\"200\" height=\"300\" srcset=\"https:\/\/i0.wp.com\/www.moda.es\/blog\/wp-content\/uploads\/2014\/04\/Roland-Moret-1.jpg?resize=200%2C300 200w, https:\/\/i0.wp.com\/www.moda.es\/blog\/wp-content\/uploads\/2014\/04\/Roland-Moret-1.jpg?resize=420%2C630 420w, https:\/\/i0.wp.com\/www.moda.es\/blog\/wp-content\/uploads\/2014\/04\/Roland-Moret-1.jpg?w=650 650w\" sizes=\"(max-width: 200px) 100vw, 200px\" data-recalc-dims=\"1\" \/><\/a><\/p>\n<p>\u00a9Harper&#8217;s Bazaar<\/p>\n<p>&nbsp;                             <\/p>\n","protected":false},"excerpt":{"rendered":"<p>No paramos de recibir anuncions de colaboraciones entre marcas y el de hoy viene pisando fuerte. El dise\u00f1ador de la alfombra roja, Roland Mouret, es el nuevo fichaje de Banana Republic para crear una colecci\u00f3n de edici\u00f3n limitada. La colecci\u00f3n se compondr\u00e1 de 30 piezas entre las que habr\u00e1 vestidos, [&hellip;]<\/p>\n","protected":false},"author":3,"featured_media":17533,"comment_status":"open","ping_status":"open","sticky":false,"template":"","format":"standard","meta":{"jetpack_publicize_message":"","jetpack_is_tweetstorm":false,"jetpack_publicize_feature_enabled":true},"categories":[10,11,12,14,29],"tags":[111,981],"jetpack_publicize_connections":[],"jetpack_featured_media_url":"https:\/\/i0.wp.com\/www.moda.es\/blog\/wp-content\/uploads\/2014\/04\/Roland-Moret-1.jpg?fit=650%2C975","jetpack_sharing_enabled":true,"jetpack_shortlink":"https:\/\/wp.me\/p4tJCC-4yM","jetpack-related-posts":[{"id":18085,"url":"http:\/\/www.moda.es\/blog\/descubre-la-coleccion-de-roland-mouret-para-banana-republic\/","url_meta":{"origin":17532,"position":0},"title":"Descubre la colecci\u00f3n de Roland Mouret para Banana Republic","date":"agosto 18, 2014","format":false,"excerpt":"Banana Republic ya ha presentado la colecci\u00f3n c\u00e1psula que ha creado Roland Mouret para la casa, y el resultado no puede ser m\u00e1 sexy. Y es que Mouret parece querer llevar el car\u00e1cter de femme fatale de su costura a explorar nuevos lugares. \"La asociaci\u00f3n con Banana Republic en este\u2026","rel":"","context":"En \u00abActualidad\u00bb","img":{"alt_text":"","src":"https:\/\/i0.wp.com\/www.moda.es\/blog\/wp-content\/uploads\/2014\/08\/Roland-Mouret-Banana-Republic-600x358.jpg?fit=650%2C388&resize=350%2C200","width":350,"height":200},"classes":[]},{"id":13285,"url":"http:\/\/www.moda.es\/blog\/lwren-scott-se-une-a-banana-republic\/","url_meta":{"origin":17532,"position":1},"title":"L&#8217;Wren Scott se une a Banana Republic","date":"julio 10, 2013","format":false,"excerpt":"Es conocida por sus vestidos de corte de Alta Costura y precios disparatados, y este proyecto\u00a0 ha supuesto todo un reto que ha afrontado con ganas e ilusi\u00f3n. Tras recibir m\u00faltiples propuestas de diferentes marcas pero finalmente ha sido Banana Republic quien se ha llevado el \"s\u00ed, quiero\". La dise\u00f1adora\u2026","rel":"","context":"En \u00abColecciones\u00bb","img":{"alt_text":"","src":"https:\/\/i0.wp.com\/www.moda.es\/blog\/wp-content\/uploads\/2013\/07\/LWren-Scott.jpg?fit=400%2C600&resize=350%2C200","width":350,"height":200},"classes":[]},{"id":22430,"url":"http:\/\/www.moda.es\/blog\/olivia-palermo-banana-republic-y-el-fondo-de-armario-perfecto\/","url_meta":{"origin":17532,"position":2},"title":"Olivia Palermo, Banana Republic y el fondo de armario perfecto","date":"agosto 13, 2017","format":false,"excerpt":"\"La moda es para todos\", dice Olivia Palermo, y si hay alguien que sabe de moda es ella. Desde el oto\u00f1o pasado, ha sido embajadora de estilo para Banana Republic desde el oto\u00f1o pasado. Eso signific\u00f3 curar una secci\u00f3n del sitio web de la marca con una edici\u00f3n mensual de\u2026","rel":"","context":"En \u00abActualidad\u00bb","img":{"alt_text":"","src":"https:\/\/i0.wp.com\/www.moda.es\/blog\/wp-content\/uploads\/2017\/08\/Captura-de-pantalla-2017-08-13-a-las-22.00.17.png?fit=555%2C368&resize=350%2C200","width":350,"height":200},"classes":[]},{"id":11779,"url":"http:\/\/www.moda.es\/blog\/banana-republic-vuelvete-loco\/","url_meta":{"origin":17532,"position":3},"title":"Banana Republic: vu\u00e9lvete loco","date":"marzo 30, 2013","format":false,"excerpt":"\u00a0 Banana Republic se ha asociado con la dise\u00f1adora de vestuario de la exitosa serie Mad Men, Janie Bryant, para crear una nueva colecci\u00f3n que nos permite explorar nuestros propios Don y Joan. La dise\u00f1adora ganadora de un premio Emmy, toma su inspiraci\u00f3n de los trajes presentados en las \u00faltimas\u2026","rel":"","context":"En \u00abActualidad\u00bb","img":{"alt_text":"","src":"https:\/\/i0.wp.com\/www.moda.es\/blog\/wp-content\/uploads\/2013\/03\/Banana-Republic-11.jpg?fit=400%2C400&resize=350%2C200","width":350,"height":200},"classes":[]},{"id":15008,"url":"http:\/\/www.moda.es\/blog\/resumen-de-la-semana-30-de-noviembre\/","url_meta":{"origin":17532,"position":4},"title":"Resumen de la semana. 30 de noviembre","date":"noviembre 30, 2013","format":false,"excerpt":"\u00bfQu\u00e9 tal ha ido la semana? Espero que muy bien porque para algunos no ha sido tan buena... Lleg\u00f3, vio pero no venci\u00f3. La \u00faltima inciativa en uno de los mercados m\u00e1s interesantes para el mundo del lujo, Rusia, ha sido un fracaso absoluto. Louis Vuitton levant\u00f3 una majestuosa instalaci\u00f3n\u2026","rel":"","context":"En \u00abActualidad\u00bb","img":{"alt_text":"","src":"https:\/\/i0.wp.com\/www.moda.es\/blog\/wp-content\/uploads\/2013\/11\/Resumen-30-11-15.jpg?fit=500%2C750&resize=350%2C200","width":350,"height":200},"classes":[]},{"id":16163,"url":"http:\/\/www.moda.es\/blog\/hasta-siempre-senora-scott\/","url_meta":{"origin":17532,"position":5},"title":"Hasta siempre se\u00f1ora Scott","date":"marzo 17, 2014","format":false,"excerpt":"Como siempre, los grandes se van demasiado pronto y hoy la moda cierra el d\u00eda con una partida que se adelanta en exceso. La creadora L'Wren Scott ha decidido hoy acabar con su vida y la moda se siente un poquito m\u00e1s hu\u00e9rfana. La alt\u00edsima\u00a0 dise\u00f1adora fue una ni\u00f1a\u00a0 feliz\u2026","rel":"","context":"En \u00abActualidad\u00bb","img":{"alt_text":"","src":"https:\/\/i0.wp.com\/www.moda.es\/blog\/wp-content\/uploads\/2014\/03\/lwren-scott1.jpg?fit=500%2C818&resize=350%2C200","width":350,"height":200},"classes":[]}],"_links":{"self":[{"href":"http:\/\/www.moda.es\/blog\/wp-json\/wp\/v2\/posts\/17532"}],"collection":[{"href":"http:\/\/www.moda.es\/blog\/wp-json\/wp\/v2\/posts"}],"about":[{"href":"http:\/\/www.moda.es\/blog\/wp-json\/wp\/v2\/types\/post"}],"author":[{"embeddable":true,"href":"http:\/\/www.moda.es\/blog\/wp-json\/wp\/v2\/users\/3"}],"replies":[{"embeddable":true,"href":"http:\/\/www.moda.es\/blog\/wp-json\/wp\/v2\/comments?post=17532"}],"version-history":[{"count":9,"href":"http:\/\/www.moda.es\/blog\/wp-json\/wp\/v2\/posts\/17532\/revisions"}],"predecessor-version":[{"id":36377,"href":"http:\/\/www.moda.es\/blog\/wp-json\/wp\/v2\/posts\/17532\/revisions\/36377"}],"wp:featuredmedia":[{"embeddable":true,"href":"http:\/\/www.moda.es\/blog\/wp-json\/wp\/v2\/media\/17533"}],"wp:attachment":[{"href":"http:\/\/www.moda.es\/blog\/wp-json\/wp\/v2\/media?parent=17532"}],"wp:term":[{"taxonomy":"category","embeddable":true,"href":"http:\/\/www.moda.es\/blog\/wp-json\/wp\/v2\/categories?post=17532"},{"taxonomy":"post_tag","embeddable":true,"href":"http:\/\/www.moda.es\/blog\/wp-json\/wp\/v2\/tags?post=17532"}],"curies":[{"name":"wp","href":"https:\/\/api.w.org\/{rel}","templated":true}]}}