{"id":16179,"date":"2014-03-21T23:27:25","date_gmt":"2014-03-21T22:27:25","guid":{"rendered":"http:\/\/www.moda.es\/blog\/?p=16179"},"modified":"2020-04-27T17:36:56","modified_gmt":"2020-04-27T16:36:56","slug":"por-que-cara-delevingne-no-es-la-nueva-kate-moss","status":"publish","type":"post","link":"http:\/\/www.moda.es\/blog\/por-que-cara-delevingne-no-es-la-nueva-kate-moss\/","title":{"rendered":"\u00bfPor qu\u00e9 Cara Delevingne no es la nueva Kate Moss?"},"content":{"rendered":"<p><a href=\"https:\/\/i0.wp.com\/www.moda.es\/blog\/wp-content\/uploads\/2014\/03\/Cara-vs-Kate-1.jpg\"><img data-attachment-id=\"16180\" data-permalink=\"http:\/\/www.moda.es\/blog\/por-que-cara-delevingne-no-es-la-nueva-kate-moss\/cara-vs-kate-1\/\" data-orig-file=\"https:\/\/i0.wp.com\/www.moda.es\/blog\/wp-content\/uploads\/2014\/03\/Cara-vs-Kate-1.jpg?fit=500%2C750\" data-orig-size=\"500,750\" data-comments-opened=\"1\" data-image-meta=\"{&quot;aperture&quot;:&quot;0&quot;,&quot;credit&quot;:&quot;&quot;,&quot;camera&quot;:&quot;&quot;,&quot;caption&quot;:&quot;&quot;,&quot;created_timestamp&quot;:&quot;0&quot;,&quot;copyright&quot;:&quot;&quot;,&quot;focal_length&quot;:&quot;0&quot;,&quot;iso&quot;:&quot;0&quot;,&quot;shutter_speed&quot;:&quot;0&quot;,&quot;title&quot;:&quot;&quot;}\" data-image-title=\"Cara vs Kate 1\" data-image-description=\"\" data-image-caption=\"\" data-medium-file=\"https:\/\/i0.wp.com\/www.moda.es\/blog\/wp-content\/uploads\/2014\/03\/Cara-vs-Kate-1.jpg?fit=200%2C300\" data-large-file=\"https:\/\/i0.wp.com\/www.moda.es\/blog\/wp-content\/uploads\/2014\/03\/Cara-vs-Kate-1.jpg?fit=500%2C750\" loading=\"lazy\" class=\"aligncenter size-full wp-image-16180\" alt=\"Cara vs Kate 1\" src=\"https:\/\/i0.wp.com\/www.moda.es\/blog\/wp-content\/uploads\/2014\/03\/Cara-vs-Kate-1.jpg?resize=500%2C750\" width=\"500\" height=\"750\" srcset=\"https:\/\/i0.wp.com\/www.moda.es\/blog\/wp-content\/uploads\/2014\/03\/Cara-vs-Kate-1.jpg?w=500 500w, https:\/\/i0.wp.com\/www.moda.es\/blog\/wp-content\/uploads\/2014\/03\/Cara-vs-Kate-1.jpg?resize=200%2C300 200w\" sizes=\"(max-width: 500px) 100vw, 500px\" data-recalc-dims=\"1\" \/><\/a><\/p>\n<p>La co-fundadora de la agencia de modelos <strong>Storm, Sarah Doukas<\/strong> y su hermano, <strong>Simon Chambers<\/strong>, han puesto de manifiesto las diferencias clave entre Cara Delevingne y Kate Moss, ambas descubiertas por esta agencia y con frecuencia compradas entre s\u00ed en la prensa.<\/p>\n<p>A trav\u00e9s del Cond\u00e9 Nast College celebrado en Londres, los representantes de Storm quisieron dar a los estudiantes una visi\u00f3n del mundo de las <strong>modelos. Chambers <\/strong>se\u00f1al\u00f3 que hay una gran diferencia generacional entre ambas modelos en lo que redes sociales se refiere. \u00abPara Cara, usar<strong> las redes sociales es algo natural<\/strong> y\u00a0 una parte de la forma en que vive \u00ab, dijo. \u00abEl otro d\u00eda ella tom\u00f3 una <em>selfie<\/em> en la pasarela. A nadie m\u00e1s de otra generaci\u00f3n, tal vez de la de Kate, se le ocurrir\u00eda hacer eso.\u00bb<\/p>\n<p>Chamber tambi\u00e9n quiso discutir c\u00f3mo en esta nueva era de los medios sociales las marcas tienen que atraer a los clientes en un <strong>\u00abaspecto 3 -D\u00bb<\/strong>. Una campa\u00f1a ya no se trata s\u00f3lo de una buena foto, la modelo tiene que ser visto como \u00abla persona\u00bb de esa campa\u00f1a y esto tiene que mostrarse por todos los medios, <strong>desde la imagen al making of<\/strong>.<\/p>\n<p>\u00abCara se parece mucho a los medios sociales, es<strong> innovadora, emocionante y no puede dejar de expresarse<\/strong> \u00ab, asegur\u00f3. Sin embargo, Doukas ha querido destacar la importancia de no permitir que su <strong>\u00abchica maravilla\u00bb<\/strong> llegue a saturar el mercado. De hecho revel\u00f3 que tienen que<strong> rechazar al menos un 70 por ciento<\/strong> de las oportunidades que le surgen a Cara: \u00bb Nos pasamos la vida diciendo que no\u00bb, admiti\u00f3.<\/p>\n<p>Los fundadores de Storm dieron adem\u00e1s un consejo para aquellas chicas que est\u00e9n plante\u00e1ndose iniciar su carrera en el modelaje: \u00abS\u00f3lo tienes que perseguir tu sue\u00f1o y luchar por \u00e9l\u00bb. Adem\u00e1s, recuerd\u00f3 que \u00abuna buena agencia ser\u00e1 capaz de decidir incluso con la foto de un perfil en Facebook o una foto de un m\u00f3vil si hay <strong>potencial<\/strong>\u00ab.<\/p>\n<p><a href=\"https:\/\/i0.wp.com\/www.moda.es\/blog\/wp-content\/uploads\/2014\/03\/Cara-vs-Kate-2.jpg\"><img data-attachment-id=\"16181\" data-permalink=\"http:\/\/www.moda.es\/blog\/por-que-cara-delevingne-no-es-la-nueva-kate-moss\/cara-vs-kate-2\/\" data-orig-file=\"https:\/\/i0.wp.com\/www.moda.es\/blog\/wp-content\/uploads\/2014\/03\/Cara-vs-Kate-2.jpg?fit=500%2C333\" data-orig-size=\"500,333\" data-comments-opened=\"1\" data-image-meta=\"{&quot;aperture&quot;:&quot;0&quot;,&quot;credit&quot;:&quot;&quot;,&quot;camera&quot;:&quot;&quot;,&quot;caption&quot;:&quot;&quot;,&quot;created_timestamp&quot;:&quot;0&quot;,&quot;copyright&quot;:&quot;&quot;,&quot;focal_length&quot;:&quot;0&quot;,&quot;iso&quot;:&quot;0&quot;,&quot;shutter_speed&quot;:&quot;0&quot;,&quot;title&quot;:&quot;&quot;}\" data-image-title=\"Cara vs Kate 2\" data-image-description=\"\" data-image-caption=\"\" data-medium-file=\"https:\/\/i0.wp.com\/www.moda.es\/blog\/wp-content\/uploads\/2014\/03\/Cara-vs-Kate-2.jpg?fit=300%2C199\" data-large-file=\"https:\/\/i0.wp.com\/www.moda.es\/blog\/wp-content\/uploads\/2014\/03\/Cara-vs-Kate-2.jpg?fit=500%2C333\" loading=\"lazy\" class=\"aligncenter size-full wp-image-16181\" alt=\"Cara vs Kate 2\" src=\"https:\/\/i0.wp.com\/www.moda.es\/blog\/wp-content\/uploads\/2014\/03\/Cara-vs-Kate-2.jpg?resize=500%2C333\" width=\"500\" height=\"333\" srcset=\"https:\/\/i0.wp.com\/www.moda.es\/blog\/wp-content\/uploads\/2014\/03\/Cara-vs-Kate-2.jpg?w=500 500w, https:\/\/i0.wp.com\/www.moda.es\/blog\/wp-content\/uploads\/2014\/03\/Cara-vs-Kate-2.jpg?resize=300%2C199 300w\" sizes=\"(max-width: 500px) 100vw, 500px\" data-recalc-dims=\"1\" \/><\/a><\/p>\n<p>&nbsp;<\/p>\n<p>&nbsp;<\/p>\n<p>\u00a9Vogue UK<\/p>\n<p>&nbsp;                             <\/p>\n","protected":false},"excerpt":{"rendered":"<p>La co-fundadora de la agencia de modelos Storm, Sarah Doukas y su hermano, Simon Chambers, han puesto de manifiesto las diferencias clave entre Cara Delevingne y Kate Moss, ambas descubiertas por esta agencia y con frecuencia compradas entre s\u00ed en la prensa. A trav\u00e9s del Cond\u00e9 Nast College celebrado en [&hellip;]<\/p>\n","protected":false},"author":3,"featured_media":16180,"comment_status":"open","ping_status":"open","sticky":false,"template":"","format":"standard","meta":{"jetpack_publicize_message":"","jetpack_is_tweetstorm":false,"jetpack_publicize_feature_enabled":true},"categories":[3,11,17],"tags":[163,471],"jetpack_publicize_connections":[],"jetpack_featured_media_url":"https:\/\/i0.wp.com\/www.moda.es\/blog\/wp-content\/uploads\/2014\/03\/Cara-vs-Kate-1.jpg?fit=500%2C750","jetpack_sharing_enabled":true,"jetpack_shortlink":"https:\/\/wp.me\/p4tJCC-4cX","jetpack-related-posts":[{"id":19551,"url":"http:\/\/www.moda.es\/blog\/cara-delevingne-cierra-su-contrato-con-su-agencia-de-modelos\/","url_meta":{"origin":16179,"position":0},"title":"Cara Delevingne cierra su contrato con su agencia de modelos","date":"julio 9, 2015","format":false,"excerpt":"La misi\u00f3n de Cara de presentarse a s\u00ed misma como una actriz seria se ha completado: los 22 a\u00f1os de edad, ya no est\u00e1 representada por una agencia de modelos, sino por un agente de actores. Delevingne, que actualmente est\u00e1 filmando Suicide Squad con\u00a0David Ayer, est\u00e1 a punto de presentar\u2026","rel":"","context":"En \u00abActualidad\u00bb","img":{"alt_text":"","src":"https:\/\/i0.wp.com\/www.moda.es\/blog\/wp-content\/uploads\/2015\/07\/Captura-de-pantalla-2015-07-09-a-las-11.33.46.png?fit=527%2C796&resize=350%2C200","width":350,"height":200},"classes":[]},{"id":19424,"url":"http:\/\/www.moda.es\/blog\/cara-delevingne-y-kate-moss-juntas-para-mango\/","url_meta":{"origin":16179,"position":1},"title":"Cara Delevingne y Kate Moss, juntas para Mango","date":"mayo 28, 2015","format":false,"excerpt":"\u00bfPor qu\u00e9 tener una musa pudiendo tener dos? Dos iconos de la moda se han reunido para una sola marca. Kate Moss y Cara Delevingne protagonizan la campa\u00f1a de Oto\u00f1o\/Invierno de Mango bajo el hashtag #somethingincommon. No se nos podr\u00eda imaginar mejor pareja para representar a la marca. Aclamada por\u2026","rel":"","context":"En \u00abActualidad\u00bb","img":{"alt_text":"","src":"https:\/\/i0.wp.com\/www.moda.es\/blog\/wp-content\/uploads\/2015\/05\/Kate-Moss-Cara-Delevingne-for-MANGO.jpg?fit=650%2C434&resize=350%2C200","width":350,"height":200},"classes":[]},{"id":15041,"url":"http:\/\/www.moda.es\/blog\/la-noche-de-la-moda-britanica\/","url_meta":{"origin":16179,"position":2},"title":"La noche de la moda brit\u00e1nica","date":"diciembre 3, 2013","format":false,"excerpt":"Si la Gala de los MET es la gran fiesta de la moda para las celebrities estadounidenses, los British Fashion Awards son sin duda la noche de la moda brit\u00e1nica. El acto re\u00fane a los grandes y mejores de la moda brit\u00e1nica, as\u00ed como un par de geniales invitados que\u2026","rel":"","context":"En \u00abActualidad\u00bb","img":{"alt_text":"","src":"https:\/\/i0.wp.com\/www.moda.es\/blog\/wp-content\/uploads\/2013\/12\/Alexa-Chung-de-Stella-McCartney.jpg?resize=350%2C200","width":350,"height":200},"classes":[]},{"id":12562,"url":"http:\/\/www.moda.es\/blog\/el-lado-solidario-de-cara-y-marc-jacobs\/","url_meta":{"origin":16179,"position":3},"title":"El lado solidario de Cara y Marc Jacobs","date":"mayo 14, 2013","format":false,"excerpt":"No s\u00f3lo de fiestas, desfiles y nuevas colecciones vive la moda. A veces tambi\u00e9n sacan su lado m\u00e1s amable y comprometido y utilizan su poder para llevar iniciativas interesantes a las conciencias de las fashionistas. Cara\u00a0 Delevingne es la \u00faltima cara fashion (y por la naturaleza de la instant\u00e1nea, el\u2026","rel":"","context":"En \u00abDestacados\u00bb","img":{"alt_text":"","src":"https:\/\/i0.wp.com\/www.moda.es\/blog\/wp-content\/uploads\/2013\/05\/Cara-Delevingne-Marc-Jacobs-11.jpg?fit=500%2C750&resize=350%2C200","width":350,"height":200},"classes":[]},{"id":19795,"url":"http:\/\/www.moda.es\/blog\/stella-mccartney-y-cara-delevingne-se-unen-contra-el-cancer\/","url_meta":{"origin":16179,"position":4},"title":"Stella McCartney y Cara Delevingne se unen contra el c\u00e1ncer","date":"septiembre 16, 2015","format":false,"excerpt":"La dise\u00f1adora Stella McCartney es una fiel participante del mes del c\u00e1ncer de mama, que se celebra anualmente en octubre, pues la causa\u00a0le coge de cerca pues su madre, Linda McCartney, muri\u00f3 de esa enfermedad en 1998. El a\u00f1o pasado su amiga Kate Moss fue imagen de la campa\u00f1a que\u2026","rel":"","context":"En \u00abActualidad\u00bb","img":{"alt_text":"","src":"https:\/\/i0.wp.com\/www.moda.es\/blog\/wp-content\/uploads\/2015\/09\/Captura-de-pantalla-2015-09-16-a-las-22.37.09.png?fit=529%2C682&resize=350%2C200","width":350,"height":200},"classes":[]},{"id":10599,"url":"http:\/\/www.moda.es\/blog\/y-entonces-llego-cara\/","url_meta":{"origin":16179,"position":5},"title":"Y entonces lleg\u00f3 Cara&#8230;","date":"febrero 5, 2013","format":false,"excerpt":"\u00a0 Ha\u00a0 desfilado como uno de los m\u00e1s sexies \u00e1ngeles de Victoria's Secret, sido nombrada Modelo del A\u00f1o en la \u00faltima edici\u00f3n de los British Fashion Awards, es icono de moda y los fashionistas adoran sus looks y la siguen por todas las pasarelas que pisa y con cada uno\u2026","rel":"","context":"En \u00abFirmas\u00bb","img":{"alt_text":"","src":"https:\/\/i0.wp.com\/www.moda.es\/blog\/wp-content\/uploads\/2013\/02\/Cara-Delevingne-para-Pepe-Jeans-41.jpg?fit=500%2C333&resize=350%2C200","width":350,"height":200},"classes":[]}],"_links":{"self":[{"href":"http:\/\/www.moda.es\/blog\/wp-json\/wp\/v2\/posts\/16179"}],"collection":[{"href":"http:\/\/www.moda.es\/blog\/wp-json\/wp\/v2\/posts"}],"about":[{"href":"http:\/\/www.moda.es\/blog\/wp-json\/wp\/v2\/types\/post"}],"author":[{"embeddable":true,"href":"http:\/\/www.moda.es\/blog\/wp-json\/wp\/v2\/users\/3"}],"replies":[{"embeddable":true,"href":"http:\/\/www.moda.es\/blog\/wp-json\/wp\/v2\/comments?post=16179"}],"version-history":[{"count":6,"href":"http:\/\/www.moda.es\/blog\/wp-json\/wp\/v2\/posts\/16179\/revisions"}],"predecessor-version":[{"id":36397,"href":"http:\/\/www.moda.es\/blog\/wp-json\/wp\/v2\/posts\/16179\/revisions\/36397"}],"wp:featuredmedia":[{"embeddable":true,"href":"http:\/\/www.moda.es\/blog\/wp-json\/wp\/v2\/media\/16180"}],"wp:attachment":[{"href":"http:\/\/www.moda.es\/blog\/wp-json\/wp\/v2\/media?parent=16179"}],"wp:term":[{"taxonomy":"category","embeddable":true,"href":"http:\/\/www.moda.es\/blog\/wp-json\/wp\/v2\/categories?post=16179"},{"taxonomy":"post_tag","embeddable":true,"href":"http:\/\/www.moda.es\/blog\/wp-json\/wp\/v2\/tags?post=16179"}],"curies":[{"name":"wp","href":"https:\/\/api.w.org\/{rel}","templated":true}]}}