{"id":16172,"date":"2014-03-19T21:05:01","date_gmt":"2014-03-19T20:05:01","guid":{"rendered":"http:\/\/www.moda.es\/blog\/?p=16172"},"modified":"2020-04-27T17:37:05","modified_gmt":"2020-04-27T16:37:05","slug":"vivienne-westwood-se-desnuda-para-peta","status":"publish","type":"post","link":"http:\/\/www.moda.es\/blog\/vivienne-westwood-se-desnuda-para-peta\/","title":{"rendered":"Vivienne Westwood se desnuda para PETA"},"content":{"rendered":"<p><a href=\"https:\/\/i0.wp.com\/www.moda.es\/blog\/wp-content\/uploads\/2014\/03\/Vivienne-Westwood.jpg\"><img data-attachment-id=\"16173\" data-permalink=\"http:\/\/www.moda.es\/blog\/vivienne-westwood-se-desnuda-para-peta\/3612956x\/\" data-orig-file=\"https:\/\/i0.wp.com\/www.moda.es\/blog\/wp-content\/uploads\/2014\/03\/Vivienne-Westwood.jpg?fit=500%2C712\" data-orig-size=\"500,712\" data-comments-opened=\"1\" data-image-meta=\"{&quot;aperture&quot;:&quot;0&quot;,&quot;credit&quot;:&quot;PIXELFORMULA\\\/SIPA\\\/REX&quot;,&quot;camera&quot;:&quot;&quot;,&quot;caption&quot;:&quot;&quot;,&quot;created_timestamp&quot;:&quot;0&quot;,&quot;copyright&quot;:&quot;Copyright (c) 2014 Rex Features. No use without permission.&quot;,&quot;focal_length&quot;:&quot;0&quot;,&quot;iso&quot;:&quot;0&quot;,&quot;shutter_speed&quot;:&quot;0&quot;,&quot;title&quot;:&quot;3612956x&quot;}\" data-image-title=\"3612956x\" data-image-description=\"\" data-image-caption=\"\" data-medium-file=\"https:\/\/i0.wp.com\/www.moda.es\/blog\/wp-content\/uploads\/2014\/03\/Vivienne-Westwood.jpg?fit=210%2C300\" data-large-file=\"https:\/\/i0.wp.com\/www.moda.es\/blog\/wp-content\/uploads\/2014\/03\/Vivienne-Westwood.jpg?fit=500%2C712\" loading=\"lazy\" class=\"aligncenter size-full wp-image-16173\" alt=\"3612956x\" src=\"https:\/\/i0.wp.com\/www.moda.es\/blog\/wp-content\/uploads\/2014\/03\/Vivienne-Westwood.jpg?resize=500%2C712\" width=\"500\" height=\"712\" srcset=\"https:\/\/i0.wp.com\/www.moda.es\/blog\/wp-content\/uploads\/2014\/03\/Vivienne-Westwood.jpg?w=500 500w, https:\/\/i0.wp.com\/www.moda.es\/blog\/wp-content\/uploads\/2014\/03\/Vivienne-Westwood.jpg?resize=210%2C300 210w\" sizes=\"(max-width: 500px) 100vw, 500px\" data-recalc-dims=\"1\" \/><\/a><\/p>\n<p>La dama de la moda, <strong>Vivienne Westwood<\/strong>, ha presentado un nuevo v\u00eddeo en el que se desnuda para <strong>PETA.<\/strong> Literalmente.<\/p>\n<p>El v\u00eddeo, que podr\u00e1s ver m\u00e1s abajo, lanza una nueva campa\u00f1a que une la crisis mundial del <strong>agua<\/strong> con el <strong>consumo excesivo de carne<\/strong> y presenta a Westwood en la ducha explicando: \u00abYo soy una eco- guerrera, pero me tomo duchas largas con una conciencia limpia porque soy vegetariana\u00bb.<\/p>\n<p>Esta acci\u00f3n coincide con la v\u00edspera del <strong>D\u00eda Mundial del Agua<\/strong> que se celebra el pr\u00f3ximo 22 de marzo en medio de grandes preocupaciones sobre el volumen de agua utilizada por la industria de la carne y su impacto directo sobre el calentamiento global. \u00abAl evitar la carne, hacemos mucho m\u00e1s por el medio ambiente que el reciclaje o la conducci\u00f3n de un coche h\u00edbrido\u00bb, comenta Westwood mientras sigue disfrutando de su relajante ducha.<\/p>\n<p>Esto es s\u00f3lo la \u00faltima de una larga serie de protestas y <strong>campa\u00f1as pro-medioambientales<\/strong> realizadas por la dise\u00f1adora de moda. Recientemente se afeit\u00f3 todo su cabello para llamar la atenci\u00f3n sobre el <strong>cambio clim\u00e1tico<\/strong>, lleg\u00f3 a salir en los peri\u00f3dicos por su participaci\u00f3n en las protestas contra el fracking (la extracci\u00f3n alternativa de gas) y es bien conocida por usar sus desfiles de moda como un medio para acciones pol\u00edticas. Realmente no puedo esperar a ver lo que har\u00e1 la pr\u00f3xima vez.<\/p>\n<p>No te pierdas el v\u00eddeo.<\/p>\n<p><a href=\"https:\/\/www.youtube.com\/watch?v=GuROuLpoJLY\" target=\"_blank\"><img data-attachment-id=\"16174\" data-permalink=\"http:\/\/www.moda.es\/blog\/vivienne-westwood-se-desnuda-para-peta\/video\/\" data-orig-file=\"https:\/\/i0.wp.com\/www.moda.es\/blog\/wp-content\/uploads\/2014\/03\/Video.jpg?fit=500%2C298\" data-orig-size=\"500,298\" data-comments-opened=\"1\" data-image-meta=\"{&quot;aperture&quot;:&quot;0&quot;,&quot;credit&quot;:&quot;&quot;,&quot;camera&quot;:&quot;&quot;,&quot;caption&quot;:&quot;&quot;,&quot;created_timestamp&quot;:&quot;0&quot;,&quot;copyright&quot;:&quot;&quot;,&quot;focal_length&quot;:&quot;0&quot;,&quot;iso&quot;:&quot;0&quot;,&quot;shutter_speed&quot;:&quot;0&quot;,&quot;title&quot;:&quot;&quot;}\" data-image-title=\"Video\" data-image-description=\"\" data-image-caption=\"\" data-medium-file=\"https:\/\/i0.wp.com\/www.moda.es\/blog\/wp-content\/uploads\/2014\/03\/Video.jpg?fit=300%2C178\" data-large-file=\"https:\/\/i0.wp.com\/www.moda.es\/blog\/wp-content\/uploads\/2014\/03\/Video.jpg?fit=500%2C298\" loading=\"lazy\" class=\"aligncenter size-full wp-image-16174\" alt=\"Video\" src=\"https:\/\/i0.wp.com\/www.moda.es\/blog\/wp-content\/uploads\/2014\/03\/Video.jpg?resize=500%2C298\" width=\"500\" height=\"298\" srcset=\"https:\/\/i0.wp.com\/www.moda.es\/blog\/wp-content\/uploads\/2014\/03\/Video.jpg?w=500 500w, https:\/\/i0.wp.com\/www.moda.es\/blog\/wp-content\/uploads\/2014\/03\/Video.jpg?resize=300%2C178 300w\" sizes=\"(max-width: 500px) 100vw, 500px\" data-recalc-dims=\"1\" \/><\/a><\/p>\n<p>&nbsp;<\/p>\n<p>&nbsp;<\/p>\n<p>&nbsp;<\/p>\n<p>\u00a9Harper&#8217;s Bazaar UK                             <\/p>\n","protected":false},"excerpt":{"rendered":"<p>La dama de la moda, Vivienne Westwood, ha presentado un nuevo v\u00eddeo en el que se desnuda para PETA. Literalmente. El v\u00eddeo, que podr\u00e1s ver m\u00e1s abajo, lanza una nueva campa\u00f1a que une la crisis mundial del agua con el consumo excesivo de carne y presenta a Westwood en la [&hellip;]<\/p>\n","protected":false},"author":3,"featured_media":17227,"comment_status":"open","ping_status":"open","sticky":false,"template":"","format":"standard","meta":{"jetpack_publicize_message":"","jetpack_is_tweetstorm":false,"jetpack_publicize_feature_enabled":true},"categories":[3,11,12],"tags":[941],"jetpack_publicize_connections":[],"jetpack_featured_media_url":"https:\/\/i0.wp.com\/www.moda.es\/blog\/wp-content\/uploads\/2014\/03\/Vivienne-Westwood1.jpg?fit=500%2C712","jetpack_sharing_enabled":true,"jetpack_shortlink":"https:\/\/wp.me\/p4tJCC-4cQ","jetpack-related-posts":[{"id":16018,"url":"http:\/\/www.moda.es\/blog\/los-premios-ecologicos-de-la-moda\/","url_meta":{"origin":16172,"position":0},"title":"Los premios ecol\u00f3gicos de la moda","date":"febrero 24, 2014","format":false,"excerpt":"Famosos eran los ataques de los activistas de PETA cuando saltaban, sprays en mano, sobre las pasarelas para estropear las prendas de piel que se presentaban en los desfiles. Hoy sus acciones suelen referirse m\u00e1s a marchas y manifestaciones pero tambi\u00e9n saben reconocer a las marcas que defienden los derechos\u2026","rel":"","context":"En \u00abActualidad\u00bb","img":{"alt_text":"","src":"https:\/\/i0.wp.com\/www.moda.es\/blog\/wp-content\/uploads\/2014\/02\/Stella-McCartney11.jpg?fit=500%2C750&resize=350%2C200","width":350,"height":200},"classes":[]},{"id":19613,"url":"http:\/\/www.moda.es\/blog\/save-the-arctic-con-vivienne-westwood\/","url_meta":{"origin":16172,"position":1},"title":"Save the Arctic con Vivienne Westwood","date":"julio 20, 2015","format":false,"excerpt":"Siempre concienciada, Vivienne Westwood ha reunido a algunos de los principales protagonistas de la moda brit\u00e1nica para protagonizar la campa\u00f1a de Greenpeace,\u00a0Save the Arctic. Con camisetas dise\u00f1adas por la misma\u00a0madrina del punk, una gran cantidad de los mejores modelos y creadores de tendencias del momento, y con el fot\u00f3grafo de\u2026","rel":"","context":"En \u00abCampa\u00f1as\u00bb","img":{"alt_text":"","src":"https:\/\/i0.wp.com\/www.moda.es\/blog\/wp-content\/uploads\/2015\/07\/Captura-de-pantalla-2015-07-20-a-las-18.32.40.png?fit=382%2C505&resize=350%2C200","width":350,"height":200},"classes":[]},{"id":21513,"url":"http:\/\/www.moda.es\/blog\/los-mejores-vestidos-de-2016-i\/","url_meta":{"origin":16172,"position":2},"title":"Los vestidos m\u00e1s memorables de 2016 (I)","date":"diciembre 29, 2016","format":false,"excerpt":"El a\u00f1o se acaba y qu\u00e9 mejor para celebrarlo que haciendo un repaso a esos momentos de alfombra roja que nos dejaron sin aliento. Porque ahora que t\u00fa misma est\u00e1s viviendo el drama de escoger el look para tu fiesta de nochevieja, sabes lo importante que es llevar el vestido\u2026","rel":"","context":"En \u00abAlfombra Roja\u00bb","img":{"alt_text":"","src":"https:\/\/i0.wp.com\/www.moda.es\/blog\/wp-content\/uploads\/2016\/12\/Captura-de-pantalla-2016-12-29-a-las-19.03.17.png?fit=353%2C524&resize=350%2C200","width":350,"height":200},"classes":[]},{"id":11234,"url":"http:\/\/www.moda.es\/blog\/karl-lagerfeld-a-ritmo-de-samba\/","url_meta":{"origin":16172,"position":3},"title":"Karl Lagerfeld, a ritmo de samba","date":"febrero 28, 2013","format":false,"excerpt":"\u00a0 El k\u00e1iser literalmente no para. Entre el desfile de Fendi en Mil\u00e1n, el pr\u00f3ximo show de Chanel en Par\u00eds, el lanzamiento de la nueva boutique high tech de la marca en la capital francesa o su colaboraci\u00f3n con las l\u00edneas de maquillaje de Shu Uemura o los relojes Fossil,\u2026","rel":"","context":"En \u00abDise\u00f1adores\u00bb","img":{"alt_text":"","src":"https:\/\/i0.wp.com\/www.moda.es\/blog\/wp-content\/uploads\/2013\/03\/Karl-Lagerfeld1.jpg?fit=426%2C639&resize=350%2C200","width":350,"height":200},"classes":[]},{"id":11347,"url":"http:\/\/www.moda.es\/blog\/paris-mon-amour\/","url_meta":{"origin":16172,"position":4},"title":"Par\u00eds, mon amour","date":"marzo 9, 2013","format":false,"excerpt":"La temporada de desfiles nos abandona... Al menos hasta la pr\u00f3xima Alta Costura de Par\u00eds, pero eso ser\u00e1 en julio. Mientras, Paris Fashion Week nos deja despu\u00e9s de seis intensos d\u00edas llenos de moda y nuevas creaciones. \u00a0 \u00bfQuieres saner cu\u00e1les son las tendencias estrella que nos han propuesto los\u2026","rel":"","context":"En \u00abDise\u00f1adores\u00bb","img":{"alt_text":"","src":"https:\/\/i0.wp.com\/www.moda.es\/blog\/wp-content\/uploads\/2013\/03\/Alexander-McQueen.jpg?resize=350%2C200","width":350,"height":200},"classes":[]},{"id":11569,"url":"http:\/\/www.moda.es\/blog\/life-in-plastic-is-fantastic\/","url_meta":{"origin":16172,"position":5},"title":"Life in plastic is fantastic","date":"marzo 18, 2013","format":false,"excerpt":"Hace un par de semana te contaba el \u00faltimo proyecto de Karl Lagerfeld, su colecci\u00f3n c\u00e1psula para la firma brasile\u00f1a Melissa. Hoy al fin tenemos el resultado final de aquello bocetos, y su campa\u00f1a de presentaci\u00f3n con la chica del momento, Cara Delevingne. No contento con esta colaboraci\u00f3n tan revolucionaria\u2026","rel":"","context":"En \u00abDise\u00f1adores\u00bb","img":{"alt_text":"","src":"https:\/\/i0.wp.com\/www.moda.es\/blog\/wp-content\/uploads\/2013\/03\/Karl-Lagerfeld-para-Melissa-311.jpg?fit=400%2C301&resize=350%2C200","width":350,"height":200},"classes":[]}],"_links":{"self":[{"href":"http:\/\/www.moda.es\/blog\/wp-json\/wp\/v2\/posts\/16172"}],"collection":[{"href":"http:\/\/www.moda.es\/blog\/wp-json\/wp\/v2\/posts"}],"about":[{"href":"http:\/\/www.moda.es\/blog\/wp-json\/wp\/v2\/types\/post"}],"author":[{"embeddable":true,"href":"http:\/\/www.moda.es\/blog\/wp-json\/wp\/v2\/users\/3"}],"replies":[{"embeddable":true,"href":"http:\/\/www.moda.es\/blog\/wp-json\/wp\/v2\/comments?post=16172"}],"version-history":[{"count":5,"href":"http:\/\/www.moda.es\/blog\/wp-json\/wp\/v2\/posts\/16172\/revisions"}],"predecessor-version":[{"id":36398,"href":"http:\/\/www.moda.es\/blog\/wp-json\/wp\/v2\/posts\/16172\/revisions\/36398"}],"wp:featuredmedia":[{"embeddable":true,"href":"http:\/\/www.moda.es\/blog\/wp-json\/wp\/v2\/media\/17227"}],"wp:attachment":[{"href":"http:\/\/www.moda.es\/blog\/wp-json\/wp\/v2\/media?parent=16172"}],"wp:term":[{"taxonomy":"category","embeddable":true,"href":"http:\/\/www.moda.es\/blog\/wp-json\/wp\/v2\/categories?post=16172"},{"taxonomy":"post_tag","embeddable":true,"href":"http:\/\/www.moda.es\/blog\/wp-json\/wp\/v2\/tags?post=16172"}],"curies":[{"name":"wp","href":"https:\/\/api.w.org\/{rel}","templated":true}]}}