{"id":16018,"date":"2014-02-24T22:41:49","date_gmt":"2014-02-24T21:41:49","guid":{"rendered":"http:\/\/www.moda.es\/blog\/?p=16018"},"modified":"2020-04-27T17:38:57","modified_gmt":"2020-04-27T16:38:57","slug":"los-premios-ecologicos-de-la-moda","status":"publish","type":"post","link":"http:\/\/www.moda.es\/blog\/los-premios-ecologicos-de-la-moda\/","title":{"rendered":"Los premios ecol\u00f3gicos de la moda"},"content":{"rendered":"<p>Famosos eran los ataques de los activistas de <strong>PETA<\/strong> cuando saltaban, sprays en mano, sobre las pasarelas para estropear las prendas de piel que se presentaban en los desfiles. Hoy sus acciones suelen referirse m\u00e1s a marchas y manifestaciones pero tambi\u00e9n saben reconocer a las marcas que defienden los derechos de los animales.<\/p>\n<p>PETA ha honrado a las marcas que son \u00abamables con los animales\u00bb en la segunda edici\u00f3n de los <strong>Premios anuales Veganos de la Moda,<\/strong> y<strong>\u00a0Stella McCartney<\/strong>, que desde hace tiempo\u00a0 abogar por la lucha contra la crueldad hacia los animales est\u00e1 encantada por estar incluida entre la lista de ganadores.<\/p>\n<p>McCartney, que <strong>no utiliza pieles de animales<\/strong> en sus prendas de vestir o colecciones de accesorios ha estado acompa\u00f1ada de otros ganadores como <strong>Vivienne Westwood,<\/strong> quien recibi\u00f3 el premio a las Prendas de Abrigo Masculinas m\u00e1s Elegantes, y <strong>Taeseok Kang<\/strong> autor del que ha sido premiado como el Mejor Bolso.<\/p>\n<p>Otras marcas que tambi\u00e9n han sido galardonadas han sido Next, ASOS, New Look y Topshop.<\/p>\n<p>\u00bfQuieres saber m\u00e1s sobre esta iniciativa? Para saber todo sobre estos nuevos premios y conocer a todos los ganadores, <a href=\"http:\/\/PETAApprovedFashion.org.uk\" target=\"_blank\">visita la web de PETA<\/a>.<\/p>\n<p>&nbsp;<\/p>\n<p style=\"text-align: center\"><a href=\"https:\/\/i0.wp.com\/www.moda.es\/blog\/wp-content\/uploads\/2014\/02\/Stella-McCartney1.jpg\"><img loading=\"lazy\" class=\"aligncenter\" alt=\"Stella McCartney\" src=\"https:\/\/i0.wp.com\/www.moda.es\/blog\/wp-content\/uploads\/2014\/02\/Stella-McCartney1.jpg?resize=500%2C750\" width=\"500\" height=\"750\" data-recalc-dims=\"1\" \/><\/a><\/p>\n<p>&nbsp;<\/p>\n<p>\u00aeVogue UK                             <\/p>\n","protected":false},"excerpt":{"rendered":"<p>Famosos eran los ataques de los activistas de PETA cuando saltaban, sprays en mano, sobre las pasarelas para estropear las prendas de piel que se presentaban en los desfiles. Hoy sus acciones suelen referirse m\u00e1s a marchas y manifestaciones pero tambi\u00e9n saben reconocer a las marcas que defienden los derechos [&hellip;]<\/p>\n","protected":false},"author":3,"featured_media":17214,"comment_status":"open","ping_status":"open","sticky":false,"template":"","format":"standard","meta":{"jetpack_publicize_message":"","jetpack_is_tweetstorm":false,"jetpack_publicize_feature_enabled":true},"categories":[3,11,14],"tags":[103,659,661,707,842,863,897,941],"jetpack_publicize_connections":[],"jetpack_featured_media_url":"https:\/\/i0.wp.com\/www.moda.es\/blog\/wp-content\/uploads\/2014\/02\/Stella-McCartney11.jpg?fit=500%2C750","jetpack_sharing_enabled":true,"jetpack_shortlink":"https:\/\/wp.me\/p4tJCC-4am","jetpack-related-posts":[{"id":22208,"url":"http:\/\/www.moda.es\/blog\/la-conciencia-eco-de-yoox-net-a-porter\/","url_meta":{"origin":16018,"position":0},"title":"La conciencia eco de Yoox Net-A-Porter","date":"junio 6, 2017","format":false,"excerpt":"El Grupo Yoox Net-a-Porter -conocido como YNAP desde la fusi\u00f3n en 2015- ha anunciado que ya no vender\u00e1 pieles en ninguna de sus plataformas de comercio electr\u00f3nico, incluyendo Net-A-Porter, Porter, The Outnet y Yoox . \"El grupo inici\u00f3 su camino hacia la creaci\u00f3n de un futuro sostenible en 2009 con\u2026","rel":"","context":"En \u00abActualidad\u00bb","img":{"alt_text":"","src":"https:\/\/i0.wp.com\/www.moda.es\/blog\/wp-content\/uploads\/2017\/06\/Captura-de-pantalla-2017-06-06-a-las-23.26.36.png?fit=364%2C549&resize=350%2C200","width":350,"height":200},"classes":[]},{"id":22618,"url":"http:\/\/www.moda.es\/blog\/stella-mccartney-va-a-revolucionar-el-mundo-del-lujo\/","url_meta":{"origin":16018,"position":1},"title":"Stella McCartney va a revolucionar el mundo del lujo","date":"octubre 10, 2017","format":false,"excerpt":"La dise\u00f1adora, defensor de la defensa del medio ambiente y de los derechos de los animales por medio de la moda sostenible desde hace tiempo, ha forjado una alianza estrat\u00e9gica con la plataforma de ecommerce The Real Real para promover el uso de la segunda mano. As\u00ed, se dispondr\u00e1n carteles\u2026","rel":"","context":"En \u00abActualidad\u00bb","img":{"alt_text":"","src":"https:\/\/i0.wp.com\/www.moda.es\/blog\/wp-content\/uploads\/2017\/10\/smc.jpg?fit=928%2C523&resize=350%2C200","width":350,"height":200},"classes":[]},{"id":22632,"url":"http:\/\/www.moda.es\/blog\/gucci-se-declara-en-contra-de-las-pieles\/","url_meta":{"origin":16018,"position":2},"title":"Gucci se declara en contra de las pieles","date":"octubre 15, 2017","format":false,"excerpt":"Sujeta tus mocasines de Gucci forrados de piel (si a\u00fan los tienes): la marca de lujo italiana es la \u00faltima compa\u00f1\u00eda que anuncia el compromiso de no usar pieles. El CEO de Gucci, Marco Bizarri, hizo el anuncio durante la Kering Talk 2017 en The London College of Fashion, y\u2026","rel":"","context":"En \u00abActualidad\u00bb","img":{"alt_text":"","src":"https:\/\/i0.wp.com\/www.moda.es\/blog\/wp-content\/uploads\/2017\/10\/gucci.jpg?fit=640%2C961&resize=350%2C200","width":350,"height":200},"classes":[]},{"id":9967,"url":"http:\/\/www.moda.es\/blog\/god-save-stella-mccartney\/","url_meta":{"origin":16018,"position":3},"title":"God Save Stella McCartney","date":"enero 2, 2013","format":false,"excerpt":"\u00a0 Los hay con estrella, los hay estrellados y est\u00e1n los que brillan por s\u00ed mismos como tal y ellos mismos son el astro m\u00e1s brillante. Stella McCartney es una de esas personas, por talento, por visi\u00f3n, por aptitud, por derecho adquirido y ahora tambi\u00e9n por reconocimiento. \u00a0 Despu\u00e9s de\u2026","rel":"","context":"En \u00abActualidad\u00bb","img":{"alt_text":"","src":"https:\/\/i0.wp.com\/www.moda.es\/blog\/wp-content\/uploads\/2013\/01\/Stella-McCartney1.jpg?fit=500%2C333&resize=350%2C200","width":350,"height":200},"classes":[]},{"id":20320,"url":"http:\/\/www.moda.es\/blog\/stella-mccartney-tiene-nuevos-planes\/","url_meta":{"origin":16018,"position":4},"title":"Stella McCartney tiene nuevos planes&#8230;","date":"febrero 17, 2016","format":false,"excerpt":"Despu\u00e9s de haber\u00a0conquistado el mercado de ropa de mujer, Stella McCartney ha fijado su mirada en el mundo de la moda masculina seg\u00fan se ha informado\u00a0esta ma\u00f1ana. La dise\u00f1adora londinense ha anunciado el lanzamiento\u00a0de su primera colecci\u00f3n masculina para la temporada primavera \/ verano 2017 en junio, seg\u00fan informa hoy\u2026","rel":"","context":"En \u00abActualidad\u00bb","img":{"alt_text":"","src":"https:\/\/i0.wp.com\/www.moda.es\/blog\/wp-content\/uploads\/2016\/02\/Captura-de-pantalla-2016-02-16-a-las-23.59.41.png?fit=292%2C432&resize=350%2C200","width":350,"height":200},"classes":[]},{"id":19859,"url":"http:\/\/www.moda.es\/blog\/stella-mccartney-contra-steve-madden\/","url_meta":{"origin":16018,"position":5},"title":"Stella McCartney contra Steve Madden","date":"octubre 9, 2015","format":false,"excerpt":"Frente a una audiencia repleta durante el Vogue Festival, la dise\u00f1adora Stella McCartney revel\u00f3 que se sent\u00eda muy halagada por haber encontrado varias imitaciones de sus bolsos y brome\u00f3 diciendo que si sus dise\u00f1os eran lo suficientemente deseables para ser copiados, entonces es que definitivamente estaba haciendo algo bien .\u2026","rel":"","context":"En \u00abAccesorios\u00bb","img":{"alt_text":"","src":"https:\/\/i0.wp.com\/www.moda.es\/blog\/wp-content\/uploads\/2015\/10\/Captura-de-pantalla-2015-10-09-a-las-21.55.25.png?fit=365%2C585&resize=350%2C200","width":350,"height":200},"classes":[]}],"_links":{"self":[{"href":"http:\/\/www.moda.es\/blog\/wp-json\/wp\/v2\/posts\/16018"}],"collection":[{"href":"http:\/\/www.moda.es\/blog\/wp-json\/wp\/v2\/posts"}],"about":[{"href":"http:\/\/www.moda.es\/blog\/wp-json\/wp\/v2\/types\/post"}],"author":[{"embeddable":true,"href":"http:\/\/www.moda.es\/blog\/wp-json\/wp\/v2\/users\/3"}],"replies":[{"embeddable":true,"href":"http:\/\/www.moda.es\/blog\/wp-json\/wp\/v2\/comments?post=16018"}],"version-history":[{"count":5,"href":"http:\/\/www.moda.es\/blog\/wp-json\/wp\/v2\/posts\/16018\/revisions"}],"predecessor-version":[{"id":36410,"href":"http:\/\/www.moda.es\/blog\/wp-json\/wp\/v2\/posts\/16018\/revisions\/36410"}],"wp:featuredmedia":[{"embeddable":true,"href":"http:\/\/www.moda.es\/blog\/wp-json\/wp\/v2\/media\/17214"}],"wp:attachment":[{"href":"http:\/\/www.moda.es\/blog\/wp-json\/wp\/v2\/media?parent=16018"}],"wp:term":[{"taxonomy":"category","embeddable":true,"href":"http:\/\/www.moda.es\/blog\/wp-json\/wp\/v2\/categories?post=16018"},{"taxonomy":"post_tag","embeddable":true,"href":"http:\/\/www.moda.es\/blog\/wp-json\/wp\/v2\/tags?post=16018"}],"curies":[{"name":"wp","href":"https:\/\/api.w.org\/{rel}","templated":true}]}}