{"id":15929,"date":"2014-02-14T22:23:32","date_gmt":"2014-02-14T21:23:32","guid":{"rendered":"http:\/\/www.moda.es\/blog\/?p=15929"},"modified":"2020-04-27T17:39:52","modified_gmt":"2020-04-27T16:39:52","slug":"nuevos-estrenos","status":"publish","type":"post","link":"http:\/\/www.moda.es\/blog\/nuevos-estrenos\/","title":{"rendered":"Nuevos estrenos&#8230;"},"content":{"rendered":"<p>Hace unos d\u00edas asist\u00edamos al <a href=\"http:\/\/www.moda.es\/blog\/index.php\/2014\/02\/10\/el-debut-de-stuart-vevers-para-coach\/\" target=\"_blank\">debut de Stuart Vevers en Coach<\/a> y hoy toca revisar la primera colecci\u00f3n de <strong>Jason Wu<\/strong> para <strong>Hugo Boss<\/strong>.<\/p>\n<p><a href=\"https:\/\/i0.wp.com\/www.moda.es\/blog\/wp-content\/uploads\/2014\/02\/Boss-3.jpg\"><img data-attachment-id=\"15930\" data-permalink=\"http:\/\/www.moda.es\/blog\/nuevos-estrenos\/boss-3\/\" data-orig-file=\"https:\/\/i0.wp.com\/www.moda.es\/blog\/wp-content\/uploads\/2014\/02\/Boss-3.jpg?fit=500%2C727\" data-orig-size=\"500,727\" data-comments-opened=\"1\" data-image-meta=\"{&quot;aperture&quot;:&quot;0&quot;,&quot;credit&quot;:&quot;&quot;,&quot;camera&quot;:&quot;&quot;,&quot;caption&quot;:&quot;&quot;,&quot;created_timestamp&quot;:&quot;0&quot;,&quot;copyright&quot;:&quot;&quot;,&quot;focal_length&quot;:&quot;0&quot;,&quot;iso&quot;:&quot;0&quot;,&quot;shutter_speed&quot;:&quot;0&quot;,&quot;title&quot;:&quot;&quot;}\" data-image-title=\"Boss 3\" data-image-description=\"\" data-image-caption=\"\" data-medium-file=\"https:\/\/i0.wp.com\/www.moda.es\/blog\/wp-content\/uploads\/2014\/02\/Boss-3.jpg?fit=206%2C300\" data-large-file=\"https:\/\/i0.wp.com\/www.moda.es\/blog\/wp-content\/uploads\/2014\/02\/Boss-3.jpg?fit=500%2C727\" loading=\"lazy\" class=\"aligncenter size-full wp-image-15930\" alt=\"Boss 3\" src=\"https:\/\/i0.wp.com\/www.moda.es\/blog\/wp-content\/uploads\/2014\/02\/Boss-3.jpg?resize=500%2C727\" width=\"500\" height=\"727\" srcset=\"https:\/\/i0.wp.com\/www.moda.es\/blog\/wp-content\/uploads\/2014\/02\/Boss-3.jpg?w=500 500w, https:\/\/i0.wp.com\/www.moda.es\/blog\/wp-content\/uploads\/2014\/02\/Boss-3.jpg?resize=206%2C300 206w\" sizes=\"(max-width: 500px) 100vw, 500px\" data-recalc-dims=\"1\" \/><\/a><\/p>\n<p>En el front row no faltaron todas las amigas del creador que quisieron apoyar su estreno: <strong>Diane Kruger, Gwyneth Paltrow<\/strong> (imagen del perfume de la marca) o <strong>Reese Witherspoon<\/strong>.<\/p>\n<p>Antes del desfile, el dise\u00f1ador que salt\u00f3 a la fama por ser uno de los favoritos de <strong>Michelle Obama<\/strong> dijo: \u00abLa raz\u00f3n por la que decid\u00ed aceptar el trabajo como su primer director art\u00edstico fue porque sent\u00ed que pod\u00eda <strong>aportar una diferencia<\/strong>, apoy\u00e1ndome en su rica herencia y en su ADN.\u00bb<\/p>\n<p><a href=\"https:\/\/i0.wp.com\/www.moda.es\/blog\/wp-content\/uploads\/2014\/02\/Boss-1.jpg\"><img data-attachment-id=\"15935\" data-permalink=\"http:\/\/www.moda.es\/blog\/nuevos-estrenos\/boss-1\/\" data-orig-file=\"https:\/\/i0.wp.com\/www.moda.es\/blog\/wp-content\/uploads\/2014\/02\/Boss-1.jpg?fit=500%2C376\" data-orig-size=\"500,376\" data-comments-opened=\"1\" data-image-meta=\"{&quot;aperture&quot;:&quot;0&quot;,&quot;credit&quot;:&quot;&quot;,&quot;camera&quot;:&quot;&quot;,&quot;caption&quot;:&quot;&quot;,&quot;created_timestamp&quot;:&quot;0&quot;,&quot;copyright&quot;:&quot;&quot;,&quot;focal_length&quot;:&quot;0&quot;,&quot;iso&quot;:&quot;0&quot;,&quot;shutter_speed&quot;:&quot;0&quot;,&quot;title&quot;:&quot;&quot;}\" data-image-title=\"Boss 1\" data-image-description=\"\" data-image-caption=\"\" data-medium-file=\"https:\/\/i0.wp.com\/www.moda.es\/blog\/wp-content\/uploads\/2014\/02\/Boss-1.jpg?fit=300%2C225\" data-large-file=\"https:\/\/i0.wp.com\/www.moda.es\/blog\/wp-content\/uploads\/2014\/02\/Boss-1.jpg?fit=500%2C376\" loading=\"lazy\" class=\"aligncenter size-full wp-image-15935\" alt=\"Boss 1\" src=\"https:\/\/i0.wp.com\/www.moda.es\/blog\/wp-content\/uploads\/2014\/02\/Boss-1.jpg?resize=500%2C376\" width=\"500\" height=\"376\" srcset=\"https:\/\/i0.wp.com\/www.moda.es\/blog\/wp-content\/uploads\/2014\/02\/Boss-1.jpg?w=500 500w, https:\/\/i0.wp.com\/www.moda.es\/blog\/wp-content\/uploads\/2014\/02\/Boss-1.jpg?resize=300%2C225 300w\" sizes=\"(max-width: 500px) 100vw, 500px\" data-recalc-dims=\"1\" \/><\/a><\/p>\n<p>En cuanto a la colecci\u00f3n, est\u00e1 claro Wu se ha basado en la habilidad de la casa para la\u00a0<strong> ropa masculina<\/strong> con trajes y chaquetas feminizados y estructurados. La filosof\u00eda <strong>andr\u00f3gina<\/strong> de Wu se palpa en un vestido ajustado de cashmere gris o un esmoquin de franela en el mismo tono. Al mismo tiempo la sastrer\u00eda se equilibra con piezas m\u00e1s suaves y rom\u00e1nticascomo faldas midi y hermosos vestidos de cuentas, bordados y texturas que complementaban sutilmente las siluetas.<\/p>\n<p><a href=\"https:\/\/i0.wp.com\/www.moda.es\/blog\/wp-content\/uploads\/2014\/02\/Boss-2.jpg\"><img data-attachment-id=\"15936\" data-permalink=\"http:\/\/www.moda.es\/blog\/nuevos-estrenos\/boss-2\/\" data-orig-file=\"https:\/\/i0.wp.com\/www.moda.es\/blog\/wp-content\/uploads\/2014\/02\/Boss-2.jpg?fit=500%2C376\" data-orig-size=\"500,376\" data-comments-opened=\"1\" data-image-meta=\"{&quot;aperture&quot;:&quot;0&quot;,&quot;credit&quot;:&quot;&quot;,&quot;camera&quot;:&quot;&quot;,&quot;caption&quot;:&quot;&quot;,&quot;created_timestamp&quot;:&quot;0&quot;,&quot;copyright&quot;:&quot;&quot;,&quot;focal_length&quot;:&quot;0&quot;,&quot;iso&quot;:&quot;0&quot;,&quot;shutter_speed&quot;:&quot;0&quot;,&quot;title&quot;:&quot;&quot;}\" data-image-title=\"Boss 2\" data-image-description=\"\" data-image-caption=\"\" data-medium-file=\"https:\/\/i0.wp.com\/www.moda.es\/blog\/wp-content\/uploads\/2014\/02\/Boss-2.jpg?fit=300%2C225\" data-large-file=\"https:\/\/i0.wp.com\/www.moda.es\/blog\/wp-content\/uploads\/2014\/02\/Boss-2.jpg?fit=500%2C376\" loading=\"lazy\" class=\"aligncenter size-full wp-image-15936\" alt=\"Boss 2\" src=\"https:\/\/i0.wp.com\/www.moda.es\/blog\/wp-content\/uploads\/2014\/02\/Boss-2.jpg?resize=500%2C376\" width=\"500\" height=\"376\" srcset=\"https:\/\/i0.wp.com\/www.moda.es\/blog\/wp-content\/uploads\/2014\/02\/Boss-2.jpg?w=500 500w, https:\/\/i0.wp.com\/www.moda.es\/blog\/wp-content\/uploads\/2014\/02\/Boss-2.jpg?resize=300%2C225 300w\" sizes=\"(max-width: 500px) 100vw, 500px\" data-recalc-dims=\"1\" \/><\/a><\/p>\n<p>Rematando el look, <em><strong>loafers<\/strong> <\/em>en charol negro sin tac\u00f3n, un complemento que seg\u00fan Wu, es tan perfecto para la mujer que su uso resulta obvio. \u00ab\u00bfC\u00f3mo no se ha hecho esto antes?\u00bb ha afirmado. Pues bien, \u00e9l lo ha hecho, por su masculinidad es la nueva feminidad.<\/p>\n<p>&nbsp;<\/p>\n<p>\u00a9Fashion Telegraph<\/p>\n<p>&nbsp;                             <\/p>\n","protected":false},"excerpt":{"rendered":"<p>Hace unos d\u00edas asist\u00edamos al debut de Stuart Vevers en Coach y hoy toca revisar la primera colecci\u00f3n de Jason Wu para Hugo Boss. En el front row no faltaron todas las amigas del creador que quisieron apoyar su estreno: Diane Kruger, Gwyneth Paltrow (imagen del perfume de la marca) [&hellip;]<\/p>\n","protected":false},"author":3,"featured_media":17210,"comment_status":"open","ping_status":"open","sticky":false,"template":"","format":"standard","meta":{"jetpack_publicize_message":"","jetpack_is_tweetstorm":false,"jetpack_publicize_feature_enabled":true},"categories":[11,12,14],"tags":[395,421],"jetpack_publicize_connections":[],"jetpack_featured_media_url":"https:\/\/i0.wp.com\/www.moda.es\/blog\/wp-content\/uploads\/2014\/02\/Boss-31.jpg?fit=500%2C727","jetpack_sharing_enabled":true,"jetpack_shortlink":"https:\/\/wp.me\/p4tJCC-48V","jetpack-related-posts":[{"id":12992,"url":"http:\/\/www.moda.es\/blog\/unos-vienen-y-otros-van\/","url_meta":{"origin":15929,"position":0},"title":"Unos vienen y otros van","date":"junio 10, 2013","format":false,"excerpt":"Los vaivenes de la moda son imprevisibles y hoy lo hemos visto. Una partida y una llegada han sido las grandes noticias de hoy. La partida, quiz\u00e1s lo que menos nos ha sorprendido, ha venido de la mano de Mulberry. Emma Hill abandona la marca alegando \"desacuerdos con la administraci\u00f3n\u2026","rel":"","context":"En \u00abAccesorios\u00bb","img":{"alt_text":"","src":"https:\/\/i0.wp.com\/www.moda.es\/blog\/wp-content\/uploads\/2013\/06\/Emma-Hill1.jpg?fit=400%2C655&resize=350%2C200","width":350,"height":200},"classes":[]},{"id":22469,"url":"http:\/\/www.moda.es\/blog\/jason-wu-presenta-su-primera-fragancia-femenina\/","url_meta":{"origin":15929,"position":1},"title":"Jason Wu presenta su primera fragancia femenina","date":"agosto 19, 2017","format":false,"excerpt":"Al crecer en Taiw\u00e1n, Jason Wu sol\u00eda recoger jazm\u00edn del jard\u00edn de su vecino. Veinte a\u00f1os m\u00e1s tarde, este olor tan personal forma la base de su primera fragancia, Jason Wu. Creada en colaboraci\u00f3n con el perfumista Frank Voelkl de Firmenich -que es responsable de muchos de los olores m\u00e1s\u2026","rel":"","context":"En \u00abBelleza\u00bb","img":{"alt_text":"","src":"https:\/\/i0.wp.com\/www.moda.es\/blog\/wp-content\/uploads\/2017\/08\/jason-wu-fragrance.jpg?fit=960%2C960&resize=350%2C200","width":350,"height":200},"classes":[]},{"id":20512,"url":"http:\/\/www.moda.es\/blog\/conoce-la-nueva-linea-de-jason-wu\/","url_meta":{"origin":15929,"position":2},"title":"Conoce la nueva l\u00ednea de Jason Wu","date":"abril 13, 2016","format":false,"excerpt":"Esta est\u00e1 siendo\u00a0una gran semana para Jason Wu. En primer lugar, se cas\u00f3 con su socio, Gustavo Rangel en M\u00e9xico el pasado fin de semana, y ahora se ha anunciado el lanzamiento de una nueva l\u00ednea de moda, que se situar\u00e1\u00a0bajo su marca ep\u00f3nima, llamada Grey\u00a0Jason Wu. El dise\u00f1ador\u00a0neoyorquino\u00a0comparti\u00f3 la\u2026","rel":"","context":"En \u00abActualidad\u00bb","img":{"alt_text":"","src":"https:\/\/i0.wp.com\/www.moda.es\/blog\/wp-content\/uploads\/2016\/04\/Captura-de-pantalla-2016-04-13-a-las-23.14.06.png?fit=306%2C391&resize=350%2C200","width":350,"height":200},"classes":[]},{"id":5467,"url":"http:\/\/www.moda.es\/blog\/donde-reside-el-talento-jason-wu\/","url_meta":{"origin":15929,"position":3},"title":"Donde reside el talento: Jason Wu","date":"febrero 9, 2012","format":false,"excerpt":"En 2006, debut\u00f3 con su primera colecci\u00f3n, bajo el nombre de su propia marca, y en tan s\u00f3lo dos a\u00f1os el premio del\u00a0Fashion Group International's Rising Star y fue nominado al galard\u00f3n de la Fundaci\u00f3n de Moda de Vogue. \u00bfSuerte? No, Jason Wu es un talento que ha trabajado mucho\u2026","rel":"","context":"En \u00abDise\u00f1adores\u00bb","img":{"alt_text":"","src":"https:\/\/i0.wp.com\/www.moda.es\/blog\/wp-content\/uploads\/2012\/02\/Vogue-Latin-America_February-2012-600x671-e13288246941481.jpg?fit=447%2C500&resize=350%2C200","width":350,"height":200},"classes":[]},{"id":18387,"url":"http:\/\/www.moda.es\/blog\/diane-kruger-para-jason-wu\/","url_meta":{"origin":15929,"position":4},"title":"Diane Kruger para Jason Wu","date":"octubre 13, 2014","format":false,"excerpt":"La actriz Diane Kruger se ha lanzado por primera vez al dise\u00f1o con la creaci\u00f3n de un bolso de mano en colaboraci\u00f3n con Jason Wu. Y si tenemos en cuenta su impecable sentido de la est\u00e9tica y su constante aparici\u00f3n en las listas de las mejor vestidas de cualquier evento,\u2026","rel":"","context":"En \u00abAccesorios\u00bb","img":{"alt_text":"","src":"https:\/\/i0.wp.com\/www.moda.es\/blog\/wp-content\/uploads\/2014\/10\/jwdb.jpg?fit=650%2C650&resize=350%2C200","width":350,"height":200},"classes":[]},{"id":13390,"url":"http:\/\/www.moda.es\/blog\/verano-u-otono\/","url_meta":{"origin":15929,"position":5},"title":"\u00bfVerano u Oto\u00f1o?","date":"julio 19, 2013","format":false,"excerpt":"Una de las ventajas de ser celebrity es que todas las marcas entregar\u00edan su reino porque una de las grandes luciera sus dise\u00f1os, y como la moda siempre trabaja con seis meses de adelanto, aparte de poder escoger modisto, las estrellas son las primeras en lucir las propuestas de la\u2026","rel":"","context":"En \u00abAlfombra Roja\u00bb","img":{"alt_text":"","src":"https:\/\/i0.wp.com\/www.moda.es\/blog\/wp-content\/uploads\/2013\/07\/Diane-Kruger-Jason-Wu.jpg?fit=500%2C725&resize=350%2C200","width":350,"height":200},"classes":[]}],"_links":{"self":[{"href":"http:\/\/www.moda.es\/blog\/wp-json\/wp\/v2\/posts\/15929"}],"collection":[{"href":"http:\/\/www.moda.es\/blog\/wp-json\/wp\/v2\/posts"}],"about":[{"href":"http:\/\/www.moda.es\/blog\/wp-json\/wp\/v2\/types\/post"}],"author":[{"embeddable":true,"href":"http:\/\/www.moda.es\/blog\/wp-json\/wp\/v2\/users\/3"}],"replies":[{"embeddable":true,"href":"http:\/\/www.moda.es\/blog\/wp-json\/wp\/v2\/comments?post=15929"}],"version-history":[{"count":5,"href":"http:\/\/www.moda.es\/blog\/wp-json\/wp\/v2\/posts\/15929\/revisions"}],"predecessor-version":[{"id":36416,"href":"http:\/\/www.moda.es\/blog\/wp-json\/wp\/v2\/posts\/15929\/revisions\/36416"}],"wp:featuredmedia":[{"embeddable":true,"href":"http:\/\/www.moda.es\/blog\/wp-json\/wp\/v2\/media\/17210"}],"wp:attachment":[{"href":"http:\/\/www.moda.es\/blog\/wp-json\/wp\/v2\/media?parent=15929"}],"wp:term":[{"taxonomy":"category","embeddable":true,"href":"http:\/\/www.moda.es\/blog\/wp-json\/wp\/v2\/categories?post=15929"},{"taxonomy":"post_tag","embeddable":true,"href":"http:\/\/www.moda.es\/blog\/wp-json\/wp\/v2\/tags?post=15929"}],"curies":[{"name":"wp","href":"https:\/\/api.w.org\/{rel}","templated":true}]}}