{"id":15904,"date":"2014-02-11T22:25:43","date_gmt":"2014-02-11T21:25:43","guid":{"rendered":"http:\/\/www.moda.es\/blog\/?p=15904"},"modified":"2020-04-27T17:40:11","modified_gmt":"2020-04-27T16:40:11","slug":"violeta-ya-tiene-cara","status":"publish","type":"post","link":"http:\/\/www.moda.es\/blog\/violeta-ya-tiene-cara\/","title":{"rendered":"Violeta ya tiene cara"},"content":{"rendered":"<p><a href=\"https:\/\/i0.wp.com\/www.moda.es\/blog\/wp-content\/uploads\/2014\/02\/Violeta-by-Mango1.jpg\"><img data-attachment-id=\"15905\" data-permalink=\"http:\/\/www.moda.es\/blog\/violeta-ya-tiene-cara\/violeta-by-mangonueva-linea-de-mango-con-vicky-martin-berrocal-como-imagen\/\" data-orig-file=\"https:\/\/i0.wp.com\/www.moda.es\/blog\/wp-content\/uploads\/2014\/02\/Violeta-by-Mango1.jpg?fit=500%2C751\" data-orig-size=\"500,751\" data-comments-opened=\"1\" data-image-meta=\"{&quot;aperture&quot;:&quot;6.3&quot;,&quot;credit&quot;:&quot;Bernardo Paz&quot;,&quot;camera&quot;:&quot;NIKON D3&quot;,&quot;caption&quot;:&quot;Violeta By Mango\\nNueva linea de Mango con Vicky Martin Berrocal como Imagen&quot;,&quot;created_timestamp&quot;:&quot;1389375030&quot;,&quot;copyright&quot;:&quot;\\u00a92014 Bernardo Paz,  reservados todos los derechos&quot;,&quot;focal_length&quot;:&quot;48&quot;,&quot;iso&quot;:&quot;400&quot;,&quot;shutter_speed&quot;:&quot;0.0125&quot;,&quot;title&quot;:&quot;Violeta By Mango\\rNueva linea de Mango con Vicky Martin Berrocal como Imagen&quot;}\" data-image-title=\"Violeta By MangoNueva linea de Mango con Vicky Martin Berrocal como Imagen\" data-image-description=\"&lt;p&gt;Violeta By Mango&lt;br \/&gt;\nNueva linea de Mango con Vicky Martin Berrocal como Imagen&lt;\/p&gt;\n\" data-image-caption=\"\" data-medium-file=\"https:\/\/i0.wp.com\/www.moda.es\/blog\/wp-content\/uploads\/2014\/02\/Violeta-by-Mango1.jpg?fit=199%2C300\" data-large-file=\"https:\/\/i0.wp.com\/www.moda.es\/blog\/wp-content\/uploads\/2014\/02\/Violeta-by-Mango1.jpg?fit=500%2C751\" loading=\"lazy\" class=\"aligncenter size-full wp-image-15905\" alt=\"Violeta By Mango Nueva linea de Mango con Vicky Martin Berrocal como Imagen\" src=\"https:\/\/i0.wp.com\/www.moda.es\/blog\/wp-content\/uploads\/2014\/02\/Violeta-by-Mango1.jpg?resize=500%2C751\" width=\"500\" height=\"751\" srcset=\"https:\/\/i0.wp.com\/www.moda.es\/blog\/wp-content\/uploads\/2014\/02\/Violeta-by-Mango1.jpg?w=500 500w, https:\/\/i0.wp.com\/www.moda.es\/blog\/wp-content\/uploads\/2014\/02\/Violeta-by-Mango1.jpg?resize=199%2C300 199w\" sizes=\"(max-width: 500px) 100vw, 500px\" data-recalc-dims=\"1\" \/><\/a><\/p>\n<p>Tras el anuncio, la salida a venta y las im\u00e1genes de la colecci\u00f3n, llega la cara de <strong>Violeta by Mango<\/strong>.<\/p>\n<p>Por su simpat\u00eda, su popularidad y su vinculaci\u00f3n con la moda, <strong>Vicky Mart\u00edn Berrocal<\/strong> ha sido escogida imagen de la nueva marca de talla grande de Mango.<\/p>\n<p><a href=\"https:\/\/i0.wp.com\/www.moda.es\/blog\/wp-content\/uploads\/2014\/02\/Violeta-by-Mango2.jpg\"><img data-attachment-id=\"15910\" data-permalink=\"http:\/\/www.moda.es\/blog\/violeta-ya-tiene-cara\/violeta-by-mango2\/\" data-orig-file=\"https:\/\/i0.wp.com\/www.moda.es\/blog\/wp-content\/uploads\/2014\/02\/Violeta-by-Mango2.jpg?fit=500%2C324\" data-orig-size=\"500,324\" data-comments-opened=\"1\" data-image-meta=\"{&quot;aperture&quot;:&quot;0&quot;,&quot;credit&quot;:&quot;&quot;,&quot;camera&quot;:&quot;&quot;,&quot;caption&quot;:&quot;&quot;,&quot;created_timestamp&quot;:&quot;0&quot;,&quot;copyright&quot;:&quot;&quot;,&quot;focal_length&quot;:&quot;0&quot;,&quot;iso&quot;:&quot;0&quot;,&quot;shutter_speed&quot;:&quot;0&quot;,&quot;title&quot;:&quot;&quot;}\" data-image-title=\"Violeta by Mango2\" data-image-description=\"\" data-image-caption=\"\" data-medium-file=\"https:\/\/i0.wp.com\/www.moda.es\/blog\/wp-content\/uploads\/2014\/02\/Violeta-by-Mango2.jpg?fit=300%2C194\" data-large-file=\"https:\/\/i0.wp.com\/www.moda.es\/blog\/wp-content\/uploads\/2014\/02\/Violeta-by-Mango2.jpg?fit=500%2C324\" loading=\"lazy\" class=\"aligncenter size-full wp-image-15910\" alt=\"Violeta by Mango2\" src=\"https:\/\/i0.wp.com\/www.moda.es\/blog\/wp-content\/uploads\/2014\/02\/Violeta-by-Mango2.jpg?resize=500%2C324\" width=\"500\" height=\"324\" srcset=\"https:\/\/i0.wp.com\/www.moda.es\/blog\/wp-content\/uploads\/2014\/02\/Violeta-by-Mango2.jpg?w=500 500w, https:\/\/i0.wp.com\/www.moda.es\/blog\/wp-content\/uploads\/2014\/02\/Violeta-by-Mango2.jpg?resize=300%2C194 300w\" sizes=\"(max-width: 500px) 100vw, 500px\" data-recalc-dims=\"1\" \/><\/a><\/p>\n<p>La modelo, que est\u00e1 encantada con esta colaboraci\u00f3n, ha declarado: \u201cVioleta est\u00e1 hecha para una mujer con <strong>curvas;<\/strong> me identifico mucho con ella y el p\u00fablico femenino \u00a1necesitaba esta marca! Admiro a su directora, Violeta, por el trabajo que ha hecho y la ilusi\u00f3n con la que ha llevado este proyecto\u201d.<\/p>\n<p><a href=\"https:\/\/i0.wp.com\/www.moda.es\/blog\/wp-content\/uploads\/2014\/02\/Violeta-by-Mango3.jpg\" target=\"_blank\"><img data-attachment-id=\"15912\" data-permalink=\"http:\/\/www.moda.es\/blog\/violeta-ya-tiene-cara\/violeta-by-mango3\/\" data-orig-file=\"https:\/\/i0.wp.com\/www.moda.es\/blog\/wp-content\/uploads\/2014\/02\/Violeta-by-Mango3.jpg?fit=500%2C666\" data-orig-size=\"500,666\" data-comments-opened=\"1\" data-image-meta=\"{&quot;aperture&quot;:&quot;0&quot;,&quot;credit&quot;:&quot;&quot;,&quot;camera&quot;:&quot;&quot;,&quot;caption&quot;:&quot;&quot;,&quot;created_timestamp&quot;:&quot;0&quot;,&quot;copyright&quot;:&quot;&quot;,&quot;focal_length&quot;:&quot;0&quot;,&quot;iso&quot;:&quot;0&quot;,&quot;shutter_speed&quot;:&quot;0&quot;,&quot;title&quot;:&quot;&quot;}\" data-image-title=\"Violeta by Mango3\" data-image-description=\"\" data-image-caption=\"\" data-medium-file=\"https:\/\/i0.wp.com\/www.moda.es\/blog\/wp-content\/uploads\/2014\/02\/Violeta-by-Mango3.jpg?fit=225%2C300\" data-large-file=\"https:\/\/i0.wp.com\/www.moda.es\/blog\/wp-content\/uploads\/2014\/02\/Violeta-by-Mango3.jpg?fit=500%2C666\" loading=\"lazy\" class=\" wp-image-15912 alignnone\" alt=\"Violeta by Mango3\" src=\"https:\/\/i0.wp.com\/www.moda.es\/blog\/wp-content\/uploads\/2014\/02\/Violeta-by-Mango3.jpg?resize=250%2C310\" width=\"250\" height=\"310\" data-recalc-dims=\"1\" \/><\/a> <a href=\"https:\/\/i0.wp.com\/www.moda.es\/blog\/wp-content\/uploads\/2014\/02\/Violeta-by-Mango11.jpg\"><img data-attachment-id=\"15911\" data-permalink=\"http:\/\/www.moda.es\/blog\/violeta-ya-tiene-cara\/violeta-by-mango1\/\" data-orig-file=\"https:\/\/i0.wp.com\/www.moda.es\/blog\/wp-content\/uploads\/2014\/02\/Violeta-by-Mango11.jpg?fit=500%2C666\" data-orig-size=\"500,666\" data-comments-opened=\"1\" data-image-meta=\"{&quot;aperture&quot;:&quot;0&quot;,&quot;credit&quot;:&quot;&quot;,&quot;camera&quot;:&quot;&quot;,&quot;caption&quot;:&quot;&quot;,&quot;created_timestamp&quot;:&quot;0&quot;,&quot;copyright&quot;:&quot;&quot;,&quot;focal_length&quot;:&quot;0&quot;,&quot;iso&quot;:&quot;0&quot;,&quot;shutter_speed&quot;:&quot;0&quot;,&quot;title&quot;:&quot;&quot;}\" data-image-title=\"Violeta by Mango1\" data-image-description=\"\" data-image-caption=\"\" data-medium-file=\"https:\/\/i0.wp.com\/www.moda.es\/blog\/wp-content\/uploads\/2014\/02\/Violeta-by-Mango11.jpg?fit=225%2C300\" data-large-file=\"https:\/\/i0.wp.com\/www.moda.es\/blog\/wp-content\/uploads\/2014\/02\/Violeta-by-Mango11.jpg?fit=500%2C666\" loading=\"lazy\" class=\"alignnone  wp-image-15911\" alt=\"Violeta by Mango1\" src=\"https:\/\/i0.wp.com\/www.moda.es\/blog\/wp-content\/uploads\/2014\/02\/Violeta-by-Mango11.jpg?resize=225%2C310\" width=\"225\" height=\"310\" data-recalc-dims=\"1\" \/><\/a><\/p>\n<p>La directora de la marca, <b>Violeta Andic,<\/b> ha comentado sobre la colecci\u00f3n: \u201cVioleta se diferencia por los tejidos confortables, un gran trabajo detr\u00e1s de cada prenda con un patronaje muy cuidado y trabajado\u201d. Sobre planes de crecimiento ha a\u00f1adido: \u201cNos encontramos en un momento de diversificaci\u00f3n y expansi\u00f3n con todas las marcas del grupo, y prevemos abrir 100 tiendas Violeta by Mango en Europa, Rusia y Turqu\u00eda\u201d.<\/p>\n<p><a href=\"https:\/\/i0.wp.com\/www.moda.es\/blog\/wp-content\/uploads\/2014\/02\/Violeta-by-Mango4.jpg\"><img data-attachment-id=\"15913\" data-permalink=\"http:\/\/www.moda.es\/blog\/violeta-ya-tiene-cara\/violeta-by-mango4\/\" data-orig-file=\"https:\/\/i0.wp.com\/www.moda.es\/blog\/wp-content\/uploads\/2014\/02\/Violeta-by-Mango4.jpg?fit=500%2C324\" data-orig-size=\"500,324\" data-comments-opened=\"1\" data-image-meta=\"{&quot;aperture&quot;:&quot;0&quot;,&quot;credit&quot;:&quot;&quot;,&quot;camera&quot;:&quot;&quot;,&quot;caption&quot;:&quot;&quot;,&quot;created_timestamp&quot;:&quot;0&quot;,&quot;copyright&quot;:&quot;&quot;,&quot;focal_length&quot;:&quot;0&quot;,&quot;iso&quot;:&quot;0&quot;,&quot;shutter_speed&quot;:&quot;0&quot;,&quot;title&quot;:&quot;&quot;}\" data-image-title=\"Violeta by Mango4\" data-image-description=\"\" data-image-caption=\"\" data-medium-file=\"https:\/\/i0.wp.com\/www.moda.es\/blog\/wp-content\/uploads\/2014\/02\/Violeta-by-Mango4.jpg?fit=300%2C194\" data-large-file=\"https:\/\/i0.wp.com\/www.moda.es\/blog\/wp-content\/uploads\/2014\/02\/Violeta-by-Mango4.jpg?fit=500%2C324\" loading=\"lazy\" class=\"aligncenter size-full wp-image-15913\" alt=\"Violeta by Mango4\" src=\"https:\/\/i0.wp.com\/www.moda.es\/blog\/wp-content\/uploads\/2014\/02\/Violeta-by-Mango4.jpg?resize=500%2C324\" width=\"500\" height=\"324\" srcset=\"https:\/\/i0.wp.com\/www.moda.es\/blog\/wp-content\/uploads\/2014\/02\/Violeta-by-Mango4.jpg?w=500 500w, https:\/\/i0.wp.com\/www.moda.es\/blog\/wp-content\/uploads\/2014\/02\/Violeta-by-Mango4.jpg?resize=300%2C194 300w\" sizes=\"(max-width: 500px) 100vw, 500px\" data-recalc-dims=\"1\" \/><\/a><\/p>\n<p>Si has tenido la oportunidad de visitar su web, habr\u00e1s podido observar que la marca apuesta por las<strong> siluetas fluidas<\/strong> y los <strong>tejidos c\u00f3modos<\/strong> declinados en blancos, azules, rojos, negros y tonos naturales como marrones y tostados.<\/p>\n<p><a href=\"https:\/\/i0.wp.com\/www.moda.es\/blog\/wp-content\/uploads\/2014\/02\/Violeta-by-Mango5.jpg\"><img data-attachment-id=\"15914\" data-permalink=\"http:\/\/www.moda.es\/blog\/violeta-ya-tiene-cara\/violeta-by-mango5\/\" data-orig-file=\"https:\/\/i0.wp.com\/www.moda.es\/blog\/wp-content\/uploads\/2014\/02\/Violeta-by-Mango5.jpg?fit=500%2C666\" data-orig-size=\"500,666\" data-comments-opened=\"1\" data-image-meta=\"{&quot;aperture&quot;:&quot;0&quot;,&quot;credit&quot;:&quot;&quot;,&quot;camera&quot;:&quot;&quot;,&quot;caption&quot;:&quot;&quot;,&quot;created_timestamp&quot;:&quot;0&quot;,&quot;copyright&quot;:&quot;&quot;,&quot;focal_length&quot;:&quot;0&quot;,&quot;iso&quot;:&quot;0&quot;,&quot;shutter_speed&quot;:&quot;0&quot;,&quot;title&quot;:&quot;&quot;}\" data-image-title=\"Violeta by Mango5\" data-image-description=\"\" data-image-caption=\"\" data-medium-file=\"https:\/\/i0.wp.com\/www.moda.es\/blog\/wp-content\/uploads\/2014\/02\/Violeta-by-Mango5.jpg?fit=225%2C300\" data-large-file=\"https:\/\/i0.wp.com\/www.moda.es\/blog\/wp-content\/uploads\/2014\/02\/Violeta-by-Mango5.jpg?fit=500%2C666\" loading=\"lazy\" class=\"aligncenter size-full wp-image-15914\" alt=\"Violeta by Mango5\" src=\"https:\/\/i0.wp.com\/www.moda.es\/blog\/wp-content\/uploads\/2014\/02\/Violeta-by-Mango5.jpg?resize=500%2C666\" width=\"500\" height=\"666\" srcset=\"https:\/\/i0.wp.com\/www.moda.es\/blog\/wp-content\/uploads\/2014\/02\/Violeta-by-Mango5.jpg?w=500 500w, https:\/\/i0.wp.com\/www.moda.es\/blog\/wp-content\/uploads\/2014\/02\/Violeta-by-Mango5.jpg?resize=225%2C300 225w\" sizes=\"(max-width: 500px) 100vw, 500px\" data-recalc-dims=\"1\" \/><\/a><\/p>\n<p>Las chaquetas y chalecos de punto grueso son importantes junto con los pantalones sueltos y las faldas que abrazan las caderas. La marca adem\u00e1s no ha olvidado las tendencias apostando por distintos modelos de <strong>chaquetas biker o prints animales y florales<\/strong>.<\/p>\n<p><a href=\"https:\/\/i0.wp.com\/www.moda.es\/blog\/wp-content\/uploads\/2014\/02\/Violeta-by-Mango7.jpg\"><img data-attachment-id=\"15916\" data-permalink=\"http:\/\/www.moda.es\/blog\/violeta-ya-tiene-cara\/violeta-by-mango7\/\" data-orig-file=\"https:\/\/i0.wp.com\/www.moda.es\/blog\/wp-content\/uploads\/2014\/02\/Violeta-by-Mango7.jpg?fit=500%2C324\" data-orig-size=\"500,324\" data-comments-opened=\"1\" data-image-meta=\"{&quot;aperture&quot;:&quot;0&quot;,&quot;credit&quot;:&quot;&quot;,&quot;camera&quot;:&quot;&quot;,&quot;caption&quot;:&quot;&quot;,&quot;created_timestamp&quot;:&quot;0&quot;,&quot;copyright&quot;:&quot;&quot;,&quot;focal_length&quot;:&quot;0&quot;,&quot;iso&quot;:&quot;0&quot;,&quot;shutter_speed&quot;:&quot;0&quot;,&quot;title&quot;:&quot;&quot;}\" data-image-title=\"Violeta by Mango7\" data-image-description=\"\" data-image-caption=\"\" data-medium-file=\"https:\/\/i0.wp.com\/www.moda.es\/blog\/wp-content\/uploads\/2014\/02\/Violeta-by-Mango7.jpg?fit=300%2C194\" data-large-file=\"https:\/\/i0.wp.com\/www.moda.es\/blog\/wp-content\/uploads\/2014\/02\/Violeta-by-Mango7.jpg?fit=500%2C324\" loading=\"lazy\" class=\"aligncenter size-full wp-image-15916\" alt=\"Violeta by Mango7\" src=\"https:\/\/i0.wp.com\/www.moda.es\/blog\/wp-content\/uploads\/2014\/02\/Violeta-by-Mango7.jpg?resize=500%2C324\" width=\"500\" height=\"324\" srcset=\"https:\/\/i0.wp.com\/www.moda.es\/blog\/wp-content\/uploads\/2014\/02\/Violeta-by-Mango7.jpg?w=500 500w, https:\/\/i0.wp.com\/www.moda.es\/blog\/wp-content\/uploads\/2014\/02\/Violeta-by-Mango7.jpg?resize=300%2C194 300w\" sizes=\"(max-width: 500px) 100vw, 500px\" data-recalc-dims=\"1\" \/><\/a><\/p>\n<p>\u00bfTe gusta Vicky como imagen de la l\u00ednea de la marca catalana?<\/p>\n<p><a href=\"https:\/\/i0.wp.com\/www.moda.es\/blog\/wp-content\/uploads\/2014\/02\/Violeta-by-Mango6.jpg\"><img data-attachment-id=\"15915\" data-permalink=\"http:\/\/www.moda.es\/blog\/violeta-ya-tiene-cara\/violeta-by-mango6\/\" data-orig-file=\"https:\/\/i0.wp.com\/www.moda.es\/blog\/wp-content\/uploads\/2014\/02\/Violeta-by-Mango6.jpg?fit=500%2C666\" data-orig-size=\"500,666\" data-comments-opened=\"1\" data-image-meta=\"{&quot;aperture&quot;:&quot;0&quot;,&quot;credit&quot;:&quot;&quot;,&quot;camera&quot;:&quot;&quot;,&quot;caption&quot;:&quot;&quot;,&quot;created_timestamp&quot;:&quot;0&quot;,&quot;copyright&quot;:&quot;&quot;,&quot;focal_length&quot;:&quot;0&quot;,&quot;iso&quot;:&quot;0&quot;,&quot;shutter_speed&quot;:&quot;0&quot;,&quot;title&quot;:&quot;&quot;}\" data-image-title=\"Violeta by Mango6\" data-image-description=\"\" data-image-caption=\"\" data-medium-file=\"https:\/\/i0.wp.com\/www.moda.es\/blog\/wp-content\/uploads\/2014\/02\/Violeta-by-Mango6.jpg?fit=225%2C300\" data-large-file=\"https:\/\/i0.wp.com\/www.moda.es\/blog\/wp-content\/uploads\/2014\/02\/Violeta-by-Mango6.jpg?fit=500%2C666\" loading=\"lazy\" class=\"aligncenter size-full wp-image-15915\" alt=\"Violeta by Mango6\" src=\"https:\/\/i0.wp.com\/www.moda.es\/blog\/wp-content\/uploads\/2014\/02\/Violeta-by-Mango6.jpg?resize=500%2C666\" width=\"500\" height=\"666\" srcset=\"https:\/\/i0.wp.com\/www.moda.es\/blog\/wp-content\/uploads\/2014\/02\/Violeta-by-Mango6.jpg?w=500 500w, https:\/\/i0.wp.com\/www.moda.es\/blog\/wp-content\/uploads\/2014\/02\/Violeta-by-Mango6.jpg?resize=225%2C300 225w\" sizes=\"(max-width: 500px) 100vw, 500px\" data-recalc-dims=\"1\" \/><\/a><\/p>\n<p>&nbsp;<\/p>\n<p>\u00a9Mango<\/p>\n<p>&nbsp;                             <\/p>\n","protected":false},"excerpt":{"rendered":"<p>Tras el anuncio, la salida a venta y las im\u00e1genes de la colecci\u00f3n, llega la cara de Violeta by Mango. Por su simpat\u00eda, su popularidad y su vinculaci\u00f3n con la moda, Vicky Mart\u00edn Berrocal ha sido escogida imagen de la nueva marca de talla grande de Mango. La modelo, que [&hellip;]<\/p>\n","protected":false},"author":3,"featured_media":17209,"comment_status":"open","ping_status":"open","sticky":false,"template":"","format":"standard","meta":{"jetpack_publicize_message":"","jetpack_is_tweetstorm":false,"jetpack_publicize_feature_enabled":true},"categories":[2,11,14,17],"tags":[939],"jetpack_publicize_connections":[],"jetpack_featured_media_url":"https:\/\/i0.wp.com\/www.moda.es\/blog\/wp-content\/uploads\/2014\/02\/Violeta-by-Mango12.jpg?fit=500%2C751","jetpack_sharing_enabled":true,"jetpack_shortlink":"https:\/\/wp.me\/p4tJCC-48w","jetpack-related-posts":[{"id":15575,"url":"http:\/\/www.moda.es\/blog\/ya-esta-aqui-violeta-by-mango\/","url_meta":{"origin":15904,"position":0},"title":"Ya est\u00e1 aqu\u00ed: Violeta by Mango","date":"enero 14, 2014","format":false,"excerpt":"Ya es una realidad. A pesar de lo controvertido de su anuncio, Mango contin\u00faa adelante con su plan de expansi\u00f3n. La nueva l\u00ednea Violeta by Mango estar\u00e1 disponible online ma\u00f1ana mismo y se podr\u00e1 encontrar en tienda a partir del pr\u00f3ximo 16 de enero. La colecci\u00f3n de esta marca dirigida\u2026","rel":"","context":"En \u00abActualidad\u00bb","img":{"alt_text":"","src":"https:\/\/i0.wp.com\/www.moda.es\/blog\/wp-content\/uploads\/2014\/01\/Violeta11.jpg?fit=500%2C336&resize=350%2C200","width":350,"height":200},"classes":[]},{"id":18598,"url":"http:\/\/www.moda.es\/blog\/vicky-martin-berrocal-repite-con-violeta-by-mango\/","url_meta":{"origin":15904,"position":1},"title":"Vicky Mart\u00edn Berrocal repite con Violeta by Mango","date":"diciembre 2, 2014","format":false,"excerpt":"La l\u00ednea de tallas grandes de la firma low cost catalana, Violeta by Mango apuesta de nuevo por Vicky Mart\u00edn Berrocal\u00a0 como imagen de la marca para la temporada Primavera\/Verano 2015 y Marrakech ha sido el escenario escogido para la sesi\u00f3n fotogr\u00e1fica de la nueva temporada donde Vicky posar\u00e1 ante\u2026","rel":"","context":"En \u00abActualidad\u00bb","img":{"alt_text":"","src":"https:\/\/i0.wp.com\/www.moda.es\/blog\/wp-content\/uploads\/2014\/12\/unnamed.jpg?fit=650%2C977&resize=350%2C200","width":350,"height":200},"classes":[]},{"id":15100,"url":"http:\/\/www.moda.es\/blog\/mango-para-todas\/","url_meta":{"origin":15904,"position":2},"title":"Mango para todas","date":"diciembre 9, 2013","format":false,"excerpt":"Para las rubias, para las morenas, para las delgadas y ahora tambi\u00e9n para las m\u00e1s curvil\u00edneas. Mango apuesta por todos los tipos de mujer y se lanza con su nueva l\u00ednea, Violeta, una neuva marca de moda femenina que, entre las tallas 40 y 52, ofrecer\u00e1 la misma moda actual\u2026","rel":"","context":"En \u00abActualidad\u00bb","img":{"alt_text":"","src":"https:\/\/i0.wp.com\/www.moda.es\/blog\/wp-content\/uploads\/2013\/12\/Mango-11.jpg?fit=300%2C397&resize=350%2C200","width":350,"height":200},"classes":[]},{"id":15249,"url":"http:\/\/www.moda.es\/blog\/resumen-de-la-semana-14-de-diciembre\/","url_meta":{"origin":15904,"position":3},"title":"Resumen de la semana. 14 de diciembre","date":"diciembre 14, 2013","format":false,"excerpt":"\u00bfQu\u00e9 tal has acabado la semana? Espero que mejor de lo que ha terminado para algunos... Cuidado que vienen curvas, y nunca mejor dicho. El lunes celebr\u00e1bamos la llegada de la nueva l\u00ednea de Mango, Violeta by Mango, que desarrollar\u00e1 una colecci\u00f3n completa desde la talla 40 a la 52.\u2026","rel":"","context":"En \u00abActualidad\u00bb","img":{"alt_text":"","src":"https:\/\/i0.wp.com\/www.moda.es\/blog\/wp-content\/uploads\/2013\/12\/santa11.jpg?fit=500%2C333&resize=350%2C200","width":350,"height":200},"classes":[]},{"id":19424,"url":"http:\/\/www.moda.es\/blog\/cara-delevingne-y-kate-moss-juntas-para-mango\/","url_meta":{"origin":15904,"position":4},"title":"Cara Delevingne y Kate Moss, juntas para Mango","date":"mayo 28, 2015","format":false,"excerpt":"\u00bfPor qu\u00e9 tener una musa pudiendo tener dos? Dos iconos de la moda se han reunido para una sola marca. Kate Moss y Cara Delevingne protagonizan la campa\u00f1a de Oto\u00f1o\/Invierno de Mango bajo el hashtag #somethingincommon. No se nos podr\u00eda imaginar mejor pareja para representar a la marca. Aclamada por\u2026","rel":"","context":"En \u00abActualidad\u00bb","img":{"alt_text":"","src":"https:\/\/i0.wp.com\/www.moda.es\/blog\/wp-content\/uploads\/2015\/05\/Kate-Moss-Cara-Delevingne-for-MANGO.jpg?fit=650%2C434&resize=350%2C200","width":350,"height":200},"classes":[]},{"id":15619,"url":"http:\/\/www.moda.es\/blog\/mango-y-daria-capitulo-dos\/","url_meta":{"origin":15904,"position":5},"title":"Mango y Daria, cap\u00edtulo dos","date":"enero 16, 2014","format":false,"excerpt":"En el mes de Daria Werbowy, ya tenemos m\u00e1s im\u00e1genes de la campa\u00f1a que protagoniza para Mango. En noviembre se anunci\u00f3 que la modelo Daria Werbowy sustituir\u00eda a Miranda Kerr como la cara de Mango, con una campa\u00f1a fotografiada por Josh Olins en Lanzarote. Ahora las im\u00e1genes de una Daria\u2026","rel":"","context":"En \u00abCampa\u00f1as\u00bb","img":{"alt_text":"","src":"https:\/\/i0.wp.com\/www.moda.es\/blog\/wp-content\/uploads\/2014\/01\/Mango-311.jpg?fit=500%2C375&resize=350%2C200","width":350,"height":200},"classes":[]}],"_links":{"self":[{"href":"http:\/\/www.moda.es\/blog\/wp-json\/wp\/v2\/posts\/15904"}],"collection":[{"href":"http:\/\/www.moda.es\/blog\/wp-json\/wp\/v2\/posts"}],"about":[{"href":"http:\/\/www.moda.es\/blog\/wp-json\/wp\/v2\/types\/post"}],"author":[{"embeddable":true,"href":"http:\/\/www.moda.es\/blog\/wp-json\/wp\/v2\/users\/3"}],"replies":[{"embeddable":true,"href":"http:\/\/www.moda.es\/blog\/wp-json\/wp\/v2\/comments?post=15904"}],"version-history":[{"count":5,"href":"http:\/\/www.moda.es\/blog\/wp-json\/wp\/v2\/posts\/15904\/revisions"}],"predecessor-version":[{"id":36418,"href":"http:\/\/www.moda.es\/blog\/wp-json\/wp\/v2\/posts\/15904\/revisions\/36418"}],"wp:featuredmedia":[{"embeddable":true,"href":"http:\/\/www.moda.es\/blog\/wp-json\/wp\/v2\/media\/17209"}],"wp:attachment":[{"href":"http:\/\/www.moda.es\/blog\/wp-json\/wp\/v2\/media?parent=15904"}],"wp:term":[{"taxonomy":"category","embeddable":true,"href":"http:\/\/www.moda.es\/blog\/wp-json\/wp\/v2\/categories?post=15904"},{"taxonomy":"post_tag","embeddable":true,"href":"http:\/\/www.moda.es\/blog\/wp-json\/wp\/v2\/tags?post=15904"}],"curies":[{"name":"wp","href":"https:\/\/api.w.org\/{rel}","templated":true}]}}