{"id":15893,"date":"2014-02-10T22:58:20","date_gmt":"2014-02-10T21:58:20","guid":{"rendered":"http:\/\/www.moda.es\/blog\/?p=15893"},"modified":"2020-04-27T17:40:20","modified_gmt":"2020-04-27T16:40:20","slug":"el-debut-de-stuart-vevers-para-coach","status":"publish","type":"post","link":"http:\/\/www.moda.es\/blog\/el-debut-de-stuart-vevers-para-coach\/","title":{"rendered":"El debut de Stuart Vevers para Coach"},"content":{"rendered":"<p><a href=\"https:\/\/i0.wp.com\/www.moda.es\/blog\/wp-content\/uploads\/2014\/02\/Coach-4.jpg\"><img data-attachment-id=\"15894\" data-permalink=\"http:\/\/www.moda.es\/blog\/el-debut-de-stuart-vevers-para-coach\/coach-4\/\" data-orig-file=\"https:\/\/i0.wp.com\/www.moda.es\/blog\/wp-content\/uploads\/2014\/02\/Coach-4.jpg?fit=500%2C743\" data-orig-size=\"500,743\" data-comments-opened=\"1\" data-image-meta=\"{&quot;aperture&quot;:&quot;0&quot;,&quot;credit&quot;:&quot;&quot;,&quot;camera&quot;:&quot;&quot;,&quot;caption&quot;:&quot;&quot;,&quot;created_timestamp&quot;:&quot;0&quot;,&quot;copyright&quot;:&quot;&quot;,&quot;focal_length&quot;:&quot;0&quot;,&quot;iso&quot;:&quot;0&quot;,&quot;shutter_speed&quot;:&quot;0&quot;,&quot;title&quot;:&quot;&quot;}\" data-image-title=\"Coach 4\" data-image-description=\"\" data-image-caption=\"\" data-medium-file=\"https:\/\/i0.wp.com\/www.moda.es\/blog\/wp-content\/uploads\/2014\/02\/Coach-4.jpg?fit=201%2C300\" data-large-file=\"https:\/\/i0.wp.com\/www.moda.es\/blog\/wp-content\/uploads\/2014\/02\/Coach-4.jpg?fit=500%2C743\" loading=\"lazy\" class=\"aligncenter size-full wp-image-15894\" alt=\"Coach 4\" src=\"https:\/\/i0.wp.com\/www.moda.es\/blog\/wp-content\/uploads\/2014\/02\/Coach-4.jpg?resize=500%2C743\" width=\"500\" height=\"743\" srcset=\"https:\/\/i0.wp.com\/www.moda.es\/blog\/wp-content\/uploads\/2014\/02\/Coach-4.jpg?w=500 500w, https:\/\/i0.wp.com\/www.moda.es\/blog\/wp-content\/uploads\/2014\/02\/Coach-4.jpg?resize=201%2C300 201w\" sizes=\"(max-width: 500px) 100vw, 500px\" data-recalc-dims=\"1\" \/><\/a><\/p>\n<p><strong>Stuart Vevers<\/strong> ha sido llamado a reinventar una marca de setenta a\u00f1os de historia, y no puede estar m\u00e1s encantado.<\/p>\n<p>Y lo est\u00e1 porque ha conseguido imbuir a su primera colecci\u00f3n para la marca de un estilo muy suyo: un poco preppy, urbano de esp\u00edritu y totalmente americano.<\/p>\n<p>En los<strong> 19 looks<\/strong> del desfile, Vevers ha presentado elegantes capas en color canela, lanas con apariencia de ositos de peluche, cuadros rojos, chaquetas y abrigos de piel de oveja en patchwork y faldas cortas de lana llenas de detalles. En los pies, rotundos botines de piel y botas planas de montar. \u00abPens\u00e9 en <strong>tacones<\/strong> durante unos cinco segundos, \u00bb ha declarado, \u00bb pero luego mir\u00e9 a mi alrededor en la calle y pregunt\u00e9 a chicas como<strong> Cara Delevingne<\/strong> y <strong>Dree Hemingway<\/strong> lo que quer\u00edan usar en invierno y ninguna de ellas dijo talones\u00bb.<\/p>\n<p>&nbsp;<\/p>\n<p><a href=\"https:\/\/i0.wp.com\/www.moda.es\/blog\/wp-content\/uploads\/2014\/02\/Coach-1.jpg\"><img data-attachment-id=\"15895\" data-permalink=\"http:\/\/www.moda.es\/blog\/el-debut-de-stuart-vevers-para-coach\/coach-1\/\" data-orig-file=\"https:\/\/i0.wp.com\/www.moda.es\/blog\/wp-content\/uploads\/2014\/02\/Coach-1.jpg?fit=500%2C376\" data-orig-size=\"500,376\" data-comments-opened=\"1\" data-image-meta=\"{&quot;aperture&quot;:&quot;0&quot;,&quot;credit&quot;:&quot;&quot;,&quot;camera&quot;:&quot;&quot;,&quot;caption&quot;:&quot;&quot;,&quot;created_timestamp&quot;:&quot;0&quot;,&quot;copyright&quot;:&quot;&quot;,&quot;focal_length&quot;:&quot;0&quot;,&quot;iso&quot;:&quot;0&quot;,&quot;shutter_speed&quot;:&quot;0&quot;,&quot;title&quot;:&quot;&quot;}\" data-image-title=\"Coach 1\" data-image-description=\"\" data-image-caption=\"\" data-medium-file=\"https:\/\/i0.wp.com\/www.moda.es\/blog\/wp-content\/uploads\/2014\/02\/Coach-1.jpg?fit=300%2C225\" data-large-file=\"https:\/\/i0.wp.com\/www.moda.es\/blog\/wp-content\/uploads\/2014\/02\/Coach-1.jpg?fit=500%2C376\" loading=\"lazy\" class=\"aligncenter size-full wp-image-15895\" alt=\"Coach 1\" src=\"https:\/\/i0.wp.com\/www.moda.es\/blog\/wp-content\/uploads\/2014\/02\/Coach-1.jpg?resize=500%2C376\" width=\"500\" height=\"376\" srcset=\"https:\/\/i0.wp.com\/www.moda.es\/blog\/wp-content\/uploads\/2014\/02\/Coach-1.jpg?w=500 500w, https:\/\/i0.wp.com\/www.moda.es\/blog\/wp-content\/uploads\/2014\/02\/Coach-1.jpg?resize=300%2C225 300w\" sizes=\"(max-width: 500px) 100vw, 500px\" data-recalc-dims=\"1\" \/><\/a><\/p>\n<p>Sin llegar recurrir a los archivos de Coach (este es el primer intento de la marca en el pr\u00eat-\u00e0- porter) Vevers se ha inspirado en la <strong>cl\u00e1sica ropa de trabajo<\/strong> de Estados Unidos: la sudadera, la\u00a0 chaqueta bomber&#8230; \u00bb Incluso fuimos a una f\u00e1brica en Tennessee que fabrica ropa de trabajo porque quer\u00edamos ver c\u00f3mo se confecciona con autenticidad \u00ab, ha afirmado.<\/p>\n<p>&nbsp;<\/p>\n<p><a href=\"https:\/\/i0.wp.com\/www.moda.es\/blog\/wp-content\/uploads\/2014\/02\/Coach-2.jpg\"><img data-attachment-id=\"15896\" data-permalink=\"http:\/\/www.moda.es\/blog\/el-debut-de-stuart-vevers-para-coach\/coach-2\/\" data-orig-file=\"https:\/\/i0.wp.com\/www.moda.es\/blog\/wp-content\/uploads\/2014\/02\/Coach-2.jpg?fit=500%2C376\" data-orig-size=\"500,376\" data-comments-opened=\"1\" data-image-meta=\"{&quot;aperture&quot;:&quot;0&quot;,&quot;credit&quot;:&quot;&quot;,&quot;camera&quot;:&quot;&quot;,&quot;caption&quot;:&quot;&quot;,&quot;created_timestamp&quot;:&quot;0&quot;,&quot;copyright&quot;:&quot;&quot;,&quot;focal_length&quot;:&quot;0&quot;,&quot;iso&quot;:&quot;0&quot;,&quot;shutter_speed&quot;:&quot;0&quot;,&quot;title&quot;:&quot;&quot;}\" data-image-title=\"Coach 2\" data-image-description=\"\" data-image-caption=\"\" data-medium-file=\"https:\/\/i0.wp.com\/www.moda.es\/blog\/wp-content\/uploads\/2014\/02\/Coach-2.jpg?fit=300%2C225\" data-large-file=\"https:\/\/i0.wp.com\/www.moda.es\/blog\/wp-content\/uploads\/2014\/02\/Coach-2.jpg?fit=500%2C376\" loading=\"lazy\" class=\"aligncenter size-full wp-image-15896\" alt=\"Coach 2\" src=\"https:\/\/i0.wp.com\/www.moda.es\/blog\/wp-content\/uploads\/2014\/02\/Coach-2.jpg?resize=500%2C376\" width=\"500\" height=\"376\" srcset=\"https:\/\/i0.wp.com\/www.moda.es\/blog\/wp-content\/uploads\/2014\/02\/Coach-2.jpg?w=500 500w, https:\/\/i0.wp.com\/www.moda.es\/blog\/wp-content\/uploads\/2014\/02\/Coach-2.jpg?resize=300%2C225 300w\" sizes=\"(max-width: 500px) 100vw, 500px\" data-recalc-dims=\"1\" \/><\/a><\/p>\n<p>En cuanto a los bolsos, se parecia que son m\u00e1s ricos en detalle de lo que se ha visto en Coach en las \u00faltimas temporadas en las que se limitaba a las formas cuadradas y a los colores estridentes. Bolsillos, cremalleras, borlas y combinaciones de colores son las grandes estrellas.<\/p>\n<p>\u00abHay un gran deseo de <strong>cambio<\/strong> en Coach, lo que hace que mi trabajo sea m\u00e1s f\u00e1cil \u00ab, dice Vevers. \u00abEs un lugar incre\u00edble para trabajar, esta marca tiene <strong>resonancia con cada americano<\/strong>. La gente recuerda los bolsos de su abuela, el malet\u00edn de su padre, su bolso de graduaci\u00f3n. Quiero hacerlo bien por eso .\u00bb<\/p>\n<p>&nbsp;<\/p>\n<p><a href=\"https:\/\/i0.wp.com\/www.moda.es\/blog\/wp-content\/uploads\/2014\/02\/Coach-3.jpg\"><img data-attachment-id=\"15897\" data-permalink=\"http:\/\/www.moda.es\/blog\/el-debut-de-stuart-vevers-para-coach\/coach-3\/\" data-orig-file=\"https:\/\/i0.wp.com\/www.moda.es\/blog\/wp-content\/uploads\/2014\/02\/Coach-3.jpg?fit=500%2C376\" data-orig-size=\"500,376\" data-comments-opened=\"1\" data-image-meta=\"{&quot;aperture&quot;:&quot;0&quot;,&quot;credit&quot;:&quot;&quot;,&quot;camera&quot;:&quot;&quot;,&quot;caption&quot;:&quot;&quot;,&quot;created_timestamp&quot;:&quot;0&quot;,&quot;copyright&quot;:&quot;&quot;,&quot;focal_length&quot;:&quot;0&quot;,&quot;iso&quot;:&quot;0&quot;,&quot;shutter_speed&quot;:&quot;0&quot;,&quot;title&quot;:&quot;&quot;}\" data-image-title=\"Coach 3\" data-image-description=\"\" data-image-caption=\"\" data-medium-file=\"https:\/\/i0.wp.com\/www.moda.es\/blog\/wp-content\/uploads\/2014\/02\/Coach-3.jpg?fit=300%2C225\" data-large-file=\"https:\/\/i0.wp.com\/www.moda.es\/blog\/wp-content\/uploads\/2014\/02\/Coach-3.jpg?fit=500%2C376\" loading=\"lazy\" class=\"aligncenter size-full wp-image-15897\" alt=\"Coach 3\" src=\"https:\/\/i0.wp.com\/www.moda.es\/blog\/wp-content\/uploads\/2014\/02\/Coach-3.jpg?resize=500%2C376\" width=\"500\" height=\"376\" srcset=\"https:\/\/i0.wp.com\/www.moda.es\/blog\/wp-content\/uploads\/2014\/02\/Coach-3.jpg?w=500 500w, https:\/\/i0.wp.com\/www.moda.es\/blog\/wp-content\/uploads\/2014\/02\/Coach-3.jpg?resize=300%2C225 300w\" sizes=\"(max-width: 500px) 100vw, 500px\" data-recalc-dims=\"1\" \/><\/a><\/p>\n<p>Lo cierto es que la colecci\u00f3n no decepciona. \u00bfQu\u00e9 te parece?<\/p>\n<p>&nbsp;<\/p>\n<p>\u00a9Fashion Telegraph<\/p>\n<p>&nbsp;<\/p>\n<p>&nbsp;                             <\/p>\n","protected":false},"excerpt":{"rendered":"<p>Stuart Vevers ha sido llamado a reinventar una marca de setenta a\u00f1os de historia, y no puede estar m\u00e1s encantado. Y lo est\u00e1 porque ha conseguido imbuir a su primera colecci\u00f3n para la marca de un estilo muy suyo: un poco preppy, urbano de esp\u00edritu y totalmente americano. En los [&hellip;]<\/p>\n","protected":false},"author":3,"featured_media":17204,"comment_status":"open","ping_status":"open","sticky":false,"template":"","format":"standard","meta":{"jetpack_publicize_message":"","jetpack_is_tweetstorm":false,"jetpack_publicize_feature_enabled":true},"categories":[3,10,11,12],"tags":[211,540,848],"jetpack_publicize_connections":[],"jetpack_featured_media_url":"https:\/\/i0.wp.com\/www.moda.es\/blog\/wp-content\/uploads\/2014\/02\/Coach-41.jpg?fit=500%2C743","jetpack_sharing_enabled":true,"jetpack_shortlink":"https:\/\/wp.me\/p4tJCC-48l","jetpack-related-posts":[{"id":13135,"url":"http:\/\/www.moda.es\/blog\/tenemos-nuevo-chico-en-coach\/","url_meta":{"origin":15893,"position":0},"title":"Tenemos nuevo chico en Coach","date":"junio 25, 2013","format":false,"excerpt":"De una gran casa de accesorios a otra. Stuart Vevers ha hecho este movimiento y hoy ha sido anunciado. El dise\u00f1ador deja Loewe y entra en Coach como nuevo director creativo. \u00bfQu\u00e9 te parece? \u00bfCrees que ha ganado con el cambio? \"Stuart es reconocido como uno de los dise\u00f1adores de\u2026","rel":"","context":"En \u00abAccesorios\u00bb","img":{"alt_text":"","src":"https:\/\/i0.wp.com\/www.moda.es\/blog\/wp-content\/uploads\/2013\/06\/Stuart-Vevers1.jpg?fit=400%2C600&resize=350%2C200","width":350,"height":200},"classes":[]},{"id":20776,"url":"http:\/\/www.moda.es\/blog\/descubre-la-coleccion-disney-x-coach\/","url_meta":{"origin":15893,"position":1},"title":"Descubre la colecci\u00f3n Disney x Coach","date":"junio 11, 2016","format":false,"excerpt":"Cuando Stuart Vevers, director creativo ejecutivo de Coach,\u00a0dice que este es un a\u00f1o muy importante, lo que quiere decir es que el Shanghai Disney Resort est\u00e1 abriendo. Vevers, adem\u00e1s de ser el chico brit\u00e1nico al mando de esta ic\u00f3nica firma de accesorios de cuero americana ha creado una colecci\u00f3n\u00a0completa, sin\u2026","rel":"","context":"En \u00abAccesorios\u00bb","img":{"alt_text":"","src":"https:\/\/i0.wp.com\/www.moda.es\/blog\/wp-content\/uploads\/2016\/06\/Captura-de-pantalla-2016-06-11-a-las-23.08.23.png?fit=554%2C551&resize=350%2C200","width":350,"height":200},"classes":[]},{"id":22588,"url":"http:\/\/www.moda.es\/blog\/descubre-la-colaboracion-entre-selena-gomez-y-coach\/","url_meta":{"origin":15893,"position":2},"title":"Descubre la colaboraci\u00f3n entre Selena G\u00f3mez y Coach","date":"septiembre 30, 2017","format":false,"excerpt":"Hay algo m\u00e1s que simples ventas en las colaboraciones entre una celebrity y una firma, y en la colecci\u00f3n Coach x Selena G\u00f3mez\u00a0tenemos la prueba. Una edici\u00f3n limitada de accesorios de cuero que ha dado como resultado un v\u00ednculo especial entre la cantante y actriz y el director creativo brit\u00e1nico\u2026","rel":"","context":"En \u00abAccesorios\u00bb","img":{"alt_text":"","src":"https:\/\/i0.wp.com\/www.moda.es\/blog\/wp-content\/uploads\/2017\/09\/coach-2.jpeg?fit=1020%2C680&resize=350%2C200","width":350,"height":200},"classes":[]},{"id":12167,"url":"http:\/\/www.moda.es\/blog\/loewe-forever-young\/","url_meta":{"origin":15893,"position":3},"title":"Loewe&#8230; Forever young&#8230;","date":"abril 22, 2013","format":false,"excerpt":"Renovarse o morir, lo he dicho muchas veces. La \u00faltima en sumarse a esta m\u00e1xima la reina de los accesorios de lujo de nuestro pa\u00eds. Loewe planea presentar una colecci\u00f3n con un dise\u00f1o mucho m\u00e1s joven y con precios m\u00e1s asequibles para ampliar miras y acercarse a un p\u00fablico mucho\u2026","rel":"","context":"En \u00abAccesorios\u00bb","img":{"alt_text":"","src":"https:\/\/i0.wp.com\/www.moda.es\/blog\/wp-content\/uploads\/2013\/04\/loewe41.jpg?fit=301%2C319&resize=350%2C200","width":350,"height":200},"classes":[]},{"id":22418,"url":"http:\/\/www.moda.es\/blog\/descubre-la-coleccion-de-selena-gomez-para-coach\/","url_meta":{"origin":15893,"position":4},"title":"Descubre la colecci\u00f3n de Selena G\u00f3mez para Coach","date":"agosto 12, 2017","format":false,"excerpt":"\u00bfC\u00f3mo busca una marca estadounidense revalorizar una casa de 75 a\u00f1os? Si estamos hablando de Coach, reclutando al dise\u00f1ador brit\u00e1nico Stuart Vevers para dise\u00f1ar prendas de vestir frescas, pero comercialmente viables. A continuaci\u00f3n, lanzar una campa\u00f1a con j\u00f3venes cool como la estrella del pop Selena G\u00f3mez. Para acabarque la cantante\u2026","rel":"","context":"En \u00abAccesorios\u00bb","img":{"alt_text":"","src":"https:\/\/i0.wp.com\/www.moda.es\/blog\/wp-content\/uploads\/2017\/08\/Captura-de-pantalla-2017-08-12-a-las-21.37.55.png?fit=618%2C613&resize=350%2C200","width":350,"height":200},"classes":[]},{"id":12992,"url":"http:\/\/www.moda.es\/blog\/unos-vienen-y-otros-van\/","url_meta":{"origin":15893,"position":5},"title":"Unos vienen y otros van","date":"junio 10, 2013","format":false,"excerpt":"Los vaivenes de la moda son imprevisibles y hoy lo hemos visto. Una partida y una llegada han sido las grandes noticias de hoy. La partida, quiz\u00e1s lo que menos nos ha sorprendido, ha venido de la mano de Mulberry. Emma Hill abandona la marca alegando \"desacuerdos con la administraci\u00f3n\u2026","rel":"","context":"En \u00abAccesorios\u00bb","img":{"alt_text":"","src":"https:\/\/i0.wp.com\/www.moda.es\/blog\/wp-content\/uploads\/2013\/06\/Emma-Hill1.jpg?fit=400%2C655&resize=350%2C200","width":350,"height":200},"classes":[]}],"_links":{"self":[{"href":"http:\/\/www.moda.es\/blog\/wp-json\/wp\/v2\/posts\/15893"}],"collection":[{"href":"http:\/\/www.moda.es\/blog\/wp-json\/wp\/v2\/posts"}],"about":[{"href":"http:\/\/www.moda.es\/blog\/wp-json\/wp\/v2\/types\/post"}],"author":[{"embeddable":true,"href":"http:\/\/www.moda.es\/blog\/wp-json\/wp\/v2\/users\/3"}],"replies":[{"embeddable":true,"href":"http:\/\/www.moda.es\/blog\/wp-json\/wp\/v2\/comments?post=15893"}],"version-history":[{"count":5,"href":"http:\/\/www.moda.es\/blog\/wp-json\/wp\/v2\/posts\/15893\/revisions"}],"predecessor-version":[{"id":36419,"href":"http:\/\/www.moda.es\/blog\/wp-json\/wp\/v2\/posts\/15893\/revisions\/36419"}],"wp:featuredmedia":[{"embeddable":true,"href":"http:\/\/www.moda.es\/blog\/wp-json\/wp\/v2\/media\/17204"}],"wp:attachment":[{"href":"http:\/\/www.moda.es\/blog\/wp-json\/wp\/v2\/media?parent=15893"}],"wp:term":[{"taxonomy":"category","embeddable":true,"href":"http:\/\/www.moda.es\/blog\/wp-json\/wp\/v2\/categories?post=15893"},{"taxonomy":"post_tag","embeddable":true,"href":"http:\/\/www.moda.es\/blog\/wp-json\/wp\/v2\/tags?post=15893"}],"curies":[{"name":"wp","href":"https:\/\/api.w.org\/{rel}","templated":true}]}}