{"id":15858,"date":"2014-02-06T22:39:15","date_gmt":"2014-02-06T21:39:15","guid":{"rendered":"http:\/\/www.moda.es\/blog\/?p=15858"},"modified":"2020-04-27T17:40:38","modified_gmt":"2020-04-27T16:40:38","slug":"que-paso-con-agyness-deyn","status":"publish","type":"post","link":"http:\/\/www.moda.es\/blog\/que-paso-con-agyness-deyn\/","title":{"rendered":"\u00bfQu\u00e9 pas\u00f3 con Agyness Deyn?"},"content":{"rendered":"<p><a href=\"https:\/\/i0.wp.com\/www.moda.es\/blog\/wp-content\/uploads\/2014\/02\/Agyness-Deyn1.jpg\"><img data-attachment-id=\"15859\" data-permalink=\"http:\/\/www.moda.es\/blog\/que-paso-con-agyness-deyn\/151013330mi00002_guess_port\/\" data-orig-file=\"https:\/\/i0.wp.com\/www.moda.es\/blog\/wp-content\/uploads\/2014\/02\/Agyness-Deyn1.jpg?fit=300%2C371\" data-orig-size=\"300,371\" data-comments-opened=\"1\" data-image-meta=\"{&quot;aperture&quot;:&quot;0&quot;,&quot;credit&quot;:&quot;Charles Leonio&quot;,&quot;camera&quot;:&quot;&quot;,&quot;caption&quot;:&quot;&quot;,&quot;created_timestamp&quot;:&quot;0&quot;,&quot;copyright&quot;:&quot;2012 Getty Images&quot;,&quot;focal_length&quot;:&quot;0&quot;,&quot;iso&quot;:&quot;0&quot;,&quot;shutter_speed&quot;:&quot;0&quot;,&quot;title&quot;:&quot;151013330MI00002_Guess_Port&quot;}\" data-image-title=\"151013330MI00002_Guess_Port\" data-image-description=\"\" data-image-caption=\"\" data-medium-file=\"https:\/\/i0.wp.com\/www.moda.es\/blog\/wp-content\/uploads\/2014\/02\/Agyness-Deyn1.jpg?fit=242%2C300\" data-large-file=\"https:\/\/i0.wp.com\/www.moda.es\/blog\/wp-content\/uploads\/2014\/02\/Agyness-Deyn1.jpg?fit=300%2C371\" loading=\"lazy\" class=\"aligncenter size-full wp-image-15859\" alt=\"151013330MI00002_Guess_Port\" src=\"https:\/\/i0.wp.com\/www.moda.es\/blog\/wp-content\/uploads\/2014\/02\/Agyness-Deyn1.jpg?resize=300%2C371\" width=\"300\" height=\"371\" srcset=\"https:\/\/i0.wp.com\/www.moda.es\/blog\/wp-content\/uploads\/2014\/02\/Agyness-Deyn1.jpg?w=300 300w, https:\/\/i0.wp.com\/www.moda.es\/blog\/wp-content\/uploads\/2014\/02\/Agyness-Deyn1.jpg?resize=242%2C300 242w\" sizes=\"(max-width: 300px) 100vw, 300px\" data-recalc-dims=\"1\" \/><\/a><\/p>\n<p>Tuvo un momento \u00abCara Delevingne\u00bb, fue la imagen de innumerables campa\u00f1as y desfil\u00f3 para todos los grandes pero poco tiempo despu\u00e9s pareci\u00f3 aburrirse del <strong>protagonismo.<\/strong><\/p>\n<p>Despu\u00e9s de cuatro temporadas colaborando con la marca brit\u00e1nica de accesorios, <strong>Dr. Martens,<\/strong> la modelo <strong>Agyness Deyn<\/strong> se ha lanzado al negocio de la moda anunciando la creaci\u00f3n de <strong>su propia l\u00ednea de moda<\/strong>.<\/p>\n<p>Con el nombre <strong>Title A,<\/strong> esta l\u00ednea de esp\u00edritu contempor\u00e1neo apuesta por conceptos b\u00e1sicos y cortes de calidad con precios que partir\u00e1n de los 80 euros y alcanzar\u00e1n los 600 en las prendas m\u00e1s elaboradas.<\/p>\n<p>Cabe esperar que la colecci\u00f3n de la modelo corresponda con el<strong> estilo habitua<\/strong>l de Deyn: pantalones ajustados, crop tops, sudaderas, faldas por la rodilla y m\u00faltiples estampados siempre unidos por un punto de <strong>androginia.<\/strong> Hasta cuatro colecciones podremos ver cada a\u00f1o y estar\u00e1n disponibles a trav\u00e9s de <a href=\"http:\/\/www.titlea.com\/\" target=\"_blank\">Titlea.com<\/a>.<\/p>\n<p style=\"text-align: center\"><a href=\"https:\/\/i0.wp.com\/www.moda.es\/blog\/wp-content\/uploads\/2014\/02\/Agyness-Deyn3.jpg\"><img data-attachment-id=\"15860\" data-permalink=\"http:\/\/www.moda.es\/blog\/que-paso-con-agyness-deyn\/agyness-deyn3\/\" data-orig-file=\"https:\/\/i0.wp.com\/www.moda.es\/blog\/wp-content\/uploads\/2014\/02\/Agyness-Deyn3.jpg?fit=300%2C200\" data-orig-size=\"300,200\" data-comments-opened=\"1\" data-image-meta=\"{&quot;aperture&quot;:&quot;0&quot;,&quot;credit&quot;:&quot;&quot;,&quot;camera&quot;:&quot;&quot;,&quot;caption&quot;:&quot;&quot;,&quot;created_timestamp&quot;:&quot;0&quot;,&quot;copyright&quot;:&quot;&quot;,&quot;focal_length&quot;:&quot;0&quot;,&quot;iso&quot;:&quot;0&quot;,&quot;shutter_speed&quot;:&quot;0&quot;,&quot;title&quot;:&quot;&quot;}\" data-image-title=\"Agyness Deyn3\" data-image-description=\"\" data-image-caption=\"\" data-medium-file=\"https:\/\/i0.wp.com\/www.moda.es\/blog\/wp-content\/uploads\/2014\/02\/Agyness-Deyn3.jpg?fit=300%2C200\" data-large-file=\"https:\/\/i0.wp.com\/www.moda.es\/blog\/wp-content\/uploads\/2014\/02\/Agyness-Deyn3.jpg?fit=300%2C200\" loading=\"lazy\" class=\"aligncenter  wp-image-15860\" alt=\"Agyness Deyn3\" src=\"https:\/\/i0.wp.com\/www.moda.es\/blog\/wp-content\/uploads\/2014\/02\/Agyness-Deyn3.jpg?resize=400%2C300\" width=\"400\" height=\"300\" data-recalc-dims=\"1\" \/><\/a><\/p>\n<p>As\u00ed que ya sabes, si quieres vesitr como ella, espera a <strong>marzo<\/strong> para ver lo que nos tiene preparado.<\/p>\n<p>&nbsp;<\/p>\n<p>\u00a9WWD \/ Elle.com \/ Harper&#8217;s Bazaar UK<\/p>\n<p>&nbsp;                             <\/p>\n","protected":false},"excerpt":{"rendered":"<p>Tuvo un momento \u00abCara Delevingne\u00bb, fue la imagen de innumerables campa\u00f1as y desfil\u00f3 para todos los grandes pero poco tiempo despu\u00e9s pareci\u00f3 aburrirse del protagonismo. Despu\u00e9s de cuatro temporadas colaborando con la marca brit\u00e1nica de accesorios, Dr. Martens, la modelo Agyness Deyn se ha lanzado al negocio de la moda [&hellip;]<\/p>\n","protected":false},"author":3,"featured_media":17205,"comment_status":"open","ping_status":"open","sticky":false,"template":"","format":"standard","meta":{"jetpack_publicize_message":"","jetpack_is_tweetstorm":false,"jetpack_publicize_feature_enabled":true},"categories":[3,10,11,17],"tags":[52,281],"jetpack_publicize_connections":[],"jetpack_featured_media_url":"https:\/\/i0.wp.com\/www.moda.es\/blog\/wp-content\/uploads\/2014\/02\/Agyness-Deyn11.jpg?fit=300%2C371","jetpack_sharing_enabled":true,"jetpack_shortlink":"https:\/\/wp.me\/p4tJCC-47M","jetpack-related-posts":[{"id":8240,"url":"http:\/\/www.moda.es\/blog\/ese-oscuro-objeto-de-deseo-los-creepers\/","url_meta":{"origin":15858,"position":0},"title":"Ese oscuro objeto de deseo, los Creepers","date":"agosto 9, 2012","format":false,"excerpt":"Como todo vuelve, acaba volviendo varias veces. Despu\u00e9s de la Segunda Guerra Mundial, sobre todo, en los a\u00f1os 50 y 60 los zapatos llamados 'Creepers' o 'Brothel Creepers' , un calzado que hab\u00edan puesto de moda ex militares en la noche londinense. Caracter\u00edsticos por su gruesa suela de goma negra,\u2026","rel":"","context":"En \u00abAccesorios\u00bb","img":{"alt_text":"","src":"https:\/\/i0.wp.com\/www.moda.es\/blog\/wp-content\/uploads\/2012\/08\/c81-e1344339073895.jpg?resize=350%2C200","width":350,"height":200},"classes":[]},{"id":8098,"url":"http:\/\/www.moda.es\/blog\/los-90-estan-de-vuelta\/","url_meta":{"origin":15858,"position":1},"title":"Los 90 est\u00e1n de vuelta","date":"julio 30, 2012","format":false,"excerpt":"Cu\u00e1ntas veces te has o\u00eddo decir a ti mismo, \"qu\u00e9 noventero\", en el tono m\u00e1s despreciativo. Pues bien, esta expresi\u00f3n que hasta hace no mucho era cr\u00edtica, ahora es un calificativo de moda. En la cada vez m\u00e1s r\u00e1pida tendencia revisionista de la moda, vemos que en las calles m\u00e1s\u2026","rel":"","context":"En \u00abTendencias\u00bb","img":{"alt_text":"","src":"https:\/\/i0.wp.com\/www.moda.es\/blog\/wp-content\/uploads\/2012\/07\/0680911.jpg?fit=440%2C600&resize=350%2C200","width":350,"height":200},"classes":[]},{"id":2690,"url":"http:\/\/www.moda.es\/blog\/la-chica-del-pelo-rapado\/","url_meta":{"origin":15858,"position":2},"title":"La chica del pelo rapado","date":"julio 16, 2011","format":false,"excerpt":"En uno de los post anteriores os hablaba del \u00faltimo desfile de alta costura de Jean Paul Gaultier.\u00a0Para \u00e9l, como un homenaje a otra \u00e9poca, el modisto consigui\u00f3 que desfilaran dos mujeres hoy desaparecidas de los escenarios y las pasarelas, respectivamente. Una de ellas fue la cantante francesa Myl\u00e8ne Farmer\u2026","rel":"","context":"En \u00abIt Girl\u00bb","img":{"alt_text":"","src":"https:\/\/i0.wp.com\/www.moda.es\/blog\/wp-content\/uploads\/2011\/07\/BALD-V1.jpg?resize=350%2C200","width":350,"height":200},"classes":[]},{"id":4831,"url":"http:\/\/www.moda.es\/blog\/se-llama-coco-summer\/","url_meta":{"origin":15858,"position":3},"title":"Se llama Coco Sumner","date":"diciembre 23, 2011","format":false,"excerpt":"\u00bfQui\u00e9n es Coco Sumner? Si te suena este nombre lo que seguro sabes es que es la hija del cantante Sting, aunque a ella le pesa eso de ser \"hija de\". Pero se lo ha currado para tener un nombre propio en la m\u00fasica. En 2010, sac\u00f3 su primer \u00e1lbum\u2026","rel":"","context":"En \u00abIt Girl\u00bb","img":{"alt_text":"","src":"https:\/\/i0.wp.com\/www.moda.es\/blog\/wp-content\/uploads\/2011\/12\/ewfr1.jpg?fit=442%2C293&resize=350%2C200","width":350,"height":200},"classes":[]},{"id":11260,"url":"http:\/\/www.moda.es\/blog\/burberry-body-tender-la-nueva-fragancia-british\/","url_meta":{"origin":15858,"position":4},"title":"Burberry Body Tender, la nueva fragancia british","date":"marzo 2, 2013","format":false,"excerpt":"Aunque el tiempo no acompa\u00f1e mucho en 20 d\u00edas llega la primavera. Empieza a oler a sol, a aire libre, a terrazas, a desterrar la bufanda, a flores blancas y c\u00edtricos, a Burberry Body Tender. Burberry estrena temporada con el lanzamiento de un perfume muy especial, la declinaci\u00f3n m\u00e1s fresca\u2026","rel":"","context":"En \u00abBelleza\u00bb","img":{"alt_text":"","src":"https:\/\/i0.wp.com\/www.moda.es\/blog\/wp-content\/uploads\/2013\/03\/Burberry-Body-Tender-61.jpg?fit=500%2C354&resize=350%2C200","width":350,"height":200},"classes":[]},{"id":21534,"url":"http:\/\/www.moda.es\/blog\/2016-un-ano-de-moda\/","url_meta":{"origin":15858,"position":5},"title":"2016: Un a\u00f1o de moda","date":"diciembre 31, 2016","format":false,"excerpt":"La moda es cambio, eso est\u00e1 claro y no habr\u00eda a\u00f1o de moda que se precie si no estuviera lleno de ellos. En 2016 hemos perdido\u00a0a muchos\u00a0grandes de la moda, la m\u00e1s reciente Franca Sozzani, ha habido muchos movimientos creativos, y colaboraciones\u00a0de moda que han hecho que\u00a0todo el mundo saliera\u2026","rel":"","context":"En \u00abDestacados\u00bb","img":{"alt_text":"","src":"https:\/\/i0.wp.com\/www.moda.es\/blog\/wp-content\/uploads\/2016\/12\/Captura-de-pantalla-2016-12-31-a-las-17.03.06.png?fit=351%2C525&resize=350%2C200","width":350,"height":200},"classes":[]}],"_links":{"self":[{"href":"http:\/\/www.moda.es\/blog\/wp-json\/wp\/v2\/posts\/15858"}],"collection":[{"href":"http:\/\/www.moda.es\/blog\/wp-json\/wp\/v2\/posts"}],"about":[{"href":"http:\/\/www.moda.es\/blog\/wp-json\/wp\/v2\/types\/post"}],"author":[{"embeddable":true,"href":"http:\/\/www.moda.es\/blog\/wp-json\/wp\/v2\/users\/3"}],"replies":[{"embeddable":true,"href":"http:\/\/www.moda.es\/blog\/wp-json\/wp\/v2\/comments?post=15858"}],"version-history":[{"count":5,"href":"http:\/\/www.moda.es\/blog\/wp-json\/wp\/v2\/posts\/15858\/revisions"}],"predecessor-version":[{"id":36421,"href":"http:\/\/www.moda.es\/blog\/wp-json\/wp\/v2\/posts\/15858\/revisions\/36421"}],"wp:featuredmedia":[{"embeddable":true,"href":"http:\/\/www.moda.es\/blog\/wp-json\/wp\/v2\/media\/17205"}],"wp:attachment":[{"href":"http:\/\/www.moda.es\/blog\/wp-json\/wp\/v2\/media?parent=15858"}],"wp:term":[{"taxonomy":"category","embeddable":true,"href":"http:\/\/www.moda.es\/blog\/wp-json\/wp\/v2\/categories?post=15858"},{"taxonomy":"post_tag","embeddable":true,"href":"http:\/\/www.moda.es\/blog\/wp-json\/wp\/v2\/tags?post=15858"}],"curies":[{"name":"wp","href":"https:\/\/api.w.org\/{rel}","templated":true}]}}