{"id":14989,"date":"2013-11-27T22:01:51","date_gmt":"2013-11-27T21:01:51","guid":{"rendered":"http:\/\/www.moda.es\/blog\/?p=14989"},"modified":"2020-04-27T17:48:06","modified_gmt":"2020-04-27T16:48:06","slug":"mulberry-y-el-abrigo-tecnologico","status":"publish","type":"post","link":"http:\/\/www.moda.es\/blog\/mulberry-y-el-abrigo-tecnologico\/","title":{"rendered":"Mulberry y el abrigo tecnol\u00f3gico"},"content":{"rendered":"<p><a href=\"https:\/\/i0.wp.com\/www.moda.es\/blog\/wp-content\/uploads\/2013\/11\/Mulberry-1.jpg\"><img data-attachment-id=\"14990\" data-permalink=\"http:\/\/www.moda.es\/blog\/mulberry-y-el-abrigo-tecnologico\/mulberry-1-2\/\" data-orig-file=\"https:\/\/i0.wp.com\/www.moda.es\/blog\/wp-content\/uploads\/2013\/11\/Mulberry-1.jpg?fit=500%2C708\" data-orig-size=\"500,708\" data-comments-opened=\"1\" data-image-meta=\"{&quot;aperture&quot;:&quot;0&quot;,&quot;credit&quot;:&quot;&quot;,&quot;camera&quot;:&quot;&quot;,&quot;caption&quot;:&quot;&quot;,&quot;created_timestamp&quot;:&quot;0&quot;,&quot;copyright&quot;:&quot;&quot;,&quot;focal_length&quot;:&quot;0&quot;,&quot;iso&quot;:&quot;0&quot;,&quot;shutter_speed&quot;:&quot;0&quot;,&quot;title&quot;:&quot;&quot;}\" data-image-title=\"Mulberry 1\" data-image-description=\"\" data-image-caption=\"\" data-medium-file=\"https:\/\/i0.wp.com\/www.moda.es\/blog\/wp-content\/uploads\/2013\/11\/Mulberry-1.jpg?fit=211%2C300\" data-large-file=\"https:\/\/i0.wp.com\/www.moda.es\/blog\/wp-content\/uploads\/2013\/11\/Mulberry-1.jpg?fit=500%2C708\" loading=\"lazy\" class=\"aligncenter size-medium wp-image-14990\" alt=\"Mulberry 1\" src=\"https:\/\/i0.wp.com\/www.moda.es\/blog\/wp-content\/uploads\/2013\/11\/Mulberry-1.jpg?resize=211%2C300\" width=\"211\" height=\"300\" srcset=\"https:\/\/i0.wp.com\/www.moda.es\/blog\/wp-content\/uploads\/2013\/11\/Mulberry-1.jpg?resize=211%2C300 211w, https:\/\/i0.wp.com\/www.moda.es\/blog\/wp-content\/uploads\/2013\/11\/Mulberry-1.jpg?w=500 500w\" sizes=\"(max-width: 211px) 100vw, 211px\" data-recalc-dims=\"1\" \/><\/a><\/p>\n<p>&nbsp;<\/p>\n<p>\u00bfQui\u00e9n dijo que la moda acababa en la aguja y los botones? La investigaci\u00f3n en los archivos hist\u00f3ricos y el desarrollo de nuevas t\u00e9cnicas y materiales son tan importantes como un buen dise\u00f1o.<\/p>\n<p><strong>Mulberry<\/strong> ha colaborado con <strong>Mackintosh<\/strong> para el dise\u00f1o de un abrigo de edici\u00f3n limitada. Las dos marcas brit\u00e1nicas han unido sus fuerzas por primera vez para crear una prenda de abrigo particularmente elegante que estar\u00e1 disponible en los puntos de venta de la firma a partir de <strong>enero de 2014.<\/strong><\/p>\n<p>Tan innovador como a la moda, el punto de partida inicial de la capa de tela de Mackintosh, creada por el qu\u00edmico escoc\u00e9s <strong>Charles Mackintosh<\/strong> en el siglo XIX.\u00a0 se ha dise\u00f1ado para proporcionar la mejor protecci\u00f3n posible frente a la lluvia.<\/p>\n<p>Su nueva versi\u00f3n de la mano de Mulberry ha sido confeccionada casi totalmente <strong>a mano<\/strong>, la prenda cuenta con botones de flor y un forro desmontable con estampado a cuadros de lana merino, producido exclusivamente en un lanificio tradicional escoc\u00e9s.<\/p>\n<p>Este abrigo, que tendr\u00e1 un precio de 1.750 \u20ac, formar\u00e1 parte de la colecci\u00f3n Primavera \/ Verano 2014.<\/p>\n<p>Haz <a href=\"http:\/\/www.youtube.com\/watch?v=pjofIM4aQC4\" target=\"_blank\">click aqu\u00ed<\/a> para ver el v\u00eddeo de esta colaboraci\u00f3n.<\/p>\n<p>&nbsp;<\/p>\n<p>\u00a9Fashion Telegraph<\/p>\n<p>&nbsp;                             <\/p>\n","protected":false},"excerpt":{"rendered":"<p>&nbsp; \u00bfQui\u00e9n dijo que la moda acababa en la aguja y los botones? La investigaci\u00f3n en los archivos hist\u00f3ricos y el desarrollo de nuevas t\u00e9cnicas y materiales son tan importantes como un buen dise\u00f1o. Mulberry ha colaborado con Mackintosh para el dise\u00f1o de un abrigo de edici\u00f3n limitada. Las dos [&hellip;]<\/p>\n","protected":false},"author":3,"featured_media":17167,"comment_status":"open","ping_status":"open","sticky":false,"template":"","format":"standard","meta":{"jetpack_publicize_message":"","jetpack_is_tweetstorm":false,"jetpack_publicize_feature_enabled":true},"categories":[2,11,14],"tags":[643],"jetpack_publicize_connections":[],"jetpack_featured_media_url":"https:\/\/i0.wp.com\/www.moda.es\/blog\/wp-content\/uploads\/2013\/11\/Mulberry-1-211x3001.jpg?fit=211%2C300","jetpack_sharing_enabled":true,"jetpack_shortlink":"https:\/\/wp.me\/p4tJCC-3TL","jetpack-related-posts":[{"id":17781,"url":"http:\/\/www.moda.es\/blog\/mas-mulberry-por-menos\/","url_meta":{"origin":14989,"position":0},"title":"M\u00e1s Mulberry por menos","date":"mayo 29, 2014","format":false,"excerpt":"Renovarse o morir en tiempos de crisis. Por eso Mulberry ha decidido revisar sus precios y apostar por un mercado m\u00e1s amplio con una colecci\u00f3n m\u00e1s asequible. Nace la colecci\u00f3n Tessie. Una serie de bolsos en diferentes formatos (clutch, shopping, messenger...) confeccionados en suave piel y con l\u00edneas sencillas con\u2026","rel":"","context":"En \u00abAccesorios\u00bb","img":{"alt_text":"","src":"https:\/\/i0.wp.com\/www.moda.es\/blog\/wp-content\/uploads\/2014\/05\/Mulberry-1.jpg?fit=650%2C975&resize=350%2C200","width":350,"height":200},"classes":[]},{"id":19233,"url":"http:\/\/www.moda.es\/blog\/cressida-bonas-posa-para-mulberry\/","url_meta":{"origin":14989,"position":1},"title":"Cressida Bonas posa para Mulberry","date":"abril 8, 2015","format":false,"excerpt":"El mes pasado, Cressida Bonas sali\u00f3 de las sombras y se hizo famosa por salir con el pr\u00edncipe Harry y mostrar su aut\u00e9ntico amor verdadero: la danza. Ahora, tambi\u00e9n nos est\u00e1 mostrando sus habilidades como modelo para Mulberry, la marca brit\u00e1nica que la ha fichado como su \u00faltima embajadora. Bonas,\u2026","rel":"","context":"En \u00abAccesorios\u00bb","img":{"alt_text":"","src":"https:\/\/i0.wp.com\/www.moda.es\/blog\/wp-content\/uploads\/2015\/04\/mcb.jpg?fit=650%2C434&resize=350%2C200","width":350,"height":200},"classes":[]},{"id":15467,"url":"http:\/\/www.moda.es\/blog\/cara-delevingne-chica-mulberry-tambien-en-2014\/","url_meta":{"origin":14989,"position":2},"title":"Cara Delevingne, chica Mulberry tambi\u00e9n en 2014","date":"enero 2, 2014","format":false,"excerpt":"Parece que en el nuevo a\u00f1o la modelo brit\u00f1anica no va a abandonar su posici\u00f3n. Cara Delevingne estrena 2014 como imagen de la campa\u00f1a Primavera - Verano 2014 de Mulberry. Fotografiada por Tim Walker, Delevingne se ha rodeado de algunos amigos peludos para mostrar la nueva colecci\u00f3n de la casa.\u2026","rel":"","context":"En \u00abCampa\u00f1as\u00bb","img":{"alt_text":"","src":"https:\/\/i0.wp.com\/www.moda.es\/blog\/wp-content\/uploads\/2014\/01\/Mulberry-Cara-Delevingne-21.jpg?fit=500%2C334&resize=350%2C200","width":350,"height":200},"classes":[]},{"id":18570,"url":"http:\/\/www.moda.es\/blog\/tenemos-nuevo-chico-en-mulberry\/","url_meta":{"origin":14989,"position":3},"title":"Tenemos nuevo chico en Mulberry","date":"noviembre 28, 2014","format":false,"excerpt":"Diecisiete meses despu\u00e9s de que Emma Hill, directora creativa de Mulberry, saliera de la casa, finalmente terminan las especulaciones acerca de su sucesor, y confirma a Johnny Coca, anteriormente en C\u00e9line, como su nuevo director creativo. Coca, que se unir\u00e1 a Mulberry el 8 de julio viene desde C\u00e9line donde\u2026","rel":"","context":"En \u00abActualidad\u00bb","img":{"alt_text":"","src":"https:\/\/i0.wp.com\/www.moda.es\/blog\/wp-content\/uploads\/2014\/11\/jcm.jpg?fit=650%2C946&resize=350%2C200","width":350,"height":200},"classes":[]},{"id":4510,"url":"http:\/\/www.moda.es\/blog\/el-abrigo\/","url_meta":{"origin":14989,"position":4},"title":"El abrigo","date":"diciembre 2, 2011","format":false,"excerpt":"Invertir en un buen abrigo para el invierno es, adem\u00e1s de una necesidad imperiosa que el fr\u00edo es cosa seria, es una muy buena tarjeta de visita. Viste y da prensencia. Obviamente por las exigencias clim\u00e1ticas, al menos en nuestro hemisferio, el abrigo nos acompa\u00f1a todo el tiempo en las\u2026","rel":"","context":"En \u00abFirmas\u00bb","img":{"alt_text":"","src":"https:\/\/i0.wp.com\/www.moda.es\/blog\/wp-content\/uploads\/2011\/12\/0001708140-e1322859388232.jpg?resize=350%2C200","width":350,"height":200},"classes":[]},{"id":19599,"url":"http:\/\/www.moda.es\/blog\/el-abrigo-del-millon-de-euros\/","url_meta":{"origin":14989,"position":5},"title":"El abrigo del mill\u00f3n de euros","date":"julio 20, 2015","format":false,"excerpt":"Cuando Karl Lagerfeld dej\u00f3 caminar por la pasarela del desfile de Costura de Fendi esos 36 escandalosos y lujosos looks en los que la piel era la gran protagonista, levant\u00f3 oleadas de gritos. Gritos de\u00a0aplauso de conocedores de la moda y clientes leales de Fendi que elogiaron su paso valiente\u2026","rel":"","context":"En \u00abActualidad\u00bb","img":{"alt_text":"","src":"https:\/\/i0.wp.com\/www.moda.es\/blog\/wp-content\/uploads\/2015\/07\/Captura-de-pantalla-2015-07-20-a-las-17.16.27.png?fit=363%2C590&resize=350%2C200","width":350,"height":200},"classes":[]}],"_links":{"self":[{"href":"http:\/\/www.moda.es\/blog\/wp-json\/wp\/v2\/posts\/14989"}],"collection":[{"href":"http:\/\/www.moda.es\/blog\/wp-json\/wp\/v2\/posts"}],"about":[{"href":"http:\/\/www.moda.es\/blog\/wp-json\/wp\/v2\/types\/post"}],"author":[{"embeddable":true,"href":"http:\/\/www.moda.es\/blog\/wp-json\/wp\/v2\/users\/3"}],"replies":[{"embeddable":true,"href":"http:\/\/www.moda.es\/blog\/wp-json\/wp\/v2\/comments?post=14989"}],"version-history":[{"count":5,"href":"http:\/\/www.moda.es\/blog\/wp-json\/wp\/v2\/posts\/14989\/revisions"}],"predecessor-version":[{"id":36471,"href":"http:\/\/www.moda.es\/blog\/wp-json\/wp\/v2\/posts\/14989\/revisions\/36471"}],"wp:featuredmedia":[{"embeddable":true,"href":"http:\/\/www.moda.es\/blog\/wp-json\/wp\/v2\/media\/17167"}],"wp:attachment":[{"href":"http:\/\/www.moda.es\/blog\/wp-json\/wp\/v2\/media?parent=14989"}],"wp:term":[{"taxonomy":"category","embeddable":true,"href":"http:\/\/www.moda.es\/blog\/wp-json\/wp\/v2\/categories?post=14989"},{"taxonomy":"post_tag","embeddable":true,"href":"http:\/\/www.moda.es\/blog\/wp-json\/wp\/v2\/tags?post=14989"}],"curies":[{"name":"wp","href":"https:\/\/api.w.org\/{rel}","templated":true}]}}