{"id":14895,"date":"2013-11-18T23:17:42","date_gmt":"2013-11-18T22:17:42","guid":{"rendered":"http:\/\/www.moda.es\/blog\/?p=14895"},"modified":"2020-04-27T17:49:11","modified_gmt":"2020-04-27T16:49:11","slug":"daria-werbowy-nueva-chica-mango","status":"publish","type":"post","link":"http:\/\/www.moda.es\/blog\/daria-werbowy-nueva-chica-mango\/","title":{"rendered":"Daria Werbowy, nueva chica Mango"},"content":{"rendered":"<p>Normalmente las musas de la marca repet\u00edan m\u00e1s de una temporada, pero parece ser que el acuerdo con <strong>Miranda Kerr<\/strong> s\u00f3lo contemplaba 6 meses, o que quiz\u00e1s (aqu\u00ed hablo por m\u00ed, la chica es preciosa pero no termina de transmitir) no ha dado los resultados que cab\u00eda esperar. El caso es que tenemos\u00a0 nueva chica en <strong>Mango:<\/strong> <strong>Daria Werbowy<\/strong> ser\u00e1 la<strong> nueva imagen<\/strong> de la marca catalana.<\/p>\n<p style=\"text-align: center\"><a href=\"https:\/\/i0.wp.com\/www.moda.es\/blog\/wp-content\/uploads\/2013\/11\/Mango-1.jpg\" target=\"_blank\"><img data-attachment-id=\"14897\" data-permalink=\"http:\/\/www.moda.es\/blog\/daria-werbowy-nueva-chica-mango\/mango-1-3\/\" data-orig-file=\"https:\/\/i0.wp.com\/www.moda.es\/blog\/wp-content\/uploads\/2013\/11\/Mango-1.jpg?fit=500%2C334\" data-orig-size=\"500,334\" data-comments-opened=\"1\" data-image-meta=\"{&quot;aperture&quot;:&quot;0&quot;,&quot;credit&quot;:&quot;&quot;,&quot;camera&quot;:&quot;&quot;,&quot;caption&quot;:&quot;&quot;,&quot;created_timestamp&quot;:&quot;0&quot;,&quot;copyright&quot;:&quot;&quot;,&quot;focal_length&quot;:&quot;0&quot;,&quot;iso&quot;:&quot;0&quot;,&quot;shutter_speed&quot;:&quot;0&quot;,&quot;title&quot;:&quot;&quot;}\" data-image-title=\"Mango 1\" data-image-description=\"\" data-image-caption=\"\" data-medium-file=\"https:\/\/i0.wp.com\/www.moda.es\/blog\/wp-content\/uploads\/2013\/11\/Mango-1.jpg?fit=300%2C200\" data-large-file=\"https:\/\/i0.wp.com\/www.moda.es\/blog\/wp-content\/uploads\/2013\/11\/Mango-1.jpg?fit=500%2C334\" loading=\"lazy\" class=\"aligncenter size-full wp-image-14897\" alt=\"Mango 1\" src=\"https:\/\/i0.wp.com\/www.moda.es\/blog\/wp-content\/uploads\/2013\/11\/Mango-1.jpg?resize=500%2C334\" width=\"500\" height=\"334\" srcset=\"https:\/\/i0.wp.com\/www.moda.es\/blog\/wp-content\/uploads\/2013\/11\/Mango-1.jpg?w=500 500w, https:\/\/i0.wp.com\/www.moda.es\/blog\/wp-content\/uploads\/2013\/11\/Mango-1.jpg?resize=300%2C200 300w\" sizes=\"(max-width: 500px) 100vw, 500px\" data-recalc-dims=\"1\" \/><\/a><\/p>\n<p>&nbsp;<\/p>\n<p>Ninona Vila, directora de relaciones p\u00fablicas de Mango, ha declarado: \u00abSiguiendo nuestra trayectoria de colaboraciones con personajes de referencia en el mundo de la moda, Mango ha apostado por una de las tops de m\u00e1s calidad del sector en estos momentos. Con la\u00a0 elecci\u00f3n de una modelo de la talla de Daria Werbowy, hemos querido remarcar no solo nuestros valores de marca, sino tambi\u00e9n la importancia de la <strong>calidad<\/strong> y el <strong>dise\u00f1o<\/strong> de las prendas que componen la\u00a0 nueva colecci\u00f3n.<i> <\/i><\/p>\n<p>Una nueva colecci\u00f3n que seg\u00fan la casa vendr\u00e1 cargada de <strong>estampados,<\/strong> siluetas fluidas, bordados al estilo m\u00e1s <strong><i>hippie<\/i><\/strong> y looks tribales fundidos con flecos, aplicaciones met\u00e1licas y otros estilos m\u00e1s <strong>indie rock.<\/strong><\/p>\n<p><a href=\"https:\/\/i0.wp.com\/www.moda.es\/blog\/wp-content\/uploads\/2013\/11\/Mango-2.jpg\"><img data-attachment-id=\"14898\" data-permalink=\"http:\/\/www.moda.es\/blog\/daria-werbowy-nueva-chica-mango\/mango-2-3\/\" data-orig-file=\"https:\/\/i0.wp.com\/www.moda.es\/blog\/wp-content\/uploads\/2013\/11\/Mango-2.jpg?fit=500%2C334\" data-orig-size=\"500,334\" data-comments-opened=\"1\" data-image-meta=\"{&quot;aperture&quot;:&quot;0&quot;,&quot;credit&quot;:&quot;&quot;,&quot;camera&quot;:&quot;&quot;,&quot;caption&quot;:&quot;&quot;,&quot;created_timestamp&quot;:&quot;0&quot;,&quot;copyright&quot;:&quot;&quot;,&quot;focal_length&quot;:&quot;0&quot;,&quot;iso&quot;:&quot;0&quot;,&quot;shutter_speed&quot;:&quot;0&quot;,&quot;title&quot;:&quot;&quot;}\" data-image-title=\"Mango 2\" data-image-description=\"\" data-image-caption=\"\" data-medium-file=\"https:\/\/i0.wp.com\/www.moda.es\/blog\/wp-content\/uploads\/2013\/11\/Mango-2.jpg?fit=300%2C200\" data-large-file=\"https:\/\/i0.wp.com\/www.moda.es\/blog\/wp-content\/uploads\/2013\/11\/Mango-2.jpg?fit=500%2C334\" loading=\"lazy\" class=\"aligncenter size-full wp-image-14898\" alt=\"Mango 2\" src=\"https:\/\/i0.wp.com\/www.moda.es\/blog\/wp-content\/uploads\/2013\/11\/Mango-2.jpg?resize=500%2C334\" width=\"500\" height=\"334\" srcset=\"https:\/\/i0.wp.com\/www.moda.es\/blog\/wp-content\/uploads\/2013\/11\/Mango-2.jpg?w=500 500w, https:\/\/i0.wp.com\/www.moda.es\/blog\/wp-content\/uploads\/2013\/11\/Mango-2.jpg?resize=300%2C200 300w\" sizes=\"(max-width: 500px) 100vw, 500px\" data-recalc-dims=\"1\" \/><\/a><\/p>\n<p>De momento s\u00f3lo disponemos de un par de im\u00e1genes del set fotogr\u00e1fico, Un buen aperitivo que nos deja con muchas ganas de m\u00e1s.<\/p>\n<p>\u00a9Mango<\/p>\n<p>&nbsp;<\/p>\n<p>&nbsp;                             <\/p>\n","protected":false},"excerpt":{"rendered":"<p>Normalmente las musas de la marca repet\u00edan m\u00e1s de una temporada, pero parece ser que el acuerdo con Miranda Kerr s\u00f3lo contemplaba 6 meses, o que quiz\u00e1s (aqu\u00ed hablo por m\u00ed, la chica es preciosa pero no termina de transmitir) no ha dado los resultados que cab\u00eda esperar. El caso [&hellip;]<\/p>\n","protected":false},"author":3,"featured_media":17158,"comment_status":"open","ping_status":"open","sticky":false,"template":"","format":"standard","meta":{"jetpack_publicize_message":"","jetpack_is_tweetstorm":false,"jetpack_publicize_feature_enabled":true},"categories":[8,11,17],"tags":[241,566,622],"jetpack_publicize_connections":[],"jetpack_featured_media_url":"https:\/\/i0.wp.com\/www.moda.es\/blog\/wp-content\/uploads\/2013\/11\/Mango-11.jpg?fit=500%2C334","jetpack_sharing_enabled":true,"jetpack_shortlink":"https:\/\/wp.me\/p4tJCC-3Sf","jetpack-related-posts":[{"id":15492,"url":"http:\/\/www.moda.es\/blog\/ya-esta-aqui-daria-werbowy-para-mango\/","url_meta":{"origin":14895,"position":0},"title":"Ya est\u00e1 aqu\u00ed: Daria Werbowy para Mango","date":"enero 8, 2014","format":false,"excerpt":"Entre tarde de rebajas y b\u00fasqueda de chollos, la temporada Primavera - Verano 2014 est\u00e1 a la vuelta de la esquina y con ella una de las campa\u00f1as m\u00e1s esperadas. Ya te contamos que la canadiense Daria Werbowy ha sido la elegida por Mango para recoger el testigo de una\u2026","rel":"","context":"En \u00abCampa\u00f1as\u00bb","img":{"alt_text":"","src":"https:\/\/i0.wp.com\/www.moda.es\/blog\/wp-content\/uploads\/2014\/01\/Mango-11.jpg?fit=350%2C450&resize=350%2C200","width":350,"height":200},"classes":[]},{"id":15619,"url":"http:\/\/www.moda.es\/blog\/mango-y-daria-capitulo-dos\/","url_meta":{"origin":14895,"position":1},"title":"Mango y Daria, cap\u00edtulo dos","date":"enero 16, 2014","format":false,"excerpt":"En el mes de Daria Werbowy, ya tenemos m\u00e1s im\u00e1genes de la campa\u00f1a que protagoniza para Mango. En noviembre se anunci\u00f3 que la modelo Daria Werbowy sustituir\u00eda a Miranda Kerr como la cara de Mango, con una campa\u00f1a fotografiada por Josh Olins en Lanzarote. Ahora las im\u00e1genes de una Daria\u2026","rel":"","context":"En \u00abCampa\u00f1as\u00bb","img":{"alt_text":"","src":"https:\/\/i0.wp.com\/www.moda.es\/blog\/wp-content\/uploads\/2014\/01\/Mango-311.jpg?fit=500%2C375&resize=350%2C200","width":350,"height":200},"classes":[]},{"id":18526,"url":"http:\/\/www.moda.es\/blog\/tenemos-chica-nueva-en-mango\/","url_meta":{"origin":14895,"position":2},"title":"Tenemos chica nueva en Mango","date":"noviembre 18, 2014","format":false,"excerpt":"Aunque estamos pensando en las compras de navidad, Mango ya ha desvelado el nombre de la que ser\u00e1 la nueva imagen en su pr\u00f3xima temporada Primavera\/Verano 2015: Anna Ewers. Aunque la modelo debuta en la marca catalana, hace tiempo que esta alemana de 21 a\u00f1os comenz\u00f3\u00a0 a caminar sobre las\u2026","rel":"","context":"En \u00abActualidad\u00bb","img":{"alt_text":"","src":"https:\/\/i0.wp.com\/www.moda.es\/blog\/wp-content\/uploads\/2014\/11\/MANGO-Anna-Ewers.jpg?fit=650%2C872&resize=350%2C200","width":350,"height":200},"classes":[]},{"id":18865,"url":"http:\/\/www.moda.es\/blog\/tenemos-chica-nueva-en-mango-2\/","url_meta":{"origin":14895,"position":3},"title":"Tenemos chica nueva en Mango","date":"febrero 5, 2015","format":false,"excerpt":"Mango comienza el a\u00f1o con su habitual renovaci\u00f3n de chica de campa\u00f1a. Tras el doblete de Miranda Kerr y Darja Daria Werbowy, 2015 ser\u00e1 el a\u00f1o de Anna Ewers. A sus 21 a\u00f1os, la participaci\u00f3n de esta modelo alemana en las pasarelas m\u00e1s internacionales se ha hecho frecuente, especialmente desde\u2026","rel":"","context":"En \u00abCampa\u00f1as\u00bb","img":{"alt_text":"","src":"https:\/\/i0.wp.com\/www.moda.es\/blog\/wp-content\/uploads\/2015\/02\/mango1.jpg?fit=650%2C881&resize=350%2C200","width":350,"height":200},"classes":[]},{"id":15612,"url":"http:\/\/www.moda.es\/blog\/daria-werbowy-para-balenciaga\/","url_meta":{"origin":14895,"position":4},"title":"Daria Werbowy para Balenciaga","date":"enero 15, 2014","format":false,"excerpt":"Es como si estuvi\u00e9ramos siendo invitados al resurgimiento de las m\u00edticas que estaban dejando paso a las nuevas generaciones. Las modelos que siempre nos han gustado siguen pisando fuerte, y si no que se lo digan a Daria Werbowy. A\u00fan esperando las im\u00e1genes de la canadiense como estrella invitada de\u2026","rel":"","context":"En \u00abCampa\u00f1as\u00bb","img":{"alt_text":"","src":"https:\/\/i0.wp.com\/www.moda.es\/blog\/wp-content\/uploads\/2014\/01\/Balenciaga-11.jpg?fit=500%2C333&resize=350%2C200","width":350,"height":200},"classes":[]},{"id":20156,"url":"http:\/\/www.moda.es\/blog\/kate-moss-y-daria-werbowy-se-quitan-el-maquillaje-para-equipment\/","url_meta":{"origin":14895,"position":5},"title":"Kate Moss y Daria Werbowy se quitan el maquillaje para Equipment","date":"enero 6, 2016","format":false,"excerpt":"Coge a\u00a0dos supermodelos, una de los cuales es fot\u00f3grafa, una maleta llena de ropa y una semana en una isla paradis\u00edaca. El resultado es la nueva campa\u00f1a de\u00a0Equipment, protagonizada por Kate Moss y Daria Werbowy, en unas im\u00e1genes que parecen sacadas del \u00e1lbum de fotos personal de dos amigas. Moss,\u2026","rel":"","context":"En \u00abActualidad\u00bb","img":{"alt_text":"","src":"https:\/\/i0.wp.com\/www.moda.es\/blog\/wp-content\/uploads\/2016\/01\/Captura-de-pantalla-2016-01-06-a-las-20.47.54.png?fit=637%2C383&resize=350%2C200","width":350,"height":200},"classes":[]}],"_links":{"self":[{"href":"http:\/\/www.moda.es\/blog\/wp-json\/wp\/v2\/posts\/14895"}],"collection":[{"href":"http:\/\/www.moda.es\/blog\/wp-json\/wp\/v2\/posts"}],"about":[{"href":"http:\/\/www.moda.es\/blog\/wp-json\/wp\/v2\/types\/post"}],"author":[{"embeddable":true,"href":"http:\/\/www.moda.es\/blog\/wp-json\/wp\/v2\/users\/3"}],"replies":[{"embeddable":true,"href":"http:\/\/www.moda.es\/blog\/wp-json\/wp\/v2\/comments?post=14895"}],"version-history":[{"count":5,"href":"http:\/\/www.moda.es\/blog\/wp-json\/wp\/v2\/posts\/14895\/revisions"}],"predecessor-version":[{"id":36480,"href":"http:\/\/www.moda.es\/blog\/wp-json\/wp\/v2\/posts\/14895\/revisions\/36480"}],"wp:featuredmedia":[{"embeddable":true,"href":"http:\/\/www.moda.es\/blog\/wp-json\/wp\/v2\/media\/17158"}],"wp:attachment":[{"href":"http:\/\/www.moda.es\/blog\/wp-json\/wp\/v2\/media?parent=14895"}],"wp:term":[{"taxonomy":"category","embeddable":true,"href":"http:\/\/www.moda.es\/blog\/wp-json\/wp\/v2\/categories?post=14895"},{"taxonomy":"post_tag","embeddable":true,"href":"http:\/\/www.moda.es\/blog\/wp-json\/wp\/v2\/tags?post=14895"}],"curies":[{"name":"wp","href":"https:\/\/api.w.org\/{rel}","templated":true}]}}