{"id":14758,"date":"2013-11-08T21:51:25","date_gmt":"2013-11-08T20:51:25","guid":{"rendered":"http:\/\/www.moda.es\/blog\/?p=14758"},"modified":"2020-04-27T17:50:02","modified_gmt":"2020-04-27T16:50:02","slug":"scarlett-y-matthew-para-dolce-gabbana","status":"publish","type":"post","link":"http:\/\/www.moda.es\/blog\/scarlett-y-matthew-para-dolce-gabbana\/","title":{"rendered":"Scarlett y Matthew para Dolce &amp; Gabbana"},"content":{"rendered":"<p><a href=\"https:\/\/i0.wp.com\/www.moda.es\/blog\/wp-content\/uploads\/2013\/11\/Dolce-and-Gabbana-1.jpg\"><img data-attachment-id=\"14759\" data-permalink=\"http:\/\/www.moda.es\/blog\/scarlett-y-matthew-para-dolce-gabbana\/dolce-and-gabbana-1\/\" data-orig-file=\"https:\/\/i0.wp.com\/www.moda.es\/blog\/wp-content\/uploads\/2013\/11\/Dolce-and-Gabbana-1.jpg?fit=500%2C237\" data-orig-size=\"500,237\" data-comments-opened=\"1\" data-image-meta=\"{&quot;aperture&quot;:&quot;0&quot;,&quot;credit&quot;:&quot;&quot;,&quot;camera&quot;:&quot;&quot;,&quot;caption&quot;:&quot;&quot;,&quot;created_timestamp&quot;:&quot;0&quot;,&quot;copyright&quot;:&quot;&quot;,&quot;focal_length&quot;:&quot;0&quot;,&quot;iso&quot;:&quot;0&quot;,&quot;shutter_speed&quot;:&quot;0&quot;,&quot;title&quot;:&quot;&quot;}\" data-image-title=\"Dolce and Gabbana 1\" data-image-description=\"\" data-image-caption=\"\" data-medium-file=\"https:\/\/i0.wp.com\/www.moda.es\/blog\/wp-content\/uploads\/2013\/11\/Dolce-and-Gabbana-1.jpg?fit=300%2C142\" data-large-file=\"https:\/\/i0.wp.com\/www.moda.es\/blog\/wp-content\/uploads\/2013\/11\/Dolce-and-Gabbana-1.jpg?fit=500%2C237\" loading=\"lazy\" class=\"aligncenter size-full wp-image-14759\" alt=\"Dolce and Gabbana 1\" src=\"https:\/\/i0.wp.com\/www.moda.es\/blog\/wp-content\/uploads\/2013\/11\/Dolce-and-Gabbana-1.jpg?resize=500%2C237\" width=\"500\" height=\"237\" srcset=\"https:\/\/i0.wp.com\/www.moda.es\/blog\/wp-content\/uploads\/2013\/11\/Dolce-and-Gabbana-1.jpg?w=500 500w, https:\/\/i0.wp.com\/www.moda.es\/blog\/wp-content\/uploads\/2013\/11\/Dolce-and-Gabbana-1.jpg?resize=300%2C142 300w\" sizes=\"(max-width: 500px) 100vw, 500px\" data-recalc-dims=\"1\" \/><\/a><\/p>\n<p><strong>Scarlett Johansson y Matthew McConaughey<\/strong> son los protagonistas del nuevo film que ha dirigido el gran <strong>Martin Scorsese<\/strong> para presentar la \u00faltima campa\u00f1a del perfume <strong>The One<\/strong> de <strong>Dolce &amp; Gabbana<\/strong>.<\/p>\n<p>Vimos varios <em>teaser<\/em> durante las \u00faltimas semanas y la verdad es que ten\u00edamos ganas de ver el resultado final. Es la primera vez que estos actores se unen para un proyecto cinematogr\u00e1fico y la verdad es que no podr\u00edan hacer mejor pareja.<\/p>\n<p><a href=\"https:\/\/i0.wp.com\/www.moda.es\/blog\/wp-content\/uploads\/2013\/11\/Dolce-and-Gabbana-4.jpg\"><img data-attachment-id=\"14762\" data-permalink=\"http:\/\/www.moda.es\/blog\/scarlett-y-matthew-para-dolce-gabbana\/dolce-and-gabbana-4-2\/\" data-orig-file=\"https:\/\/i0.wp.com\/www.moda.es\/blog\/wp-content\/uploads\/2013\/11\/Dolce-and-Gabbana-4.jpg?fit=500%2C236\" data-orig-size=\"500,236\" data-comments-opened=\"1\" data-image-meta=\"{&quot;aperture&quot;:&quot;0&quot;,&quot;credit&quot;:&quot;&quot;,&quot;camera&quot;:&quot;&quot;,&quot;caption&quot;:&quot;&quot;,&quot;created_timestamp&quot;:&quot;0&quot;,&quot;copyright&quot;:&quot;&quot;,&quot;focal_length&quot;:&quot;0&quot;,&quot;iso&quot;:&quot;0&quot;,&quot;shutter_speed&quot;:&quot;0&quot;,&quot;title&quot;:&quot;&quot;}\" data-image-title=\"Dolce and Gabbana 4\" data-image-description=\"\" data-image-caption=\"\" data-medium-file=\"https:\/\/i0.wp.com\/www.moda.es\/blog\/wp-content\/uploads\/2013\/11\/Dolce-and-Gabbana-4.jpg?fit=300%2C141\" data-large-file=\"https:\/\/i0.wp.com\/www.moda.es\/blog\/wp-content\/uploads\/2013\/11\/Dolce-and-Gabbana-4.jpg?fit=500%2C236\" loading=\"lazy\" class=\"aligncenter size-full wp-image-14762\" alt=\"Dolce and Gabbana 4\" src=\"https:\/\/i0.wp.com\/www.moda.es\/blog\/wp-content\/uploads\/2013\/11\/Dolce-and-Gabbana-4.jpg?resize=500%2C236\" width=\"500\" height=\"236\" srcset=\"https:\/\/i0.wp.com\/www.moda.es\/blog\/wp-content\/uploads\/2013\/11\/Dolce-and-Gabbana-4.jpg?w=500 500w, https:\/\/i0.wp.com\/www.moda.es\/blog\/wp-content\/uploads\/2013\/11\/Dolce-and-Gabbana-4.jpg?resize=300%2C141 300w\" sizes=\"(max-width: 500px) 100vw, 500px\" data-recalc-dims=\"1\" \/><\/a><\/p>\n<p>El corto en blanco y negro de 17 minutos, titulado <em>Street of Dreams<\/em> nos muestra a la guap\u00edsima pareja conduciendo una ma\u00f1ana de domingo a trav\u00e9s de <strong>Nueva York<\/strong> en un coche de \u00e9poca. \u00abMe encantan esas calles porque son parte de m\u00ed, porque ah\u00ed es donde crec\u00ed\u00bb, dice el director.<\/p>\n<p><a href=\"https:\/\/i0.wp.com\/www.moda.es\/blog\/wp-content\/uploads\/2013\/11\/Dolce-and-Gabbana-3.jpg\"><img data-attachment-id=\"14761\" data-permalink=\"http:\/\/www.moda.es\/blog\/scarlett-y-matthew-para-dolce-gabbana\/dolce-and-gabbana-3-2\/\" data-orig-file=\"https:\/\/i0.wp.com\/www.moda.es\/blog\/wp-content\/uploads\/2013\/11\/Dolce-and-Gabbana-3.jpg?fit=500%2C211\" data-orig-size=\"500,211\" data-comments-opened=\"1\" data-image-meta=\"{&quot;aperture&quot;:&quot;0&quot;,&quot;credit&quot;:&quot;&quot;,&quot;camera&quot;:&quot;&quot;,&quot;caption&quot;:&quot;&quot;,&quot;created_timestamp&quot;:&quot;0&quot;,&quot;copyright&quot;:&quot;&quot;,&quot;focal_length&quot;:&quot;0&quot;,&quot;iso&quot;:&quot;0&quot;,&quot;shutter_speed&quot;:&quot;0&quot;,&quot;title&quot;:&quot;&quot;}\" data-image-title=\"Dolce and Gabbana 3\" data-image-description=\"\" data-image-caption=\"\" data-medium-file=\"https:\/\/i0.wp.com\/www.moda.es\/blog\/wp-content\/uploads\/2013\/11\/Dolce-and-Gabbana-3.jpg?fit=300%2C126\" data-large-file=\"https:\/\/i0.wp.com\/www.moda.es\/blog\/wp-content\/uploads\/2013\/11\/Dolce-and-Gabbana-3.jpg?fit=500%2C211\" loading=\"lazy\" class=\"aligncenter size-full wp-image-14761\" alt=\"Dolce and Gabbana 3\" src=\"https:\/\/i0.wp.com\/www.moda.es\/blog\/wp-content\/uploads\/2013\/11\/Dolce-and-Gabbana-3.jpg?resize=500%2C211\" width=\"500\" height=\"211\" srcset=\"https:\/\/i0.wp.com\/www.moda.es\/blog\/wp-content\/uploads\/2013\/11\/Dolce-and-Gabbana-3.jpg?w=500 500w, https:\/\/i0.wp.com\/www.moda.es\/blog\/wp-content\/uploads\/2013\/11\/Dolce-and-Gabbana-3.jpg?resize=300%2C126 300w\" sizes=\"(max-width: 500px) 100vw, 500px\" data-recalc-dims=\"1\" \/><\/a><\/p>\n<p>Johansson interpreta el papel de una actriz emergente en busca del amor y McConaughey pr\u00e1cticamente se interpreta a s\u00ed mismo como un actor de \u00e9xito perseguido por los paparazzi.<\/p>\n<p><a href=\"https:\/\/i0.wp.com\/www.moda.es\/blog\/wp-content\/uploads\/2013\/11\/Dolce-and-Gabbana-2.jpg\"><img data-attachment-id=\"14760\" data-permalink=\"http:\/\/www.moda.es\/blog\/scarlett-y-matthew-para-dolce-gabbana\/dolce-and-gabbana-2-2\/\" data-orig-file=\"https:\/\/i0.wp.com\/www.moda.es\/blog\/wp-content\/uploads\/2013\/11\/Dolce-and-Gabbana-2.jpg?fit=500%2C215\" data-orig-size=\"500,215\" data-comments-opened=\"1\" data-image-meta=\"{&quot;aperture&quot;:&quot;0&quot;,&quot;credit&quot;:&quot;&quot;,&quot;camera&quot;:&quot;&quot;,&quot;caption&quot;:&quot;&quot;,&quot;created_timestamp&quot;:&quot;0&quot;,&quot;copyright&quot;:&quot;&quot;,&quot;focal_length&quot;:&quot;0&quot;,&quot;iso&quot;:&quot;0&quot;,&quot;shutter_speed&quot;:&quot;0&quot;,&quot;title&quot;:&quot;&quot;}\" data-image-title=\"Dolce and Gabbana 2\" data-image-description=\"\" data-image-caption=\"\" data-medium-file=\"https:\/\/i0.wp.com\/www.moda.es\/blog\/wp-content\/uploads\/2013\/11\/Dolce-and-Gabbana-2.jpg?fit=300%2C129\" data-large-file=\"https:\/\/i0.wp.com\/www.moda.es\/blog\/wp-content\/uploads\/2013\/11\/Dolce-and-Gabbana-2.jpg?fit=500%2C215\" loading=\"lazy\" class=\"aligncenter size-full wp-image-14760\" alt=\"Dolce and Gabbana 2\" src=\"https:\/\/i0.wp.com\/www.moda.es\/blog\/wp-content\/uploads\/2013\/11\/Dolce-and-Gabbana-2.jpg?resize=500%2C215\" width=\"500\" height=\"215\" srcset=\"https:\/\/i0.wp.com\/www.moda.es\/blog\/wp-content\/uploads\/2013\/11\/Dolce-and-Gabbana-2.jpg?w=500 500w, https:\/\/i0.wp.com\/www.moda.es\/blog\/wp-content\/uploads\/2013\/11\/Dolce-and-Gabbana-2.jpg?resize=300%2C129 300w\" sizes=\"(max-width: 500px) 100vw, 500px\" data-recalc-dims=\"1\" \/><\/a><\/p>\n<p>\u00ab<em>Street of Dreams<\/em> es una historia \u00e9pica sobre la fuerza del <strong>amor<\/strong> y el <strong>poder de los sue\u00f1os<\/strong>\u00ab, dicen los creadores Dolce &amp; Gabbana. \u00bb La campa\u00f1a de Scorsese narra una historia de glamour atemporal a trav\u00e9s de sus dos protagonistas, Matthew McConaughey y Scarlett Johansson. Unidos por primera vez. \u00bb<\/p>\n<p>Haz <a href=\"http:\/\/www.youtube.com\/watch?v=YO2fTlldqds\" target=\"_blank\">click aqu\u00ed<\/a> para ver el precioso resultado.<\/p>\n<p><a href=\"https:\/\/i0.wp.com\/www.moda.es\/blog\/wp-content\/uploads\/2013\/11\/Dolce-and-Gabbana-5.jpg\"><img data-attachment-id=\"14763\" data-permalink=\"http:\/\/www.moda.es\/blog\/scarlett-y-matthew-para-dolce-gabbana\/dolce-and-gabbana-5-2\/\" data-orig-file=\"https:\/\/i0.wp.com\/www.moda.es\/blog\/wp-content\/uploads\/2013\/11\/Dolce-and-Gabbana-5.jpg?fit=500%2C375\" data-orig-size=\"500,375\" data-comments-opened=\"1\" data-image-meta=\"{&quot;aperture&quot;:&quot;0&quot;,&quot;credit&quot;:&quot;&quot;,&quot;camera&quot;:&quot;&quot;,&quot;caption&quot;:&quot;&quot;,&quot;created_timestamp&quot;:&quot;0&quot;,&quot;copyright&quot;:&quot;&quot;,&quot;focal_length&quot;:&quot;0&quot;,&quot;iso&quot;:&quot;0&quot;,&quot;shutter_speed&quot;:&quot;0&quot;,&quot;title&quot;:&quot;&quot;}\" data-image-title=\"Dolce and Gabbana 5\" data-image-description=\"\" data-image-caption=\"\" data-medium-file=\"https:\/\/i0.wp.com\/www.moda.es\/blog\/wp-content\/uploads\/2013\/11\/Dolce-and-Gabbana-5.jpg?fit=300%2C225\" data-large-file=\"https:\/\/i0.wp.com\/www.moda.es\/blog\/wp-content\/uploads\/2013\/11\/Dolce-and-Gabbana-5.jpg?fit=500%2C375\" loading=\"lazy\" class=\"aligncenter size-full wp-image-14763\" alt=\"Dolce and Gabbana 5\" src=\"https:\/\/i0.wp.com\/www.moda.es\/blog\/wp-content\/uploads\/2013\/11\/Dolce-and-Gabbana-5.jpg?resize=500%2C375\" width=\"500\" height=\"375\" srcset=\"https:\/\/i0.wp.com\/www.moda.es\/blog\/wp-content\/uploads\/2013\/11\/Dolce-and-Gabbana-5.jpg?w=500 500w, https:\/\/i0.wp.com\/www.moda.es\/blog\/wp-content\/uploads\/2013\/11\/Dolce-and-Gabbana-5.jpg?resize=300%2C225 300w\" sizes=\"(max-width: 500px) 100vw, 500px\" data-recalc-dims=\"1\" \/><\/a><\/p>\n<p>&nbsp;<\/p>\n<p>\u00a9Bazaar<\/p>\n<p>&nbsp;                             <\/p>\n","protected":false},"excerpt":{"rendered":"<p>Scarlett Johansson y Matthew McConaughey son los protagonistas del nuevo film que ha dirigido el gran Martin Scorsese para presentar la \u00faltima campa\u00f1a del perfume The One de Dolce &amp; Gabbana. Vimos varios teaser durante las \u00faltimas semanas y la verdad es que ten\u00edamos ganas de ver el resultado final. [&hellip;]<\/p>\n","protected":false},"author":3,"featured_media":17151,"comment_status":"open","ping_status":"open","sticky":false,"template":"","format":"standard","meta":{"jetpack_publicize_message":"","jetpack_is_tweetstorm":false,"jetpack_publicize_feature_enabled":true},"categories":[6,8,11],"tags":[273],"jetpack_publicize_connections":[],"jetpack_featured_media_url":"https:\/\/i0.wp.com\/www.moda.es\/blog\/wp-content\/uploads\/2013\/11\/Dolce-and-Gabbana-11.jpg?fit=500%2C237","jetpack_sharing_enabled":true,"jetpack_shortlink":"https:\/\/wp.me\/p4tJCC-3Q2","jetpack-related-posts":[{"id":10510,"url":"http:\/\/www.moda.es\/blog\/la-alta-moda-de-dolce-gabbana\/","url_meta":{"origin":14758,"position":0},"title":"La Alta Moda de Dolce &amp; Gabbana","date":"enero 31, 2013","format":false,"excerpt":"\u00a0 En la m\u00e1s rigurosa y rica intimidad. As\u00ed es como Dolce & Gabbana ha celebrado el desfile de su segunda colecci\u00f3n de Alta Costura, Dolce & Gabbana Alta Moda Primavera - Verano 2013. Rigurosa porque s\u00f3lo 80 personas ocupaban los asientos y rica porque aparte de los doce \u00fanicos\u2026","rel":"","context":"En \u00abColecciones\u00bb","img":{"alt_text":"","src":"https:\/\/i0.wp.com\/www.moda.es\/blog\/wp-content\/uploads\/2013\/01\/Dolce-and-Gabbana-Alta-Moda31.jpg?fit=500%2C750&resize=350%2C200","width":350,"height":200},"classes":[]},{"id":13294,"url":"http:\/\/www.moda.es\/blog\/dolce-gabbana-alta-moda-aun-queda-alta-costura\/","url_meta":{"origin":14758,"position":1},"title":"Dolce &amp; Gabbana Alta Moda, Alta Costura italiana","date":"julio 11, 2013","format":false,"excerpt":"La tercera colecci\u00f3n de Alta Costura de Dolce\u00a0 & Gabbana fue presentada bajo los\u00a0 ornamentos de un par de palacios venecianos del siglo XV adyacentes con vistas al Gran Canal y ante una selecta audiencia. La colecci\u00f3n, ultra femenina y cl\u00e1sica aunque totalmente contempor\u00e1nea en su construcci\u00f3n y en la\u2026","rel":"","context":"En \u00abColecciones\u00bb","img":{"alt_text":"","src":"https:\/\/i0.wp.com\/www.moda.es\/blog\/wp-content\/uploads\/2013\/07\/Dolce-and-Gabbana-Alta-Moda-1.jpg?fit=400%2C654&resize=350%2C200","width":350,"height":200},"classes":[]},{"id":22231,"url":"http:\/\/www.moda.es\/blog\/si-no-puedes-con-tu-enemigo\/","url_meta":{"origin":14758,"position":2},"title":"Si no puedes con tu enemigo&#8230;","date":"junio 18, 2017","format":false,"excerpt":"... \u00fanete a \u00e9l. Y si hablan mal de ti no importa, lo importante es que hablen. Eso es lo que deben haber pensado los Dolce & Gabbana.\u00a0Mientras que muchos dise\u00f1adores se han negado a vestir a la Primera Dama de Estados Unidos, Melania Trump ha lucido dise\u00f1os de Dolce\u2026","rel":"","context":"En \u00abActualidad\u00bb","img":{"alt_text":"","src":"https:\/\/i0.wp.com\/www.moda.es\/blog\/wp-content\/uploads\/2017\/06\/Captura-de-pantalla-2017-06-18-a-las-15.12.46.png?fit=470%2C602&resize=350%2C200","width":350,"height":200},"classes":[]},{"id":17589,"url":"http:\/\/www.moda.es\/blog\/la-sentencia-de-dolcegabbana\/","url_meta":{"origin":14758,"position":3},"title":"La sentencia de Dolce&amp;Gabbana","date":"mayo 1, 2014","format":false,"excerpt":"El veredicto por el caso de evasi\u00f3n fiscal de Dolce & Gabbana ha sido confirmado, pero no tendr\u00e1n que cumplir el a\u00f1o y medio de c\u00e1rcel que se ha dictaminado. 11 meses desde que Domenico Dolce y Stefano Gabbana fueron declarados culpables de evasi\u00f3n por una cantidad alrededor de 400\u2026","rel":"","context":"En \u00abAccesorios\u00bb","img":{"alt_text":"","src":"https:\/\/i0.wp.com\/www.moda.es\/blog\/wp-content\/uploads\/2014\/05\/dg.jpg?fit=650%2C650&resize=350%2C200","width":350,"height":200},"classes":[]},{"id":19146,"url":"http:\/\/www.moda.es\/blog\/boicot-a-dolce-gabbana\/","url_meta":{"origin":14758,"position":4},"title":"\u00bfBoicot a Dolce &amp; Gabbana?","date":"marzo 16, 2015","format":false,"excerpt":"Si ayer estuviste un poco atento a las redes sociales probablemente fuiste castigo de la guerra abierta entre Elton John y los Dolce & Gabbana.\u00a0 El cantante, que tiene dos hijos con su esposo David Furnish, pretende boicotear a la pareja de dise\u00f1adores Dolce & Gabbana despu\u00e9s de que los\u2026","rel":"","context":"En \u00abActualidad\u00bb","img":{"alt_text":"","src":"https:\/\/i0.wp.com\/www.moda.es\/blog\/wp-content\/uploads\/2015\/03\/dg1.jpg?fit=650%2C392&resize=350%2C200","width":350,"height":200},"classes":[]},{"id":21845,"url":"http:\/\/www.moda.es\/blog\/el-desfile-mas-real-de-dolce-gabbana\/","url_meta":{"origin":14758,"position":5},"title":"El desfile m\u00e1s real de Dolce &amp; Gabbana","date":"febrero 28, 2017","format":false,"excerpt":"Los desfiles de Dolce & Gabbana son siempre una fiesta y el de su \u00faltima colecci\u00f3n no pod\u00eda decepcionar. En este momento en el que todas las marcas quieren ofrecer algo diferente sobre la pasarela, los creadores italianos han dedicado su \u00faltimo desfile a los milennials. As\u00ed, entre los modelos,\u00a0estrellas\u2026","rel":"","context":"En \u00abActualidad\u00bb","img":{"alt_text":"","src":"","width":0,"height":0},"classes":[]}],"_links":{"self":[{"href":"http:\/\/www.moda.es\/blog\/wp-json\/wp\/v2\/posts\/14758"}],"collection":[{"href":"http:\/\/www.moda.es\/blog\/wp-json\/wp\/v2\/posts"}],"about":[{"href":"http:\/\/www.moda.es\/blog\/wp-json\/wp\/v2\/types\/post"}],"author":[{"embeddable":true,"href":"http:\/\/www.moda.es\/blog\/wp-json\/wp\/v2\/users\/3"}],"replies":[{"embeddable":true,"href":"http:\/\/www.moda.es\/blog\/wp-json\/wp\/v2\/comments?post=14758"}],"version-history":[{"count":5,"href":"http:\/\/www.moda.es\/blog\/wp-json\/wp\/v2\/posts\/14758\/revisions"}],"predecessor-version":[{"id":36486,"href":"http:\/\/www.moda.es\/blog\/wp-json\/wp\/v2\/posts\/14758\/revisions\/36486"}],"wp:featuredmedia":[{"embeddable":true,"href":"http:\/\/www.moda.es\/blog\/wp-json\/wp\/v2\/media\/17151"}],"wp:attachment":[{"href":"http:\/\/www.moda.es\/blog\/wp-json\/wp\/v2\/media?parent=14758"}],"wp:term":[{"taxonomy":"category","embeddable":true,"href":"http:\/\/www.moda.es\/blog\/wp-json\/wp\/v2\/categories?post=14758"},{"taxonomy":"post_tag","embeddable":true,"href":"http:\/\/www.moda.es\/blog\/wp-json\/wp\/v2\/tags?post=14758"}],"curies":[{"name":"wp","href":"https:\/\/api.w.org\/{rel}","templated":true}]}}