{"id":14727,"date":"2013-11-04T21:13:17","date_gmt":"2013-11-04T20:13:17","guid":{"rendered":"http:\/\/www.moda.es\/blog\/?p=14727"},"modified":"2020-04-27T17:50:21","modified_gmt":"2020-04-27T16:50:21","slug":"el-viaje-de-salvatore-ferragamo","status":"publish","type":"post","link":"http:\/\/www.moda.es\/blog\/el-viaje-de-salvatore-ferragamo\/","title":{"rendered":"El viaje de Salvatore Ferragamo"},"content":{"rendered":"<p>\u00bfAlguna vez te has planteado c\u00f3mo ser\u00eda recorrer el mundo con unos zapatos de Ferragamo? Pues la marca te lo desvela.<\/p>\n<p><strong>Salvatore Ferragamo<\/strong> nos ha dado la oportunidad de pasear (y ocasionalmente, correr) a lo largo de las calles de <strong>Florencia,<\/strong> <strong>Los \u00c1ngeles<\/strong> y <strong>Shanghai.<\/strong><\/p>\n<p><a href=\"https:\/\/i0.wp.com\/www.moda.es\/blog\/wp-content\/uploads\/2013\/11\/salvatore-ferragamo-1.jpg\"><img data-attachment-id=\"14729\" data-permalink=\"http:\/\/www.moda.es\/blog\/el-viaje-de-salvatore-ferragamo\/salvatore-ferragamo-1\/\" data-orig-file=\"https:\/\/i0.wp.com\/www.moda.es\/blog\/wp-content\/uploads\/2013\/11\/salvatore-ferragamo-1.jpg?fit=400%2C300\" data-orig-size=\"400,300\" data-comments-opened=\"1\" data-image-meta=\"{&quot;aperture&quot;:&quot;0&quot;,&quot;credit&quot;:&quot;&quot;,&quot;camera&quot;:&quot;&quot;,&quot;caption&quot;:&quot;&quot;,&quot;created_timestamp&quot;:&quot;0&quot;,&quot;copyright&quot;:&quot;&quot;,&quot;focal_length&quot;:&quot;0&quot;,&quot;iso&quot;:&quot;0&quot;,&quot;shutter_speed&quot;:&quot;0&quot;,&quot;title&quot;:&quot;&quot;}\" data-image-title=\"salvatore ferragamo 1\" data-image-description=\"\" data-image-caption=\"\" data-medium-file=\"https:\/\/i0.wp.com\/www.moda.es\/blog\/wp-content\/uploads\/2013\/11\/salvatore-ferragamo-1.jpg?fit=300%2C225\" data-large-file=\"https:\/\/i0.wp.com\/www.moda.es\/blog\/wp-content\/uploads\/2013\/11\/salvatore-ferragamo-1.jpg?fit=400%2C300\" loading=\"lazy\" class=\"aligncenter size-full wp-image-14729\" alt=\"salvatore ferragamo 1\" src=\"https:\/\/i0.wp.com\/www.moda.es\/blog\/wp-content\/uploads\/2013\/11\/salvatore-ferragamo-1.jpg?resize=400%2C300\" width=\"400\" height=\"300\" srcset=\"https:\/\/i0.wp.com\/www.moda.es\/blog\/wp-content\/uploads\/2013\/11\/salvatore-ferragamo-1.jpg?w=400 400w, https:\/\/i0.wp.com\/www.moda.es\/blog\/wp-content\/uploads\/2013\/11\/salvatore-ferragamo-1.jpg?resize=300%2C225 300w\" sizes=\"(max-width: 400px) 100vw, 400px\" data-recalc-dims=\"1\" \/><\/a><\/p>\n<p>Dirigida por el realizador Luca Guadagnino, esta historia de amor cuenta con las actuaciones de\u00a0<strong>Kaya Scodelario, Tom Ellis, Billy Manussen, Nathalie Buscombe y Lee Roy Kunze<\/strong> con una aparici\u00f3n sorpresa de <strong>Lauren Hutton<\/strong>.<\/p>\n<p><a href=\"https:\/\/i0.wp.com\/www.moda.es\/blog\/wp-content\/uploads\/2013\/11\/salvatore-ferragamo-2.jpg\"><img data-attachment-id=\"14730\" data-permalink=\"http:\/\/www.moda.es\/blog\/el-viaje-de-salvatore-ferragamo\/salvatore-ferragamo-2\/\" data-orig-file=\"https:\/\/i0.wp.com\/www.moda.es\/blog\/wp-content\/uploads\/2013\/11\/salvatore-ferragamo-2.jpg?fit=400%2C300\" data-orig-size=\"400,300\" data-comments-opened=\"1\" data-image-meta=\"{&quot;aperture&quot;:&quot;0&quot;,&quot;credit&quot;:&quot;&quot;,&quot;camera&quot;:&quot;&quot;,&quot;caption&quot;:&quot;&quot;,&quot;created_timestamp&quot;:&quot;0&quot;,&quot;copyright&quot;:&quot;&quot;,&quot;focal_length&quot;:&quot;0&quot;,&quot;iso&quot;:&quot;0&quot;,&quot;shutter_speed&quot;:&quot;0&quot;,&quot;title&quot;:&quot;&quot;}\" data-image-title=\"salvatore ferragamo 2\" data-image-description=\"\" data-image-caption=\"\" data-medium-file=\"https:\/\/i0.wp.com\/www.moda.es\/blog\/wp-content\/uploads\/2013\/11\/salvatore-ferragamo-2.jpg?fit=300%2C225\" data-large-file=\"https:\/\/i0.wp.com\/www.moda.es\/blog\/wp-content\/uploads\/2013\/11\/salvatore-ferragamo-2.jpg?fit=400%2C300\" loading=\"lazy\" class=\"aligncenter size-full wp-image-14730\" alt=\"salvatore ferragamo 2\" src=\"https:\/\/i0.wp.com\/www.moda.es\/blog\/wp-content\/uploads\/2013\/11\/salvatore-ferragamo-2.jpg?resize=400%2C300\" width=\"400\" height=\"300\" srcset=\"https:\/\/i0.wp.com\/www.moda.es\/blog\/wp-content\/uploads\/2013\/11\/salvatore-ferragamo-2.jpg?w=400 400w, https:\/\/i0.wp.com\/www.moda.es\/blog\/wp-content\/uploads\/2013\/11\/salvatore-ferragamo-2.jpg?resize=300%2C225 300w\" sizes=\"(max-width: 400px) 100vw, 400px\" data-recalc-dims=\"1\" \/><\/a><\/p>\n<p>Tras semanas de espera en la que se ha ido desvelando el film en diferentes episodios, al fin los tenemos todos.<\/p>\n<p>La historia comienza en las calle de <strong>Florencia,<\/strong> contin\u00faa en <strong>Los \u00c1ngeles<\/strong> y pasa por <strong>Shanghai<\/strong> para terminar de nuevo en <strong>Florencia. <\/strong>En este periplo la protagonista corre, corre sin descanso, en ocasiones descalza, otras sobre unos fant\u00e1sticos salones de la marca. \u00bfDe qui\u00e9n huye? Tendr\u00e1s que descubrirlo t\u00fa mismo, lo que s\u00ed te puedo adelantar. es que acaba su carrera junto a un guap\u00edsimo desconocido.<strong><br \/>\n<\/strong><\/p>\n<p><a href=\"https:\/\/i0.wp.com\/www.moda.es\/blog\/wp-content\/uploads\/2013\/11\/salvatore-ferragamo-4.jpg\"><img data-attachment-id=\"14732\" data-permalink=\"http:\/\/www.moda.es\/blog\/el-viaje-de-salvatore-ferragamo\/salvatore-ferragamo-4\/\" data-orig-file=\"https:\/\/i0.wp.com\/www.moda.es\/blog\/wp-content\/uploads\/2013\/11\/salvatore-ferragamo-4.jpg?fit=400%2C300\" data-orig-size=\"400,300\" data-comments-opened=\"1\" data-image-meta=\"{&quot;aperture&quot;:&quot;0&quot;,&quot;credit&quot;:&quot;&quot;,&quot;camera&quot;:&quot;&quot;,&quot;caption&quot;:&quot;&quot;,&quot;created_timestamp&quot;:&quot;0&quot;,&quot;copyright&quot;:&quot;&quot;,&quot;focal_length&quot;:&quot;0&quot;,&quot;iso&quot;:&quot;0&quot;,&quot;shutter_speed&quot;:&quot;0&quot;,&quot;title&quot;:&quot;&quot;}\" data-image-title=\"salvatore ferragamo 4\" data-image-description=\"\" data-image-caption=\"\" data-medium-file=\"https:\/\/i0.wp.com\/www.moda.es\/blog\/wp-content\/uploads\/2013\/11\/salvatore-ferragamo-4.jpg?fit=300%2C225\" data-large-file=\"https:\/\/i0.wp.com\/www.moda.es\/blog\/wp-content\/uploads\/2013\/11\/salvatore-ferragamo-4.jpg?fit=400%2C300\" loading=\"lazy\" class=\"aligncenter size-full wp-image-14732\" alt=\"salvatore ferragamo 4\" src=\"https:\/\/i0.wp.com\/www.moda.es\/blog\/wp-content\/uploads\/2013\/11\/salvatore-ferragamo-4.jpg?resize=400%2C300\" width=\"400\" height=\"300\" srcset=\"https:\/\/i0.wp.com\/www.moda.es\/blog\/wp-content\/uploads\/2013\/11\/salvatore-ferragamo-4.jpg?w=400 400w, https:\/\/i0.wp.com\/www.moda.es\/blog\/wp-content\/uploads\/2013\/11\/salvatore-ferragamo-4.jpg?resize=300%2C225 300w\" sizes=\"(max-width: 400px) 100vw, 400px\" data-recalc-dims=\"1\" \/><\/a><\/p>\n<p>Si quires ver t\u00fa mismo los ocho episodios del viaje de Salvatore Ferragamo, <a href=\"http:\/\/www.youtube.com\/playlist?list=PL0Xv_dJ3gL7q-fNYRRZ9eJUoJBP2RshGV\" target=\"_blank\">haz click aqu\u00ed<\/a>.<\/p>\n<p><a href=\"https:\/\/i0.wp.com\/www.moda.es\/blog\/wp-content\/uploads\/2013\/11\/salvatore-ferragamo-3.jpg\"><img data-attachment-id=\"14731\" data-permalink=\"http:\/\/www.moda.es\/blog\/el-viaje-de-salvatore-ferragamo\/salvatore-ferragamo-3\/\" data-orig-file=\"https:\/\/i0.wp.com\/www.moda.es\/blog\/wp-content\/uploads\/2013\/11\/salvatore-ferragamo-3.jpg?fit=400%2C255\" data-orig-size=\"400,255\" data-comments-opened=\"1\" data-image-meta=\"{&quot;aperture&quot;:&quot;0&quot;,&quot;credit&quot;:&quot;&quot;,&quot;camera&quot;:&quot;&quot;,&quot;caption&quot;:&quot;&quot;,&quot;created_timestamp&quot;:&quot;0&quot;,&quot;copyright&quot;:&quot;&quot;,&quot;focal_length&quot;:&quot;0&quot;,&quot;iso&quot;:&quot;0&quot;,&quot;shutter_speed&quot;:&quot;0&quot;,&quot;title&quot;:&quot;&quot;}\" data-image-title=\"salvatore ferragamo 3\" data-image-description=\"\" data-image-caption=\"\" data-medium-file=\"https:\/\/i0.wp.com\/www.moda.es\/blog\/wp-content\/uploads\/2013\/11\/salvatore-ferragamo-3.jpg?fit=300%2C191\" data-large-file=\"https:\/\/i0.wp.com\/www.moda.es\/blog\/wp-content\/uploads\/2013\/11\/salvatore-ferragamo-3.jpg?fit=400%2C255\" loading=\"lazy\" class=\"aligncenter size-full wp-image-14731\" alt=\"salvatore ferragamo 3\" src=\"https:\/\/i0.wp.com\/www.moda.es\/blog\/wp-content\/uploads\/2013\/11\/salvatore-ferragamo-3.jpg?resize=400%2C255\" width=\"400\" height=\"255\" srcset=\"https:\/\/i0.wp.com\/www.moda.es\/blog\/wp-content\/uploads\/2013\/11\/salvatore-ferragamo-3.jpg?w=400 400w, https:\/\/i0.wp.com\/www.moda.es\/blog\/wp-content\/uploads\/2013\/11\/salvatore-ferragamo-3.jpg?resize=300%2C191 300w\" sizes=\"(max-width: 400px) 100vw, 400px\" data-recalc-dims=\"1\" \/><\/a><\/p>\n<p>\u00a9Fashionologie<\/p>\n<p>&nbsp;                             <\/p>\n","protected":false},"excerpt":{"rendered":"<p>\u00bfAlguna vez te has planteado c\u00f3mo ser\u00eda recorrer el mundo con unos zapatos de Ferragamo? Pues la marca te lo desvela. Salvatore Ferragamo nos ha dado la oportunidad de pasear (y ocasionalmente, correr) a lo largo de las calles de Florencia, Los \u00c1ngeles y Shanghai. Dirigida por el realizador Luca [&hellip;]<\/p>\n","protected":false},"author":3,"featured_media":17146,"comment_status":"open","ping_status":"open","sticky":false,"template":"","format":"standard","meta":{"jetpack_publicize_message":"","jetpack_is_tweetstorm":false,"jetpack_publicize_feature_enabled":true},"categories":[8,9,11,14],"tags":[794],"jetpack_publicize_connections":[],"jetpack_featured_media_url":"https:\/\/i0.wp.com\/www.moda.es\/blog\/wp-content\/uploads\/2013\/11\/salvatore-ferragamo-11.jpg?fit=400%2C300","jetpack_sharing_enabled":true,"jetpack_shortlink":"https:\/\/wp.me\/p4tJCC-3Px","jetpack-related-posts":[{"id":21060,"url":"http:\/\/www.moda.es\/blog\/paul-andrew-nuevo-director-creativo-de-salvatore-ferragamo\/","url_meta":{"origin":14727,"position":0},"title":"Paul Andrew, nuevo director creativo de Salvatore Ferragamo","date":"septiembre 8, 2016","format":false,"excerpt":"Salvatore Ferragamo ha confirmado que Paul Andrew es su nuevo director de dise\u00f1o de calzado de mujer. \"Salvatore Ferragamo ha sido un icono de referencia para el dise\u00f1o de calzado y la artesan\u00eda durante casi un siglo. Es un gran honor haber sido invitado a dirigir la visi\u00f3n creativa para\u2026","rel":"","context":"En \u00abActualidad\u00bb","img":{"alt_text":"","src":"https:\/\/i0.wp.com\/www.moda.es\/blog\/wp-content\/uploads\/2016\/09\/Captura-de-pantalla-2016-09-08-a-las-22.36.41.png?fit=563%2C373&resize=350%2C200","width":350,"height":200},"classes":[]},{"id":20653,"url":"http:\/\/www.moda.es\/blog\/descubre-la-coleccion-de-sara-battaglia-para-salvatore-ferragamo\/","url_meta":{"origin":14727,"position":1},"title":"Descubre la colecci\u00f3n de Sara Battaglia para Salvatore Ferragamo","date":"mayo 11, 2016","format":false,"excerpt":"Salvatore Ferragamo siempre se ha caracterizado por su dise\u00f1o sin esfuerzo, sofisticado y atemporal \u00a0pues su consideraci\u00f3n de lo que est\u00e1 de moda tiene su propia interpretaci\u00f3n. En su \u00faltimo proyecto, la\u00a0casa de moda italiana ha colaborado con la\u00a0dise\u00f1adora de bolsos\u00a0Sara Battaglia en una colecci\u00f3n c\u00e1psula de accesorios\u00a0que refleja el\u2026","rel":"","context":"En \u00abColecciones\u00bb","img":{"alt_text":"","src":"https:\/\/i0.wp.com\/www.moda.es\/blog\/wp-content\/uploads\/2016\/05\/Captura-de-pantalla-2016-05-11-a-las-23.45.55.png?fit=639%2C532&resize=350%2C200","width":350,"height":200},"classes":[]},{"id":12300,"url":"http:\/\/www.moda.es\/blog\/salvatore-ferragamo-celebra-el-35-aniversario-de-sus-vara\/","url_meta":{"origin":14727,"position":2},"title":"Salvatore Ferragamo celebra el 35 aniversario de sus Vara","date":"mayo 2, 2013","format":false,"excerpt":"Si pensamos en Salvatore Ferragamo es inevitable pensar en sus ic\u00f3nicos Vara. De tac\u00f3n medio, confeccionados en la mejor piel italiana y coronados en el empeine con un lazo plano de grosgrain, todas, y no es una exageraci\u00f3n, los han lucido. Desde Marilyn Monroe hasta Margaret Tatcher (si comulga con\u2026","rel":"","context":"En \u00abAccesorios\u00bb","img":{"alt_text":"","src":"https:\/\/i0.wp.com\/www.moda.es\/blog\/wp-content\/uploads\/2013\/05\/Ferragamo-Varas-11.jpg?fit=500%2C717&resize=350%2C200","width":350,"height":200},"classes":[]},{"id":18943,"url":"http:\/\/www.moda.es\/blog\/cenicienta-perdio-el-zapato-al-salir-del-baile\/","url_meta":{"origin":14727,"position":3},"title":"Cenicienta perdi\u00f3 el zapato al salir del baile&#8230;","date":"febrero 12, 2015","format":false,"excerpt":"...pero el Pr\u00edncipe la encontr\u00f3 y se lo devolvi\u00f3. Pero por si acaso le vuelve a ocurrir ahora va a tener muchos donde elegir. \u00a0 Los ic\u00f3nicos zapatos de cristal de Cenicienta ha sido re-dise\u00f1ado por nueve de los principales dise\u00f1adores\u00a0 de calzado del mundo para celebrar el lanzamiento de\u2026","rel":"","context":"En \u00abAccesorios\u00bb","img":{"alt_text":"","src":"https:\/\/i0.wp.com\/www.moda.es\/blog\/wp-content\/uploads\/2015\/02\/zc9.jpg?fit=650%2C574&resize=350%2C200","width":350,"height":200},"classes":[]},{"id":17289,"url":"http:\/\/www.moda.es\/blog\/disena-tus-propios-zapatos-de-prada\/","url_meta":{"origin":14727,"position":4},"title":"Dise\u00f1a tus propios zapatos de Prada","date":"marzo 25, 2014","format":false,"excerpt":"Porque Amancio Ortega no es el \u00fanico que copia, Prada ha decidido seguir los pasos de Manolo Blahnik y Salvatore Ferragamo, ofreciendo un servicio personalizado con el que los clientes podr\u00e1n dise\u00f1ar sus propios zapatos y hacerlos \u00fanicos. La horma de tu zapato podr\u00e1 elegirse entre nueve modelos diferentes que\u2026","rel":"","context":"En \u00abAccesorios\u00bb","img":{"alt_text":"Prada-200x300","src":"https:\/\/i0.wp.com\/www.moda.es\/blog\/wp-content\/uploads\/2014\/03\/Prada-200x3001.jpg?resize=350%2C200","width":350,"height":200},"classes":[]},{"id":15612,"url":"http:\/\/www.moda.es\/blog\/daria-werbowy-para-balenciaga\/","url_meta":{"origin":14727,"position":5},"title":"Daria Werbowy para Balenciaga","date":"enero 15, 2014","format":false,"excerpt":"Es como si estuvi\u00e9ramos siendo invitados al resurgimiento de las m\u00edticas que estaban dejando paso a las nuevas generaciones. Las modelos que siempre nos han gustado siguen pisando fuerte, y si no que se lo digan a Daria Werbowy. A\u00fan esperando las im\u00e1genes de la canadiense como estrella invitada de\u2026","rel":"","context":"En \u00abCampa\u00f1as\u00bb","img":{"alt_text":"","src":"https:\/\/i0.wp.com\/www.moda.es\/blog\/wp-content\/uploads\/2014\/01\/Balenciaga-11.jpg?fit=500%2C333&resize=350%2C200","width":350,"height":200},"classes":[]}],"_links":{"self":[{"href":"http:\/\/www.moda.es\/blog\/wp-json\/wp\/v2\/posts\/14727"}],"collection":[{"href":"http:\/\/www.moda.es\/blog\/wp-json\/wp\/v2\/posts"}],"about":[{"href":"http:\/\/www.moda.es\/blog\/wp-json\/wp\/v2\/types\/post"}],"author":[{"embeddable":true,"href":"http:\/\/www.moda.es\/blog\/wp-json\/wp\/v2\/users\/3"}],"replies":[{"embeddable":true,"href":"http:\/\/www.moda.es\/blog\/wp-json\/wp\/v2\/comments?post=14727"}],"version-history":[{"count":7,"href":"http:\/\/www.moda.es\/blog\/wp-json\/wp\/v2\/posts\/14727\/revisions"}],"predecessor-version":[{"id":36488,"href":"http:\/\/www.moda.es\/blog\/wp-json\/wp\/v2\/posts\/14727\/revisions\/36488"}],"wp:featuredmedia":[{"embeddable":true,"href":"http:\/\/www.moda.es\/blog\/wp-json\/wp\/v2\/media\/17146"}],"wp:attachment":[{"href":"http:\/\/www.moda.es\/blog\/wp-json\/wp\/v2\/media?parent=14727"}],"wp:term":[{"taxonomy":"category","embeddable":true,"href":"http:\/\/www.moda.es\/blog\/wp-json\/wp\/v2\/categories?post=14727"},{"taxonomy":"post_tag","embeddable":true,"href":"http:\/\/www.moda.es\/blog\/wp-json\/wp\/v2\/tags?post=14727"}],"curies":[{"name":"wp","href":"https:\/\/api.w.org\/{rel}","templated":true}]}}