{"id":14645,"date":"2013-10-30T23:17:29","date_gmt":"2013-10-30T22:17:29","guid":{"rendered":"http:\/\/www.moda.es\/blog\/?p=14645"},"modified":"2020-04-27T17:50:45","modified_gmt":"2020-04-27T16:50:45","slug":"nicola-formichetti-se-estrena-en-diesel","status":"publish","type":"post","link":"http:\/\/www.moda.es\/blog\/nicola-formichetti-se-estrena-en-diesel\/","title":{"rendered":"Nicola Formichetti se estrena en Diesel"},"content":{"rendered":"<p><strong>Nicola Formichetti<\/strong> nos ha dejado echar un vistazo a su colecci\u00f3n debut en <strong>Diesel,<\/strong><\/p>\n<p>Tras ser nombrado director creativo de la casa en abril, el dise\u00f1ador ha llamado a su primer proyecto <strong>#DieselTribute<\/strong>, una colecci\u00f3n c\u00e1psula en la que ha ultilizado los <strong>35 a\u00f1os<\/strong> de archivo de la casa como punto de partida para una serie de prendas de hombre y mujer que beben de la tendencia m\u00e1s canalla y rockera de la casa.<\/p>\n<p>\u00abEs como una<strong> carta de amor<\/strong> a Diesel,\u00bb dice Formichetti. \u00abLa idea de la colecci\u00f3n # DieselTribute vino simplemente despu\u00e9s de encontrar muchas cosas bellas en las oficinas y f\u00e1bricas de diesel, y yo quer\u00eda trabajar esto en una peque\u00f1a colecci\u00f3n.\u00bb<\/p>\n<p><a href=\"https:\/\/i0.wp.com\/www.moda.es\/blog\/wp-content\/uploads\/2013\/10\/Diesel-21.jpg\"><img data-attachment-id=\"14648\" data-permalink=\"http:\/\/www.moda.es\/blog\/nicola-formichetti-se-estrena-en-diesel\/diesel-2-2\/\" data-orig-file=\"https:\/\/i0.wp.com\/www.moda.es\/blog\/wp-content\/uploads\/2013\/10\/Diesel-21.jpg?fit=500%2C750\" data-orig-size=\"500,750\" data-comments-opened=\"1\" data-image-meta=\"{&quot;aperture&quot;:&quot;0&quot;,&quot;credit&quot;:&quot;&quot;,&quot;camera&quot;:&quot;&quot;,&quot;caption&quot;:&quot;&quot;,&quot;created_timestamp&quot;:&quot;0&quot;,&quot;copyright&quot;:&quot;&quot;,&quot;focal_length&quot;:&quot;0&quot;,&quot;iso&quot;:&quot;0&quot;,&quot;shutter_speed&quot;:&quot;0&quot;,&quot;title&quot;:&quot;&quot;}\" data-image-title=\"Diesel 2\" data-image-description=\"\" data-image-caption=\"\" data-medium-file=\"https:\/\/i0.wp.com\/www.moda.es\/blog\/wp-content\/uploads\/2013\/10\/Diesel-21.jpg?fit=200%2C300\" data-large-file=\"https:\/\/i0.wp.com\/www.moda.es\/blog\/wp-content\/uploads\/2013\/10\/Diesel-21.jpg?fit=500%2C750\" loading=\"lazy\" class=\"aligncenter size-full wp-image-14648\" alt=\"Diesel 2\" src=\"https:\/\/i0.wp.com\/www.moda.es\/blog\/wp-content\/uploads\/2013\/10\/Diesel-21.jpg?resize=500%2C750\" width=\"500\" height=\"750\" srcset=\"https:\/\/i0.wp.com\/www.moda.es\/blog\/wp-content\/uploads\/2013\/10\/Diesel-21.jpg?w=500 500w, https:\/\/i0.wp.com\/www.moda.es\/blog\/wp-content\/uploads\/2013\/10\/Diesel-21.jpg?resize=200%2C300 200w\" sizes=\"(max-width: 500px) 100vw, 500px\" data-recalc-dims=\"1\" \/><\/a><\/p>\n<p>La colecci\u00f3n se divide en dos l\u00edneas diferentes,\u00a0<strong> #DIESELTRIBUTE de denim<\/strong> que se lanzar\u00e1 a nivel mundial el d\u00eda 4 de noviembre seguida de <strong>#DIESELTRIBUTE de cuero<\/strong> en febrero de 2014. Cada una de las<strong> 45 piezas<\/strong> se ha confeccionado <strong>a mano <\/strong>e incluye ropa, denim, accesorios y ropa interior.<\/p>\n<p>Cada una de las prendas han sido tratadas y customizadas para hacerlas \u00fanicas: efecto usado, parches, impresiones digitales y tachuelas todo ello aplicado a mano uniendo la artesan\u00eda con lo m\u00e1s cool del dise\u00f1o. \u00bfEl remate? Botones rojos, blancos y verdes para que nadie olvide que aunque Diesel rocks, su esp\u00edritu es <strong>italiano.<\/strong><\/p>\n<p style=\"text-align: center\"><a href=\"https:\/\/i0.wp.com\/www.moda.es\/blog\/wp-content\/uploads\/2013\/10\/Diesel-8.jpg\"><img data-attachment-id=\"14702\" data-permalink=\"http:\/\/www.moda.es\/blog\/nicola-formichetti-se-estrena-en-diesel\/diesel-8\/\" data-orig-file=\"https:\/\/i0.wp.com\/www.moda.es\/blog\/wp-content\/uploads\/2013\/10\/Diesel-8.jpg?fit=500%2C625\" data-orig-size=\"500,625\" data-comments-opened=\"1\" data-image-meta=\"{&quot;aperture&quot;:&quot;0&quot;,&quot;credit&quot;:&quot;&quot;,&quot;camera&quot;:&quot;&quot;,&quot;caption&quot;:&quot;&quot;,&quot;created_timestamp&quot;:&quot;0&quot;,&quot;copyright&quot;:&quot;&quot;,&quot;focal_length&quot;:&quot;0&quot;,&quot;iso&quot;:&quot;0&quot;,&quot;shutter_speed&quot;:&quot;0&quot;,&quot;title&quot;:&quot;&quot;}\" data-image-title=\"Diesel 8\" data-image-description=\"\" data-image-caption=\"\" data-medium-file=\"https:\/\/i0.wp.com\/www.moda.es\/blog\/wp-content\/uploads\/2013\/10\/Diesel-8.jpg?fit=240%2C300\" data-large-file=\"https:\/\/i0.wp.com\/www.moda.es\/blog\/wp-content\/uploads\/2013\/10\/Diesel-8.jpg?fit=500%2C625\" loading=\"lazy\" class=\"alignnone size-thumbnail wp-image-14702\" alt=\"Diesel 8\" src=\"https:\/\/i0.wp.com\/www.moda.es\/blog\/wp-content\/uploads\/2013\/10\/Diesel-8.jpg?resize=150%2C150\" width=\"150\" height=\"150\" srcset=\"https:\/\/i0.wp.com\/www.moda.es\/blog\/wp-content\/uploads\/2013\/10\/Diesel-8.jpg?resize=150%2C150 150w, https:\/\/i0.wp.com\/www.moda.es\/blog\/wp-content\/uploads\/2013\/10\/Diesel-8.jpg?zoom=2&amp;resize=150%2C150 300w, https:\/\/i0.wp.com\/www.moda.es\/blog\/wp-content\/uploads\/2013\/10\/Diesel-8.jpg?zoom=3&amp;resize=150%2C150 450w\" sizes=\"(max-width: 150px) 100vw, 150px\" data-recalc-dims=\"1\" \/><\/a> <a href=\"https:\/\/i0.wp.com\/www.moda.es\/blog\/wp-content\/uploads\/2013\/10\/Diesel-9.jpg\" target=\"_blank\"><img data-attachment-id=\"14703\" data-permalink=\"http:\/\/www.moda.es\/blog\/nicola-formichetti-se-estrena-en-diesel\/diesel-9\/\" data-orig-file=\"https:\/\/i0.wp.com\/www.moda.es\/blog\/wp-content\/uploads\/2013\/10\/Diesel-9.jpg?fit=500%2C600\" data-orig-size=\"500,600\" data-comments-opened=\"1\" data-image-meta=\"{&quot;aperture&quot;:&quot;0&quot;,&quot;credit&quot;:&quot;&quot;,&quot;camera&quot;:&quot;&quot;,&quot;caption&quot;:&quot;&quot;,&quot;created_timestamp&quot;:&quot;0&quot;,&quot;copyright&quot;:&quot;&quot;,&quot;focal_length&quot;:&quot;0&quot;,&quot;iso&quot;:&quot;0&quot;,&quot;shutter_speed&quot;:&quot;0&quot;,&quot;title&quot;:&quot;&quot;}\" data-image-title=\"Diesel 9\" data-image-description=\"\" data-image-caption=\"\" data-medium-file=\"https:\/\/i0.wp.com\/www.moda.es\/blog\/wp-content\/uploads\/2013\/10\/Diesel-9.jpg?fit=250%2C300\" data-large-file=\"https:\/\/i0.wp.com\/www.moda.es\/blog\/wp-content\/uploads\/2013\/10\/Diesel-9.jpg?fit=500%2C600\" loading=\"lazy\" class=\" wp-image-14703 alignnone\" alt=\"Diesel 9\" src=\"https:\/\/i0.wp.com\/www.moda.es\/blog\/wp-content\/uploads\/2013\/10\/Diesel-9.jpg?resize=150%2C150\" width=\"150\" height=\"150\" srcset=\"https:\/\/i0.wp.com\/www.moda.es\/blog\/wp-content\/uploads\/2013\/10\/Diesel-9.jpg?resize=150%2C150 150w, https:\/\/i0.wp.com\/www.moda.es\/blog\/wp-content\/uploads\/2013\/10\/Diesel-9.jpg?zoom=2&amp;resize=150%2C150 300w, https:\/\/i0.wp.com\/www.moda.es\/blog\/wp-content\/uploads\/2013\/10\/Diesel-9.jpg?zoom=3&amp;resize=150%2C150 450w\" sizes=\"(max-width: 150px) 100vw, 150px\" data-recalc-dims=\"1\" \/><\/a><\/p>\n<p style=\"text-align: center\"><a href=\"https:\/\/i0.wp.com\/www.moda.es\/blog\/wp-content\/uploads\/2013\/10\/Diesel-10.jpg\" target=\"_blank\"><img data-attachment-id=\"14704\" data-permalink=\"http:\/\/www.moda.es\/blog\/nicola-formichetti-se-estrena-en-diesel\/diesel-10\/\" data-orig-file=\"https:\/\/i0.wp.com\/www.moda.es\/blog\/wp-content\/uploads\/2013\/10\/Diesel-10.jpg?fit=500%2C600\" data-orig-size=\"500,600\" data-comments-opened=\"1\" data-image-meta=\"{&quot;aperture&quot;:&quot;0&quot;,&quot;credit&quot;:&quot;&quot;,&quot;camera&quot;:&quot;&quot;,&quot;caption&quot;:&quot;&quot;,&quot;created_timestamp&quot;:&quot;0&quot;,&quot;copyright&quot;:&quot;&quot;,&quot;focal_length&quot;:&quot;0&quot;,&quot;iso&quot;:&quot;0&quot;,&quot;shutter_speed&quot;:&quot;0&quot;,&quot;title&quot;:&quot;&quot;}\" data-image-title=\"Diesel 10\" data-image-description=\"\" data-image-caption=\"\" data-medium-file=\"https:\/\/i0.wp.com\/www.moda.es\/blog\/wp-content\/uploads\/2013\/10\/Diesel-10.jpg?fit=250%2C300\" data-large-file=\"https:\/\/i0.wp.com\/www.moda.es\/blog\/wp-content\/uploads\/2013\/10\/Diesel-10.jpg?fit=500%2C600\" loading=\"lazy\" class=\" wp-image-14704 alignnone\" alt=\"Diesel 10\" src=\"https:\/\/i0.wp.com\/www.moda.es\/blog\/wp-content\/uploads\/2013\/10\/Diesel-10.jpg?resize=150%2C170\" width=\"150\" height=\"170\" data-recalc-dims=\"1\" \/><\/a> <a href=\"https:\/\/i0.wp.com\/www.moda.es\/blog\/wp-content\/uploads\/2013\/10\/Diesel-15.jpg\" target=\"_blank\"><img data-attachment-id=\"14705\" data-permalink=\"http:\/\/www.moda.es\/blog\/nicola-formichetti-se-estrena-en-diesel\/diesel-15\/\" data-orig-file=\"https:\/\/i0.wp.com\/www.moda.es\/blog\/wp-content\/uploads\/2013\/10\/Diesel-15.jpg?fit=500%2C625\" data-orig-size=\"500,625\" data-comments-opened=\"1\" data-image-meta=\"{&quot;aperture&quot;:&quot;0&quot;,&quot;credit&quot;:&quot;&quot;,&quot;camera&quot;:&quot;&quot;,&quot;caption&quot;:&quot;&quot;,&quot;created_timestamp&quot;:&quot;0&quot;,&quot;copyright&quot;:&quot;&quot;,&quot;focal_length&quot;:&quot;0&quot;,&quot;iso&quot;:&quot;0&quot;,&quot;shutter_speed&quot;:&quot;0&quot;,&quot;title&quot;:&quot;&quot;}\" data-image-title=\"Diesel 15\" data-image-description=\"\" data-image-caption=\"\" data-medium-file=\"https:\/\/i0.wp.com\/www.moda.es\/blog\/wp-content\/uploads\/2013\/10\/Diesel-15.jpg?fit=240%2C300\" data-large-file=\"https:\/\/i0.wp.com\/www.moda.es\/blog\/wp-content\/uploads\/2013\/10\/Diesel-15.jpg?fit=500%2C625\" loading=\"lazy\" class=\" wp-image-14705 alignnone\" alt=\"Diesel 15\" src=\"https:\/\/i0.wp.com\/www.moda.es\/blog\/wp-content\/uploads\/2013\/10\/Diesel-15.jpg?resize=150%2C180\" width=\"150\" height=\"180\" data-recalc-dims=\"1\" \/><\/a><\/p>\n<p><strong>Nick Knight<\/strong> fue el elegido para fotografiar la campa\u00f1a y lo hizo todo con un <strong>iPhone<\/strong> y las im\u00e1genes ser\u00e1n compartidas a trav\u00e9s de las redes sociales de la marca.<\/p>\n<p><a href=\"https:\/\/i0.wp.com\/www.moda.es\/blog\/wp-content\/uploads\/2013\/10\/Diesel-12.jpg\"><img data-attachment-id=\"14647\" data-permalink=\"http:\/\/www.moda.es\/blog\/nicola-formichetti-se-estrena-en-diesel\/diesel-1-3\/\" data-orig-file=\"https:\/\/i0.wp.com\/www.moda.es\/blog\/wp-content\/uploads\/2013\/10\/Diesel-12.jpg?fit=500%2C750\" data-orig-size=\"500,750\" data-comments-opened=\"1\" data-image-meta=\"{&quot;aperture&quot;:&quot;0&quot;,&quot;credit&quot;:&quot;&quot;,&quot;camera&quot;:&quot;&quot;,&quot;caption&quot;:&quot;&quot;,&quot;created_timestamp&quot;:&quot;0&quot;,&quot;copyright&quot;:&quot;&quot;,&quot;focal_length&quot;:&quot;0&quot;,&quot;iso&quot;:&quot;0&quot;,&quot;shutter_speed&quot;:&quot;0&quot;,&quot;title&quot;:&quot;&quot;}\" data-image-title=\"Diesel 1\" data-image-description=\"\" data-image-caption=\"\" data-medium-file=\"https:\/\/i0.wp.com\/www.moda.es\/blog\/wp-content\/uploads\/2013\/10\/Diesel-12.jpg?fit=200%2C300\" data-large-file=\"https:\/\/i0.wp.com\/www.moda.es\/blog\/wp-content\/uploads\/2013\/10\/Diesel-12.jpg?fit=500%2C750\" loading=\"lazy\" class=\"aligncenter size-full wp-image-14647\" alt=\"Diesel 1\" src=\"https:\/\/i0.wp.com\/www.moda.es\/blog\/wp-content\/uploads\/2013\/10\/Diesel-12.jpg?resize=500%2C750\" width=\"500\" height=\"750\" srcset=\"https:\/\/i0.wp.com\/www.moda.es\/blog\/wp-content\/uploads\/2013\/10\/Diesel-12.jpg?w=500 500w, https:\/\/i0.wp.com\/www.moda.es\/blog\/wp-content\/uploads\/2013\/10\/Diesel-12.jpg?resize=200%2C300 200w\" sizes=\"(max-width: 500px) 100vw, 500px\" data-recalc-dims=\"1\" \/><\/a><\/p>\n<p>\u00abLo que <strong>Renzo Rosso<\/strong>, fundador de Diesel, ha hecho durante los \u00faltimos 35 a\u00f1os es incre\u00edble\u00bb, dijo. \u00bb Quiero hacer de Diesel la marca m\u00e1s <strong>cool<\/strong> del planeta. Estamos planeando muchos proyctos locos para el futuro.\u00bb Y contin\u00faa: visual de Diesel con prendas customizadas, detalladas y \u00fanicas. \u00abEsta colecci\u00f3n es mi homenaje al ADN de Diesel.Visitar las f\u00e1bricas de Diesel en Italia fue incre\u00edble. La decisi\u00f3n de utilizar estos materiales encontrados en el archivo de una nueva forma fue inmediata. Estas <strong>exploraciones artesanales,<\/strong> nuevas y en ediciones limitadas, del denim y el cuero son dos pasos muy importantes en el dise\u00f1o del futuro de Diesel\u00bb.<\/p>\n<p>Sab\u00edamos que Formichetti no decepcionar\u00eda y estamos deseando ver m\u00e1s.<\/p>\n<div data-carousel-extra='{\"blog_id\":1,\"permalink\":\"http:\\\/\\\/www.moda.es\\\/blog\\\/nicola-formichetti-se-estrena-en-diesel\\\/\"}' id='gallery-1' class='gallery galleryid-14645 gallery-columns-4 gallery-size-thumbnail'><figure class='gallery-item'>\n\t\t\t<div class='gallery-icon landscape'>\n\t\t\t\t<a href='http:\/\/www.moda.es\/blog\/diesel-1-4\/'><img width=\"150\" height=\"150\" src=\"https:\/\/i0.wp.com\/www.moda.es\/blog\/wp-content\/uploads\/2013\/10\/Diesel-13.jpg?resize=150%2C150\" class=\"attachment-thumbnail size-thumbnail\" alt=\"\" loading=\"lazy\" srcset=\"https:\/\/i0.wp.com\/www.moda.es\/blog\/wp-content\/uploads\/2013\/10\/Diesel-13.jpg?w=500 500w, https:\/\/i0.wp.com\/www.moda.es\/blog\/wp-content\/uploads\/2013\/10\/Diesel-13.jpg?resize=150%2C150 150w, https:\/\/i0.wp.com\/www.moda.es\/blog\/wp-content\/uploads\/2013\/10\/Diesel-13.jpg?resize=300%2C300 300w\" sizes=\"(max-width: 150px) 100vw, 150px\" data-attachment-id=\"14707\" data-permalink=\"http:\/\/www.moda.es\/blog\/diesel-1-4\/\" data-orig-file=\"https:\/\/i0.wp.com\/www.moda.es\/blog\/wp-content\/uploads\/2013\/10\/Diesel-13.jpg?fit=500%2C500\" data-orig-size=\"500,500\" data-comments-opened=\"1\" data-image-meta=\"{&quot;aperture&quot;:&quot;0&quot;,&quot;credit&quot;:&quot;&quot;,&quot;camera&quot;:&quot;&quot;,&quot;caption&quot;:&quot;&quot;,&quot;created_timestamp&quot;:&quot;0&quot;,&quot;copyright&quot;:&quot;&quot;,&quot;focal_length&quot;:&quot;0&quot;,&quot;iso&quot;:&quot;0&quot;,&quot;shutter_speed&quot;:&quot;0&quot;,&quot;title&quot;:&quot;&quot;}\" data-image-title=\"Diesel 1\" data-image-description=\"\" data-image-caption=\"\" data-medium-file=\"https:\/\/i0.wp.com\/www.moda.es\/blog\/wp-content\/uploads\/2013\/10\/Diesel-13.jpg?fit=300%2C300\" data-large-file=\"https:\/\/i0.wp.com\/www.moda.es\/blog\/wp-content\/uploads\/2013\/10\/Diesel-13.jpg?fit=500%2C500\" \/><\/a>\n\t\t\t<\/div><\/figure><figure class='gallery-item'>\n\t\t\t<div class='gallery-icon landscape'>\n\t\t\t\t<a href='http:\/\/www.moda.es\/blog\/diesel-3-2\/'><img width=\"150\" height=\"150\" src=\"https:\/\/i0.wp.com\/www.moda.es\/blog\/wp-content\/uploads\/2013\/10\/Diesel-3.jpg?resize=150%2C150\" class=\"attachment-thumbnail size-thumbnail\" alt=\"\" loading=\"lazy\" srcset=\"https:\/\/i0.wp.com\/www.moda.es\/blog\/wp-content\/uploads\/2013\/10\/Diesel-3.jpg?w=500 500w, https:\/\/i0.wp.com\/www.moda.es\/blog\/wp-content\/uploads\/2013\/10\/Diesel-3.jpg?resize=150%2C150 150w, https:\/\/i0.wp.com\/www.moda.es\/blog\/wp-content\/uploads\/2013\/10\/Diesel-3.jpg?resize=300%2C300 300w\" sizes=\"(max-width: 150px) 100vw, 150px\" data-attachment-id=\"14708\" data-permalink=\"http:\/\/www.moda.es\/blog\/diesel-3-2\/\" data-orig-file=\"https:\/\/i0.wp.com\/www.moda.es\/blog\/wp-content\/uploads\/2013\/10\/Diesel-3.jpg?fit=500%2C500\" data-orig-size=\"500,500\" data-comments-opened=\"1\" data-image-meta=\"{&quot;aperture&quot;:&quot;2.4&quot;,&quot;credit&quot;:&quot;&quot;,&quot;camera&quot;:&quot;iPhone 5&quot;,&quot;caption&quot;:&quot;&quot;,&quot;created_timestamp&quot;:&quot;1380887727&quot;,&quot;copyright&quot;:&quot;&quot;,&quot;focal_length&quot;:&quot;4.13&quot;,&quot;iso&quot;:&quot;50&quot;,&quot;shutter_speed&quot;:&quot;0.033333333333333&quot;,&quot;title&quot;:&quot;&quot;}\" data-image-title=\"Diesel 3\" data-image-description=\"\" data-image-caption=\"\" data-medium-file=\"https:\/\/i0.wp.com\/www.moda.es\/blog\/wp-content\/uploads\/2013\/10\/Diesel-3.jpg?fit=300%2C300\" data-large-file=\"https:\/\/i0.wp.com\/www.moda.es\/blog\/wp-content\/uploads\/2013\/10\/Diesel-3.jpg?fit=500%2C500\" \/><\/a>\n\t\t\t<\/div><\/figure><figure class='gallery-item'>\n\t\t\t<div class='gallery-icon landscape'>\n\t\t\t\t<a href='http:\/\/www.moda.es\/blog\/diesel-4-2\/'><img width=\"150\" height=\"150\" src=\"https:\/\/i0.wp.com\/www.moda.es\/blog\/wp-content\/uploads\/2013\/10\/Diesel-41.jpg?resize=150%2C150\" class=\"attachment-thumbnail size-thumbnail\" alt=\"\" loading=\"lazy\" srcset=\"https:\/\/i0.wp.com\/www.moda.es\/blog\/wp-content\/uploads\/2013\/10\/Diesel-41.jpg?w=500 500w, https:\/\/i0.wp.com\/www.moda.es\/blog\/wp-content\/uploads\/2013\/10\/Diesel-41.jpg?resize=150%2C150 150w, https:\/\/i0.wp.com\/www.moda.es\/blog\/wp-content\/uploads\/2013\/10\/Diesel-41.jpg?resize=300%2C300 300w\" sizes=\"(max-width: 150px) 100vw, 150px\" data-attachment-id=\"14709\" data-permalink=\"http:\/\/www.moda.es\/blog\/diesel-4-2\/\" data-orig-file=\"https:\/\/i0.wp.com\/www.moda.es\/blog\/wp-content\/uploads\/2013\/10\/Diesel-41.jpg?fit=500%2C500\" data-orig-size=\"500,500\" data-comments-opened=\"1\" data-image-meta=\"{&quot;aperture&quot;:&quot;0&quot;,&quot;credit&quot;:&quot;&quot;,&quot;camera&quot;:&quot;&quot;,&quot;caption&quot;:&quot;&quot;,&quot;created_timestamp&quot;:&quot;0&quot;,&quot;copyright&quot;:&quot;&quot;,&quot;focal_length&quot;:&quot;0&quot;,&quot;iso&quot;:&quot;0&quot;,&quot;shutter_speed&quot;:&quot;0&quot;,&quot;title&quot;:&quot;&quot;}\" data-image-title=\"Diesel 4\" data-image-description=\"\" data-image-caption=\"\" data-medium-file=\"https:\/\/i0.wp.com\/www.moda.es\/blog\/wp-content\/uploads\/2013\/10\/Diesel-41.jpg?fit=300%2C300\" data-large-file=\"https:\/\/i0.wp.com\/www.moda.es\/blog\/wp-content\/uploads\/2013\/10\/Diesel-41.jpg?fit=500%2C500\" \/><\/a>\n\t\t\t<\/div><\/figure><figure class='gallery-item'>\n\t\t\t<div class='gallery-icon landscape'>\n\t\t\t\t<a href='http:\/\/www.moda.es\/blog\/diesel-5\/'><img width=\"150\" height=\"150\" src=\"https:\/\/i0.wp.com\/www.moda.es\/blog\/wp-content\/uploads\/2013\/10\/Diesel-5.jpg?resize=150%2C150\" class=\"attachment-thumbnail size-thumbnail\" alt=\"\" loading=\"lazy\" srcset=\"https:\/\/i0.wp.com\/www.moda.es\/blog\/wp-content\/uploads\/2013\/10\/Diesel-5.jpg?w=500 500w, https:\/\/i0.wp.com\/www.moda.es\/blog\/wp-content\/uploads\/2013\/10\/Diesel-5.jpg?resize=150%2C150 150w, https:\/\/i0.wp.com\/www.moda.es\/blog\/wp-content\/uploads\/2013\/10\/Diesel-5.jpg?resize=300%2C300 300w\" sizes=\"(max-width: 150px) 100vw, 150px\" data-attachment-id=\"14710\" data-permalink=\"http:\/\/www.moda.es\/blog\/diesel-5\/\" data-orig-file=\"https:\/\/i0.wp.com\/www.moda.es\/blog\/wp-content\/uploads\/2013\/10\/Diesel-5.jpg?fit=500%2C500\" data-orig-size=\"500,500\" data-comments-opened=\"1\" data-image-meta=\"{&quot;aperture&quot;:&quot;0&quot;,&quot;credit&quot;:&quot;&quot;,&quot;camera&quot;:&quot;&quot;,&quot;caption&quot;:&quot;&quot;,&quot;created_timestamp&quot;:&quot;0&quot;,&quot;copyright&quot;:&quot;&quot;,&quot;focal_length&quot;:&quot;0&quot;,&quot;iso&quot;:&quot;0&quot;,&quot;shutter_speed&quot;:&quot;0&quot;,&quot;title&quot;:&quot;&quot;}\" data-image-title=\"Diesel 5\" data-image-description=\"\" data-image-caption=\"\" data-medium-file=\"https:\/\/i0.wp.com\/www.moda.es\/blog\/wp-content\/uploads\/2013\/10\/Diesel-5.jpg?fit=300%2C300\" data-large-file=\"https:\/\/i0.wp.com\/www.moda.es\/blog\/wp-content\/uploads\/2013\/10\/Diesel-5.jpg?fit=500%2C500\" \/><\/a>\n\t\t\t<\/div><\/figure><figure class='gallery-item'>\n\t\t\t<div class='gallery-icon landscape'>\n\t\t\t\t<a href='http:\/\/www.moda.es\/blog\/diesel-6-2\/'><img width=\"150\" height=\"150\" src=\"https:\/\/i0.wp.com\/www.moda.es\/blog\/wp-content\/uploads\/2013\/10\/Diesel-61.jpg?resize=150%2C150\" class=\"attachment-thumbnail size-thumbnail\" alt=\"\" loading=\"lazy\" srcset=\"https:\/\/i0.wp.com\/www.moda.es\/blog\/wp-content\/uploads\/2013\/10\/Diesel-61.jpg?w=500 500w, https:\/\/i0.wp.com\/www.moda.es\/blog\/wp-content\/uploads\/2013\/10\/Diesel-61.jpg?resize=150%2C150 150w, https:\/\/i0.wp.com\/www.moda.es\/blog\/wp-content\/uploads\/2013\/10\/Diesel-61.jpg?resize=300%2C300 300w\" sizes=\"(max-width: 150px) 100vw, 150px\" data-attachment-id=\"14711\" data-permalink=\"http:\/\/www.moda.es\/blog\/diesel-6-2\/\" data-orig-file=\"https:\/\/i0.wp.com\/www.moda.es\/blog\/wp-content\/uploads\/2013\/10\/Diesel-61.jpg?fit=500%2C500\" data-orig-size=\"500,500\" data-comments-opened=\"1\" data-image-meta=\"{&quot;aperture&quot;:&quot;2.4&quot;,&quot;credit&quot;:&quot;&quot;,&quot;camera&quot;:&quot;iPhone 5&quot;,&quot;caption&quot;:&quot;&quot;,&quot;created_timestamp&quot;:&quot;1380824286&quot;,&quot;copyright&quot;:&quot;&quot;,&quot;focal_length&quot;:&quot;4.12&quot;,&quot;iso&quot;:&quot;400&quot;,&quot;shutter_speed&quot;:&quot;0.058823529411765&quot;,&quot;title&quot;:&quot;&quot;}\" data-image-title=\"Diesel 6\" data-image-description=\"\" data-image-caption=\"\" data-medium-file=\"https:\/\/i0.wp.com\/www.moda.es\/blog\/wp-content\/uploads\/2013\/10\/Diesel-61.jpg?fit=300%2C300\" data-large-file=\"https:\/\/i0.wp.com\/www.moda.es\/blog\/wp-content\/uploads\/2013\/10\/Diesel-61.jpg?fit=500%2C500\" \/><\/a>\n\t\t\t<\/div><\/figure><figure class='gallery-item'>\n\t\t\t<div class='gallery-icon landscape'>\n\t\t\t\t<a href='http:\/\/www.moda.es\/blog\/diesel-7\/'><img width=\"150\" height=\"150\" src=\"https:\/\/i0.wp.com\/www.moda.es\/blog\/wp-content\/uploads\/2013\/10\/Diesel-7.jpg?resize=150%2C150\" class=\"attachment-thumbnail size-thumbnail\" alt=\"\" loading=\"lazy\" srcset=\"https:\/\/i0.wp.com\/www.moda.es\/blog\/wp-content\/uploads\/2013\/10\/Diesel-7.jpg?w=500 500w, https:\/\/i0.wp.com\/www.moda.es\/blog\/wp-content\/uploads\/2013\/10\/Diesel-7.jpg?resize=150%2C150 150w, https:\/\/i0.wp.com\/www.moda.es\/blog\/wp-content\/uploads\/2013\/10\/Diesel-7.jpg?resize=300%2C300 300w\" sizes=\"(max-width: 150px) 100vw, 150px\" data-attachment-id=\"14712\" data-permalink=\"http:\/\/www.moda.es\/blog\/diesel-7\/\" data-orig-file=\"https:\/\/i0.wp.com\/www.moda.es\/blog\/wp-content\/uploads\/2013\/10\/Diesel-7.jpg?fit=500%2C500\" data-orig-size=\"500,500\" data-comments-opened=\"1\" data-image-meta=\"{&quot;aperture&quot;:&quot;2.4&quot;,&quot;credit&quot;:&quot;&quot;,&quot;camera&quot;:&quot;iPhone 5&quot;,&quot;caption&quot;:&quot;&quot;,&quot;created_timestamp&quot;:&quot;1380886550&quot;,&quot;copyright&quot;:&quot;&quot;,&quot;focal_length&quot;:&quot;4.12&quot;,&quot;iso&quot;:&quot;64&quot;,&quot;shutter_speed&quot;:&quot;0.016666666666667&quot;,&quot;title&quot;:&quot;&quot;}\" data-image-title=\"Diesel 7\" data-image-description=\"\" data-image-caption=\"\" data-medium-file=\"https:\/\/i0.wp.com\/www.moda.es\/blog\/wp-content\/uploads\/2013\/10\/Diesel-7.jpg?fit=300%2C300\" data-large-file=\"https:\/\/i0.wp.com\/www.moda.es\/blog\/wp-content\/uploads\/2013\/10\/Diesel-7.jpg?fit=500%2C500\" \/><\/a>\n\t\t\t<\/div><\/figure><figure class='gallery-item'>\n\t\t\t<div class='gallery-icon portrait'>\n\t\t\t\t<a href='http:\/\/www.moda.es\/blog\/diesel-11\/'><img width=\"150\" height=\"150\" src=\"https:\/\/i0.wp.com\/www.moda.es\/blog\/wp-content\/uploads\/2013\/10\/Diesel-111.jpg?resize=150%2C150\" class=\"attachment-thumbnail size-thumbnail\" alt=\"\" loading=\"lazy\" srcset=\"https:\/\/i0.wp.com\/www.moda.es\/blog\/wp-content\/uploads\/2013\/10\/Diesel-111.jpg?resize=150%2C150 150w, https:\/\/i0.wp.com\/www.moda.es\/blog\/wp-content\/uploads\/2013\/10\/Diesel-111.jpg?zoom=2&amp;resize=150%2C150 300w, https:\/\/i0.wp.com\/www.moda.es\/blog\/wp-content\/uploads\/2013\/10\/Diesel-111.jpg?zoom=3&amp;resize=150%2C150 450w\" sizes=\"(max-width: 150px) 100vw, 150px\" data-attachment-id=\"14713\" data-permalink=\"http:\/\/www.moda.es\/blog\/diesel-11\/\" data-orig-file=\"https:\/\/i0.wp.com\/www.moda.es\/blog\/wp-content\/uploads\/2013\/10\/Diesel-111.jpg?fit=500%2C625\" data-orig-size=\"500,625\" data-comments-opened=\"1\" data-image-meta=\"{&quot;aperture&quot;:&quot;0&quot;,&quot;credit&quot;:&quot;&quot;,&quot;camera&quot;:&quot;&quot;,&quot;caption&quot;:&quot;&quot;,&quot;created_timestamp&quot;:&quot;0&quot;,&quot;copyright&quot;:&quot;&quot;,&quot;focal_length&quot;:&quot;0&quot;,&quot;iso&quot;:&quot;0&quot;,&quot;shutter_speed&quot;:&quot;0&quot;,&quot;title&quot;:&quot;&quot;}\" data-image-title=\"Diesel 11\" data-image-description=\"\" data-image-caption=\"\" data-medium-file=\"https:\/\/i0.wp.com\/www.moda.es\/blog\/wp-content\/uploads\/2013\/10\/Diesel-111.jpg?fit=240%2C300\" data-large-file=\"https:\/\/i0.wp.com\/www.moda.es\/blog\/wp-content\/uploads\/2013\/10\/Diesel-111.jpg?fit=500%2C625\" \/><\/a>\n\t\t\t<\/div><\/figure><figure class='gallery-item'>\n\t\t\t<div class='gallery-icon portrait'>\n\t\t\t\t<a href='http:\/\/www.moda.es\/blog\/diesel-12\/'><img width=\"150\" height=\"150\" src=\"https:\/\/i0.wp.com\/www.moda.es\/blog\/wp-content\/uploads\/2013\/10\/Diesel-121.jpg?resize=150%2C150\" class=\"attachment-thumbnail size-thumbnail\" alt=\"\" loading=\"lazy\" srcset=\"https:\/\/i0.wp.com\/www.moda.es\/blog\/wp-content\/uploads\/2013\/10\/Diesel-121.jpg?resize=150%2C150 150w, https:\/\/i0.wp.com\/www.moda.es\/blog\/wp-content\/uploads\/2013\/10\/Diesel-121.jpg?zoom=2&amp;resize=150%2C150 300w, https:\/\/i0.wp.com\/www.moda.es\/blog\/wp-content\/uploads\/2013\/10\/Diesel-121.jpg?zoom=3&amp;resize=150%2C150 450w\" sizes=\"(max-width: 150px) 100vw, 150px\" data-attachment-id=\"14714\" data-permalink=\"http:\/\/www.moda.es\/blog\/diesel-12\/\" data-orig-file=\"https:\/\/i0.wp.com\/www.moda.es\/blog\/wp-content\/uploads\/2013\/10\/Diesel-121.jpg?fit=500%2C867\" data-orig-size=\"500,867\" data-comments-opened=\"1\" data-image-meta=\"{&quot;aperture&quot;:&quot;16&quot;,&quot;credit&quot;:&quot;&quot;,&quot;camera&quot;:&quot;Canon EOS 6D&quot;,&quot;caption&quot;:&quot;&quot;,&quot;created_timestamp&quot;:&quot;1379417524&quot;,&quot;copyright&quot;:&quot;&quot;,&quot;focal_length&quot;:&quot;85&quot;,&quot;iso&quot;:&quot;100&quot;,&quot;shutter_speed&quot;:&quot;0.01&quot;,&quot;title&quot;:&quot;&quot;}\" data-image-title=\"Diesel 12\" data-image-description=\"\" data-image-caption=\"\" data-medium-file=\"https:\/\/i0.wp.com\/www.moda.es\/blog\/wp-content\/uploads\/2013\/10\/Diesel-121.jpg?fit=173%2C300\" data-large-file=\"https:\/\/i0.wp.com\/www.moda.es\/blog\/wp-content\/uploads\/2013\/10\/Diesel-121.jpg?fit=500%2C867\" \/><\/a>\n\t\t\t<\/div><\/figure><figure class='gallery-item'>\n\t\t\t<div class='gallery-icon portrait'>\n\t\t\t\t<a href='http:\/\/www.moda.es\/blog\/diesel-13\/'><img width=\"150\" height=\"150\" src=\"https:\/\/i0.wp.com\/www.moda.es\/blog\/wp-content\/uploads\/2013\/10\/Diesel-131.jpg?resize=150%2C150\" class=\"attachment-thumbnail size-thumbnail\" alt=\"\" loading=\"lazy\" srcset=\"https:\/\/i0.wp.com\/www.moda.es\/blog\/wp-content\/uploads\/2013\/10\/Diesel-131.jpg?resize=150%2C150 150w, https:\/\/i0.wp.com\/www.moda.es\/blog\/wp-content\/uploads\/2013\/10\/Diesel-131.jpg?zoom=2&amp;resize=150%2C150 300w, https:\/\/i0.wp.com\/www.moda.es\/blog\/wp-content\/uploads\/2013\/10\/Diesel-131.jpg?zoom=3&amp;resize=150%2C150 450w\" sizes=\"(max-width: 150px) 100vw, 150px\" data-attachment-id=\"14715\" data-permalink=\"http:\/\/www.moda.es\/blog\/diesel-13\/\" data-orig-file=\"https:\/\/i0.wp.com\/www.moda.es\/blog\/wp-content\/uploads\/2013\/10\/Diesel-131.jpg?fit=500%2C752\" data-orig-size=\"500,752\" data-comments-opened=\"1\" data-image-meta=\"{&quot;aperture&quot;:&quot;11&quot;,&quot;credit&quot;:&quot;&quot;,&quot;camera&quot;:&quot;NIKON D3&quot;,&quot;caption&quot;:&quot;&quot;,&quot;created_timestamp&quot;:&quot;1375277960&quot;,&quot;copyright&quot;:&quot;&quot;,&quot;focal_length&quot;:&quot;135&quot;,&quot;iso&quot;:&quot;250&quot;,&quot;shutter_speed&quot;:&quot;0.008&quot;,&quot;title&quot;:&quot;&quot;}\" data-image-title=\"Diesel 13\" data-image-description=\"\" data-image-caption=\"\" data-medium-file=\"https:\/\/i0.wp.com\/www.moda.es\/blog\/wp-content\/uploads\/2013\/10\/Diesel-131.jpg?fit=199%2C300\" data-large-file=\"https:\/\/i0.wp.com\/www.moda.es\/blog\/wp-content\/uploads\/2013\/10\/Diesel-131.jpg?fit=500%2C752\" \/><\/a>\n\t\t\t<\/div><\/figure><figure class='gallery-item'>\n\t\t\t<div class='gallery-icon portrait'>\n\t\t\t\t<a href='http:\/\/www.moda.es\/blog\/diesel-14\/'><img width=\"150\" height=\"150\" src=\"https:\/\/i0.wp.com\/www.moda.es\/blog\/wp-content\/uploads\/2013\/10\/Diesel-14.jpg?resize=150%2C150\" class=\"attachment-thumbnail size-thumbnail\" alt=\"\" loading=\"lazy\" srcset=\"https:\/\/i0.wp.com\/www.moda.es\/blog\/wp-content\/uploads\/2013\/10\/Diesel-14.jpg?resize=150%2C150 150w, https:\/\/i0.wp.com\/www.moda.es\/blog\/wp-content\/uploads\/2013\/10\/Diesel-14.jpg?zoom=2&amp;resize=150%2C150 300w, https:\/\/i0.wp.com\/www.moda.es\/blog\/wp-content\/uploads\/2013\/10\/Diesel-14.jpg?zoom=3&amp;resize=150%2C150 450w\" sizes=\"(max-width: 150px) 100vw, 150px\" data-attachment-id=\"14716\" data-permalink=\"http:\/\/www.moda.es\/blog\/diesel-14\/\" data-orig-file=\"https:\/\/i0.wp.com\/www.moda.es\/blog\/wp-content\/uploads\/2013\/10\/Diesel-14.jpg?fit=500%2C625\" data-orig-size=\"500,625\" data-comments-opened=\"1\" data-image-meta=\"{&quot;aperture&quot;:&quot;0&quot;,&quot;credit&quot;:&quot;&quot;,&quot;camera&quot;:&quot;&quot;,&quot;caption&quot;:&quot;&quot;,&quot;created_timestamp&quot;:&quot;0&quot;,&quot;copyright&quot;:&quot;&quot;,&quot;focal_length&quot;:&quot;0&quot;,&quot;iso&quot;:&quot;0&quot;,&quot;shutter_speed&quot;:&quot;0&quot;,&quot;title&quot;:&quot;&quot;}\" data-image-title=\"Diesel 14\" data-image-description=\"\" data-image-caption=\"\" data-medium-file=\"https:\/\/i0.wp.com\/www.moda.es\/blog\/wp-content\/uploads\/2013\/10\/Diesel-14.jpg?fit=240%2C300\" data-large-file=\"https:\/\/i0.wp.com\/www.moda.es\/blog\/wp-content\/uploads\/2013\/10\/Diesel-14.jpg?fit=500%2C625\" \/><\/a>\n\t\t\t<\/div><\/figure><figure class='gallery-item'>\n\t\t\t<div class='gallery-icon portrait'>\n\t\t\t\t<a href='http:\/\/www.moda.es\/blog\/diesel-16\/'><img width=\"150\" height=\"150\" src=\"https:\/\/i0.wp.com\/www.moda.es\/blog\/wp-content\/uploads\/2013\/10\/Diesel-16.jpg?resize=150%2C150\" class=\"attachment-thumbnail size-thumbnail\" alt=\"\" loading=\"lazy\" srcset=\"https:\/\/i0.wp.com\/www.moda.es\/blog\/wp-content\/uploads\/2013\/10\/Diesel-16.jpg?resize=150%2C150 150w, https:\/\/i0.wp.com\/www.moda.es\/blog\/wp-content\/uploads\/2013\/10\/Diesel-16.jpg?zoom=2&amp;resize=150%2C150 300w, https:\/\/i0.wp.com\/www.moda.es\/blog\/wp-content\/uploads\/2013\/10\/Diesel-16.jpg?zoom=3&amp;resize=150%2C150 450w\" sizes=\"(max-width: 150px) 100vw, 150px\" data-attachment-id=\"14717\" data-permalink=\"http:\/\/www.moda.es\/blog\/diesel-16\/\" data-orig-file=\"https:\/\/i0.wp.com\/www.moda.es\/blog\/wp-content\/uploads\/2013\/10\/Diesel-16.jpg?fit=500%2C625\" data-orig-size=\"500,625\" data-comments-opened=\"1\" data-image-meta=\"{&quot;aperture&quot;:&quot;0&quot;,&quot;credit&quot;:&quot;&quot;,&quot;camera&quot;:&quot;&quot;,&quot;caption&quot;:&quot;&quot;,&quot;created_timestamp&quot;:&quot;0&quot;,&quot;copyright&quot;:&quot;&quot;,&quot;focal_length&quot;:&quot;0&quot;,&quot;iso&quot;:&quot;0&quot;,&quot;shutter_speed&quot;:&quot;0&quot;,&quot;title&quot;:&quot;&quot;}\" data-image-title=\"Diesel 16\" data-image-description=\"\" data-image-caption=\"\" data-medium-file=\"https:\/\/i0.wp.com\/www.moda.es\/blog\/wp-content\/uploads\/2013\/10\/Diesel-16.jpg?fit=240%2C300\" data-large-file=\"https:\/\/i0.wp.com\/www.moda.es\/blog\/wp-content\/uploads\/2013\/10\/Diesel-16.jpg?fit=500%2C625\" \/><\/a>\n\t\t\t<\/div><\/figure><figure class='gallery-item'>\n\t\t\t<div class='gallery-icon portrait'>\n\t\t\t\t<a href='http:\/\/www.moda.es\/blog\/diesel-17\/'><img width=\"150\" height=\"150\" src=\"https:\/\/i0.wp.com\/www.moda.es\/blog\/wp-content\/uploads\/2013\/10\/Diesel-17.jpg?resize=150%2C150\" class=\"attachment-thumbnail size-thumbnail\" alt=\"\" loading=\"lazy\" srcset=\"https:\/\/i0.wp.com\/www.moda.es\/blog\/wp-content\/uploads\/2013\/10\/Diesel-17.jpg?resize=150%2C150 150w, https:\/\/i0.wp.com\/www.moda.es\/blog\/wp-content\/uploads\/2013\/10\/Diesel-17.jpg?zoom=2&amp;resize=150%2C150 300w, https:\/\/i0.wp.com\/www.moda.es\/blog\/wp-content\/uploads\/2013\/10\/Diesel-17.jpg?zoom=3&amp;resize=150%2C150 450w\" sizes=\"(max-width: 150px) 100vw, 150px\" data-attachment-id=\"14718\" data-permalink=\"http:\/\/www.moda.es\/blog\/diesel-17\/\" data-orig-file=\"https:\/\/i0.wp.com\/www.moda.es\/blog\/wp-content\/uploads\/2013\/10\/Diesel-17.jpg?fit=500%2C620\" data-orig-size=\"500,620\" data-comments-opened=\"1\" data-image-meta=\"{&quot;aperture&quot;:&quot;0&quot;,&quot;credit&quot;:&quot;&quot;,&quot;camera&quot;:&quot;&quot;,&quot;caption&quot;:&quot;&quot;,&quot;created_timestamp&quot;:&quot;0&quot;,&quot;copyright&quot;:&quot;&quot;,&quot;focal_length&quot;:&quot;0&quot;,&quot;iso&quot;:&quot;0&quot;,&quot;shutter_speed&quot;:&quot;0&quot;,&quot;title&quot;:&quot;&quot;}\" data-image-title=\"Diesel 17\" data-image-description=\"\" data-image-caption=\"\" data-medium-file=\"https:\/\/i0.wp.com\/www.moda.es\/blog\/wp-content\/uploads\/2013\/10\/Diesel-17.jpg?fit=241%2C300\" data-large-file=\"https:\/\/i0.wp.com\/www.moda.es\/blog\/wp-content\/uploads\/2013\/10\/Diesel-17.jpg?fit=500%2C620\" \/><\/a>\n\t\t\t<\/div><\/figure>\n\t\t<\/div>\n\n<p>\u00a9Vogue UK<\/p>\n<p>&nbsp;                             <\/p>\n","protected":false},"excerpt":{"rendered":"<p>Nicola Formichetti nos ha dejado echar un vistazo a su colecci\u00f3n debut en Diesel, Tras ser nombrado director creativo de la casa en abril, el dise\u00f1ador ha llamado a su primer proyecto #DieselTribute, una colecci\u00f3n c\u00e1psula en la que ha ultilizado los 35 a\u00f1os de archivo de la casa como [&hellip;]<\/p>\n","protected":false},"author":3,"featured_media":17153,"comment_status":"open","ping_status":"open","sticky":false,"template":"","format":"standard","meta":{"jetpack_publicize_message":"","jetpack_is_tweetstorm":false,"jetpack_publicize_feature_enabled":true},"categories":[10,11,12],"tags":[262,664],"jetpack_publicize_connections":[],"jetpack_featured_media_url":"https:\/\/i0.wp.com\/www.moda.es\/blog\/wp-content\/uploads\/2013\/10\/Diesel-211.jpg?fit=500%2C750","jetpack_sharing_enabled":true,"jetpack_shortlink":"https:\/\/wp.me\/p4tJCC-3Od","jetpack-related-posts":[{"id":14340,"url":"http:\/\/www.moda.es\/blog\/jogg-jeans-lo-ultimo-de-diesel\/","url_meta":{"origin":14645,"position":0},"title":"Jogg Jeans: lo \u00faltimo de Diesel","date":"octubre 7, 2013","format":false,"excerpt":"Salta, corre, baila... y no te quites tus vaqueros. Lo \u00faltimo de Diesel es la comodidad m\u00e1xima. No importa lo movido que sea tu d\u00eda, los nuevos Jogg Jeans de Diesel van contigo. Jogg Jeans toma lo mejor del denim y de la ropa deportiva y lo une en una\u2026","rel":"","context":"En \u00abCampa\u00f1as\u00bb","img":{"alt_text":"","src":"https:\/\/i0.wp.com\/www.moda.es\/blog\/wp-content\/uploads\/2013\/10\/Diesel-42.jpg?fit=500%2C557&resize=350%2C200","width":350,"height":200},"classes":[]},{"id":22047,"url":"http:\/\/www.moda.es\/blog\/tenemos-nueva-pareja-en-el-fashion-business\/","url_meta":{"origin":14645,"position":1},"title":"Tenemos nueva pareja en el fashion business&#8230;","date":"abril 18, 2017","format":false,"excerpt":"...y est\u00e1 formada por Naomi Campbell y Diesel. Diesel ha presentado\u00a0hoy su nueva colaboraci\u00f3n con la supermodelo Naomi Campbell en ayuda de su fundaci\u00f3n,\u00a0Fashion For Relief, llamada Child At Heart. La colecci\u00f3n\u00a0Artwork\u00a0- con corazones llenos de color\u00a0y dise\u00f1os de mariquita - han sido dise\u00f1adas por ni\u00f1os que asisten al jard\u00edn\u2026","rel":"","context":"En \u00abActualidad\u00bb","img":{"alt_text":"","src":"https:\/\/i0.wp.com\/www.moda.es\/blog\/wp-content\/uploads\/2017\/04\/Captura-de-pantalla-2017-04-18-a-las-20.09.31.png?fit=526%2C349&resize=350%2C200","width":350,"height":200},"classes":[]},{"id":15808,"url":"http:\/\/www.moda.es\/blog\/el-tributo-al-denim-de-diesel\/","url_meta":{"origin":14645,"position":2},"title":"El tributo al cuero de Diesel","date":"febrero 1, 2014","format":false,"excerpt":"Nicola Formichetti contin\u00faa revisitando la herencia de Diesel con la colecci\u00f3n en cuero #DIESELTRIBUTE, una colecci\u00f3n que revindica el amor por la moda y el trabajo universal sin dejar de mirar al futuro. Aplicaciones de tachuelas a mano, parches de cuero, remaches, anillos met\u00e1licos y un material clave que est\u00e1\u2026","rel":"","context":"En \u00abCampa\u00f1as\u00bb","img":{"alt_text":"","src":"https:\/\/i0.wp.com\/www.moda.es\/blog\/wp-content\/uploads\/2014\/02\/Diesel-Tribute-161.jpg?fit=500%2C500&resize=350%2C200","width":350,"height":200},"classes":[]},{"id":15241,"url":"http:\/\/www.moda.es\/blog\/david-koma-lo-ultimo-de-mugler\/","url_meta":{"origin":14645,"position":3},"title":"David Koma, lo \u00faltimo de Mugler","date":"diciembre 13, 2013","format":false,"excerpt":"David Koma es el nuevo irector art\u00edstico de Mugler . El dise\u00f1ador cuya sede est\u00e1 en Londres estrenar\u00e1 su nuevo cargo en enero y dar\u00e1 a conocer su primera colecci\u00f3n para la marca en junio con una pre-colecci\u00f3n antes de hacer su debut en la pasarela en septiembre durante la\u2026","rel":"","context":"En \u00abActualidad\u00bb","img":{"alt_text":"","src":"https:\/\/i0.wp.com\/www.moda.es\/blog\/wp-content\/uploads\/2013\/12\/David-Koma-11.jpg?fit=400%2C600&resize=350%2C200","width":350,"height":200},"classes":[]},{"id":17856,"url":"http:\/\/www.moda.es\/blog\/las-mejores-campanas-del-proximo-otono-i\/","url_meta":{"origin":14645,"position":4},"title":"Las mejores campa\u00f1as del pr\u00f3ximo oto\u00f1o (I)","date":"junio 23, 2014","format":false,"excerpt":"El sol acaba de salir pero ya estamos recibiendo inspiraci\u00f3n de las nuevas campa\u00f1as publicitarias de oto\u00f1o. Aqu\u00ed tienes algunas de nuestras preferidas. Terry y Valentino El brazo de Terry Richardson y sus tatuajes vuelven a formar equipo con Valentino para la campa\u00f1a de accesorios Camubutterfly de la marca italiana.\u2026","rel":"","context":"En \u00abCampa\u00f1as\u00bb","img":{"alt_text":"","src":"https:\/\/i0.wp.com\/www.moda.es\/blog\/wp-content\/uploads\/2014\/06\/Valentino.jpg?fit=650%2C863&resize=350%2C200","width":350,"height":200},"classes":[]},{"id":10048,"url":"http:\/\/www.moda.es\/blog\/el-artista-y-su-musa\/","url_meta":{"origin":14645,"position":5},"title":"El artista y su musa","date":"enero 7, 2013","format":false,"excerpt":"En septiembre se anunciaba la noticia y hoy al fin tenemos las im\u00e1genes de la colecci\u00f3n. Nicola Formichetti, Director Creativo de Mugler, planeaba su debut en el dise\u00f1o de su primera colecci\u00f3n de bolsos para la temporada Primavera - Verano 2013 y la musa inspiradora ser\u00eda nada m\u00e1s y nada\u2026","rel":"","context":"En \u00abColecciones\u00bb","img":{"alt_text":"","src":"https:\/\/i0.wp.com\/www.moda.es\/blog\/wp-content\/uploads\/2013\/01\/Mugler-Lady-Gaga1.jpg?fit=444%2C267&resize=350%2C200","width":350,"height":200},"classes":[]}],"_links":{"self":[{"href":"http:\/\/www.moda.es\/blog\/wp-json\/wp\/v2\/posts\/14645"}],"collection":[{"href":"http:\/\/www.moda.es\/blog\/wp-json\/wp\/v2\/posts"}],"about":[{"href":"http:\/\/www.moda.es\/blog\/wp-json\/wp\/v2\/types\/post"}],"author":[{"embeddable":true,"href":"http:\/\/www.moda.es\/blog\/wp-json\/wp\/v2\/users\/3"}],"replies":[{"embeddable":true,"href":"http:\/\/www.moda.es\/blog\/wp-json\/wp\/v2\/comments?post=14645"}],"version-history":[{"count":5,"href":"http:\/\/www.moda.es\/blog\/wp-json\/wp\/v2\/posts\/14645\/revisions"}],"predecessor-version":[{"id":36491,"href":"http:\/\/www.moda.es\/blog\/wp-json\/wp\/v2\/posts\/14645\/revisions\/36491"}],"wp:featuredmedia":[{"embeddable":true,"href":"http:\/\/www.moda.es\/blog\/wp-json\/wp\/v2\/media\/17153"}],"wp:attachment":[{"href":"http:\/\/www.moda.es\/blog\/wp-json\/wp\/v2\/media?parent=14645"}],"wp:term":[{"taxonomy":"category","embeddable":true,"href":"http:\/\/www.moda.es\/blog\/wp-json\/wp\/v2\/categories?post=14645"},{"taxonomy":"post_tag","embeddable":true,"href":"http:\/\/www.moda.es\/blog\/wp-json\/wp\/v2\/tags?post=14645"}],"curies":[{"name":"wp","href":"https:\/\/api.w.org\/{rel}","templated":true}]}}