{"id":14622,"date":"2013-10-28T22:22:07","date_gmt":"2013-10-28T21:22:07","guid":{"rendered":"http:\/\/www.moda.es\/blog\/?p=14622"},"modified":"2020-04-27T17:51:04","modified_gmt":"2020-04-27T16:51:04","slug":"cara-delevingne-al-desnudo","status":"publish","type":"post","link":"http:\/\/www.moda.es\/blog\/cara-delevingne-al-desnudo\/","title":{"rendered":"Cara Delevingne al desnudo"},"content":{"rendered":"<p>De acuerdo, al desnuedo no, pero s\u00ed desde su faceta m\u00e1s \u00edntima. La modelo brit\u00e1nica es la nueva imagen (y el cuerpo) de <strong>La Perla<\/strong>.<\/p>\n<p>Las marcas siguen rif\u00e1ndose a la rubia de la carita de \u00e1ngel yvers\u00e1til actitud y en esta ocasi\u00f3n ha sido llamada a explorar su lado m\u00e1s femenino y sensual.<\/p>\n<p style=\"text-align: center\"><a href=\"https:\/\/i0.wp.com\/www.moda.es\/blog\/wp-content\/uploads\/2013\/10\/Cara-Delenvingne-1.jpg\" target=\"_blank\"><img data-attachment-id=\"14623\" data-permalink=\"http:\/\/www.moda.es\/blog\/cara-delevingne-al-desnudo\/cara-delenvingne-1\/\" data-orig-file=\"https:\/\/i0.wp.com\/www.moda.es\/blog\/wp-content\/uploads\/2013\/10\/Cara-Delenvingne-1.jpg?fit=400%2C400\" data-orig-size=\"400,400\" data-comments-opened=\"1\" data-image-meta=\"{&quot;aperture&quot;:&quot;0&quot;,&quot;credit&quot;:&quot;&quot;,&quot;camera&quot;:&quot;&quot;,&quot;caption&quot;:&quot;&quot;,&quot;created_timestamp&quot;:&quot;0&quot;,&quot;copyright&quot;:&quot;&quot;,&quot;focal_length&quot;:&quot;0&quot;,&quot;iso&quot;:&quot;0&quot;,&quot;shutter_speed&quot;:&quot;0&quot;,&quot;title&quot;:&quot;&quot;}\" data-image-title=\"Cara Delenvingne 1\" data-image-description=\"\" data-image-caption=\"\" data-medium-file=\"https:\/\/i0.wp.com\/www.moda.es\/blog\/wp-content\/uploads\/2013\/10\/Cara-Delenvingne-1.jpg?fit=300%2C300\" data-large-file=\"https:\/\/i0.wp.com\/www.moda.es\/blog\/wp-content\/uploads\/2013\/10\/Cara-Delenvingne-1.jpg?fit=400%2C400\" loading=\"lazy\" class=\"aligncenter size-medium wp-image-14623\" alt=\"Cara Delenvingne 1\" src=\"https:\/\/i0.wp.com\/www.moda.es\/blog\/wp-content\/uploads\/2013\/10\/Cara-Delenvingne-1.jpg?resize=300%2C300\" width=\"300\" height=\"300\" srcset=\"https:\/\/i0.wp.com\/www.moda.es\/blog\/wp-content\/uploads\/2013\/10\/Cara-Delenvingne-1.jpg?resize=300%2C300 300w, https:\/\/i0.wp.com\/www.moda.es\/blog\/wp-content\/uploads\/2013\/10\/Cara-Delenvingne-1.jpg?resize=150%2C150 150w, https:\/\/i0.wp.com\/www.moda.es\/blog\/wp-content\/uploads\/2013\/10\/Cara-Delenvingne-1.jpg?w=400 400w\" sizes=\"(max-width: 300px) 100vw, 300px\" data-recalc-dims=\"1\" \/><\/a><\/p>\n<p>Todav\u00eda falta mucho para ver el resultado porque se trata de la campa\u00f1a de la temporada <strong>Primavera- Verano 2014<\/strong>, pero Cara no ha podido resistirse y ya ha colgado un peqeu\u00f1o avance en su cuenta de <strong>Instagram. <\/strong>\u00bfEl t\u00edtulo? Shooting de ropa interior de La Perla con los \u00fanicos <strong>Mert Alas y Marcus Piggott<\/strong> #whatmorecouldagirlwant. Y es que tras el opbjetivo se encontraban estos geniales fot\u00f3grafos de moda.<strong><br \/>\n<\/strong><\/p>\n<p style=\"text-align: center\">\u00a0<a href=\"https:\/\/i0.wp.com\/www.moda.es\/blog\/wp-content\/uploads\/2013\/10\/Cara-Delenvingne-25.jpg\" target=\"_blank\"><img data-attachment-id=\"14628\" data-permalink=\"http:\/\/www.moda.es\/blog\/cara-delevingne-al-desnudo\/cara-delenvingne-25\/\" data-orig-file=\"https:\/\/i0.wp.com\/www.moda.es\/blog\/wp-content\/uploads\/2013\/10\/Cara-Delenvingne-25.jpg?fit=400%2C400\" data-orig-size=\"400,400\" data-comments-opened=\"1\" data-image-meta=\"{&quot;aperture&quot;:&quot;0&quot;,&quot;credit&quot;:&quot;&quot;,&quot;camera&quot;:&quot;&quot;,&quot;caption&quot;:&quot;&quot;,&quot;created_timestamp&quot;:&quot;0&quot;,&quot;copyright&quot;:&quot;&quot;,&quot;focal_length&quot;:&quot;0&quot;,&quot;iso&quot;:&quot;0&quot;,&quot;shutter_speed&quot;:&quot;0&quot;,&quot;title&quot;:&quot;&quot;}\" data-image-title=\"Cara Delenvingne 25\" data-image-description=\"\" data-image-caption=\"\" data-medium-file=\"https:\/\/i0.wp.com\/www.moda.es\/blog\/wp-content\/uploads\/2013\/10\/Cara-Delenvingne-25.jpg?fit=300%2C300\" data-large-file=\"https:\/\/i0.wp.com\/www.moda.es\/blog\/wp-content\/uploads\/2013\/10\/Cara-Delenvingne-25.jpg?fit=400%2C400\" loading=\"lazy\" class=\"aligncenter size-medium wp-image-14628\" alt=\"Cara Delenvingne 25\" src=\"https:\/\/i0.wp.com\/www.moda.es\/blog\/wp-content\/uploads\/2013\/10\/Cara-Delenvingne-25.jpg?resize=300%2C300\" width=\"300\" height=\"300\" srcset=\"https:\/\/i0.wp.com\/www.moda.es\/blog\/wp-content\/uploads\/2013\/10\/Cara-Delenvingne-25.jpg?resize=300%2C300 300w, https:\/\/i0.wp.com\/www.moda.es\/blog\/wp-content\/uploads\/2013\/10\/Cara-Delenvingne-25.jpg?resize=150%2C150 150w, https:\/\/i0.wp.com\/www.moda.es\/blog\/wp-content\/uploads\/2013\/10\/Cara-Delenvingne-25.jpg?w=400 400w\" sizes=\"(max-width: 300px) 100vw, 300px\" data-recalc-dims=\"1\" \/><\/a><\/p>\n<p>Realmente me llama la atenci\u00f3n el lanzamiento de esta campa\u00f1a. La Perla es conocida por ser una de las marcas de lencer\u00eda m\u00e1s <strong>elegantes<\/strong> y de m\u00e1s alto nivel&#8230; \u00bfC\u00f3mo habr\u00e1 combinado la est\u00e9tica dulce y refinadamente sexy de la firma con el cuerpo tatuad\u00edsimo de la modelo? Lo que est\u00e1 claro es que bajo los pantalones y las sudaderas anchas con las que solemos verla se esconde un cuerpo perfecto. Eso s\u00ed, \u00bfparticipar\u00e1 ahora la rubia en el pr\u00f3ximo desfile de <strong>Victoria&#8217;s Secret<\/strong>?<\/p>\n<p>&nbsp;<\/p>\n<p>\u00a9Harper&#8217;s Bazaar UK<\/p>\n<p>&nbsp;                             <\/p>\n","protected":false},"excerpt":{"rendered":"<p>De acuerdo, al desnuedo no, pero s\u00ed desde su faceta m\u00e1s \u00edntima. La modelo brit\u00e1nica es la nueva imagen (y el cuerpo) de La Perla. Las marcas siguen rif\u00e1ndose a la rubia de la carita de \u00e1ngel yvers\u00e1til actitud y en esta ocasi\u00f3n ha sido llamada a explorar su lado [&hellip;]<\/p>\n","protected":false},"author":3,"featured_media":17145,"comment_status":"open","ping_status":"open","sticky":false,"template":"","format":"standard","meta":{"jetpack_publicize_message":"","jetpack_is_tweetstorm":false,"jetpack_publicize_feature_enabled":true},"categories":[8,11,14,15,17],"tags":[163,497,932],"jetpack_publicize_connections":[],"jetpack_featured_media_url":"https:\/\/i0.wp.com\/www.moda.es\/blog\/wp-content\/uploads\/2013\/10\/Cara-Delenvingne-1-300x3001.jpg?fit=300%2C300","jetpack_sharing_enabled":true,"jetpack_shortlink":"https:\/\/wp.me\/p4tJCC-3NQ","jetpack-related-posts":[{"id":15067,"url":"http:\/\/www.moda.es\/blog\/cara-delevingne-para-la-perla\/","url_meta":{"origin":14622,"position":0},"title":"Cara Delevingne para La Perla","date":"diciembre 5, 2013","format":false,"excerpt":"Nos enteramos\u00a0hace un tiempo a trav\u00e9s de su Instagram que ser\u00eda imagen de la pr\u00f3xima campa\u00f1a publicitaria de La Perla y hoy al fin tenemos un previo de esa campa\u00f1a. Ya hemos perdido la cuenta de las campa\u00f1as publicitarias en las que la reina de la moda british, Cara Delevingne,\u2026","rel":"","context":"En \u00abCampa\u00f1as\u00bb","img":{"alt_text":"","src":"https:\/\/i0.wp.com\/www.moda.es\/blog\/wp-content\/uploads\/2013\/12\/La-Perla-21.jpg?fit=500%2C750&resize=350%2C200","width":350,"height":200},"classes":[]},{"id":15467,"url":"http:\/\/www.moda.es\/blog\/cara-delevingne-chica-mulberry-tambien-en-2014\/","url_meta":{"origin":14622,"position":1},"title":"Cara Delevingne, chica Mulberry tambi\u00e9n en 2014","date":"enero 2, 2014","format":false,"excerpt":"Parece que en el nuevo a\u00f1o la modelo brit\u00f1anica no va a abandonar su posici\u00f3n. Cara Delevingne estrena 2014 como imagen de la campa\u00f1a Primavera - Verano 2014 de Mulberry. Fotografiada por Tim Walker, Delevingne se ha rodeado de algunos amigos peludos para mostrar la nueva colecci\u00f3n de la casa.\u2026","rel":"","context":"En \u00abCampa\u00f1as\u00bb","img":{"alt_text":"","src":"https:\/\/i0.wp.com\/www.moda.es\/blog\/wp-content\/uploads\/2014\/01\/Mulberry-Cara-Delevingne-21.jpg?fit=500%2C334&resize=350%2C200","width":350,"height":200},"classes":[]},{"id":19551,"url":"http:\/\/www.moda.es\/blog\/cara-delevingne-cierra-su-contrato-con-su-agencia-de-modelos\/","url_meta":{"origin":14622,"position":2},"title":"Cara Delevingne cierra su contrato con su agencia de modelos","date":"julio 9, 2015","format":false,"excerpt":"La misi\u00f3n de Cara de presentarse a s\u00ed misma como una actriz seria se ha completado: los 22 a\u00f1os de edad, ya no est\u00e1 representada por una agencia de modelos, sino por un agente de actores. Delevingne, que actualmente est\u00e1 filmando Suicide Squad con\u00a0David Ayer, est\u00e1 a punto de presentar\u2026","rel":"","context":"En \u00abActualidad\u00bb","img":{"alt_text":"","src":"https:\/\/i0.wp.com\/www.moda.es\/blog\/wp-content\/uploads\/2015\/07\/Captura-de-pantalla-2015-07-09-a-las-11.33.46.png?fit=527%2C796&resize=350%2C200","width":350,"height":200},"classes":[]},{"id":18731,"url":"http:\/\/www.moda.es\/blog\/cara-delevingne-repite-con-topshop\/","url_meta":{"origin":14622,"position":3},"title":"Cara Delevingne repite con Topshop","date":"enero 8, 2015","format":false,"excerpt":"A las marcas brit\u00e1nicas les gustan sus modelos patrias y por ello Cara Delevingne repite por tercera vez como imagen de Topshop. En esta nueva campa\u00f1a vemos rock, estilo seventies con un punto hippy y looks desenfadados y relajados a partes iguales. Mucho denim, piel y color blanco. Alg\u00fan que\u2026","rel":"","context":"En \u00abActualidad\u00bb","img":{"alt_text":"","src":"https:\/\/i0.wp.com\/www.moda.es\/blog\/wp-content\/uploads\/2015\/01\/TS_01.jpg?fit=650%2C433&resize=350%2C200","width":350,"height":200},"classes":[]},{"id":10599,"url":"http:\/\/www.moda.es\/blog\/y-entonces-llego-cara\/","url_meta":{"origin":14622,"position":4},"title":"Y entonces lleg\u00f3 Cara&#8230;","date":"febrero 5, 2013","format":false,"excerpt":"\u00a0 Ha\u00a0 desfilado como uno de los m\u00e1s sexies \u00e1ngeles de Victoria's Secret, sido nombrada Modelo del A\u00f1o en la \u00faltima edici\u00f3n de los British Fashion Awards, es icono de moda y los fashionistas adoran sus looks y la siguen por todas las pasarelas que pisa y con cada uno\u2026","rel":"","context":"En \u00abFirmas\u00bb","img":{"alt_text":"","src":"https:\/\/i0.wp.com\/www.moda.es\/blog\/wp-content\/uploads\/2013\/02\/Cara-Delevingne-para-Pepe-Jeans-41.jpg?fit=500%2C333&resize=350%2C200","width":350,"height":200},"classes":[]},{"id":18013,"url":"http:\/\/www.moda.es\/blog\/cara-delevingne-nueva-chica-chanel\/","url_meta":{"origin":14622,"position":5},"title":"Cara Delevingne, nueva chica Chanel","date":"julio 26, 2014","format":false,"excerpt":"La noticia sal\u00eda a la luz en la cuenta de Instagram de la modelo junto a una de las im\u00e1genes de nueva campa\u00f1a:\u00a0 \"New @chanelofficial campaign! Thank you @karllagerfeld\". La campa\u00f1a muestra a la modelo junto con su amiga Binx Walton, cubiertas de tweed y perlas y con rastas tambi\u00e9n\u2026","rel":"","context":"En \u00abCampa\u00f1as\u00bb","img":{"alt_text":"","src":"https:\/\/i0.wp.com\/www.moda.es\/blog\/wp-content\/uploads\/2014\/07\/Cara3_1.jpg?fit=650%2C445&resize=350%2C200","width":350,"height":200},"classes":[]}],"_links":{"self":[{"href":"http:\/\/www.moda.es\/blog\/wp-json\/wp\/v2\/posts\/14622"}],"collection":[{"href":"http:\/\/www.moda.es\/blog\/wp-json\/wp\/v2\/posts"}],"about":[{"href":"http:\/\/www.moda.es\/blog\/wp-json\/wp\/v2\/types\/post"}],"author":[{"embeddable":true,"href":"http:\/\/www.moda.es\/blog\/wp-json\/wp\/v2\/users\/3"}],"replies":[{"embeddable":true,"href":"http:\/\/www.moda.es\/blog\/wp-json\/wp\/v2\/comments?post=14622"}],"version-history":[{"count":5,"href":"http:\/\/www.moda.es\/blog\/wp-json\/wp\/v2\/posts\/14622\/revisions"}],"predecessor-version":[{"id":36493,"href":"http:\/\/www.moda.es\/blog\/wp-json\/wp\/v2\/posts\/14622\/revisions\/36493"}],"wp:featuredmedia":[{"embeddable":true,"href":"http:\/\/www.moda.es\/blog\/wp-json\/wp\/v2\/media\/17145"}],"wp:attachment":[{"href":"http:\/\/www.moda.es\/blog\/wp-json\/wp\/v2\/media?parent=14622"}],"wp:term":[{"taxonomy":"category","embeddable":true,"href":"http:\/\/www.moda.es\/blog\/wp-json\/wp\/v2\/categories?post=14622"},{"taxonomy":"post_tag","embeddable":true,"href":"http:\/\/www.moda.es\/blog\/wp-json\/wp\/v2\/tags?post=14622"}],"curies":[{"name":"wp","href":"https:\/\/api.w.org\/{rel}","templated":true}]}}