{"id":14546,"date":"2013-10-24T19:58:08","date_gmt":"2013-10-24T18:58:08","guid":{"rendered":"http:\/\/www.moda.es\/blog\/?p=14546"},"modified":"2020-04-27T17:51:31","modified_gmt":"2020-04-27T16:51:31","slug":"ni-contigo-ni-sin-ti","status":"publish","type":"post","link":"http:\/\/www.moda.es\/blog\/ni-contigo-ni-sin-ti\/","title":{"rendered":"Ni contigo ni sin ti"},"content":{"rendered":"<p><strong>Jil Sander<\/strong> ha vuelto a abandonar su marca. Con esta ya ser\u00e1 la tercera vez que sale de su firma ep\u00f3nima y en esta ocasi\u00f3n ha declarado hacerlo por razones personales.<\/p>\n<p>\u00abEn nombre del grupo quiero dar las gracias a Jil Sander por su<strong> notable contribuci\u00f3n<\/strong> a la marca durante este per\u00edodo \u00ab, ha dicho el director ejecutivo de la marca, <strong>Alessandro Cremonesi<\/strong>. \u00abSu dise\u00f1o excepcional y liderazgo creativo han sido cruciales en el fortalecimiento de la marca, su posicionamiento y su crecimiento\u00bb.<\/p>\n<p>La creadora, que cumplir\u00e1 70 a\u00f1os a finales de este a\u00f1o, vendi\u00f3 la mayor parte de su marca a <strong>Prada<\/strong> en el a\u00f1o <strong>2000<\/strong> con la intenci\u00f3n de trabajar con lanueva administraci\u00f3n, pero en 2001 dimiti\u00f3 de su cargo como presidenta y poco despu\u00e9s como jefe de dise\u00f1o tras algunos conflictos con Patrizio Bertelli, CEO y marido de <strong>Miuccia Prada<\/strong>.<\/p>\n<p>Fue sustituida por <strong>Milan Vukmirovic<\/strong> (que m\u00e1s tarde se traslad\u00f3 a Trussardi), pero como la popularidad de la marca se desvaneci\u00f3 Sander fue restablecida en mayo de 2003. Sin embargo la creadora y Bertelli segu\u00edan sin limar asperezas y Sander volvi\u00f3 a marcharse en noviembre de 2004 para ser sucedida por <strong>Raf Simons<\/strong> el a\u00f1o siguiente, en mayo de 2005.<\/p>\n<p>Sander volvi\u00f3 a la casa en febrero de 2012 para sustituis a <strong>Raf Simons<\/strong> tras su fichaje en <strong>Christian Dior.<\/strong> Su \u00faltima colecci\u00f3n fue la de la temporada Primavera Verano 2014 que se present\u00f3 en Mil\u00e1n en septiembre. La colecci\u00f3n Oto\u00f1o &#8211; Invierno 2014 ser\u00e1 dise\u00f1ada por el <strong>equipo interno de dise\u00f1o<\/strong> de la marca.<\/p>\n<p>\u00bfSer\u00e1 realmente esta la salida definitiva de Jil Sanders o seguiremos viviendo episodios de amor y odio con las altas esferas de la casa?<\/p>\n<p><a href=\"https:\/\/i0.wp.com\/www.moda.es\/blog\/wp-content\/uploads\/2013\/10\/Jil-Sanders.jpg\"><img data-attachment-id=\"14547\" data-permalink=\"http:\/\/www.moda.es\/blog\/ni-contigo-ni-sin-ti\/jil-sanders\/\" data-orig-file=\"https:\/\/i0.wp.com\/www.moda.es\/blog\/wp-content\/uploads\/2013\/10\/Jil-Sanders.jpg?fit=500%2C750\" data-orig-size=\"500,750\" data-comments-opened=\"1\" data-image-meta=\"{&quot;aperture&quot;:&quot;0&quot;,&quot;credit&quot;:&quot;&quot;,&quot;camera&quot;:&quot;&quot;,&quot;caption&quot;:&quot;&quot;,&quot;created_timestamp&quot;:&quot;0&quot;,&quot;copyright&quot;:&quot;&quot;,&quot;focal_length&quot;:&quot;0&quot;,&quot;iso&quot;:&quot;0&quot;,&quot;shutter_speed&quot;:&quot;0&quot;,&quot;title&quot;:&quot;&quot;}\" data-image-title=\"Jil Sanders\" data-image-description=\"\" data-image-caption=\"\" data-medium-file=\"https:\/\/i0.wp.com\/www.moda.es\/blog\/wp-content\/uploads\/2013\/10\/Jil-Sanders.jpg?fit=200%2C300\" data-large-file=\"https:\/\/i0.wp.com\/www.moda.es\/blog\/wp-content\/uploads\/2013\/10\/Jil-Sanders.jpg?fit=500%2C750\" loading=\"lazy\" class=\"aligncenter size-full wp-image-14547\" alt=\"Jil Sanders\" src=\"https:\/\/i0.wp.com\/www.moda.es\/blog\/wp-content\/uploads\/2013\/10\/Jil-Sanders.jpg?resize=500%2C750\" width=\"500\" height=\"750\" srcset=\"https:\/\/i0.wp.com\/www.moda.es\/blog\/wp-content\/uploads\/2013\/10\/Jil-Sanders.jpg?w=500 500w, https:\/\/i0.wp.com\/www.moda.es\/blog\/wp-content\/uploads\/2013\/10\/Jil-Sanders.jpg?resize=200%2C300 200w\" sizes=\"(max-width: 500px) 100vw, 500px\" data-recalc-dims=\"1\" \/><\/a><\/p>\n<p>\u00a9Vogue UK<\/p>\n<p>&nbsp;                             <\/p>\n","protected":false},"excerpt":{"rendered":"<p>Jil Sander ha vuelto a abandonar su marca. Con esta ya ser\u00e1 la tercera vez que sale de su firma ep\u00f3nima y en esta ocasi\u00f3n ha declarado hacerlo por razones personales. \u00abEn nombre del grupo quiero dar las gracias a Jil Sander por su notable contribuci\u00f3n a la marca durante [&hellip;]<\/p>\n","protected":false},"author":3,"featured_media":17141,"comment_status":"open","ping_status":"open","sticky":false,"template":"","format":"standard","meta":{"jetpack_publicize_message":"","jetpack_is_tweetstorm":false,"jetpack_publicize_feature_enabled":true},"categories":[3,11,12],"tags":[193,747,906],"jetpack_publicize_connections":[],"jetpack_featured_media_url":"https:\/\/i0.wp.com\/www.moda.es\/blog\/wp-content\/uploads\/2013\/10\/Jil-Sanders1.jpg?fit=500%2C750","jetpack_sharing_enabled":true,"jetpack_shortlink":"https:\/\/wp.me\/p4tJCC-3MC","jetpack-related-posts":[{"id":17582,"url":"http:\/\/www.moda.es\/blog\/jil-sanders-ya-tiene-director-creativo\/","url_meta":{"origin":14546,"position":0},"title":"Jil Sanders ya tiene director creativo","date":"abril 29, 2014","format":false,"excerpt":"La noticia llega despu\u00e9s de meses de especulaciones sobre qui\u00e9n iba a tomar el tim\u00f3n de la marca tras el anuncio de que su fundadora, Jill Sander, abandonaba la casa por tercera vez el pasado mes de octubre: Rodolfo Paglialunga ha sido nombrado director creativo de la firma. Paglialunga, que\u2026","rel":"","context":"En \u00abActualidad\u00bb","img":{"alt_text":"","src":"https:\/\/i0.wp.com\/www.moda.es\/blog\/wp-content\/uploads\/2014\/04\/rodolfo-paglialunga.jpg?fit=800%2C1200&resize=350%2C200","width":350,"height":200},"classes":[]},{"id":18270,"url":"http:\/\/www.moda.es\/blog\/uniqlo-para-compradoras-arrepentidas\/","url_meta":{"origin":14546,"position":1},"title":"Uniqlo para compradoras arrepentidas","date":"septiembre 10, 2014","format":false,"excerpt":"Todas nos hemos dicho a nosotras mismas en alg\u00fan momento \"si me hubiera comprado aquel (bolso, vestido, sombrero, pantal\u00f3n...) cuando tuve la oportunidad...\" Pues si lo dijiste por alguna de las prendas de la popular colecci\u00f3n de la colaboraci\u00f3n de Jil Sander con Uniqlo entonces se han concedido tus deseos.\u2026","rel":"","context":"En \u00abColecciones\u00bb","img":{"alt_text":"","src":"https:\/\/i0.wp.com\/www.moda.es\/blog\/wp-content\/uploads\/2014\/09\/ujs2.jpg?fit=650%2C799&resize=350%2C200","width":350,"height":200},"classes":[]},{"id":13674,"url":"http:\/\/www.moda.es\/blog\/conoce-a-leaf-greener\/","url_meta":{"origin":14546,"position":2},"title":"Conoce a Leaf Greener","date":"agosto 15, 2013","format":false,"excerpt":"A sus 30 a\u00f1os, Leaf Greener es editora senior de moda en la versi\u00f3n china de la revista Elle, y tambi\u00e9n forma parte de una nueva generaci\u00f3n de mujeres chinas, elegantes, modernas y s\u00faper femeninas. De padre fot\u00f3grafo y madre profesionalde las relaciones p\u00fablicas para firmas de lujo, Leaf estaba\u2026","rel":"","context":"En \u00abInspiraci\u00f3n\u00bb","img":{"alt_text":"","src":"https:\/\/i0.wp.com\/www.moda.es\/blog\/wp-content\/uploads\/2013\/08\/Leaf-Greener-1.jpg?fit=300%2C491&resize=350%2C200","width":350,"height":200},"classes":[]},{"id":19266,"url":"http:\/\/www.moda.es\/blog\/carine-roitfeld-disenara-para-uniqlo\/","url_meta":{"origin":14546,"position":3},"title":"Carine Roitfeld dise\u00f1ar\u00e1 para Uniqlo","date":"abril 16, 2015","format":false,"excerpt":"Carine Roitfeld va a seguir los pasos de Jil Sander e In\u00e8s de la Fressange, dise\u00f1ando una colecci\u00f3n de ropa de mujer para la cadena de moda japonesa Uniqlo. \"Siento alegr\u00eda por la creaci\u00f3n de este nuevo modo de expresarme. La creaci\u00f3n de esta nueva colecci\u00f3n dentro del concepto Uniqlo\u2026","rel":"","context":"En \u00abColecciones\u00bb","img":{"alt_text":"","src":"https:\/\/i0.wp.com\/www.moda.es\/blog\/wp-content\/uploads\/2015\/04\/uniqlo.jpg?fit=650%2C971&resize=350%2C200","width":350,"height":200},"classes":[]},{"id":8888,"url":"http:\/\/www.moda.es\/blog\/milan-fashion-week-resumen-de-la-semana\/","url_meta":{"origin":14546,"position":4},"title":"Milan Fashion Week. Resumen de la semana","date":"septiembre 25, 2012","format":false,"excerpt":"Hoy se clausura la \u00faltima edici\u00f3n de la Milan Fashion Week por la que ha desfilado lo mejor de la moda italiana desde el pasado mi\u00e9rcoles. La cantidad de propuestas es tal que hemos preferido prepararos un resumen con lo mejor de lo mejor -siempre seg\u00fan el criterio de nuestra\u2026","rel":"","context":"En \u00abPasarelas\u00bb","img":{"alt_text":"","src":"https:\/\/i0.wp.com\/www.moda.es\/blog\/wp-content\/uploads\/2012\/09\/Jil-Sander_Look-1-e13485959435351.jpg?fit=400%2C601&resize=350%2C200","width":350,"height":200},"classes":[]},{"id":13441,"url":"http:\/\/www.moda.es\/blog\/edie-campbell-para-alexander-mcqueen\/","url_meta":{"origin":14546,"position":5},"title":"Edie Campbell para Alexander McQueen","date":"julio 22, 2013","format":false,"excerpt":"Parece que Edie Campbell ser\u00e1 la Cara Delevingne de esta temporada. Tenemos nueva campa\u00f1a. En blanco y negro, con aires surrealistas, un toque medieval y mucha fuerza. La modelo brit\u00e1nica es la nueva imagen de Alexander McQueen para la temporada Oto\u00f1o - Invierno 2013. Fotografiada por el famoso fot\u00f3grafo David\u2026","rel":"","context":"En \u00abCampa\u00f1as\u00bb","img":{"alt_text":"","src":"https:\/\/i0.wp.com\/www.moda.es\/blog\/wp-content\/uploads\/2013\/07\/McQueen-2.jpg?fit=500%2C500&resize=350%2C200","width":350,"height":200},"classes":[]}],"_links":{"self":[{"href":"http:\/\/www.moda.es\/blog\/wp-json\/wp\/v2\/posts\/14546"}],"collection":[{"href":"http:\/\/www.moda.es\/blog\/wp-json\/wp\/v2\/posts"}],"about":[{"href":"http:\/\/www.moda.es\/blog\/wp-json\/wp\/v2\/types\/post"}],"author":[{"embeddable":true,"href":"http:\/\/www.moda.es\/blog\/wp-json\/wp\/v2\/users\/3"}],"replies":[{"embeddable":true,"href":"http:\/\/www.moda.es\/blog\/wp-json\/wp\/v2\/comments?post=14546"}],"version-history":[{"count":5,"href":"http:\/\/www.moda.es\/blog\/wp-json\/wp\/v2\/posts\/14546\/revisions"}],"predecessor-version":[{"id":36496,"href":"http:\/\/www.moda.es\/blog\/wp-json\/wp\/v2\/posts\/14546\/revisions\/36496"}],"wp:featuredmedia":[{"embeddable":true,"href":"http:\/\/www.moda.es\/blog\/wp-json\/wp\/v2\/media\/17141"}],"wp:attachment":[{"href":"http:\/\/www.moda.es\/blog\/wp-json\/wp\/v2\/media?parent=14546"}],"wp:term":[{"taxonomy":"category","embeddable":true,"href":"http:\/\/www.moda.es\/blog\/wp-json\/wp\/v2\/categories?post=14546"},{"taxonomy":"post_tag","embeddable":true,"href":"http:\/\/www.moda.es\/blog\/wp-json\/wp\/v2\/tags?post=14546"}],"curies":[{"name":"wp","href":"https:\/\/api.w.org\/{rel}","templated":true}]}}