{"id":13953,"date":"2013-08-28T22:29:47","date_gmt":"2013-08-28T21:29:47","guid":{"rendered":"http:\/\/www.moda.es\/blog\/?p=13953"},"modified":"2020-04-27T17:58:01","modified_gmt":"2020-04-27T16:58:01","slug":"alexander-wang-y-la-lana","status":"publish","type":"post","link":"http:\/\/www.moda.es\/blog\/alexander-wang-y-la-lana\/","title":{"rendered":"Alexander Wang y la lana"},"content":{"rendered":"<p><a href=\"https:\/\/i0.wp.com\/www.moda.es\/blog\/wp-content\/uploads\/2013\/08\/A.-Wang.jpg\"><img loading=\"lazy\" class=\"aligncenter size-full wp-image-13954\" alt=\"A. Wang\" src=\"https:\/\/i0.wp.com\/www.moda.es\/blog\/wp-content\/uploads\/2013\/08\/A.-Wang.jpg?resize=500%2C727\" width=\"500\" height=\"727\" data-recalc-dims=\"1\" \/><\/a><\/p>\n<p>Tan importante como un dise\u00f1o es el teijdo con el que est\u00e1 confeccionado, por ello Alexander Wang ha decidido prestar su imagen a la campa\u00f1a pro lana merino <strong>\u00abNo Finner Feeling\u00bb\u00a0<\/strong> de<strong> The Woolmark Company<\/strong> durante las dos pr\u00f3ximas campa\u00f1as de invierno.<\/p>\n<p>Una calle del suburbio, el dise\u00f1ador y una gran oveja merino es lo que nos muestra la imagen tomada por la gran fot\u00f3grafa <strong>Annie Leibovitz<\/strong>.<\/p>\n<p>El dise\u00f1ador neoyorquino, quien tambi\u00e9n es director creativo de <strong>Balenciaga<\/strong>, ha incluido piezas de lana merino en su colecci\u00f3n de <strong>oto\u00f1o &#8211; invierno 2013<\/strong>, que se estren\u00f3 en la Semana de la Moda de febrero, y har\u00e1 lo mismo con su pr\u00f3xima colecci\u00f3n oto\u00f1o &#8211; invierno 2014 que se presentar\u00e1 dentro de seis meses. \u00abHe utilizado la lana merino desde que empec\u00e9 a dise\u00f1ar as\u00ed que colaborar con Woolmark era algo natural para m\u00ed\u00bb, ha declarado Alexander Wang. \u00abLa lana tiene fuertes credenciales medioambientales, y es totalmente moderna y relevante.\u00bb<\/p>\n<p>La campa\u00f1a tiene como objetivo posicionar las fibras de lana merino que provienen de <strong>Australia<\/strong> como <strong>la fibra de mayor caldiad del mundo<\/strong> (su resistencia y delicadeza son inigualabes) y por tanto la que eligen para sus dise\u00f1os las marcas l\u00edderes.<\/p>\n<p>\u00abEstamos muy contentos de poder colaborar con el c\u00e9lebre dise\u00f1ador Alexander Wang cuyos dise\u00f1os innovadores exhiben la belleza de la lana merino con gran sensibilidad,\u00bb dice Stuart McCullough, director ejecutivo de <strong>Australian Wool Innovation<\/strong>, compa\u00f1\u00eda matriz de The Woolmark Company. \u00abSu capacidad de pensar de manera diferente encarna nuestro objetivo de explorar el potencial ilimitado y la versatilidad de la lana en las creaciones de los dise\u00f1adores de moda.\u00bb<\/p>\n<p>Sin duda la mejor manera de que se conceda a\u00a0 las materias primas la importancia que merecen.<\/p>\n<p>\u00a9Fashion Telegraph<\/p>\n<p>&nbsp;                             <\/p>\n","protected":false},"excerpt":{"rendered":"<p>Tan importante como un dise\u00f1o es el teijdo con el que est\u00e1 confeccionado, por ello Alexander Wang ha decidido prestar su imagen a la campa\u00f1a pro lana merino \u00abNo Finner Feeling\u00bb\u00a0 de The Woolmark Company durante las dos pr\u00f3ximas campa\u00f1as de invierno. Una calle del suburbio, el dise\u00f1ador y una [&hellip;]<\/p>\n","protected":false},"author":3,"featured_media":17104,"comment_status":"open","ping_status":"open","sticky":false,"template":"","format":"standard","meta":{"jetpack_publicize_message":"","jetpack_is_tweetstorm":false,"jetpack_publicize_feature_enabled":true},"categories":[3,11,12,15],"tags":[66,93,108,883],"jetpack_publicize_connections":[],"jetpack_featured_media_url":"https:\/\/i0.wp.com\/www.moda.es\/blog\/wp-content\/uploads\/2013\/08\/A.-Wang.jpg?fit=500%2C727","jetpack_sharing_enabled":true,"jetpack_shortlink":"https:\/\/wp.me\/p4tJCC-3D3","jetpack-related-posts":[{"id":17904,"url":"http:\/\/www.moda.es\/blog\/annie-leibovitz-bruce-weber-y-juergen-teller-para-louis-vuitton\/","url_meta":{"origin":13953,"position":0},"title":"Annie Leibovitz, Bruce Weber y Juergen Teller para Louis Vuitton","date":"junio 30, 2014","format":false,"excerpt":"Tras la campa\u00f1a dulce pero algo sosa de Michelle Williams la pasada temporada, Nicolas Ghesqui\u00e8re ha decidido que hab\u00eda que hacer algo importante para su primera campa\u00f1a para la marca. Para ello ha reunido a algunos pesos pesados de la fotograf\u00eda para que dieran forma a una serie de fotograd\u00edas\u2026","rel":"","context":"En \u00abCampa\u00f1as\u00bb","img":{"alt_text":"","src":"https:\/\/i0.wp.com\/www.moda.es\/blog\/wp-content\/uploads\/2014\/06\/louis-vuitton-3.jpg?fit=650%2C416&resize=350%2C200","width":350,"height":200},"classes":[]},{"id":19645,"url":"http:\/\/www.moda.es\/blog\/alexander-wang-abandona-balenciaga\/","url_meta":{"origin":13953,"position":1},"title":"Alexander Wang abandona Balenciaga","date":"agosto 1, 2015","format":false,"excerpt":"Balenciaga ha confirmado\u00a0que su director creativo, Alexander Wang, dejar\u00e1 la casa por consentimiento mutuo. Wang tom\u00f3 el tim\u00f3n a finales de 2012, y ha demostrado estar a la altura recibiendo la constante aclamaci\u00f3n de la cr\u00edtica y siendo un digno sucesor de Nicolas Ghesquiere,\u00a0y contribuyendo a un positivo crecimiento de\u2026","rel":"","context":"En \u00abActualidad\u00bb","img":{"alt_text":"","src":"https:\/\/i0.wp.com\/www.moda.es\/blog\/wp-content\/uploads\/2015\/08\/Captura-de-pantalla-2015-08-01-a-las-15.37.21.png?fit=322%2C481&resize=350%2C200","width":350,"height":200},"classes":[]},{"id":20538,"url":"http:\/\/www.moda.es\/blog\/balenciaga-anuncia-su-primera-coleccion-masculina\/","url_meta":{"origin":13953,"position":2},"title":"Balenciaga anuncia su primera colecci\u00f3n masculina","date":"abril 21, 2016","format":false,"excerpt":"En Balenciaga\u00a0ya est\u00e1n listos para lanzar la\u00a0primera colecci\u00f3n de ropa masculina de la marca bajo la direcci\u00f3n creativa del nuevo dise\u00f1ador Demna Gvasalia. El \u00a0co-fundador de Vetements, \u00a0que ya crea ropa de hombre por su propia l\u00ednea, ha encabezado la iniciativa, siendo la primera vez en 99 a\u00f1os de historia\u2026","rel":"","context":"En \u00abActualidad\u00bb","img":{"alt_text":"","src":"https:\/\/i0.wp.com\/www.moda.es\/blog\/wp-content\/uploads\/2016\/04\/Captura-de-pantalla-2016-04-21-a-las-23.08.07.png?fit=281%2C436&resize=350%2C200","width":350,"height":200},"classes":[]},{"id":22538,"url":"http:\/\/www.moda.es\/blog\/la-wang-squad-estrena-campana\/","url_meta":{"origin":13953,"position":3},"title":"La Wang Squad estrena campa\u00f1a","date":"septiembre 18, 2017","format":false,"excerpt":"Alexander Wang ha presentado su campa\u00f1a de oto\u00f1o-invierno 2017 y est\u00e1 protagonizada por miembros cl\u00e1sicos de la Wang Squad como Bella Hadid, Kendall Jenner, Anna Ewers, Binx Walton, Lexi Boling y Hanne Gaby. Las modelos aparecen todas de negro con botas de tachuelas a juego, medias, cabello despeinado y eyeliner\u2026","rel":"","context":"En \u00abActualidad\u00bb","img":{"alt_text":"","src":"https:\/\/i0.wp.com\/www.moda.es\/blog\/wp-content\/uploads\/2017\/09\/awang-4.jpg?fit=768%2C512&resize=350%2C200","width":350,"height":200},"classes":[]},{"id":8508,"url":"http:\/\/www.moda.es\/blog\/lana-daphne-rostros-de-hm\/","url_meta":{"origin":13953,"position":4},"title":"Lana &#038; Daphne, rostros de H&#038;M","date":"agosto 28, 2012","format":false,"excerpt":"Dos de las mujeres m\u00e1s visibles de este 2012 han sido las elegidas por la cadena sueca para sus campa\u00f1as de oto\u00f1o. La primera, el pelotazo de este a\u00f1o como cantante mainstream, elevada a r\u00e1pidamente a icono, es Lana del Rey. La segunda, modelo de pasarela y chica de numerosas\u2026","rel":"","context":"En \u00abCampa\u00f1as\u00bb","img":{"alt_text":"","src":"https:\/\/i0.wp.com\/www.moda.es\/blog\/wp-content\/uploads\/2012\/08\/Lana-del-Rey-para-H-M_54339427934_53389389549_600_396-e13461928937031.jpg?fit=500%2C330&resize=350%2C200","width":350,"height":200},"classes":[]},{"id":18290,"url":"http:\/\/www.moda.es\/blog\/que-podemos-esperar-de-la-colaboracion-de-alexander-wang-con-hm\/","url_meta":{"origin":13953,"position":5},"title":"\u00bfQu\u00e9 podemos esperar de la colaboraci\u00f3n de Alexander Wang con H&amp;M?","date":"septiembre 13, 2014","format":false,"excerpt":"H&M nos ha regalado un primer vistazo a su \u00faltima colecci\u00f3n c\u00e1psula, la de su colaboraci\u00f3n con el dise\u00f1ador Alexander Wang. \u00bfCon qu\u00e9 nos va a sorprender el dise\u00f1ador? Prendas de abrigo de gran tama\u00f1o, crop tops, accesorios de estilo deportivo, sudaderas acolchadas y leggings estampados combinados con algunos botines\u2026","rel":"","context":"En \u00abColecciones\u00bb","img":{"alt_text":"","src":"https:\/\/i0.wp.com\/www.moda.es\/blog\/wp-content\/uploads\/2014\/09\/awhm3.jpg?fit=650%2C975&resize=350%2C200","width":350,"height":200},"classes":[]}],"_links":{"self":[{"href":"http:\/\/www.moda.es\/blog\/wp-json\/wp\/v2\/posts\/13953"}],"collection":[{"href":"http:\/\/www.moda.es\/blog\/wp-json\/wp\/v2\/posts"}],"about":[{"href":"http:\/\/www.moda.es\/blog\/wp-json\/wp\/v2\/types\/post"}],"author":[{"embeddable":true,"href":"http:\/\/www.moda.es\/blog\/wp-json\/wp\/v2\/users\/3"}],"replies":[{"embeddable":true,"href":"http:\/\/www.moda.es\/blog\/wp-json\/wp\/v2\/comments?post=13953"}],"version-history":[{"count":5,"href":"http:\/\/www.moda.es\/blog\/wp-json\/wp\/v2\/posts\/13953\/revisions"}],"predecessor-version":[{"id":36538,"href":"http:\/\/www.moda.es\/blog\/wp-json\/wp\/v2\/posts\/13953\/revisions\/36538"}],"wp:featuredmedia":[{"embeddable":true,"href":"http:\/\/www.moda.es\/blog\/wp-json\/wp\/v2\/media\/17104"}],"wp:attachment":[{"href":"http:\/\/www.moda.es\/blog\/wp-json\/wp\/v2\/media?parent=13953"}],"wp:term":[{"taxonomy":"category","embeddable":true,"href":"http:\/\/www.moda.es\/blog\/wp-json\/wp\/v2\/categories?post=13953"},{"taxonomy":"post_tag","embeddable":true,"href":"http:\/\/www.moda.es\/blog\/wp-json\/wp\/v2\/tags?post=13953"}],"curies":[{"name":"wp","href":"https:\/\/api.w.org\/{rel}","templated":true}]}}