{"id":13937,"date":"2013-08-27T21:22:03","date_gmt":"2013-08-27T20:22:03","guid":{"rendered":"http:\/\/www.moda.es\/blog\/?p=13937"},"modified":"2020-04-27T17:58:10","modified_gmt":"2020-04-27T16:58:10","slug":"miuccia-prada-el-encanto-de-lo-feo","status":"publish","type":"post","link":"http:\/\/www.moda.es\/blog\/miuccia-prada-el-encanto-de-lo-feo\/","title":{"rendered":"Miuccia Prada: el encanto de lo feo"},"content":{"rendered":"<p><a href=\"https:\/\/i0.wp.com\/www.moda.es\/blog\/wp-content\/uploads\/2013\/08\/Miuccia-Prada.jpg\"><img loading=\"lazy\" class=\"aligncenter\" alt=\"Miuccia-Prada\" src=\"https:\/\/i0.wp.com\/www.moda.es\/blog\/wp-content\/uploads\/2013\/08\/Miuccia-Prada.jpg?resize=300%2C215\" width=\"300\" height=\"215\" data-recalc-dims=\"1\" \/><\/a><\/p>\n<p><strong>Miuccia Prada,<\/strong> la dise\u00f1adora cuya marca ep\u00f3nima y conglomerado de firmas asociadas alcanza un valor de tres mil millones de euros, ha hablado de su fascinaci\u00f3n por la <strong>\u00abfealdad\u00bb.<\/strong><br \/>\nLo cierto es que se trata de una palabra que rara vez se utiliza en la industria de la moda, pero Miuccia insiste en que resultaba mucho m\u00e1s interesante que la <strong>\u00abbelleza\u00bb.<\/strong><\/p>\n<p>En una entrevista para la revista brit\u00e1nica <strong>Stella,<\/strong> Prada dijo que hab\u00eda sido criticado cuando se incorpor\u00f3 al mundo de la moda, algo que fue equiparado a meter la basura en el mundo de la <strong>alta costura<\/strong>, cuando se hizo cargo en <strong>1978\u00a0<\/strong>de la casa de moda que fund\u00f3 su abuelo.<\/p>\n<p>Esta mujer cuya carrera se hab\u00eda encaminado hacia la pol\u00edtica, sinti\u00f3 que estaba desperdiciando su futuro: \u00abFue horrible. Tuve un <strong>prejuicio,<\/strong> eso s\u00ed, siempre he tenido un problema con la moda. Supongo que me sent\u00ed culpable por no estar haciendo algo m\u00e1s importante, m\u00e1s pol\u00edtica. Por ello de alguna manera estoy tratando de<strong> utilizar la empresa para esas otras actividades.\u00bb<\/strong><\/p>\n<p>Prada, de 64 a\u00f1os, dirige la marca con su marido <strong>Patrizio Bertelli<\/strong>, con quien ha conseguido su \u00e9xito comercial aunque la inspiraci\u00f3n para los dise\u00f1os sigue siendo suya, incluyendo, seg\u00fan ella misma, su inter\u00e9s inusual en la fealdad: \u00bb Lo feo es atractivo, es emocionante. Tal vez porque es m\u00e1s nuevo,\u00bb dijo. \u00abLa investigaci\u00f3n de la fealdad es, para m\u00ed, m\u00e1s interesante que la idea burguesa de la belleza. \u00bfY por qu\u00e9? Porque <strong>lo feo es humano<\/strong>\u00ab.<\/p>\n<p>La creadora destaca que la fealda est\u00e1 presetne tanto en el arte como en el cine y que no hay por qu\u00e9 desterrarla del mundo de la moda, y da un paso m\u00e1s all\u00e1 hablado de \u00abla fealdad social\u00bb. Como mujer empresaria y madre, es consciente de lo poco com\u00fan que es tener a una f\u00e9mina al mando de una gran compa\u00f1\u00eda: \u00abA veces todav\u00eda siento que las mujeres no se dan cuenta de su posici\u00f3n en la sociedad\u00bb, afirma. \u00abNo somos lo suficientemente fuertes como para imponer nuestra forma de pensar, no nos gustan las mujeres empresarias: vamos <strong>en contra de las mujeres que parecen ser como los hombres<\/strong>\u00ab. As\u00ed, consciente de su responsabilidad y deseosa de apostar por una marca vanguardista y diferente pero sin renunciar a sus ra\u00edces, Miuccia saca el mejor partido de lo que en apariencia es menos atrayente&#8230; y est\u00e1 claro que le funciona.<\/p>\n<p>Echa un vistazo a la galer\u00eda con lo m\u00e1s destacado de las colecciones de <strong>Miu Miu<\/strong> y <strong>Prada<\/strong> para el pr\u00f3ximo <strong>oto\u00f1o.<\/strong> \u00bfQu\u00e9 te parece?<\/p>\n<p>&nbsp;<\/p>\n\n<p>&nbsp;<\/p>\n<p>\u00a9Fashion Telegraph \/ Style.com<\/p>\n<p>&nbsp;                             <\/p>\n","protected":false},"excerpt":{"rendered":"<p>Miuccia Prada, la dise\u00f1adora cuya marca ep\u00f3nima y conglomerado de firmas asociadas alcanza un valor de tres mil millones de euros, ha hablado de su fascinaci\u00f3n por la \u00abfealdad\u00bb. Lo cierto es que se trata de una palabra que rara vez se utiliza en la industria de la moda, pero [&hellip;]<\/p>\n","protected":false},"author":3,"featured_media":17099,"comment_status":"open","ping_status":"open","sticky":false,"template":"","format":"standard","meta":{"jetpack_publicize_message":"","jetpack_is_tweetstorm":false,"jetpack_publicize_feature_enabled":true},"categories":[3,11,12],"tags":[627,628,731],"jetpack_publicize_connections":[],"jetpack_featured_media_url":"https:\/\/i0.wp.com\/www.moda.es\/blog\/wp-content\/uploads\/2013\/08\/Miuccia-Prada.jpg?fit=300%2C215","jetpack_sharing_enabled":true,"jetpack_shortlink":"https:\/\/wp.me\/p4tJCC-3CN","jetpack-related-posts":[{"id":19320,"url":"http:\/\/www.moda.es\/blog\/que-opina-miuccia-prada-de-el-diario-viste-de-prada\/","url_meta":{"origin":13937,"position":0},"title":"\u00bfQu\u00e9 opina Miuccia Prada de El Diario viste de Prada?","date":"abril 29, 2015","format":false,"excerpt":"No todos los dise\u00f1adores reaccionar\u00edan muy bien si su nombre se utilizara en el t\u00edtulo de una pel\u00edcula que muestra los peores estereotipos de la industria de la moda, pero Miuccia Prada lo llev\u00f3 bastante bien en\u00a0 2006, cuando se estren\u00f3 la pel\u00edcula El diablo viste de Prada, a pesar\u2026","rel":"","context":"En \u00abActualidad\u00bb","img":{"alt_text":"","src":"https:\/\/i0.wp.com\/www.moda.es\/blog\/wp-content\/uploads\/2015\/04\/mp2.jpg?fit=650%2C433&resize=350%2C200","width":350,"height":200},"classes":[]},{"id":10295,"url":"http:\/\/www.moda.es\/blog\/miuccia-prada-desfilara-en-el-gran-gatsby\/","url_meta":{"origin":13937,"position":1},"title":"Miuccia Prada desfilar\u00e1 en El Gran Gatsby","date":"enero 21, 2013","format":false,"excerpt":"Estoy deseando que llegue el verano. Y no por dejar de moquear embutida en mi abrigo y mi bufanda de lana, ni por irme de vacaciones o estrenar las nuevas adquisiciones de la temporada (que tambi\u00e9n), sino porque en el mes de junio estrenan una de las mejores pel\u00edculas que\u2026","rel":"","context":"En \u00abCine y Moda\u00bb","img":{"alt_text":"","src":"https:\/\/i0.wp.com\/www.moda.es\/blog\/wp-content\/uploads\/2013\/01\/Prada-Gatsby.jpg?fit=500%2C210&resize=350%2C200","width":350,"height":200},"classes":[]},{"id":5231,"url":"http:\/\/www.moda.es\/blog\/prada-y-el-nuevo-hombre\/","url_meta":{"origin":13937,"position":2},"title":"Prada y el nuevo hombre","date":"enero 26, 2012","format":false,"excerpt":"Lo m\u00e1s moderno hoy es lo antiguo. Algo as\u00ed dec\u00eda un art\u00edculo del S Moda del s\u00e1bado pasado. Lo mismo que constataba ayer en una \u00f3ptica de la capital, cuando una de sus socias me comentaba que lo que viene son las gafas de metal como las que luc\u00edan los\u2026","rel":"","context":"En \u00abPasarelas\u00bb","img":{"alt_text":"","src":"https:\/\/i0.wp.com\/www.moda.es\/blog\/wp-content\/uploads\/2012\/01\/00130m1.jpg?fit=320%2C480&resize=350%2C200","width":350,"height":200},"classes":[]},{"id":3692,"url":"http:\/\/www.moda.es\/blog\/el-dulce-retro-de-prada\/","url_meta":{"origin":13937,"position":3},"title":"El dulce retro de Prada","date":"octubre 7, 2011","format":false,"excerpt":"Si para la pr\u00f3xima primavera\/ verano Marni propone inocencia, Padra habla de dulzura. Tan s\u00f3lo con esta palabra resum\u00eda Miuccia su nueva colecci\u00f3n. Lo dulce se encuentra concentrado en los colores, entre el rosa y el azul, tambi\u00e9n en el crochet y en una figura de gracia femenina. Como va\u2026","rel":"","context":"En \u00abColecciones\u00bb","img":{"alt_text":"","src":"https:\/\/i0.wp.com\/www.moda.es\/blog\/wp-content\/uploads\/2011\/10\/00010m11.jpg?fit=320%2C480&resize=350%2C200","width":350,"height":200},"classes":[]},{"id":15972,"url":"http:\/\/www.moda.es\/blog\/los-vaivenes-del-negocio\/","url_meta":{"origin":13937,"position":4},"title":"Los vaivenes del negocio","date":"febrero 19, 2014","format":false,"excerpt":"Porque ya sabemos de sobra que aparte del dise\u00f1o y las tendencias en las firmas de moda se cuecen muchas cosas m\u00e1s, en esta semana estamos viendo mucho movimiento en algunas casas, y no debido precisamente a las semanas de la moda ni a la fren\u00e9tica temporada de red carpets.\u2026","rel":"","context":"En \u00abAccesorios\u00bb","img":{"alt_text":"","src":"https:\/\/i0.wp.com\/www.moda.es\/blog\/wp-content\/uploads\/2014\/02\/MPrada12_V_13oct11_GuidoHarari_b1.jpg?fit=500%2C750&resize=350%2C200","width":350,"height":200},"classes":[]},{"id":997,"url":"http:\/\/www.moda.es\/blog\/milan-es-prada\/","url_meta":{"origin":13937,"position":5},"title":"Mil\u00e1n es Prada","date":"marzo 1, 2011","format":false,"excerpt":"La actual cita de las pasarelas: Mil\u00e1n. Y decir Mil\u00e1n es decir Prada. Temporada tras temporada soprende con una colecci\u00f3n que supera a la anterior, quiz\u00e1 no sea mucho m\u00e1s est\u00e9tica, pero s\u00ed vanguardista. Y es que Prada no representa a una mujer sexy sino la m\u00e1s intelectual que pueda\u2026","rel":"","context":"En \u00abDise\u00f1adores\u00bb","img":{"alt_text":"","src":"https:\/\/i0.wp.com\/www.moda.es\/blog\/wp-content\/uploads\/2011\/03\/PRADA-FALL-RTW-2011-PODIUM-001_runway1.jpg?fit=456%2C684&resize=350%2C200","width":350,"height":200},"classes":[]}],"_links":{"self":[{"href":"http:\/\/www.moda.es\/blog\/wp-json\/wp\/v2\/posts\/13937"}],"collection":[{"href":"http:\/\/www.moda.es\/blog\/wp-json\/wp\/v2\/posts"}],"about":[{"href":"http:\/\/www.moda.es\/blog\/wp-json\/wp\/v2\/types\/post"}],"author":[{"embeddable":true,"href":"http:\/\/www.moda.es\/blog\/wp-json\/wp\/v2\/users\/3"}],"replies":[{"embeddable":true,"href":"http:\/\/www.moda.es\/blog\/wp-json\/wp\/v2\/comments?post=13937"}],"version-history":[{"count":5,"href":"http:\/\/www.moda.es\/blog\/wp-json\/wp\/v2\/posts\/13937\/revisions"}],"predecessor-version":[{"id":36539,"href":"http:\/\/www.moda.es\/blog\/wp-json\/wp\/v2\/posts\/13937\/revisions\/36539"}],"wp:featuredmedia":[{"embeddable":true,"href":"http:\/\/www.moda.es\/blog\/wp-json\/wp\/v2\/media\/17099"}],"wp:attachment":[{"href":"http:\/\/www.moda.es\/blog\/wp-json\/wp\/v2\/media?parent=13937"}],"wp:term":[{"taxonomy":"category","embeddable":true,"href":"http:\/\/www.moda.es\/blog\/wp-json\/wp\/v2\/categories?post=13937"},{"taxonomy":"post_tag","embeddable":true,"href":"http:\/\/www.moda.es\/blog\/wp-json\/wp\/v2\/tags?post=13937"}],"curies":[{"name":"wp","href":"https:\/\/api.w.org\/{rel}","templated":true}]}}